{"id":12056,"date":"2020-07-15T16:18:42","date_gmt":"2020-07-15T19:18:42","guid":{"rendered":"https:\/\/www.veracel.com.br\/?p=12056"},"modified":"2022-04-14T09:17:38","modified_gmt":"2022-04-14T12:17:38","slug":"veracel-celulose-comemora-29-anos","status":"publish","type":"post","link":"https:\/\/www.veracel.com.br\/en\/veracel-celulose-comemora-29-anos\/","title":{"rendered":"Veracel Celulose comemora 29 anos"},"content":{"rendered":"<p style=\"font-weight: 400;\"><em>Refer\u00eancia em produtividade, a empresa tem papel primordial para o crescimento sustent\u00e1vel da regi\u00e3o da Costa do Descobrimento, na Bahia, com foco em inova\u00e7\u00e3o,<\/em><\/p>\n<p style=\"font-weight: 400;\"><em>conserva\u00e7\u00e3o ambiental e compromisso com os colaboradores e com a comunidade<\/em><\/p>\n<p>&nbsp;<\/p>\n<p style=\"font-weight: 400;\">A Veracel Celulose\u00a0comemora hoje (15 de julho) seus 29 anos. A companhia tem muito a celebrar: ao longo de sua hist\u00f3ria, tem sido reconhecida pela produtividade e qualidade da celulose. Tamb\u00e9m desempenha papel fundamental para o desenvolvimento sustent\u00e1vel da Costa do Descobrimento, no Sul da Bahia, com forte atua\u00e7\u00e3o para a conserva\u00e7\u00e3o do meio ambiente e apoio \u00e0s comunidades do seu entorno.<\/p>\n<p style=\"font-weight: 400;\">\u201cEstamos evolu\u00edmos como empreendimento econ\u00f4mico, somando o papel de tamb\u00e9m atuamos como agente de desenvolvimento regional. Compreendemos que s\u00f3 existe empresa de sucesso quando ela gera e compartilha valor com o seu territ\u00f3rio e com a sociedade\u201d, afirma Andreas Birmoser, diretor presidente da empresa.<\/p>\n<p style=\"font-weight: 400;\">Com mais de 3 mil colaboradores, sendo\u00a0 732 pr\u00f3prios e 2.459 terceirizados, a Veracel acaba de ser reconhecida pela pesquisa Great Place to Work (GPTW) como uma das melhores para trabalhar do setor de agroneg\u00f3cio no Brasil. \u201cEsse reconhecimento mostra que estamos no caminho certo ao atuarmos sempre com responsabilidade, seguran\u00e7a e valoriza\u00e7\u00e3o do bem-estar de todos os nossos colaboradores\u201d, afirma o diretor presidente.<\/p>\n<p style=\"font-weight: 400;\"><strong>Sustentabilidade: um dos pilares da empresa<\/strong><\/p>\n<p style=\"font-weight: 400;\">Recentemente, a empresa divulgou seu Relat\u00f3rio de Sustentabilidade de 2019, com download permitido no site\u00a0<a href=\"http:\/\/www.veracel.com.br\/\" data-saferedirecturl=\"https:\/\/www.google.com\/url?q=http:\/\/www.veracel.com.br&amp;source=gmail&amp;ust=1594921351557000&amp;usg=AFQjCNGlAyGa_kgQISQcJW1vggGnJ_Su9A\">www.veracel.com.br<\/a>.<\/p>\n<p style=\"font-weight: 400;\">No ano passado, mais de 16 mil pessoas foram beneficiadas pelos programas de gera\u00e7\u00e3o de renda e educa\u00e7\u00e3o da Veracel, a partir de um investimento social de R$ 12,5 milh\u00f5es, que resultou em melhoria na qualidade de vida dessas comunidades. Desse valor, foram investidos R$ 8 milh\u00f5es no programa de agricultura familiar na regi\u00e3o, considerando projetos como os assentamentos agroecol\u00f3gicos sustent\u00e1veis, Agrovida, apicultura, piscicultura e beneficiamento de mariscos.<\/p>\n<p style=\"font-weight: 400;\">Entre os demais destaques do ano, est\u00e3o o crescimento da produtividade florestal, a despeito dos desafios do clima \u2013 com investimento em melhorias de processo \u2013 e o recorde no \u00edndice de reciclagem de res\u00edduos industriais.<\/p>\n<p style=\"font-weight: 400;\"><strong>\u00a0<\/strong><\/p>\n<p style=\"font-weight: 400;\"><strong>Atividades ambientais<\/strong><\/p>\n<p style=\"font-weight: 400;\">A Veracel atua em 11 munic\u00edpios no sul da Bahia, possui uma \u00e1rea total de 223.776 hectares, sendo 87.962 hectares de plantios comerciais de eucalipto, 101.347 hectares de \u00e1rea de preserva\u00e7\u00e3o permanente e 21.901 hectares de plantio em \u00e1reas de fomento florestal.<\/p>\n<p style=\"font-weight: 400;\">Nos \u00faltimos 20 anos, a companhia j\u00e1 restaurou mais de 6.500 hectares com esp\u00e9cies nativas, que conectaram mais de 65.000 ha de \u00e1reas naturais, em um planejamento de paisagem que leva em considera\u00e7\u00e3o todos os fragmentos de mata nativa existentes na paisagem local.<\/p>\n<p style=\"font-weight: 400;\">Al\u00e9m disso, em parceria com a Suzano, a Veracel tem monitorado fauna e flora da paisagem regional nos estados da Bahia, Minas Gerais e Esp\u00edrito Santo. A \u00e1rea total monitorada \u00e9 de cerca de 900 mil hectares.<\/p>\n<p style=\"font-weight: 400;\"><strong>\u00a0<\/strong><\/p>\n<p style=\"font-weight: 400;\"><strong>Localiza\u00e7\u00e3o privilegiada<\/strong><\/p>\n<p style=\"font-weight: 400;\">A Veracel est\u00e1 inserida no Corredor Central da Mata Atl\u00e2ntica, que vai do Esp\u00edrito Santo chegando quase at\u00e9 Salvador. Nessa regi\u00e3o, a empresa tem muitas \u00e1reas protegidas, sendo que a Reserva Particular do Patrim\u00f4nio Natural (RPPN) Esta\u00e7\u00e3o Veracel \u00e9 uma delas, com 6.069 hectares de mata em excelente estado de conserva\u00e7\u00e3o. Na RPPN Esta\u00e7\u00e3o Veracel h\u00e1 exemplares flor\u00edsticos datados de mais de 600 anos de idade, que antecederam \u00e0 chegada dos portugueses na Costa do Descobrimento, em 1500.<\/p>\n<p style=\"font-weight: 400;\">O princ\u00edpio da companhia \u00e9 tra\u00e7ar a\u00e7\u00f5es vinculadas a pol\u00edticas p\u00fablicas para orientar as decis\u00f5es no tocante \u00e0 conserva\u00e7\u00e3o ambiental. Um exemplo foi o financiamento, realizado pela Veracel em 2014, para a elabora\u00e7\u00e3o dos Planos Municipais da Mata Atl\u00e2ntica de dez munic\u00edpios nos quais se distribui sua base florestal. Esses planos direcionam a\u00e7\u00f5es nas \u00e1reas priorit\u00e1rias para conserva\u00e7\u00e3o ou restaura\u00e7\u00e3o da Mata Atl\u00e2ntica.<\/p>\n<p style=\"font-weight: 400;\"><strong>Di\u00e1logo para conserva\u00e7\u00e3o ambiental<\/strong><\/p>\n<p style=\"font-weight: 400;\">A Veracel mant\u00e9m uma rede de relacionamento com diferentes stakeholders, que possibilita troca e compartilhamento de experi\u00eancias visando \u00e0 melhoria do territ\u00f3rio. A companhia faz parte do Di\u00e1logo Florestal Nacional e, regionalmente, do F\u00f3rum Florestal da Bahia.<\/p>\n<p style=\"font-weight: 400;\">Essas iniciativas independentes facilitam a intera\u00e7\u00e3o entre representantes de empresas do setor de base florestal e organiza\u00e7\u00f5es ambientalistas e sociedade civil, com o objetivo de construir vis\u00e3o e agendas comuns entre esses setores. S\u00e3o canais de di\u00e1logo pautados pelo respeito e pela constru\u00e7\u00e3o de estrat\u00e9gias, acordos e parcerias.<\/p>\n<p style=\"font-weight: 400;\">Atualmente, a companhia est\u00e1 discutindo, em conjunto com essas entidades, um modelo denominado Di\u00e1logo do Uso do Solo. Um exemplo interessante dessa proposta \u00e9 a possibilidade de estabelecer um corredor ecol\u00f3gico para conectar o Parque Nacional do Pau Brasil, unidade de conserva\u00e7\u00e3o federal, com 19.027 mil hectares, \u00e0 RPPN Natural Esta\u00e7\u00e3o Veracel, com 6.069 hectares.<\/p>\n<p style=\"font-weight: 400;\"><strong>Certifica\u00e7\u00e3o in\u00e9dita<\/strong><\/p>\n<p style=\"font-weight: 400;\">Devido \u00e0 conserva\u00e7\u00e3o de 25 esp\u00e9cies de mam\u00edferos de m\u00e9dio e grande porte, 229 esp\u00e9cies de aves e 242 esp\u00e9cies de flora, a Veracel acaba de receber a Certifica\u00e7\u00e3o de Servi\u00e7os Ecossist\u00eamicos da Conserva\u00e7\u00e3o da Biodiversidade (FSC\u00ae C017612), criado pelo @fsc_brasil e emitido no Brasil pelo Imaflora. Esse \u00e9 um reconhecimento in\u00e9dito no setor brasileiro de florestas plantadas.<\/p>\n<p style=\"font-weight: 400;\"><strong>\u00a0<\/strong><\/p>\n<p style=\"font-weight: 400;\"><strong>Atua\u00e7\u00e3o durante a COVID-19<\/strong><\/p>\n<p style=\"font-weight: 400;\">Diante dos impactos trazidos pela pandemia, a Veracel implementou um conjunto integrado de a\u00e7\u00f5es para apoiar as comunidades da regi\u00e3o onde atua, a Costa do Descobrimento, na Bahia, e tamb\u00e9m de outras \u00e1reas do interior do estado. Dentro de seu compromisso essencial com as pessoas, a empresa adotou, de um lado, uma s\u00e9rie de medidas para refor\u00e7ar a prote\u00e7\u00e3o, a seguran\u00e7a e o bem-estar dos colaboradores e, de outro, organizou diversas iniciativas voltadas \u00e0 comunidade.<\/p>\n<p style=\"font-weight: 400;\">Nas a\u00e7\u00f5es externas, a Veracel desenvolveu uma s\u00e9rie de a\u00e7\u00f5es de apoio para as comunidades mais vulner\u00e1veis da regi\u00e3o, atuando individualmente ou com um conjunto de parceiros, que inclui outras empresas, universidades, entidades setoriais e organiza\u00e7\u00f5es sociais. Entre as iniciativas j\u00e1 realizadas est\u00e3o as doa\u00e7\u00f5es de 216.484 EPIs (equipamentos de prote\u00e7\u00e3o individual), como m\u00e1scaras e luvas; 3.540 cestas b\u00e1sicas; e 49 mil litros de \u00e1gua tratada com hipoclorito de s\u00f3dio.<\/p>\n<p style=\"font-weight: 400;\">Al\u00e9m disso, em parceria com a Suzano, a empresa contribuiu para a constru\u00e7\u00e3o de um hospital de campanha em Teixeira de Freitas (BA) e realizou a doa\u00e7\u00e3o de 20 respiradores para esse hospital, que foram entregues em 6 de junho. O hospital foi inaugurado do dia 13 do mesmo m\u00eas, e est\u00e1 sob administra\u00e7\u00e3o do governo do estado.<\/p>\n<p style=\"font-weight: 400;\">O setor de celulose tem papel fundamental no combate aos efeitos da dissemina\u00e7\u00e3o da Covid-19 por produzir produtos de higiene e outros materiais b\u00e1sicos para a sa\u00fade. A Veracel segue operando com seguran\u00e7a durante a quarentena, com atividades adaptadas, respeitando e seguindo todas as orienta\u00e7\u00f5es do Minist\u00e9rio da Sa\u00fade e dos demais \u00f3rg\u00e3os competentes.<\/p>\n","protected":false},"excerpt":{"rendered":"<p>Refer\u00eancia em produtividade, a empresa tem papel primordial para o crescimento sustent\u00e1vel da regi\u00e3o da Costa do Descobrimento, na Bahia, com foco em inova\u00e7\u00e3o, conserva\u00e7\u00e3o ambiental e compromisso com os colaboradores e com a comunidade &nbsp; A Veracel Celulose\u00a0comemora hoje (15 de julho) seus 29 anos. A companhia tem muito a celebrar: ao longo de [&hellip;]<\/p>\n","protected":false},"author":2,"featured_media":0,"comment_status":"open","ping_status":"open","sticky":false,"template":"","format":"standard","meta":{"_acf_changed":false,"footnotes":"","_links_to":"","_links_to_target":""},"categories":[271,211],"tags":[],"class_list":["post-12056","post","type-post","status-publish","format-standard","hentry","category-a-veracel","category-noticias"],"acf":[],"yoast_head":"<!-- This site is optimized with the Yoast SEO Premium plugin v26.7 (Yoast SEO v27.4) - https:\/\/yoast.com\/product\/yoast-seo-premium-wordpress\/ -->\n<title>Veracel Celulose comemora 29 anos - Veracel Celulose<\/title>\n<meta name=\"robots\" content=\"index, follow, max-snippet:-1, max-image-preview:large, max-video-preview:-1\" \/>\n<link rel=\"canonical\" href=\"https:\/\/www.veracel.com.br\/veracel-celulose-comemora-29-anos\/\" \/>\n<meta property=\"og:locale\" content=\"en_US\" \/>\n<meta property=\"og:type\" content=\"article\" \/>\n<meta property=\"og:title\" content=\"Veracel Celulose comemora 29 anos\" \/>\n<meta property=\"og:description\" content=\"Refer\u00eancia em produtividade, a empresa tem papel primordial para o crescimento sustent\u00e1vel da regi\u00e3o da Costa do Descobrimento, na Bahia, com foco em inova\u00e7\u00e3o, conserva\u00e7\u00e3o ambiental e compromisso com os colaboradores e com a comunidade &nbsp; A Veracel Celulose\u00a0comemora hoje (15 de julho) seus 29 anos. A companhia tem muito a celebrar: ao longo de [&hellip;]\" \/>\n<meta property=\"og:url\" content=\"https:\/\/www.veracel.com.br\/veracel-celulose-comemora-29-anos\/\" \/>\n<meta property=\"og:site_name\" content=\"Veracel Celulose\" \/>\n<meta property=\"article:published_time\" content=\"2020-07-15T19:18:42+00:00\" \/>\n<meta property=\"article:modified_time\" content=\"2022-04-14T12:17:38+00:00\" \/>\n<meta name=\"author\" content=\"saulo\" \/>\n<meta name=\"twitter:card\" content=\"summary_large_image\" \/>\n<meta name=\"twitter:label1\" content=\"Written by\" \/>\n\t<meta name=\"twitter:data1\" content=\"saulo\" \/>\n\t<meta name=\"twitter:label2\" content=\"Est. reading time\" \/>\n\t<meta name=\"twitter:data2\" content=\"5 minutes\" \/>\n<script type=\"application\/ld+json\" class=\"yoast-schema-graph\">{\"@context\":\"https:\\\/\\\/schema.org\",\"@graph\":[{\"@type\":\"WebPage\",\"@id\":\"https:\\\/\\\/www.veracel.com.br\\\/veracel-celulose-comemora-29-anos\\\/\",\"url\":\"https:\\\/\\\/www.veracel.com.br\\\/veracel-celulose-comemora-29-anos\\\/\",\"name\":\"Veracel Celulose comemora 29 anos - Veracel Celulose\",\"isPartOf\":{\"@id\":\"https:\\\/\\\/www.veracel.com.br\\\/#website\"},\"datePublished\":\"2020-07-15T19:18:42+00:00\",\"dateModified\":\"2022-04-14T12:17:38+00:00\",\"breadcrumb\":{\"@id\":\"https:\\\/\\\/www.veracel.com.br\\\/veracel-celulose-comemora-29-anos\\\/#breadcrumb\"},\"inLanguage\":\"en-US\",\"potentialAction\":[{\"@type\":\"ReadAction\",\"target\":[\"https:\\\/\\\/www.veracel.com.br\\\/veracel-celulose-comemora-29-anos\\\/\"]}]},{\"@type\":\"BreadcrumbList\",\"@id\":\"https:\\\/\\\/www.veracel.com.br\\\/veracel-celulose-comemora-29-anos\\\/#breadcrumb\",\"itemListElement\":[{\"@type\":\"ListItem\",\"position\":1,\"name\":\"Home\",\"item\":\"https:\\\/\\\/www.veracel.com.br\\\/\"},{\"@type\":\"ListItem\",\"position\":2,\"name\":\"Not\u00edcias\",\"item\":\"https:\\\/\\\/www.veracel.com.br\\\/noticias\\\/\"},{\"@type\":\"ListItem\",\"position\":3,\"name\":\"Veracel Celulose comemora 29 anos\"}]},{\"@type\":\"WebSite\",\"@id\":\"https:\\\/\\\/www.veracel.com.br\\\/#website\",\"url\":\"https:\\\/\\\/www.veracel.com.br\\\/\",\"name\":\"Veracel Celulose\",\"description\":\"Quando crescemos juntos vamos muito mais longe\",\"publisher\":{\"@id\":\"https:\\\/\\\/www.veracel.com.br\\\/#organization\"},\"potentialAction\":[{\"@type\":\"SearchAction\",\"target\":{\"@type\":\"EntryPoint\",\"urlTemplate\":\"https:\\\/\\\/www.veracel.com.br\\\/?s={search_term_string}\"},\"query-input\":{\"@type\":\"PropertyValueSpecification\",\"valueRequired\":true,\"valueName\":\"search_term_string\"}}],\"inLanguage\":\"en-US\"},{\"@type\":\"Organization\",\"@id\":\"https:\\\/\\\/www.veracel.com.br\\\/#organization\",\"name\":\"Veracel Celulose\",\"url\":\"https:\\\/\\\/www.veracel.com.br\\\/\",\"logo\":{\"@type\":\"ImageObject\",\"inLanguage\":\"en-US\",\"@id\":\"https:\\\/\\\/www.veracel.com.br\\\/#\\\/schema\\\/logo\\\/image\\\/\",\"url\":\"https:\\\/\\\/www.veracel.com.br\\\/wp-content\\\/uploads\\\/2024\\\/08\\\/Ativo-1.png\",\"contentUrl\":\"https:\\\/\\\/www.veracel.com.br\\\/wp-content\\\/uploads\\\/2024\\\/08\\\/Ativo-1.png\",\"width\":400,\"height\":121,\"caption\":\"Veracel Celulose\"},\"image\":{\"@id\":\"https:\\\/\\\/www.veracel.com.br\\\/#\\\/schema\\\/logo\\\/image\\\/\"},\"sameAs\":[\"https:\\\/\\\/www.instagram.com\\\/veracelcelulose\",\"https:\\\/\\\/www.linkedin.com\\\/company\\\/veracelcelulose\\\/\",\"https:\\\/\\\/www.youtube.com\\\/user\\\/CanalVeracel\"]}]}<\/script>\n<!-- \/ Yoast SEO Premium plugin. -->","yoast_head_json":{"title":"Veracel Celulose comemora 29 anos - Veracel Celulose","robots":{"index":"index","follow":"follow","max-snippet":"max-snippet:-1","max-image-preview":"max-image-preview:large","max-video-preview":"max-video-preview:-1"},"canonical":"https:\/\/www.veracel.com.br\/veracel-celulose-comemora-29-anos\/","og_locale":"en_US","og_type":"article","og_title":"Veracel Celulose comemora 29 anos","og_description":"Refer\u00eancia em produtividade, a empresa tem papel primordial para o crescimento sustent\u00e1vel da regi\u00e3o da Costa do Descobrimento, na Bahia, com foco em inova\u00e7\u00e3o, conserva\u00e7\u00e3o ambiental e compromisso com os colaboradores e com a comunidade &nbsp; A Veracel Celulose\u00a0comemora hoje (15 de julho) seus 29 anos. A companhia tem muito a celebrar: ao longo de [&hellip;]","og_url":"https:\/\/www.veracel.com.br\/veracel-celulose-comemora-29-anos\/","og_site_name":"Veracel Celulose","article_published_time":"2020-07-15T19:18:42+00:00","article_modified_time":"2022-04-14T12:17:38+00:00","author":"saulo","twitter_card":"summary_large_image","twitter_misc":{"Written by":"saulo","Est. reading time":"5 minutes"},"schema":{"@context":"https:\/\/schema.org","@graph":[{"@type":"WebPage","@id":"https:\/\/www.veracel.com.br\/veracel-celulose-comemora-29-anos\/","url":"https:\/\/www.veracel.com.br\/veracel-celulose-comemora-29-anos\/","name":"Veracel Celulose comemora 29 anos - Veracel Celulose","isPartOf":{"@id":"https:\/\/www.veracel.com.br\/#website"},"datePublished":"2020-07-15T19:18:42+00:00","dateModified":"2022-04-14T12:17:38+00:00","breadcrumb":{"@id":"https:\/\/www.veracel.com.br\/veracel-celulose-comemora-29-anos\/#breadcrumb"},"inLanguage":"en-US","potentialAction":[{"@type":"ReadAction","target":["https:\/\/www.veracel.com.br\/veracel-celulose-comemora-29-anos\/"]}]},{"@type":"BreadcrumbList","@id":"https:\/\/www.veracel.com.br\/veracel-celulose-comemora-29-anos\/#breadcrumb","itemListElement":[{"@type":"ListItem","position":1,"name":"Home","item":"https:\/\/www.veracel.com.br\/"},{"@type":"ListItem","position":2,"name":"Not\u00edcias","item":"https:\/\/www.veracel.com.br\/noticias\/"},{"@type":"ListItem","position":3,"name":"Veracel Celulose comemora 29 anos"}]},{"@type":"WebSite","@id":"https:\/\/www.veracel.com.br\/#website","url":"https:\/\/www.veracel.com.br\/","name":"Veracel Celulose","description":"Quando crescemos juntos vamos muito mais longe","publisher":{"@id":"https:\/\/www.veracel.com.br\/#organization"},"potentialAction":[{"@type":"SearchAction","target":{"@type":"EntryPoint","urlTemplate":"https:\/\/www.veracel.com.br\/?s={search_term_string}"},"query-input":{"@type":"PropertyValueSpecification","valueRequired":true,"valueName":"search_term_string"}}],"inLanguage":"en-US"},{"@type":"Organization","@id":"https:\/\/www.veracel.com.br\/#organization","name":"Veracel Celulose","url":"https:\/\/www.veracel.com.br\/","logo":{"@type":"ImageObject","inLanguage":"en-US","@id":"https:\/\/www.veracel.com.br\/#\/schema\/logo\/image\/","url":"https:\/\/www.veracel.com.br\/wp-content\/uploads\/2024\/08\/Ativo-1.png","contentUrl":"https:\/\/www.veracel.com.br\/wp-content\/uploads\/2024\/08\/Ativo-1.png","width":400,"height":121,"caption":"Veracel Celulose"},"image":{"@id":"https:\/\/www.veracel.com.br\/#\/schema\/logo\/image\/"},"sameAs":["https:\/\/www.instagram.com\/veracelcelulose","https:\/\/www.linkedin.com\/company\/veracelcelulose\/","https:\/\/www.youtube.com\/user\/CanalVeracel"]}]}},"_links":{"self":[{"href":"https:\/\/www.veracel.com.br\/en\/wp-json\/wp\/v2\/posts\/12056","targetHints":{"allow":["GET"]}}],"collection":[{"href":"https:\/\/www.veracel.com.br\/en\/wp-json\/wp\/v2\/posts"}],"about":[{"href":"https:\/\/www.veracel.com.br\/en\/wp-json\/wp\/v2\/types\/post"}],"author":[{"embeddable":true,"href":"https:\/\/www.veracel.com.br\/en\/wp-json\/wp\/v2\/users\/2"}],"replies":[{"embeddable":true,"href":"https:\/\/www.veracel.com.br\/en\/wp-json\/wp\/v2\/comments?post=12056"}],"version-history":[{"count":3,"href":"https:\/\/www.veracel.com.br\/en\/wp-json\/wp\/v2\/posts\/12056\/revisions"}],"predecessor-version":[{"id":21554,"href":"https:\/\/www.veracel.com.br\/en\/wp-json\/wp\/v2\/posts\/12056\/revisions\/21554"}],"wp:attachment":[{"href":"https:\/\/www.veracel.com.br\/en\/wp-json\/wp\/v2\/media?parent=12056"}],"wp:term":[{"taxonomy":"category","embeddable":true,"href":"https:\/\/www.veracel.com.br\/en\/wp-json\/wp\/v2\/categories?post=12056"},{"taxonomy":"post_tag","embeddable":true,"href":"https:\/\/www.veracel.com.br\/en\/wp-json\/wp\/v2\/tags?post=12056"}],"curies":[{"name":"wp","href":"https:\/\/api.w.org\/{rel}","templated":true}]}}