{"id":12485,"date":"2020-08-04T14:48:11","date_gmt":"2020-08-04T17:48:11","guid":{"rendered":"https:\/\/www.veracel.com.br\/?p=12485"},"modified":"2022-04-14T09:35:35","modified_gmt":"2022-04-14T12:35:35","slug":"veracel-celulose-faz-programacao-especial-para-o-dia-dos-pais","status":"publish","type":"post","link":"https:\/\/www.veracel.com.br\/en\/veracel-celulose-faz-programacao-especial-para-o-dia-dos-pais\/","title":{"rendered":"Veracel Celulose faz programa\u00e7\u00e3o especial para o Dia dos Pais"},"content":{"rendered":"<p style=\"text-align: center;\"><strong>Veracel Celulose faz programa\u00e7\u00e3o especial para o Dia dos Pais<\/strong><\/p>\n<p style=\"text-align: center;\"><em>O webinar \u201cNa cozinha com os filhos\u201d ser\u00e1 realizado no s\u00e1bado (08), \u00e0s 10h, no canal do Youtube <\/em><em>da empresa<\/em><\/p>\n<p>&nbsp;<\/p>\n<p><em>O evento online ter\u00e1 a participa\u00e7\u00e3o de especialistas em educa\u00e7\u00e3o e psicologia infantil e do chef Charles Silva, que ensinar\u00e1 as crian\u00e7as a prepararem uma surpresa no domingo<\/em><\/p>\n<p><strong>\u00a0<\/strong><\/p>\n<p><strong>Eun\u00e1polis, 03 de agosto de 2020 \u2013 \u00a0<\/strong>A Veracel Celulose, ind\u00fastria que atua na regi\u00e3o da Costa do Descobrimento, no Sul da Bahia, preparou uma programa\u00e7\u00e3o especial para o Dia dos Pais. Dando sequ\u00eancia \u00e0 s\u00e9rie <em>Conversas Inspiradoras<\/em>, o webinar \u201cNa cozinha com os filhos: especial #diadosPais\u201d, convida as crian\u00e7as a mergulharem na magia da cozinha e ensina a elas como preparar uma receita especial para o domingo. O evento online ser\u00e1 no s\u00e1bado, dia 08, \u00e0s 10h, no canal do <a href=\"https:\/\/www.youtube.com\/channel\/UCQyUWYBUCPYLnHNkZaVEnoQ\">YouTube da Veracel<\/a>.<\/p>\n<p>&nbsp;<\/p>\n<p>O especial contar\u00e1 com a presen\u00e7a do chef Charles Silva, especialista em gastronomia sustent\u00e1vel e cozinha regional sertaneja, que ensinar\u00e1 para as crian\u00e7as como preparar uma surpresa para seus familiares no domingo. Os demais convidados s\u00e3o Ver\u00f4nica Alves, pedagoga infantil e coordenadora do Col\u00e9gio COOEDUC de Eun\u00e1polis, Luzimaira Pires, psicopedagoga, e Tarciso Matos, coordenador de Meio Ambiente da Veracel e moderador do evento.<\/p>\n<p>&nbsp;<\/p>\n<p>\u201cA s\u00e9rie Conversas Inspiradoras, que vem sendo realizada em nosso canal desde o in\u00edcio de julho, tem por objetivo levar conhecimentos que contribuam para tornar mais leve a rotina do p\u00fablico em meio \u00e0 pandemia\u201d, afirma Dienane Brand\u00e3o, gerente de Desenvolvimento Humano e Organizacional da Veracel Celulose.<\/p>\n","protected":false},"excerpt":{"rendered":"<p>Veracel Celulose faz programa\u00e7\u00e3o especial para o Dia dos Pais O webinar \u201cNa cozinha com os filhos\u201d ser\u00e1 realizado no s\u00e1bado (08), \u00e0s 10h, no canal do Youtube da empresa &nbsp; O evento online ter\u00e1 a participa\u00e7\u00e3o de especialistas em educa\u00e7\u00e3o e psicologia infantil e do chef Charles Silva, que ensinar\u00e1 as crian\u00e7as a prepararem [&hellip;]<\/p>\n","protected":false},"author":3,"featured_media":0,"comment_status":"open","ping_status":"open","sticky":false,"template":"","format":"standard","meta":{"_acf_changed":false,"footnotes":"","_links_to":"","_links_to_target":""},"categories":[271,211],"tags":[],"class_list":["post-12485","post","type-post","status-publish","format-standard","hentry","category-a-veracel","category-noticias"],"acf":[],"yoast_head":"<!-- This site is optimized with the Yoast SEO Premium plugin v26.7 (Yoast SEO v27.4) - https:\/\/yoast.com\/product\/yoast-seo-premium-wordpress\/ -->\n<title>Veracel Celulose faz programa\u00e7\u00e3o especial para o Dia dos Pais - Veracel Celulose<\/title>\n<meta name=\"robots\" content=\"index, follow, max-snippet:-1, max-image-preview:large, max-video-preview:-1\" \/>\n<link rel=\"canonical\" href=\"https:\/\/www.veracel.com.br\/veracel-celulose-faz-programacao-especial-para-o-dia-dos-pais\/\" \/>\n<meta property=\"og:locale\" content=\"en_US\" \/>\n<meta property=\"og:type\" content=\"article\" \/>\n<meta property=\"og:title\" content=\"Veracel Celulose faz programa\u00e7\u00e3o especial para o Dia dos Pais\" \/>\n<meta property=\"og:description\" content=\"Veracel Celulose faz programa\u00e7\u00e3o especial para o Dia dos Pais O webinar \u201cNa cozinha com os filhos\u201d ser\u00e1 realizado no s\u00e1bado (08), \u00e0s 10h, no canal do Youtube da empresa &nbsp; O evento online ter\u00e1 a participa\u00e7\u00e3o de especialistas em educa\u00e7\u00e3o e psicologia infantil e do chef Charles Silva, que ensinar\u00e1 as crian\u00e7as a prepararem [&hellip;]\" \/>\n<meta property=\"og:url\" content=\"https:\/\/www.veracel.com.br\/veracel-celulose-faz-programacao-especial-para-o-dia-dos-pais\/\" \/>\n<meta property=\"og:site_name\" content=\"Veracel Celulose\" \/>\n<meta property=\"article:published_time\" content=\"2020-08-04T17:48:11+00:00\" \/>\n<meta property=\"article:modified_time\" content=\"2022-04-14T12:35:35+00:00\" \/>\n<meta name=\"author\" content=\"Veracel\" \/>\n<meta name=\"twitter:card\" content=\"summary_large_image\" \/>\n<meta name=\"twitter:label1\" content=\"Written by\" \/>\n\t<meta name=\"twitter:data1\" content=\"Veracel\" \/>\n\t<meta name=\"twitter:label2\" content=\"Est. reading time\" \/>\n\t<meta name=\"twitter:data2\" content=\"2 minutes\" \/>\n<script type=\"application\/ld+json\" class=\"yoast-schema-graph\">{\"@context\":\"https:\\\/\\\/schema.org\",\"@graph\":[{\"@type\":\"WebPage\",\"@id\":\"https:\\\/\\\/www.veracel.com.br\\\/veracel-celulose-faz-programacao-especial-para-o-dia-dos-pais\\\/\",\"url\":\"https:\\\/\\\/www.veracel.com.br\\\/veracel-celulose-faz-programacao-especial-para-o-dia-dos-pais\\\/\",\"name\":\"Veracel Celulose faz programa\u00e7\u00e3o especial para o Dia dos Pais - Veracel Celulose\",\"isPartOf\":{\"@id\":\"https:\\\/\\\/www.veracel.com.br\\\/#website\"},\"datePublished\":\"2020-08-04T17:48:11+00:00\",\"dateModified\":\"2022-04-14T12:35:35+00:00\",\"breadcrumb\":{\"@id\":\"https:\\\/\\\/www.veracel.com.br\\\/veracel-celulose-faz-programacao-especial-para-o-dia-dos-pais\\\/#breadcrumb\"},\"inLanguage\":\"en-US\",\"potentialAction\":[{\"@type\":\"ReadAction\",\"target\":[\"https:\\\/\\\/www.veracel.com.br\\\/veracel-celulose-faz-programacao-especial-para-o-dia-dos-pais\\\/\"]}]},{\"@type\":\"BreadcrumbList\",\"@id\":\"https:\\\/\\\/www.veracel.com.br\\\/veracel-celulose-faz-programacao-especial-para-o-dia-dos-pais\\\/#breadcrumb\",\"itemListElement\":[{\"@type\":\"ListItem\",\"position\":1,\"name\":\"Home\",\"item\":\"https:\\\/\\\/www.veracel.com.br\\\/\"},{\"@type\":\"ListItem\",\"position\":2,\"name\":\"Not\u00edcias\",\"item\":\"https:\\\/\\\/www.veracel.com.br\\\/noticias\\\/\"},{\"@type\":\"ListItem\",\"position\":3,\"name\":\"Veracel Celulose faz programa\u00e7\u00e3o especial para o Dia dos Pais\"}]},{\"@type\":\"WebSite\",\"@id\":\"https:\\\/\\\/www.veracel.com.br\\\/#website\",\"url\":\"https:\\\/\\\/www.veracel.com.br\\\/\",\"name\":\"Veracel Celulose\",\"description\":\"Quando crescemos juntos vamos muito mais longe\",\"publisher\":{\"@id\":\"https:\\\/\\\/www.veracel.com.br\\\/#organization\"},\"potentialAction\":[{\"@type\":\"SearchAction\",\"target\":{\"@type\":\"EntryPoint\",\"urlTemplate\":\"https:\\\/\\\/www.veracel.com.br\\\/?s={search_term_string}\"},\"query-input\":{\"@type\":\"PropertyValueSpecification\",\"valueRequired\":true,\"valueName\":\"search_term_string\"}}],\"inLanguage\":\"en-US\"},{\"@type\":\"Organization\",\"@id\":\"https:\\\/\\\/www.veracel.com.br\\\/#organization\",\"name\":\"Veracel Celulose\",\"url\":\"https:\\\/\\\/www.veracel.com.br\\\/\",\"logo\":{\"@type\":\"ImageObject\",\"inLanguage\":\"en-US\",\"@id\":\"https:\\\/\\\/www.veracel.com.br\\\/#\\\/schema\\\/logo\\\/image\\\/\",\"url\":\"https:\\\/\\\/www.veracel.com.br\\\/wp-content\\\/uploads\\\/2024\\\/08\\\/Ativo-1.png\",\"contentUrl\":\"https:\\\/\\\/www.veracel.com.br\\\/wp-content\\\/uploads\\\/2024\\\/08\\\/Ativo-1.png\",\"width\":400,\"height\":121,\"caption\":\"Veracel Celulose\"},\"image\":{\"@id\":\"https:\\\/\\\/www.veracel.com.br\\\/#\\\/schema\\\/logo\\\/image\\\/\"},\"sameAs\":[\"https:\\\/\\\/www.instagram.com\\\/veracelcelulose\",\"https:\\\/\\\/www.linkedin.com\\\/company\\\/veracelcelulose\\\/\",\"https:\\\/\\\/www.youtube.com\\\/user\\\/CanalVeracel\"]}]}<\/script>\n<!-- \/ Yoast SEO Premium plugin. -->","yoast_head_json":{"title":"Veracel Celulose faz programa\u00e7\u00e3o especial para o Dia dos Pais - Veracel Celulose","robots":{"index":"index","follow":"follow","max-snippet":"max-snippet:-1","max-image-preview":"max-image-preview:large","max-video-preview":"max-video-preview:-1"},"canonical":"https:\/\/www.veracel.com.br\/veracel-celulose-faz-programacao-especial-para-o-dia-dos-pais\/","og_locale":"en_US","og_type":"article","og_title":"Veracel Celulose faz programa\u00e7\u00e3o especial para o Dia dos Pais","og_description":"Veracel Celulose faz programa\u00e7\u00e3o especial para o Dia dos Pais O webinar \u201cNa cozinha com os filhos\u201d ser\u00e1 realizado no s\u00e1bado (08), \u00e0s 10h, no canal do Youtube da empresa &nbsp; O evento online ter\u00e1 a participa\u00e7\u00e3o de especialistas em educa\u00e7\u00e3o e psicologia infantil e do chef Charles Silva, que ensinar\u00e1 as crian\u00e7as a prepararem [&hellip;]","og_url":"https:\/\/www.veracel.com.br\/veracel-celulose-faz-programacao-especial-para-o-dia-dos-pais\/","og_site_name":"Veracel Celulose","article_published_time":"2020-08-04T17:48:11+00:00","article_modified_time":"2022-04-14T12:35:35+00:00","author":"Veracel","twitter_card":"summary_large_image","twitter_misc":{"Written by":"Veracel","Est. reading time":"2 minutes"},"schema":{"@context":"https:\/\/schema.org","@graph":[{"@type":"WebPage","@id":"https:\/\/www.veracel.com.br\/veracel-celulose-faz-programacao-especial-para-o-dia-dos-pais\/","url":"https:\/\/www.veracel.com.br\/veracel-celulose-faz-programacao-especial-para-o-dia-dos-pais\/","name":"Veracel Celulose faz programa\u00e7\u00e3o especial para o Dia dos Pais - Veracel Celulose","isPartOf":{"@id":"https:\/\/www.veracel.com.br\/#website"},"datePublished":"2020-08-04T17:48:11+00:00","dateModified":"2022-04-14T12:35:35+00:00","breadcrumb":{"@id":"https:\/\/www.veracel.com.br\/veracel-celulose-faz-programacao-especial-para-o-dia-dos-pais\/#breadcrumb"},"inLanguage":"en-US","potentialAction":[{"@type":"ReadAction","target":["https:\/\/www.veracel.com.br\/veracel-celulose-faz-programacao-especial-para-o-dia-dos-pais\/"]}]},{"@type":"BreadcrumbList","@id":"https:\/\/www.veracel.com.br\/veracel-celulose-faz-programacao-especial-para-o-dia-dos-pais\/#breadcrumb","itemListElement":[{"@type":"ListItem","position":1,"name":"Home","item":"https:\/\/www.veracel.com.br\/"},{"@type":"ListItem","position":2,"name":"Not\u00edcias","item":"https:\/\/www.veracel.com.br\/noticias\/"},{"@type":"ListItem","position":3,"name":"Veracel Celulose faz programa\u00e7\u00e3o especial para o Dia dos Pais"}]},{"@type":"WebSite","@id":"https:\/\/www.veracel.com.br\/#website","url":"https:\/\/www.veracel.com.br\/","name":"Veracel Celulose","description":"Quando crescemos juntos vamos muito mais longe","publisher":{"@id":"https:\/\/www.veracel.com.br\/#organization"},"potentialAction":[{"@type":"SearchAction","target":{"@type":"EntryPoint","urlTemplate":"https:\/\/www.veracel.com.br\/?s={search_term_string}"},"query-input":{"@type":"PropertyValueSpecification","valueRequired":true,"valueName":"search_term_string"}}],"inLanguage":"en-US"},{"@type":"Organization","@id":"https:\/\/www.veracel.com.br\/#organization","name":"Veracel Celulose","url":"https:\/\/www.veracel.com.br\/","logo":{"@type":"ImageObject","inLanguage":"en-US","@id":"https:\/\/www.veracel.com.br\/#\/schema\/logo\/image\/","url":"https:\/\/www.veracel.com.br\/wp-content\/uploads\/2024\/08\/Ativo-1.png","contentUrl":"https:\/\/www.veracel.com.br\/wp-content\/uploads\/2024\/08\/Ativo-1.png","width":400,"height":121,"caption":"Veracel Celulose"},"image":{"@id":"https:\/\/www.veracel.com.br\/#\/schema\/logo\/image\/"},"sameAs":["https:\/\/www.instagram.com\/veracelcelulose","https:\/\/www.linkedin.com\/company\/veracelcelulose\/","https:\/\/www.youtube.com\/user\/CanalVeracel"]}]}},"_links":{"self":[{"href":"https:\/\/www.veracel.com.br\/en\/wp-json\/wp\/v2\/posts\/12485","targetHints":{"allow":["GET"]}}],"collection":[{"href":"https:\/\/www.veracel.com.br\/en\/wp-json\/wp\/v2\/posts"}],"about":[{"href":"https:\/\/www.veracel.com.br\/en\/wp-json\/wp\/v2\/types\/post"}],"author":[{"embeddable":true,"href":"https:\/\/www.veracel.com.br\/en\/wp-json\/wp\/v2\/users\/3"}],"replies":[{"embeddable":true,"href":"https:\/\/www.veracel.com.br\/en\/wp-json\/wp\/v2\/comments?post=12485"}],"version-history":[{"count":4,"href":"https:\/\/www.veracel.com.br\/en\/wp-json\/wp\/v2\/posts\/12485\/revisions"}],"predecessor-version":[{"id":21575,"href":"https:\/\/www.veracel.com.br\/en\/wp-json\/wp\/v2\/posts\/12485\/revisions\/21575"}],"wp:attachment":[{"href":"https:\/\/www.veracel.com.br\/en\/wp-json\/wp\/v2\/media?parent=12485"}],"wp:term":[{"taxonomy":"category","embeddable":true,"href":"https:\/\/www.veracel.com.br\/en\/wp-json\/wp\/v2\/categories?post=12485"},{"taxonomy":"post_tag","embeddable":true,"href":"https:\/\/www.veracel.com.br\/en\/wp-json\/wp\/v2\/tags?post=12485"}],"curies":[{"name":"wp","href":"https:\/\/api.w.org\/{rel}","templated":true}]}}