{"id":12662,"date":"2020-07-16T08:10:09","date_gmt":"2020-07-16T11:10:09","guid":{"rendered":"https:\/\/www.veracel.com.br\/?p=12133"},"modified":"2022-04-14T09:17:41","modified_gmt":"2022-04-14T12:17:41","slug":"veracel-celulose-celebrates-29-years","status":"publish","type":"post","link":"https:\/\/www.veracel.com.br\/en\/veracel-celulose-celebrates-29-years\/","title":{"rendered":"Veracel Celulose celebrates 29 years"},"content":{"rendered":"<p>A benchmark in productivity, the company plays a key role in sustainable growth in the Costa do Descobrimento region, in Bahia, with a focus on innovation,<\/p>\n<p>environmental conservation and commitment to employees and the community<\/p>\n<p>Veracel Celulose celebrates today (July 15) its 29 years. The company has a lot to celebrate: throughout its history, it has been recognized for the productivity and quality of pulp. It also plays a fundamental role for the sustainable development of the Costa do Descobrimento, in the south of Bahia, with a strong role for the conservation of the environment and support for the surrounding communities.<\/p>\n<p>\u201cWe are evolving as an economic enterprise, adding the role of we also act as an agent of regional development. We understand that there is only a successful company when it generates and shares value with its territory and with society \u201d, says Andreas Birmoser, the company&#8217;s CEO.<\/p>\n<p>With more than 3 thousand employees, 732 of which are own and 2,459 outsourced, Veracel has just been recognized by the Great Place to Work (GPTW) survey as one of the best to work in the agribusiness sector in Brazil. &#8220;This recognition shows that we are on the right path by always acting with responsibility, safety and valuing the well-being of all our employees&#8221;, says the CEO.<\/p>\n<p>Sustainability: one of the pillars of the company<\/p>\n<p>The company recently released its 2019 Sustainability Report, which can be downloaded from www.veracel.com.br.<\/p>\n<p>Last year, over 16 thousand people benefited from Veracel&#8217;s income generation and education programs, from a social investment of R $ 12.5 million, which resulted in an improvement in the quality of life of these communities. Of this amount, R $ 8 million was invested in the family farming program in the region, considering projects such as sustainable agro-ecological settlements, Agrovida, beekeeping, fish farming and seafood processing.<\/p>\n<p>Among the other highlights of the year are the growth in forest productivity, despite the climate challenges &#8211; with investment in process improvements &#8211; and the record in the industrial waste recycling index.<\/p>\n<p>Environmental activities<\/p>\n<p>Veracel operates in 11 municipalities in the south of Bahia, has a total area of \u200b\u200b223,776 hectares, 87,962 hectares of which are commercial eucalyptus plantations, 101,347 hectares of permanent preservation area and 21,901 hectares of planting in forest development areas.<\/p>\n<p>In the past 20 years, the company has restored more than 6,500 hectares with native species, which connected more than 65,000 hectares of natural areas, in a landscape plan that takes into account all fragments of native forest existing in the local landscape.<\/p>\n<p>In addition, in partnership with Suzano, Veracel has been monitoring fauna and flora of the regional landscape in the states of Bahia, Minas Gerais and Esp\u00edrito Santo. The total monitored area is about 900 thousand hectares.<\/p>\n<p>Prime location<\/p>\n<p>Veracel is part of the Central Corridor of the Atlantic Forest, which runs from Esp\u00edrito Santo to almost Salvador. In this region, the company has many protected areas, and the Private Reserve of Natural Heritage (RPPN) Esta\u00e7\u00e3o Veracel is one of them, with 6,069 hectares of forest in excellent condition. At RPPN Esta\u00e7\u00e3o Veracel there are floristic specimens dated over 600 years old, which preceded the arrival of the Portuguese on the Discovery Coast, in 1500.<\/p>\n<p>The company&#8217;s principle is to outline actions linked to public policies to guide decisions regarding environmental conservation. An example was the financing, carried out by Veracel in 2014, for the preparation of the Municipal Plans for the Atlantic Forest of ten municipalities in which its forest base is distributed. These plans direct actions in the priority areas for conservation or restoration of the Atlantic Forest.<\/p>\n<p>Dialogue for environmental conservation<\/p>\n<p>Veracel maintains a relationship network with different stakeholders, which allows exchange and sharing of experiences aimed at improving the territory. The company is part of the National Forest Dialogue and, regionally, of the Bahia Forest Forum.<\/p>\n<p>These independent initiatives facilitate the interaction between representatives of companies in the forest-based sector and environmental organizations and civil society, with the aim of building common vision and agendas among these sectors. They are channels of dialogue guided by respect and the construction of strategies, agreements and partnerships.<\/p>\n<p>Currently, the company is discussing, together with these entities, a model called Land Use Dialogue. An interesting example of this proposal is the possibility of establishing an ecological corridor to connect the Pau Brasil National Park, a federal conservation unit, with 19,027 thousand hectares, to the RPPN Natural Esta\u00e7\u00e3o Veracel, with 6,069 hectares.<\/p>\n<p>New certification<\/p>\n<p>Due to the conservation of 25 species of<\/p>\n","protected":false},"excerpt":{"rendered":"<p>A benchmark in productivity, the company plays a key role in sustainable growth in the Costa do Descobrimento region, in Bahia, with a focus on innovation, environmental conservation and commitment to employees and the community Veracel Celulose celebrates today (July 15) its 29 years. The company has a lot to celebrate: throughout its history, it [&hellip;]<\/p>\n","protected":false},"author":3,"featured_media":0,"comment_status":"open","ping_status":"open","sticky":false,"template":"","format":"standard","meta":{"_acf_changed":false,"footnotes":"","_links_to":"","_links_to_target":""},"categories":[271,211],"tags":[],"class_list":["post-12662","post","type-post","status-publish","format-standard","hentry","category-a-veracel","category-noticias"],"acf":[],"yoast_head":"<!-- This site is optimized with the Yoast SEO Premium plugin v26.7 (Yoast SEO v27.4) - https:\/\/yoast.com\/product\/yoast-seo-premium-wordpress\/ -->\n<title>Veracel Celulose celebrates 29 years - Veracel Celulose<\/title>\n<meta name=\"robots\" content=\"index, follow, max-snippet:-1, max-image-preview:large, max-video-preview:-1\" \/>\n<link rel=\"canonical\" href=\"https:\/\/www.veracel.com.br\/veracel-celulose-celebrates-29-years\/\" \/>\n<meta property=\"og:locale\" content=\"en_US\" \/>\n<meta property=\"og:type\" content=\"article\" \/>\n<meta property=\"og:title\" content=\"Veracel Celulose celebrates 29 years\" \/>\n<meta property=\"og:description\" content=\"A benchmark in productivity, the company plays a key role in sustainable growth in the Costa do Descobrimento region, in Bahia, with a focus on innovation, environmental conservation and commitment to employees and the community Veracel Celulose celebrates today (July 15) its 29 years. The company has a lot to celebrate: throughout its history, it [&hellip;]\" \/>\n<meta property=\"og:url\" content=\"https:\/\/www.veracel.com.br\/veracel-celulose-celebrates-29-years\/\" \/>\n<meta property=\"og:site_name\" content=\"Veracel Celulose\" \/>\n<meta property=\"article:published_time\" content=\"2020-07-16T11:10:09+00:00\" \/>\n<meta property=\"article:modified_time\" content=\"2022-04-14T12:17:41+00:00\" \/>\n<meta name=\"author\" content=\"Veracel\" \/>\n<meta name=\"twitter:card\" content=\"summary_large_image\" \/>\n<meta name=\"twitter:label1\" content=\"Written by\" \/>\n\t<meta name=\"twitter:data1\" content=\"Veracel\" \/>\n\t<meta name=\"twitter:label2\" content=\"Est. reading time\" \/>\n\t<meta name=\"twitter:data2\" content=\"4 minutes\" \/>\n<script type=\"application\/ld+json\" class=\"yoast-schema-graph\">{\"@context\":\"https:\\\/\\\/schema.org\",\"@graph\":[{\"@type\":\"WebPage\",\"@id\":\"https:\\\/\\\/www.veracel.com.br\\\/veracel-celulose-celebrates-29-years\\\/\",\"url\":\"https:\\\/\\\/www.veracel.com.br\\\/veracel-celulose-celebrates-29-years\\\/\",\"name\":\"Veracel Celulose celebrates 29 years - Veracel Celulose\",\"isPartOf\":{\"@id\":\"https:\\\/\\\/www.veracel.com.br\\\/#website\"},\"datePublished\":\"2020-07-16T11:10:09+00:00\",\"dateModified\":\"2022-04-14T12:17:41+00:00\",\"breadcrumb\":{\"@id\":\"https:\\\/\\\/www.veracel.com.br\\\/veracel-celulose-celebrates-29-years\\\/#breadcrumb\"},\"inLanguage\":\"en-US\",\"potentialAction\":[{\"@type\":\"ReadAction\",\"target\":[\"https:\\\/\\\/www.veracel.com.br\\\/veracel-celulose-celebrates-29-years\\\/\"]}]},{\"@type\":\"BreadcrumbList\",\"@id\":\"https:\\\/\\\/www.veracel.com.br\\\/veracel-celulose-celebrates-29-years\\\/#breadcrumb\",\"itemListElement\":[{\"@type\":\"ListItem\",\"position\":1,\"name\":\"Home\",\"item\":\"https:\\\/\\\/www.veracel.com.br\\\/\"},{\"@type\":\"ListItem\",\"position\":2,\"name\":\"Not\u00edcias\",\"item\":\"https:\\\/\\\/www.veracel.com.br\\\/noticias\\\/\"},{\"@type\":\"ListItem\",\"position\":3,\"name\":\"Veracel Celulose celebrates 29 years\"}]},{\"@type\":\"WebSite\",\"@id\":\"https:\\\/\\\/www.veracel.com.br\\\/#website\",\"url\":\"https:\\\/\\\/www.veracel.com.br\\\/\",\"name\":\"Veracel Celulose\",\"description\":\"Quando crescemos juntos vamos muito mais longe\",\"publisher\":{\"@id\":\"https:\\\/\\\/www.veracel.com.br\\\/#organization\"},\"potentialAction\":[{\"@type\":\"SearchAction\",\"target\":{\"@type\":\"EntryPoint\",\"urlTemplate\":\"https:\\\/\\\/www.veracel.com.br\\\/?s={search_term_string}\"},\"query-input\":{\"@type\":\"PropertyValueSpecification\",\"valueRequired\":true,\"valueName\":\"search_term_string\"}}],\"inLanguage\":\"en-US\"},{\"@type\":\"Organization\",\"@id\":\"https:\\\/\\\/www.veracel.com.br\\\/#organization\",\"name\":\"Veracel Celulose\",\"url\":\"https:\\\/\\\/www.veracel.com.br\\\/\",\"logo\":{\"@type\":\"ImageObject\",\"inLanguage\":\"en-US\",\"@id\":\"https:\\\/\\\/www.veracel.com.br\\\/#\\\/schema\\\/logo\\\/image\\\/\",\"url\":\"https:\\\/\\\/www.veracel.com.br\\\/wp-content\\\/uploads\\\/2024\\\/08\\\/Ativo-1.png\",\"contentUrl\":\"https:\\\/\\\/www.veracel.com.br\\\/wp-content\\\/uploads\\\/2024\\\/08\\\/Ativo-1.png\",\"width\":400,\"height\":121,\"caption\":\"Veracel Celulose\"},\"image\":{\"@id\":\"https:\\\/\\\/www.veracel.com.br\\\/#\\\/schema\\\/logo\\\/image\\\/\"},\"sameAs\":[\"https:\\\/\\\/www.instagram.com\\\/veracelcelulose\",\"https:\\\/\\\/www.linkedin.com\\\/company\\\/veracelcelulose\\\/\",\"https:\\\/\\\/www.youtube.com\\\/user\\\/CanalVeracel\"]}]}<\/script>\n<!-- \/ Yoast SEO Premium plugin. -->","yoast_head_json":{"title":"Veracel Celulose celebrates 29 years - Veracel Celulose","robots":{"index":"index","follow":"follow","max-snippet":"max-snippet:-1","max-image-preview":"max-image-preview:large","max-video-preview":"max-video-preview:-1"},"canonical":"https:\/\/www.veracel.com.br\/veracel-celulose-celebrates-29-years\/","og_locale":"en_US","og_type":"article","og_title":"Veracel Celulose celebrates 29 years","og_description":"A benchmark in productivity, the company plays a key role in sustainable growth in the Costa do Descobrimento region, in Bahia, with a focus on innovation, environmental conservation and commitment to employees and the community Veracel Celulose celebrates today (July 15) its 29 years. The company has a lot to celebrate: throughout its history, it [&hellip;]","og_url":"https:\/\/www.veracel.com.br\/veracel-celulose-celebrates-29-years\/","og_site_name":"Veracel Celulose","article_published_time":"2020-07-16T11:10:09+00:00","article_modified_time":"2022-04-14T12:17:41+00:00","author":"Veracel","twitter_card":"summary_large_image","twitter_misc":{"Written by":"Veracel","Est. reading time":"4 minutes"},"schema":{"@context":"https:\/\/schema.org","@graph":[{"@type":"WebPage","@id":"https:\/\/www.veracel.com.br\/veracel-celulose-celebrates-29-years\/","url":"https:\/\/www.veracel.com.br\/veracel-celulose-celebrates-29-years\/","name":"Veracel Celulose celebrates 29 years - Veracel Celulose","isPartOf":{"@id":"https:\/\/www.veracel.com.br\/#website"},"datePublished":"2020-07-16T11:10:09+00:00","dateModified":"2022-04-14T12:17:41+00:00","breadcrumb":{"@id":"https:\/\/www.veracel.com.br\/veracel-celulose-celebrates-29-years\/#breadcrumb"},"inLanguage":"en-US","potentialAction":[{"@type":"ReadAction","target":["https:\/\/www.veracel.com.br\/veracel-celulose-celebrates-29-years\/"]}]},{"@type":"BreadcrumbList","@id":"https:\/\/www.veracel.com.br\/veracel-celulose-celebrates-29-years\/#breadcrumb","itemListElement":[{"@type":"ListItem","position":1,"name":"Home","item":"https:\/\/www.veracel.com.br\/"},{"@type":"ListItem","position":2,"name":"Not\u00edcias","item":"https:\/\/www.veracel.com.br\/noticias\/"},{"@type":"ListItem","position":3,"name":"Veracel Celulose celebrates 29 years"}]},{"@type":"WebSite","@id":"https:\/\/www.veracel.com.br\/#website","url":"https:\/\/www.veracel.com.br\/","name":"Veracel Celulose","description":"Quando crescemos juntos vamos muito mais longe","publisher":{"@id":"https:\/\/www.veracel.com.br\/#organization"},"potentialAction":[{"@type":"SearchAction","target":{"@type":"EntryPoint","urlTemplate":"https:\/\/www.veracel.com.br\/?s={search_term_string}"},"query-input":{"@type":"PropertyValueSpecification","valueRequired":true,"valueName":"search_term_string"}}],"inLanguage":"en-US"},{"@type":"Organization","@id":"https:\/\/www.veracel.com.br\/#organization","name":"Veracel Celulose","url":"https:\/\/www.veracel.com.br\/","logo":{"@type":"ImageObject","inLanguage":"en-US","@id":"https:\/\/www.veracel.com.br\/#\/schema\/logo\/image\/","url":"https:\/\/www.veracel.com.br\/wp-content\/uploads\/2024\/08\/Ativo-1.png","contentUrl":"https:\/\/www.veracel.com.br\/wp-content\/uploads\/2024\/08\/Ativo-1.png","width":400,"height":121,"caption":"Veracel Celulose"},"image":{"@id":"https:\/\/www.veracel.com.br\/#\/schema\/logo\/image\/"},"sameAs":["https:\/\/www.instagram.com\/veracelcelulose","https:\/\/www.linkedin.com\/company\/veracelcelulose\/","https:\/\/www.youtube.com\/user\/CanalVeracel"]}]}},"_links":{"self":[{"href":"https:\/\/www.veracel.com.br\/en\/wp-json\/wp\/v2\/posts\/12662","targetHints":{"allow":["GET"]}}],"collection":[{"href":"https:\/\/www.veracel.com.br\/en\/wp-json\/wp\/v2\/posts"}],"about":[{"href":"https:\/\/www.veracel.com.br\/en\/wp-json\/wp\/v2\/types\/post"}],"author":[{"embeddable":true,"href":"https:\/\/www.veracel.com.br\/en\/wp-json\/wp\/v2\/users\/3"}],"replies":[{"embeddable":true,"href":"https:\/\/www.veracel.com.br\/en\/wp-json\/wp\/v2\/comments?post=12662"}],"version-history":[{"count":3,"href":"https:\/\/www.veracel.com.br\/en\/wp-json\/wp\/v2\/posts\/12662\/revisions"}],"predecessor-version":[{"id":21555,"href":"https:\/\/www.veracel.com.br\/en\/wp-json\/wp\/v2\/posts\/12662\/revisions\/21555"}],"wp:attachment":[{"href":"https:\/\/www.veracel.com.br\/en\/wp-json\/wp\/v2\/media?parent=12662"}],"wp:term":[{"taxonomy":"category","embeddable":true,"href":"https:\/\/www.veracel.com.br\/en\/wp-json\/wp\/v2\/categories?post=12662"},{"taxonomy":"post_tag","embeddable":true,"href":"https:\/\/www.veracel.com.br\/en\/wp-json\/wp\/v2\/tags?post=12662"}],"curies":[{"name":"wp","href":"https:\/\/api.w.org\/{rel}","templated":true}]}}