{"id":15137,"date":"2021-04-07T14:26:35","date_gmt":"2021-04-07T17:26:35","guid":{"rendered":"https:\/\/www.veracel.com.br\/?p=14964"},"modified":"2021-10-18T10:55:45","modified_gmt":"2021-10-18T13:55:45","slug":"conheca-o-nosso-programa-de-saude-e-bem-estar","status":"publish","type":"post","link":"https:\/\/www.veracel.com.br\/en\/conheca-o-nosso-programa-de-saude-e-bem-estar\/","title":{"rendered":"Conhe\u00e7a o nosso Programa de Sa\u00fade e Bem-estar"},"content":{"rendered":"<p><em>As iniciativas de combate \u00e0 Covid-19 est\u00e3o sendo adotadas desde o in\u00edcio da pandemia e contemplam cuidados para garantir a prote\u00e7\u00e3o dos nossos colaboradores e das comunidades do entorno<\/em><\/p>\n<p>A Crise de sa\u00fade mundial refor\u00e7ou ainda mais a import\u00e2ncia de a\u00e7\u00f5es voltadas ao bem-estar das equipes, e lan\u00e7amos nova vers\u00e3o do nosso programa de qualidade de vida.<\/p>\n<p>Nesta quarta-feira (07) \u00e9 comemorado o Dia Mundial da Sa\u00fade, e n\u00f3s realizamos um balan\u00e7o das a\u00e7\u00f5es j\u00e1 realizadas para o enfrentamento da Covid-19.<\/p>\n<p>&nbsp;<\/p>\n<h3><strong>Nossas a\u00e7\u00f5es na pandemia<\/strong><\/h3>\n<p>H\u00e1 um ano, temos seguido todos os protocolos de preven\u00e7\u00e3o, realizado cont\u00ednuas campanhas orientativas e trabalhado em conjunto com parceiros, com o prop\u00f3sito de apoiar a comunidade durante o enfrentamento da pandemia.<\/p>\n<p>Desde mar\u00e7o do ano passado j\u00e1 apoiamos a distribui\u00e7\u00e3o de 86 mil itens de sa\u00fade e higiene, 83 mil litros de \u00e1lcool e 30 mil litros de hipoclorito para a popula\u00e7\u00e3o.<\/p>\n<p>Financiamos a compra de equipamentos (08 camas, 01 eletrocardi\u00f3grafo e 01 gerador) para auxiliar institui\u00e7\u00f5es de sa\u00fade p\u00fablicas locais, entre eles o Hospital de Itagimirim, o Hospital Municipal Luiz Eduardo Magalh\u00e3es e Hospital Neurocor de Porto Seguro.<\/p>\n<p>As iniciativas foram realizadas por meio de parcerias com empresas e entidades da regi\u00e3o.<\/p>\n<p>Atuamos, juntamente com a Suzano e o Governo da Bahia, para a constru\u00e7\u00e3o de um hospital de campanha na cidade de Teixeira de Freitas (BA), que envolveu a disponibiliza\u00e7\u00e3o de 35 respiradores fixos e m\u00f3veis e um aporte para 20 leitos de UTI em mar\u00e7o de 2020.<\/p>\n<p>Um ano depois, em mar\u00e7o deste ano, renovamos o apoio com novas doa\u00e7\u00f5es ao hospital, tendo em vista o recrudescimento da pandemia.<\/p>\n<p><em>&#8220;Estamos colaborando de forma genu\u00edna com as pessoas do nosso territ\u00f3rio em parceria e a\u00e7\u00f5es coordenadas especialmente para apoiar as comunidades mais vulner\u00e1veis. Um ano depois, mantemos nosso compromisso, refor\u00e7ando continuamente nosso trabalho interno de conscientiza\u00e7\u00e3o e preven\u00e7\u00e3o. Acreditamos que s\u00f3 \u00e9 poss\u00edvel superar os riscos trazidos pela pandemia cuidando uns dos outros sempre, visando \u00e0 prote\u00e7\u00e3o da sa\u00fade f\u00edsica e mental e auxiliando os que mais precisam&#8221;<\/em>, destaca Renato Carneiro, diretor de Sustentabilidade e Rela\u00e7\u00f5es Corporativas da empresa.<\/p>\n<h3><\/h3>\n<h3><strong>Na Veracel<\/strong><\/h3>\n<p>Em nossas \u00e1reas operacionais, al\u00e9m do uso de m\u00e1scaras, distanciamento entre as pessoas, higieniza\u00e7\u00e3o constante das m\u00e3os e a utiliza\u00e7\u00e3o do \u00e1lcool em gel.<\/p>\n<p>Delimitamos as \u00e1reas coletivas de trabalho, assim como os assentos nos transportes (com capacidade limitada a 50%) e nas \u00e1reas de alimenta\u00e7\u00e3o &#8211; inclusive com a coloca\u00e7\u00e3o de barreiras f\u00edsicas nas mesas dos refeit\u00f3rios.<\/p>\n<p>Al\u00e9m de termos intensificado as rotinas de limpeza e higieniza\u00e7\u00e3o dos ambientes desde as \u00e1reas da f\u00e1brica, do n\u00facleo florestal e dos m\u00f3dulos de colheita.<\/p>\n<p>A medi\u00e7\u00e3o de temperatura foi adotada como padr\u00e3o nas portarias e na entrada do transporte coletivo, e as equipes administrativas j\u00e1 est\u00e3o em home office h\u00e1 mais de um ano.<\/p>\n<p>Realizamos tamb\u00e9m o monitoramento e apoiamos os colaboradores com a suspeita de contamina\u00e7\u00e3o.<\/p>\n<h3><\/h3>\n<h3><strong>Programa Bem-Estar<\/strong><\/h3>\n<p><em>&#8220;Este Dia Mundial da Sa\u00fade, mais do que nunca, \u00e9 um momento de reflex\u00e3o para todos n\u00f3s sobre o impacto da Covid-19 para a comunidade, os seus efeitos na sa\u00fade de todos a longo prazo e o nosso papel no enfrentamento dessa doen\u00e7a. Sabemos que sem a\u00e7\u00f5es de preven\u00e7\u00e3o coletiva, como uso de m\u00e1scaras, distanciamento social e higiene pessoal, al\u00e9m da vacina, n\u00e3o seremos capazes de conter a transmiss\u00e3o do v\u00edrus. Que possamos entender a import\u00e2ncia do cuidado conosco e com os outros e o fato de que somos mais fortes e menos vulner\u00e1veis se estivermos trabalhando juntos no combate \u00e0 pandemia&#8221;,<\/em> refor\u00e7a Carneiro.<\/p>\n<p>Atenta \u00e0 sa\u00fade e seguran\u00e7a dos nossos colaboradores e de suas fam\u00edlias, estruturamos o programa &#8220;Bem-Estar&#8221;.<\/p>\n<p>Com os pilares <strong>&#8220;Movimente-se&#8221;, &#8220;Cuide-se&#8221; e &#8220;Comunique-se&#8221;<\/strong>, o programa ter\u00e1 a\u00e7\u00f5es direcionadas para sa\u00fade f\u00edsica, mental e emocional e busca estimular a ado\u00e7\u00e3o de novos h\u00e1bitos saud\u00e1veis.<\/p>\n<p>Atitudes como alimenta\u00e7\u00e3o nutritiva, bons h\u00e1bitos de sono, alongamentos, a\u00e7\u00f5es culturais, de lazer e de integra\u00e7\u00e3o social.<\/p>\n<p>Dentro do pilar <strong>&#8220;Cuide-se&#8221;<\/strong> o programa tamb\u00e9m tem mapeadas diversas a\u00e7\u00f5es voltadas \u00e0 sa\u00fade mental das colaboradoras, contando com um canal de atendimento emocional exclusivo aos colaboradores e familiares, chamado <strong>&#8220;Conte Comigo&#8221;<\/strong>.<\/p>\n<p>O atendimento \u00e9 sigiloso, realizado por psic\u00f3logos especializados e est\u00e1 dispon\u00edvel das 8h \u00e0s 22h, todos os dias da semana, inclusive via WhatsApp.<\/p>\n<p><em>&#8220;Sabemos que sa\u00fade n\u00e3o se resume apenas a aus\u00eancia de doen\u00e7as do corpo f\u00edsico. Ser saud\u00e1vel \u00e9 alcan\u00e7ar equil\u00edbrio em tr\u00eas pilares: f\u00edsico, mental e social e, foi justamente com este conceito completo de sa\u00fade, que buscamos desenvolver as a\u00e7\u00f5es do Programa Bem-Estar. Por meio dessa iniciativa apoiamos nossos colaboradores na busca por este equil\u00edbrio. Hoje, nessa realidade t\u00e3o desafiadora que o mundo est\u00e1 enfrentando, e tamb\u00e9m no amanh\u00e3, vislumbrando um futuro e uma vida saud\u00e1vel no p\u00f3s-pandemia em que seja poss\u00edvel a manuten\u00e7\u00e3o e refor\u00e7o desses pilares&#8221;<\/em>, complementa Andiara Souza, enfermeira do trabalho da Veracel.<\/p>\n","protected":false},"excerpt":{"rendered":"<p>As iniciativas de combate \u00e0 Covid-19 est\u00e3o sendo adotadas desde o in\u00edcio da pandemia e contemplam cuidados para garantir a prote\u00e7\u00e3o dos nossos colaboradores e das comunidades do entorno A Crise de sa\u00fade mundial refor\u00e7ou ainda mais a import\u00e2ncia de a\u00e7\u00f5es voltadas ao bem-estar das equipes, e lan\u00e7amos nova vers\u00e3o do nosso programa de qualidade [&hellip;]<\/p>\n","protected":false},"author":2,"featured_media":15267,"comment_status":"open","ping_status":"open","sticky":false,"template":"","format":"standard","meta":{"_acf_changed":false,"footnotes":"","_links_to":"","_links_to_target":""},"categories":[271,211],"tags":[272,273,274,247],"class_list":["post-15137","post","type-post","status-publish","format-standard","has-post-thumbnail","hentry","category-a-veracel","category-noticias","tag-bem-estar","tag-colaboradores","tag-saude","tag-veracel"],"acf":[],"yoast_head":"<!-- This site is optimized with the Yoast SEO Premium plugin v26.7 (Yoast SEO v27.4) - https:\/\/yoast.com\/product\/yoast-seo-premium-wordpress\/ -->\n<title>Conhe\u00e7a o nosso Programa de Sa\u00fade e Bem-estar - Veracel<\/title>\n<meta name=\"description\" content=\"Saiba o que a Veracel est\u00e1 fazendo para garantir a Sa\u00fade e o Bem-estar de todos os nossos colaboradores e das comunidades do entorno.\" \/>\n<meta name=\"robots\" content=\"index, follow, max-snippet:-1, max-image-preview:large, max-video-preview:-1\" \/>\n<link rel=\"canonical\" href=\"https:\/\/www.veracel.com.br\/conheca-o-nosso-programa-de-saude-e-bem-estar\/\" \/>\n<meta property=\"og:locale\" content=\"en_US\" \/>\n<meta property=\"og:type\" content=\"article\" \/>\n<meta property=\"og:title\" content=\"Conhe\u00e7a o nosso Programa de Sa\u00fade e Bem-estar\" \/>\n<meta property=\"og:description\" content=\"Saiba o que a Veracel est\u00e1 fazendo para garantir a Sa\u00fade e o Bem-estar de todos os nossos colaboradores e das comunidades do entorno.\" \/>\n<meta property=\"og:url\" content=\"https:\/\/www.veracel.com.br\/conheca-o-nosso-programa-de-saude-e-bem-estar\/\" \/>\n<meta property=\"og:site_name\" content=\"Veracel Celulose\" \/>\n<meta property=\"article:published_time\" content=\"2021-04-07T17:26:35+00:00\" \/>\n<meta property=\"article:modified_time\" content=\"2021-10-18T13:55:45+00:00\" \/>\n<meta property=\"og:image\" content=\"https:\/\/www.veracel.com.br\/wp-content\/uploads\/2021\/04\/Veracel_Dia-Mundial-da-Saude-1.png\" \/>\n\t<meta property=\"og:image:width\" content=\"620\" \/>\n\t<meta property=\"og:image:height\" content=\"340\" \/>\n\t<meta property=\"og:image:type\" content=\"image\/png\" \/>\n<meta name=\"author\" content=\"saulo\" \/>\n<meta name=\"twitter:card\" content=\"summary_large_image\" \/>\n<meta name=\"twitter:label1\" content=\"Written by\" \/>\n\t<meta name=\"twitter:data1\" content=\"saulo\" \/>\n\t<meta name=\"twitter:label2\" content=\"Est. reading time\" \/>\n\t<meta name=\"twitter:data2\" content=\"4 minutes\" \/>\n<script type=\"application\/ld+json\" class=\"yoast-schema-graph\">{\"@context\":\"https:\\\/\\\/schema.org\",\"@graph\":[{\"@type\":\"WebPage\",\"@id\":\"https:\\\/\\\/www.veracel.com.br\\\/conheca-o-nosso-programa-de-saude-e-bem-estar\\\/\",\"url\":\"https:\\\/\\\/www.veracel.com.br\\\/conheca-o-nosso-programa-de-saude-e-bem-estar\\\/\",\"name\":\"Conhe\u00e7a o nosso Programa de Sa\u00fade e Bem-estar - Veracel\",\"isPartOf\":{\"@id\":\"https:\\\/\\\/www.veracel.com.br\\\/#website\"},\"primaryImageOfPage\":{\"@id\":\"https:\\\/\\\/www.veracel.com.br\\\/conheca-o-nosso-programa-de-saude-e-bem-estar\\\/#primaryimage\"},\"image\":{\"@id\":\"https:\\\/\\\/www.veracel.com.br\\\/conheca-o-nosso-programa-de-saude-e-bem-estar\\\/#primaryimage\"},\"thumbnailUrl\":\"https:\\\/\\\/www.veracel.com.br\\\/wp-content\\\/uploads\\\/2021\\\/04\\\/Veracel_Dia-Mundial-da-Saude-1.png\",\"datePublished\":\"2021-04-07T17:26:35+00:00\",\"dateModified\":\"2021-10-18T13:55:45+00:00\",\"description\":\"Saiba o que a Veracel est\u00e1 fazendo para garantir a Sa\u00fade e o Bem-estar de todos os nossos colaboradores e das comunidades do entorno.\",\"breadcrumb\":{\"@id\":\"https:\\\/\\\/www.veracel.com.br\\\/conheca-o-nosso-programa-de-saude-e-bem-estar\\\/#breadcrumb\"},\"inLanguage\":\"en-US\",\"potentialAction\":[{\"@type\":\"ReadAction\",\"target\":[\"https:\\\/\\\/www.veracel.com.br\\\/conheca-o-nosso-programa-de-saude-e-bem-estar\\\/\"]}]},{\"@type\":\"ImageObject\",\"inLanguage\":\"en-US\",\"@id\":\"https:\\\/\\\/www.veracel.com.br\\\/conheca-o-nosso-programa-de-saude-e-bem-estar\\\/#primaryimage\",\"url\":\"https:\\\/\\\/www.veracel.com.br\\\/wp-content\\\/uploads\\\/2021\\\/04\\\/Veracel_Dia-Mundial-da-Saude-1.png\",\"contentUrl\":\"https:\\\/\\\/www.veracel.com.br\\\/wp-content\\\/uploads\\\/2021\\\/04\\\/Veracel_Dia-Mundial-da-Saude-1.png\",\"width\":620,\"height\":340},{\"@type\":\"BreadcrumbList\",\"@id\":\"https:\\\/\\\/www.veracel.com.br\\\/conheca-o-nosso-programa-de-saude-e-bem-estar\\\/#breadcrumb\",\"itemListElement\":[{\"@type\":\"ListItem\",\"position\":1,\"name\":\"Home\",\"item\":\"https:\\\/\\\/www.veracel.com.br\\\/\"},{\"@type\":\"ListItem\",\"position\":2,\"name\":\"caio\",\"item\":\"https:\\\/\\\/www.veracel.com.br\\\/tag\\\/caio\\\/\"},{\"@type\":\"ListItem\",\"position\":3,\"name\":\"Conhe\u00e7a o nosso Programa de Sa\u00fade e Bem-estar\"}]},{\"@type\":\"WebSite\",\"@id\":\"https:\\\/\\\/www.veracel.com.br\\\/#website\",\"url\":\"https:\\\/\\\/www.veracel.com.br\\\/\",\"name\":\"Veracel Celulose\",\"description\":\"Quando crescemos juntos vamos muito mais longe\",\"publisher\":{\"@id\":\"https:\\\/\\\/www.veracel.com.br\\\/#organization\"},\"potentialAction\":[{\"@type\":\"SearchAction\",\"target\":{\"@type\":\"EntryPoint\",\"urlTemplate\":\"https:\\\/\\\/www.veracel.com.br\\\/?s={search_term_string}\"},\"query-input\":{\"@type\":\"PropertyValueSpecification\",\"valueRequired\":true,\"valueName\":\"search_term_string\"}}],\"inLanguage\":\"en-US\"},{\"@type\":\"Organization\",\"@id\":\"https:\\\/\\\/www.veracel.com.br\\\/#organization\",\"name\":\"Veracel Celulose\",\"url\":\"https:\\\/\\\/www.veracel.com.br\\\/\",\"logo\":{\"@type\":\"ImageObject\",\"inLanguage\":\"en-US\",\"@id\":\"https:\\\/\\\/www.veracel.com.br\\\/#\\\/schema\\\/logo\\\/image\\\/\",\"url\":\"https:\\\/\\\/www.veracel.com.br\\\/wp-content\\\/uploads\\\/2024\\\/08\\\/Ativo-1.png\",\"contentUrl\":\"https:\\\/\\\/www.veracel.com.br\\\/wp-content\\\/uploads\\\/2024\\\/08\\\/Ativo-1.png\",\"width\":400,\"height\":121,\"caption\":\"Veracel Celulose\"},\"image\":{\"@id\":\"https:\\\/\\\/www.veracel.com.br\\\/#\\\/schema\\\/logo\\\/image\\\/\"},\"sameAs\":[\"https:\\\/\\\/www.instagram.com\\\/veracelcelulose\",\"https:\\\/\\\/www.linkedin.com\\\/company\\\/veracelcelulose\\\/\",\"https:\\\/\\\/www.youtube.com\\\/user\\\/CanalVeracel\"]}]}<\/script>\n<!-- \/ Yoast SEO Premium plugin. -->","yoast_head_json":{"title":"Conhe\u00e7a o nosso Programa de Sa\u00fade e Bem-estar - Veracel","description":"Saiba o que a Veracel est\u00e1 fazendo para garantir a Sa\u00fade e o Bem-estar de todos os nossos colaboradores e das comunidades do entorno.","robots":{"index":"index","follow":"follow","max-snippet":"max-snippet:-1","max-image-preview":"max-image-preview:large","max-video-preview":"max-video-preview:-1"},"canonical":"https:\/\/www.veracel.com.br\/conheca-o-nosso-programa-de-saude-e-bem-estar\/","og_locale":"en_US","og_type":"article","og_title":"Conhe\u00e7a o nosso Programa de Sa\u00fade e Bem-estar","og_description":"Saiba o que a Veracel est\u00e1 fazendo para garantir a Sa\u00fade e o Bem-estar de todos os nossos colaboradores e das comunidades do entorno.","og_url":"https:\/\/www.veracel.com.br\/conheca-o-nosso-programa-de-saude-e-bem-estar\/","og_site_name":"Veracel Celulose","article_published_time":"2021-04-07T17:26:35+00:00","article_modified_time":"2021-10-18T13:55:45+00:00","og_image":[{"width":620,"height":340,"url":"https:\/\/www.veracel.com.br\/wp-content\/uploads\/2021\/04\/Veracel_Dia-Mundial-da-Saude-1.png","type":"image\/png"}],"author":"saulo","twitter_card":"summary_large_image","twitter_misc":{"Written by":"saulo","Est. reading time":"4 minutes"},"schema":{"@context":"https:\/\/schema.org","@graph":[{"@type":"WebPage","@id":"https:\/\/www.veracel.com.br\/conheca-o-nosso-programa-de-saude-e-bem-estar\/","url":"https:\/\/www.veracel.com.br\/conheca-o-nosso-programa-de-saude-e-bem-estar\/","name":"Conhe\u00e7a o nosso Programa de Sa\u00fade e Bem-estar - Veracel","isPartOf":{"@id":"https:\/\/www.veracel.com.br\/#website"},"primaryImageOfPage":{"@id":"https:\/\/www.veracel.com.br\/conheca-o-nosso-programa-de-saude-e-bem-estar\/#primaryimage"},"image":{"@id":"https:\/\/www.veracel.com.br\/conheca-o-nosso-programa-de-saude-e-bem-estar\/#primaryimage"},"thumbnailUrl":"https:\/\/www.veracel.com.br\/wp-content\/uploads\/2021\/04\/Veracel_Dia-Mundial-da-Saude-1.png","datePublished":"2021-04-07T17:26:35+00:00","dateModified":"2021-10-18T13:55:45+00:00","description":"Saiba o que a Veracel est\u00e1 fazendo para garantir a Sa\u00fade e o Bem-estar de todos os nossos colaboradores e das comunidades do entorno.","breadcrumb":{"@id":"https:\/\/www.veracel.com.br\/conheca-o-nosso-programa-de-saude-e-bem-estar\/#breadcrumb"},"inLanguage":"en-US","potentialAction":[{"@type":"ReadAction","target":["https:\/\/www.veracel.com.br\/conheca-o-nosso-programa-de-saude-e-bem-estar\/"]}]},{"@type":"ImageObject","inLanguage":"en-US","@id":"https:\/\/www.veracel.com.br\/conheca-o-nosso-programa-de-saude-e-bem-estar\/#primaryimage","url":"https:\/\/www.veracel.com.br\/wp-content\/uploads\/2021\/04\/Veracel_Dia-Mundial-da-Saude-1.png","contentUrl":"https:\/\/www.veracel.com.br\/wp-content\/uploads\/2021\/04\/Veracel_Dia-Mundial-da-Saude-1.png","width":620,"height":340},{"@type":"BreadcrumbList","@id":"https:\/\/www.veracel.com.br\/conheca-o-nosso-programa-de-saude-e-bem-estar\/#breadcrumb","itemListElement":[{"@type":"ListItem","position":1,"name":"Home","item":"https:\/\/www.veracel.com.br\/"},{"@type":"ListItem","position":2,"name":"caio","item":"https:\/\/www.veracel.com.br\/tag\/caio\/"},{"@type":"ListItem","position":3,"name":"Conhe\u00e7a o nosso Programa de Sa\u00fade e Bem-estar"}]},{"@type":"WebSite","@id":"https:\/\/www.veracel.com.br\/#website","url":"https:\/\/www.veracel.com.br\/","name":"Veracel Celulose","description":"Quando crescemos juntos vamos muito mais longe","publisher":{"@id":"https:\/\/www.veracel.com.br\/#organization"},"potentialAction":[{"@type":"SearchAction","target":{"@type":"EntryPoint","urlTemplate":"https:\/\/www.veracel.com.br\/?s={search_term_string}"},"query-input":{"@type":"PropertyValueSpecification","valueRequired":true,"valueName":"search_term_string"}}],"inLanguage":"en-US"},{"@type":"Organization","@id":"https:\/\/www.veracel.com.br\/#organization","name":"Veracel Celulose","url":"https:\/\/www.veracel.com.br\/","logo":{"@type":"ImageObject","inLanguage":"en-US","@id":"https:\/\/www.veracel.com.br\/#\/schema\/logo\/image\/","url":"https:\/\/www.veracel.com.br\/wp-content\/uploads\/2024\/08\/Ativo-1.png","contentUrl":"https:\/\/www.veracel.com.br\/wp-content\/uploads\/2024\/08\/Ativo-1.png","width":400,"height":121,"caption":"Veracel Celulose"},"image":{"@id":"https:\/\/www.veracel.com.br\/#\/schema\/logo\/image\/"},"sameAs":["https:\/\/www.instagram.com\/veracelcelulose","https:\/\/www.linkedin.com\/company\/veracelcelulose\/","https:\/\/www.youtube.com\/user\/CanalVeracel"]}]}},"_links":{"self":[{"href":"https:\/\/www.veracel.com.br\/en\/wp-json\/wp\/v2\/posts\/15137","targetHints":{"allow":["GET"]}}],"collection":[{"href":"https:\/\/www.veracel.com.br\/en\/wp-json\/wp\/v2\/posts"}],"about":[{"href":"https:\/\/www.veracel.com.br\/en\/wp-json\/wp\/v2\/types\/post"}],"author":[{"embeddable":true,"href":"https:\/\/www.veracel.com.br\/en\/wp-json\/wp\/v2\/users\/2"}],"replies":[{"embeddable":true,"href":"https:\/\/www.veracel.com.br\/en\/wp-json\/wp\/v2\/comments?post=15137"}],"version-history":[{"count":1,"href":"https:\/\/www.veracel.com.br\/en\/wp-json\/wp\/v2\/posts\/15137\/revisions"}],"predecessor-version":[{"id":17942,"href":"https:\/\/www.veracel.com.br\/en\/wp-json\/wp\/v2\/posts\/15137\/revisions\/17942"}],"wp:featuredmedia":[{"embeddable":true,"href":"https:\/\/www.veracel.com.br\/en\/wp-json\/wp\/v2\/media\/15267"}],"wp:attachment":[{"href":"https:\/\/www.veracel.com.br\/en\/wp-json\/wp\/v2\/media?parent=15137"}],"wp:term":[{"taxonomy":"category","embeddable":true,"href":"https:\/\/www.veracel.com.br\/en\/wp-json\/wp\/v2\/categories?post=15137"},{"taxonomy":"post_tag","embeddable":true,"href":"https:\/\/www.veracel.com.br\/en\/wp-json\/wp\/v2\/tags?post=15137"}],"curies":[{"name":"wp","href":"https:\/\/api.w.org\/{rel}","templated":true}]}}