{"id":1535,"date":"2013-04-15T22:22:54","date_gmt":"2013-04-15T22:22:54","guid":{"rendered":"http:\/\/www.veracel.com.br\/?post_type=noticias&#038;p=1535"},"modified":"2020-05-21T09:59:33","modified_gmt":"2020-05-21T12:59:33","slug":"fornecedores-da-veracel-recebem-uma-das-principais-certificacoes-do-pais","status":"publish","type":"post","link":"https:\/\/www.veracel.com.br\/en\/fornecedores-da-veracel-recebem-uma-das-principais-certificacoes-do-pais\/","title":{"rendered":"Fornecedores da Veracel recebem uma das principais certifica\u00e7\u00f5es do pa\u00eds"},"content":{"rendered":"<p style=\"text-align: justify;\">\n\tA solenidade de certifica&ccedil;&atilde;o foi realizada durante o 4&ordm; Encontro de Fornecedores da Veracel.\n<\/p>\n<p style=\"text-align: justify;\">\n\tUm grupo de 25 empresas locais conclu&iacute;ram o Programa de Qualifica&ccedil;&atilde;o de Fornecedores (PQF) realizado pela parceria entre a Veracel Celulose, Instituto Euvaldo Lodi (IEL\/BA) e SEBRAE. O Programa &eacute; desenvolvido em dois anos, mas, ao final do primeiro ano, as empresas participantes obtiveram resultados expressivos para a regi&atilde;o. A certifica&ccedil;&atilde;o do Sistema de Gest&atilde;o da Qualidade em Fornecimento (SGQF) foi alcan&ccedil;ada por 23 das empresas participantes, isso significa que 92% das empresas foram certificadas. Este foi um resultado in&eacute;dito na Bahia que apresenta, em m&eacute;dia, duas certifica&ccedil;&otilde;es diamante por cada grupo de 20 empresas qualificadas, ap&oacute;s 18 meses de programa. A solenidade de certifica&ccedil;&atilde;o foi realizada nesta &uacute;ltima sexta-feira (12\/4), dentro do 4&ordm; Encontro de Fornecedores da Veracel, em Eun&aacute;polis.<br \/>\n\t&nbsp;<br \/>\n\tDe acordo com o gerente de Capacita&ccedil;&atilde;o Empresarial do IEL\/BA, Andr&eacute; Luiz Pinto, a certifica&ccedil;&atilde;o destas empresas s&oacute; vem confirmar o alinhamento da Veracel, e suas empresas parceiras, com as melhores pr&aacute;ticas de gest&atilde;o ambiental, social e econ&ocirc;mica do pa&iacute;s. &ldquo;No estado da Bahia, nunca um n&uacute;mero t&atilde;o grande de empresas foi certificado de uma s&oacute; vez. Isso s&oacute; comprova a compet&ecirc;ncia e o comprometimento destas empresas no exerc&iacute;cio de suas atividades. Esta certifica&ccedil;&atilde;o &eacute; considerada uma das mais importantes do pa&iacute;s e possibilitar&aacute; que estas empresas conquistem novos mercados em todo o Brasil&rdquo;, afirmou Andr&eacute; Luiz.<br \/>\n\t&nbsp;<br \/>\n\tDurante um ano, as empresas participaram de cursos de qualifica&ccedil;&atilde;o, treinamentos, consultorias, avalia&ccedil;&otilde;es peri&oacute;dicas e auditorias, onde foi atestada a conformidade de suas atividades com as melhores pr&aacute;ticas de Gest&atilde;o Empresarial, Qualidade, Sa&uacute;de e Seguran&ccedil;a do Trabalho, Meio Ambiente e Responsabilidade Social. E ao final deste processo, elas foram certificadas em tr&ecirc;s categorias, obedecendo crit&eacute;rios estabelecidos pelo programa: selo Diamante (para empresas que atenderam 100% dos crit&eacute;rios do programa e nenhuma n&atilde;o conformidade na auditoria final), selo Rubi (para m&iacute;nimo de 70% de atendimento) e selo Top&aacute;zio (com atendimento m&iacute;nimo de 50%). &ldquo;Depois de muitos esfor&ccedil;os para a cria&ccedil;&atilde;o e efetiva&ccedil;&atilde;o deste projeto, &eacute; com muito orgulho que chegamos a esse resultado. Esse &eacute; um momento de muita alegria para todos n&oacute;s&rdquo;, destacou o diretor de Opera&ccedil;&otilde;es da Veracel, Ari Medeiros.<br \/>\n\t&nbsp;<br \/>\n\tO Programa de Qualifica&ccedil;&atilde;o de Fornecedores (PQF) funciona desde 2005 na Bahia. A partir de 2007, a Veracel tornou-se pioneira no desenvolvimento de a&ccedil;&otilde;es de Qualifica&ccedil;&atilde;o de Fornecedores, no interior do estado. Segundo o gerente de Suprimentos e Log&iacute;stica da Veracel, M&aacute;rio Nelson Marques Cardoso, este &eacute; o terceiro ciclo de a&ccedil;&otilde;es do PQF na Veracel e esta data ficar&aacute; marcada na hist&oacute;ria da ind&uacute;stria da Bahia. &ldquo;Hoje &eacute; um marco no desenvolvimento regional, pois a certifica&ccedil;&atilde;o traz benef&iacute;cios diretos para as empresas e, al&eacute;m disso, cria um novo paradigma para o ambiente de neg&oacute;cio no interior do estado&rdquo;, destaca Cardoso. O Programa ser&aacute; mantido por mais um ano. Neste per&iacute;odo, as empresas ser&atilde;o acompanhadas e receber&atilde;o orienta&ccedil;&otilde;es e consultoria para que seus processos sejam aperfei&ccedil;oados. Ao final dos &uacute;ltimos 12 meses, &eacute; esperado que as empresas certificadas diamante permane&ccedil;am com essa qualifica&ccedil;&atilde;o e as demais possam melhorar sua certifica&ccedil;&atilde;o.<br \/>\n\t&nbsp;<br \/>\n\tLauro Jonas, gerente administrativo da Mesal Eunaman &#8211; uma das 13 empresas que receberam a Certifica&ccedil;&atilde;o Diamante &#8211; concorda com esta quest&atilde;o e acrescenta que o PQF superou a expectativa de muitos fornecedores locais. Para ele, o Programa deu a oportunidade para fazer uma revis&atilde;o nos sistemas de gest&atilde;o e agregar importantes ferramentas nas &aacute;reas de seguran&ccedil;a e sa&uacute;de, meio ambiente e responsabilidade social.<br \/>\n\t&nbsp;<br \/>\n\tAlessandro Pimenta, propriet&aacute;rio da empresa Copysul, tamb&eacute;m complementa: &ldquo;Para uma empresa de pequeno porte como a nossa, poder participar de uma qualifica&ccedil;&atilde;o como esta e receber o selo diamante, &eacute; a realiza&ccedil;&atilde;o de um sonho. Gra&ccedil;as ao PQF, possu&iacute;mos um senso de organiza&ccedil;&atilde;o e qualifica&ccedil;&atilde;o pr&oacute;ximo &agrave; excel&ecirc;ncia. Agrade&ccedil;o a Veracel e todos os parceiros por nos possibilitar a participa&ccedil;&atilde;o nesta qualifica&ccedil;&atilde;o&rdquo;.<br \/>\n\t&nbsp;<br \/>\n\tAinda como parte da programa&ccedil;&atilde;o do 4&ordm; Encontro com Fornecedores, o Centro das Industrias do Estado da Bahia (CIEB), filiado ao Sistema FIEB, apresentou os benef&iacute;cios oferecidos &agrave;s empresas industriais e empresas pertencentes &agrave; cadeia de valor da ind&uacute;stria baiana.<\/p>\n<p>\t<u><strong>Certifica&ccedil;&otilde;es:<\/strong><\/u>\n<\/p>\n<p style=\"text-align: justify;\">\n\tSelo Diamante:<br \/>\n\t&middot; &nbsp; &nbsp; &nbsp;2 Tree Consultoria e Meio Ambiente<br \/>\n\t&middot; &nbsp; &nbsp; &nbsp;Bonella Florestal<br \/>\n\t&middot; &nbsp; &nbsp; &nbsp;Carpelo<br \/>\n\t&middot; &nbsp; &nbsp; &nbsp;Copysul<br \/>\n\t&middot; &nbsp; &nbsp; &nbsp;Expresso Brasileiro<br \/>\n\t&middot; &nbsp; &nbsp; &nbsp;JSL<br \/>\n\t&middot; &nbsp; &nbsp; &nbsp;Komatsu Forest<br \/>\n\t&middot; &nbsp; &nbsp; &nbsp;KTM Administra&ccedil;&atilde;o e Engenharia<br \/>\n\t&middot; &nbsp; &nbsp; &nbsp;Lemos Passos<br \/>\n\t&middot; &nbsp; &nbsp; &nbsp;Mesal Eunaman<br \/>\n\t&middot; &nbsp; &nbsp; &nbsp;Ponsse<br \/>\n\t&middot; &nbsp; &nbsp; &nbsp;Satellite Topografia<br \/>\n\t&middot; &nbsp; &nbsp; &nbsp;Visel Vigil&acirc;ncia e Seguran&ccedil;a<br \/>\n\t&nbsp;<br \/>\n\tSelo Rubi:<br \/>\n\t&middot; &nbsp; &nbsp; &nbsp;Atelier da Informa&ccedil;&atilde;o<br \/>\n\t&middot; &nbsp; &nbsp; &nbsp;BRA Log&iacute;stica<br \/>\n\t&middot; &nbsp; &nbsp; &nbsp;CIA de Navega&ccedil;&atilde;o Norsul<br \/>\n\t&middot; &nbsp; &nbsp; &nbsp;Go Urbaniza&ccedil;&atilde;o Bertoldi<br \/>\n\t&middot; &nbsp; &nbsp; &nbsp;Jun&ccedil;&atilde;o Telecomunica&ccedil;&otilde;es e Informatica<br \/>\n\t&middot; &nbsp; &nbsp; &nbsp;Pires Pires Construtora<br \/>\n\t&middot; &nbsp; &nbsp; &nbsp;Projex Projetos e Consultoria<br \/>\n\t&middot; &nbsp; &nbsp; &nbsp;Trevo Florestal<br \/>\n\t&middot; &nbsp; &nbsp; &nbsp;Wisemed Gest&atilde;o em Sa&uacute;de<br \/>\n\t&nbsp;<br \/>\n\tSelo Top&aacute;zio:<br \/>\n\t&middot; &nbsp; &nbsp; &nbsp;Equil&iacute;brio Prote&ccedil;&atilde;o Florestal<br \/>\n\tPortal &eacute; balc&atilde;o de oportunidades&nbsp;\n<\/p>\n<p style=\"text-align: justify;\">\n\tTranspar&ecirc;ncia e agilidade. Estes s&atilde;o atributos do novo portal de relacionamento e neg&oacute;cios da &aacute;rea de Suprimentos da Veracel. Buscando alinhar a qualifica&ccedil;&atilde;o de seus fornecedores &agrave; agilidade e um melhor atendimento durante o processo de compras, durante o evento, a empresa lan&ccedil;ou o novo Portal de Compras da Veracel. A ferramenta estar&aacute; dispon&iacute;vel para acesso a partir de junho deste ano. De acordo com o coordenador de Suprimentos da Veracel, Lu&iacute;s Castro, este portal ir&aacute; possibilitar cadastramento de fornecedores, r&aacute;pido acesso &agrave;s informa&ccedil;&otilde;es das cota&ccedil;&otilde;es lan&ccedil;adas pela empresa, detalhes sobre dep&oacute;sitos de pagamentos, dentre outros. &ldquo;O portal vai tornar o relacionamento entre a Veracel e as empresas fornecedoras muito mais &aacute;gil e eficiente, ampliando a visibilidade e as oportunidades de neg&oacute;cios&rdquo;, encerra o coordenador.<\/p>\n","protected":false},"excerpt":{"rendered":"<p>A solenidade de certifica&ccedil;&atilde;o foi realizada durante o 4&ordm; Encontro de Fornecedores da Veracel. Um grupo de 25 empresas locais conclu&iacute;ram o Programa de Qualifica&ccedil;&atilde;o de Fornecedores (PQF) realizado pela parceria entre a Veracel Celulose, Instituto Euvaldo Lodi (IEL\/BA) e SEBRAE. O Programa &eacute; desenvolvido em dois anos, mas, ao final do primeiro ano, as [&hellip;]<\/p>\n","protected":false},"author":3,"featured_media":0,"comment_status":"closed","ping_status":"closed","sticky":false,"template":"","format":"standard","meta":{"_acf_changed":false,"footnotes":"","_links_to":"","_links_to_target":""},"categories":[211],"tags":[],"class_list":["post-1535","post","type-post","status-publish","format-standard","hentry","category-noticias"],"acf":[],"yoast_head":"<!-- This site is optimized with the Yoast SEO Premium plugin v26.7 (Yoast SEO v27.4) - https:\/\/yoast.com\/product\/yoast-seo-premium-wordpress\/ -->\n<title>Fornecedores da Veracel recebem uma das principais certifica\u00e7\u00f5es do pa\u00eds - Veracel Celulose<\/title>\n<meta name=\"robots\" content=\"index, follow, max-snippet:-1, max-image-preview:large, max-video-preview:-1\" \/>\n<link rel=\"canonical\" href=\"https:\/\/www.veracel.com.br\/fornecedores-da-veracel-recebem-uma-das-principais-certificacoes-do-pais\/\" \/>\n<meta property=\"og:locale\" content=\"en_US\" \/>\n<meta property=\"og:type\" content=\"article\" \/>\n<meta property=\"og:title\" content=\"Fornecedores da Veracel recebem uma das principais certifica\u00e7\u00f5es do pa\u00eds\" \/>\n<meta property=\"og:description\" content=\"A solenidade de certifica&ccedil;&atilde;o foi realizada durante o 4&ordm; Encontro de Fornecedores da Veracel. Um grupo de 25 empresas locais conclu&iacute;ram o Programa de Qualifica&ccedil;&atilde;o de Fornecedores (PQF) realizado pela parceria entre a Veracel Celulose, Instituto Euvaldo Lodi (IEL\/BA) e SEBRAE. O Programa &eacute; desenvolvido em dois anos, mas, ao final do primeiro ano, as [&hellip;]\" \/>\n<meta property=\"og:url\" content=\"https:\/\/www.veracel.com.br\/fornecedores-da-veracel-recebem-uma-das-principais-certificacoes-do-pais\/\" \/>\n<meta property=\"og:site_name\" content=\"Veracel Celulose\" \/>\n<meta property=\"article:published_time\" content=\"2013-04-15T22:22:54+00:00\" \/>\n<meta property=\"article:modified_time\" content=\"2020-05-21T12:59:33+00:00\" \/>\n<meta name=\"author\" content=\"Veracel\" \/>\n<meta name=\"twitter:card\" content=\"summary_large_image\" \/>\n<meta name=\"twitter:label1\" content=\"Written by\" \/>\n\t<meta name=\"twitter:data1\" content=\"Veracel\" \/>\n\t<meta name=\"twitter:label2\" content=\"Est. reading time\" \/>\n\t<meta name=\"twitter:data2\" content=\"6 minutes\" \/>\n<script type=\"application\/ld+json\" class=\"yoast-schema-graph\">{\"@context\":\"https:\\\/\\\/schema.org\",\"@graph\":[{\"@type\":\"WebPage\",\"@id\":\"https:\\\/\\\/www.veracel.com.br\\\/fornecedores-da-veracel-recebem-uma-das-principais-certificacoes-do-pais\\\/\",\"url\":\"https:\\\/\\\/www.veracel.com.br\\\/fornecedores-da-veracel-recebem-uma-das-principais-certificacoes-do-pais\\\/\",\"name\":\"Fornecedores da Veracel recebem uma das principais certifica\u00e7\u00f5es do pa\u00eds - Veracel Celulose\",\"isPartOf\":{\"@id\":\"https:\\\/\\\/www.veracel.com.br\\\/#website\"},\"datePublished\":\"2013-04-15T22:22:54+00:00\",\"dateModified\":\"2020-05-21T12:59:33+00:00\",\"breadcrumb\":{\"@id\":\"https:\\\/\\\/www.veracel.com.br\\\/fornecedores-da-veracel-recebem-uma-das-principais-certificacoes-do-pais\\\/#breadcrumb\"},\"inLanguage\":\"en-US\",\"potentialAction\":[{\"@type\":\"ReadAction\",\"target\":[\"https:\\\/\\\/www.veracel.com.br\\\/fornecedores-da-veracel-recebem-uma-das-principais-certificacoes-do-pais\\\/\"]}]},{\"@type\":\"BreadcrumbList\",\"@id\":\"https:\\\/\\\/www.veracel.com.br\\\/fornecedores-da-veracel-recebem-uma-das-principais-certificacoes-do-pais\\\/#breadcrumb\",\"itemListElement\":[{\"@type\":\"ListItem\",\"position\":1,\"name\":\"Home\",\"item\":\"https:\\\/\\\/www.veracel.com.br\\\/\"},{\"@type\":\"ListItem\",\"position\":2,\"name\":\"Not\u00edcias\",\"item\":\"https:\\\/\\\/www.veracel.com.br\\\/noticias\\\/\"},{\"@type\":\"ListItem\",\"position\":3,\"name\":\"Fornecedores da Veracel recebem uma das principais certifica\u00e7\u00f5es do pa\u00eds\"}]},{\"@type\":\"WebSite\",\"@id\":\"https:\\\/\\\/www.veracel.com.br\\\/#website\",\"url\":\"https:\\\/\\\/www.veracel.com.br\\\/\",\"name\":\"Veracel Celulose\",\"description\":\"Quando crescemos juntos vamos muito mais longe\",\"publisher\":{\"@id\":\"https:\\\/\\\/www.veracel.com.br\\\/#organization\"},\"potentialAction\":[{\"@type\":\"SearchAction\",\"target\":{\"@type\":\"EntryPoint\",\"urlTemplate\":\"https:\\\/\\\/www.veracel.com.br\\\/?s={search_term_string}\"},\"query-input\":{\"@type\":\"PropertyValueSpecification\",\"valueRequired\":true,\"valueName\":\"search_term_string\"}}],\"inLanguage\":\"en-US\"},{\"@type\":\"Organization\",\"@id\":\"https:\\\/\\\/www.veracel.com.br\\\/#organization\",\"name\":\"Veracel Celulose\",\"url\":\"https:\\\/\\\/www.veracel.com.br\\\/\",\"logo\":{\"@type\":\"ImageObject\",\"inLanguage\":\"en-US\",\"@id\":\"https:\\\/\\\/www.veracel.com.br\\\/#\\\/schema\\\/logo\\\/image\\\/\",\"url\":\"https:\\\/\\\/www.veracel.com.br\\\/wp-content\\\/uploads\\\/2024\\\/08\\\/Ativo-1.png\",\"contentUrl\":\"https:\\\/\\\/www.veracel.com.br\\\/wp-content\\\/uploads\\\/2024\\\/08\\\/Ativo-1.png\",\"width\":400,\"height\":121,\"caption\":\"Veracel Celulose\"},\"image\":{\"@id\":\"https:\\\/\\\/www.veracel.com.br\\\/#\\\/schema\\\/logo\\\/image\\\/\"},\"sameAs\":[\"https:\\\/\\\/www.instagram.com\\\/veracelcelulose\",\"https:\\\/\\\/www.linkedin.com\\\/company\\\/veracelcelulose\\\/\",\"https:\\\/\\\/www.youtube.com\\\/user\\\/CanalVeracel\"]}]}<\/script>\n<!-- \/ Yoast SEO Premium plugin. -->","yoast_head_json":{"title":"Fornecedores da Veracel recebem uma das principais certifica\u00e7\u00f5es do pa\u00eds - Veracel Celulose","robots":{"index":"index","follow":"follow","max-snippet":"max-snippet:-1","max-image-preview":"max-image-preview:large","max-video-preview":"max-video-preview:-1"},"canonical":"https:\/\/www.veracel.com.br\/fornecedores-da-veracel-recebem-uma-das-principais-certificacoes-do-pais\/","og_locale":"en_US","og_type":"article","og_title":"Fornecedores da Veracel recebem uma das principais certifica\u00e7\u00f5es do pa\u00eds","og_description":"A solenidade de certifica&ccedil;&atilde;o foi realizada durante o 4&ordm; Encontro de Fornecedores da Veracel. Um grupo de 25 empresas locais conclu&iacute;ram o Programa de Qualifica&ccedil;&atilde;o de Fornecedores (PQF) realizado pela parceria entre a Veracel Celulose, Instituto Euvaldo Lodi (IEL\/BA) e SEBRAE. O Programa &eacute; desenvolvido em dois anos, mas, ao final do primeiro ano, as [&hellip;]","og_url":"https:\/\/www.veracel.com.br\/fornecedores-da-veracel-recebem-uma-das-principais-certificacoes-do-pais\/","og_site_name":"Veracel Celulose","article_published_time":"2013-04-15T22:22:54+00:00","article_modified_time":"2020-05-21T12:59:33+00:00","author":"Veracel","twitter_card":"summary_large_image","twitter_misc":{"Written by":"Veracel","Est. reading time":"6 minutes"},"schema":{"@context":"https:\/\/schema.org","@graph":[{"@type":"WebPage","@id":"https:\/\/www.veracel.com.br\/fornecedores-da-veracel-recebem-uma-das-principais-certificacoes-do-pais\/","url":"https:\/\/www.veracel.com.br\/fornecedores-da-veracel-recebem-uma-das-principais-certificacoes-do-pais\/","name":"Fornecedores da Veracel recebem uma das principais certifica\u00e7\u00f5es do pa\u00eds - Veracel Celulose","isPartOf":{"@id":"https:\/\/www.veracel.com.br\/#website"},"datePublished":"2013-04-15T22:22:54+00:00","dateModified":"2020-05-21T12:59:33+00:00","breadcrumb":{"@id":"https:\/\/www.veracel.com.br\/fornecedores-da-veracel-recebem-uma-das-principais-certificacoes-do-pais\/#breadcrumb"},"inLanguage":"en-US","potentialAction":[{"@type":"ReadAction","target":["https:\/\/www.veracel.com.br\/fornecedores-da-veracel-recebem-uma-das-principais-certificacoes-do-pais\/"]}]},{"@type":"BreadcrumbList","@id":"https:\/\/www.veracel.com.br\/fornecedores-da-veracel-recebem-uma-das-principais-certificacoes-do-pais\/#breadcrumb","itemListElement":[{"@type":"ListItem","position":1,"name":"Home","item":"https:\/\/www.veracel.com.br\/"},{"@type":"ListItem","position":2,"name":"Not\u00edcias","item":"https:\/\/www.veracel.com.br\/noticias\/"},{"@type":"ListItem","position":3,"name":"Fornecedores da Veracel recebem uma das principais certifica\u00e7\u00f5es do pa\u00eds"}]},{"@type":"WebSite","@id":"https:\/\/www.veracel.com.br\/#website","url":"https:\/\/www.veracel.com.br\/","name":"Veracel Celulose","description":"Quando crescemos juntos vamos muito mais longe","publisher":{"@id":"https:\/\/www.veracel.com.br\/#organization"},"potentialAction":[{"@type":"SearchAction","target":{"@type":"EntryPoint","urlTemplate":"https:\/\/www.veracel.com.br\/?s={search_term_string}"},"query-input":{"@type":"PropertyValueSpecification","valueRequired":true,"valueName":"search_term_string"}}],"inLanguage":"en-US"},{"@type":"Organization","@id":"https:\/\/www.veracel.com.br\/#organization","name":"Veracel Celulose","url":"https:\/\/www.veracel.com.br\/","logo":{"@type":"ImageObject","inLanguage":"en-US","@id":"https:\/\/www.veracel.com.br\/#\/schema\/logo\/image\/","url":"https:\/\/www.veracel.com.br\/wp-content\/uploads\/2024\/08\/Ativo-1.png","contentUrl":"https:\/\/www.veracel.com.br\/wp-content\/uploads\/2024\/08\/Ativo-1.png","width":400,"height":121,"caption":"Veracel Celulose"},"image":{"@id":"https:\/\/www.veracel.com.br\/#\/schema\/logo\/image\/"},"sameAs":["https:\/\/www.instagram.com\/veracelcelulose","https:\/\/www.linkedin.com\/company\/veracelcelulose\/","https:\/\/www.youtube.com\/user\/CanalVeracel"]}]}},"_links":{"self":[{"href":"https:\/\/www.veracel.com.br\/en\/wp-json\/wp\/v2\/posts\/1535","targetHints":{"allow":["GET"]}}],"collection":[{"href":"https:\/\/www.veracel.com.br\/en\/wp-json\/wp\/v2\/posts"}],"about":[{"href":"https:\/\/www.veracel.com.br\/en\/wp-json\/wp\/v2\/types\/post"}],"author":[{"embeddable":true,"href":"https:\/\/www.veracel.com.br\/en\/wp-json\/wp\/v2\/users\/3"}],"replies":[{"embeddable":true,"href":"https:\/\/www.veracel.com.br\/en\/wp-json\/wp\/v2\/comments?post=1535"}],"version-history":[{"count":0,"href":"https:\/\/www.veracel.com.br\/en\/wp-json\/wp\/v2\/posts\/1535\/revisions"}],"wp:attachment":[{"href":"https:\/\/www.veracel.com.br\/en\/wp-json\/wp\/v2\/media?parent=1535"}],"wp:term":[{"taxonomy":"category","embeddable":true,"href":"https:\/\/www.veracel.com.br\/en\/wp-json\/wp\/v2\/categories?post=1535"},{"taxonomy":"post_tag","embeddable":true,"href":"https:\/\/www.veracel.com.br\/en\/wp-json\/wp\/v2\/tags?post=1535"}],"curies":[{"name":"wp","href":"https:\/\/api.w.org\/{rel}","templated":true}]}}