{"id":16263,"date":"2021-05-10T19:35:06","date_gmt":"2021-05-10T22:35:06","guid":{"rendered":"https:\/\/www.veracel.com.br\/?p=16263"},"modified":"2021-10-18T10:55:14","modified_gmt":"2021-10-18T13:55:14","slug":"lancamento-relatorio-sustentabilidade-2020","status":"publish","type":"post","link":"https:\/\/www.veracel.com.br\/en\/lancamento-relatorio-sustentabilidade-2020\/","title":{"rendered":"Lan\u00e7amento do nosso Relat\u00f3rio de Sustentabilidade de 2020"},"content":{"rendered":"\n<p>Divulgamos hoje (10) o nosso Relat\u00f3rio de Sustentabilidade referente ao ano de 2020. O conte\u00fado est\u00e1 dispon\u00edvel para download e visualiza\u00e7\u00e3o, <strong>na \u00edntegra, no <a href=\"https:\/\/www.veracel.com.br\/wp-content\/uploads\/2021\/05\/Relatorio-Sustentabilidade-2020-Portugues-1.pdf\" target=\"_blank\" rel=\"noreferrer noopener\">link<\/a>.<\/strong><\/p>\n\n\n\n<p>O documento traz os avan\u00e7os das principais iniciativas voltadas \u00e0 sustentabilidade e de apoio social que realizamos no \u00faltimo ano, mesmo durante o enfrentamento da pandemia de Covid-19.<\/p>\n\n\n\n<blockquote class=\"wp-block-quote is-layout-flow wp-block-quote-is-layout-flow\"><p>\u201cS\u00e3o as pessoas que fazem a empresa, e essa \u00e9 a hist\u00f3ria que vamos contar no relat\u00f3rio deste ano t\u00e3o peculiar. Fomos testados na firmeza do nosso prop\u00f3sito de sermos respons\u00e1veis, inspirar pessoas e valorizar a vida. E foi o que mais fizemos neste ano: cuidamos, genuinamente, da vida\u201d, <\/p><p>destaca Caio Zanardo, nosso diretor-presidente.<\/p><\/blockquote>\n\n\n\n<p class=\"has-normal-font-size\"><strong>Investimentos sociais<\/strong><\/p>\n\n\n\n<p>No \u00faltimo ano, realizamos um investimento social de R$ 12,2 milh\u00f5es, com atendimento a mais de 16 mil pessoas. Foram contemplados coletivos rurais, comunidade de pesca e ind\u00edgenas, grupo de mulheres e associa\u00e7\u00f5es comunit\u00e1rias.<\/p>\n\n\n\n<p>Esse valor inclui projetos de agricultura familiar, al\u00e9m de outras iniciativas de gera\u00e7\u00e3o de renda e de educa\u00e7\u00e3o e, especialmente neste ano de conting\u00eancias, doa\u00e7\u00f5es de apoio emergencial para a seguran\u00e7a alimentar e apoio aos \u00f3rg\u00e3os de sa\u00fade da regi\u00e3o em que atuamos.<\/p>\n\n\n\n<p>Desde mar\u00e7o de 2020, realizamos doa\u00e7\u00f5es de: 86 mil itens de sa\u00fade e higiene; 83 mil litros de \u00e1lcool; e 30 mil litros de hipoclorito, que foram distribu\u00eddos para a popula\u00e7\u00e3o das comunidades e dos munic\u00edpios da regi\u00e3o.<\/p>\n\n\n\n<p>Ficanciamos tamb\u00e9m a compra de equipamentos (08 camas, 01 eletrocardi\u00f3grafo e 01 gerador para manuten\u00e7\u00e3o de funcionamento de UTI) para auxiliar institui\u00e7\u00f5es de sa\u00fade p\u00fablicas e privadas locais e, em parceria com a Suzano e o Governo da Bahia, apoiou a constru\u00e7\u00e3o de um hospital de campanha na cidade de Teixeira de Freitas (BA), o que envolveu a doa\u00e7\u00e3o de 35 respiradores fixos e m\u00f3veis e um aporte para a oferta 20 leitos de UTI.<\/p>\n\n\n\n<p><strong>Preven\u00e7\u00e3o \u00e0 Covid-19<\/strong><\/p>\n\n\n\n<p>Em 2020 tamb\u00e9m foram implementadas medidas de preven\u00e7\u00e3o contra a pandemia para os nossos colaboradores.<\/p>\n\n\n\n<p>Entre essas iniciativas, houve a implementa\u00e7\u00e3o do teletrabalho para todos os times administrativos e a amplia\u00e7\u00e3o de a\u00e7\u00f5es voltadas para a sa\u00fade emocional e psicol\u00f3gica dos colaboradores e de seus familiares.<\/p>\n\n\n\n<p>Adotamos, ainda, uma s\u00e9rie de protocolos de seguran\u00e7a contra a contamina\u00e7\u00e3o e estruturou os ambientes internos com o mesmo objetivo.<\/p>\n\n\n\n<p>Seguimos tamb\u00e9m com a oferta de capacita\u00e7\u00e3o e de apoio para a evolu\u00e7\u00e3o de carreira dos membros da equipe.<\/p>\n\n\n\n<p>Tudo isso nos garantiu, pela terceira vez consecutiva, o selo Great Place to Work (GPTW). Assim, nos mantivemos no ranking das melhores empresas para se trabalhar na Bahia e entre as 15 melhores do agroneg\u00f3cio brasileiro. &nbsp;<\/p>\n\n\n\n<p><strong>Impacto positivo no territ\u00f3rio<\/strong><\/p>\n\n\n\n<p>Outro importante destaque do Relat\u00f3rio \u00e9 o nosso impacto positivo para o desenvolvimento do territ\u00f3rio. Atualmente, geramos mais de 3,2 mil empregos diretos.<\/p>\n\n\n\n<p>Considerando, em cada fam\u00edlia, uma m\u00e9dia de quatro pessoas, estimamos que pelo menos 12,8 mil residentes na regi\u00e3o dependam da Veracel para alimenta\u00e7\u00e3o, transporte, educa\u00e7\u00e3o, lazer e bem-estar.<\/p>\n\n\n\n<p>Al\u00e9m disso, em 2020, as compras de servi\u00e7os e mercadorias que realizamos representaram mais de R$ 740 milh\u00f5es para o estado da Bahia.<\/p>\n\n\n\n<p>No quesito ambiental, entre os destaques apresentados no Relat\u00f3rio est\u00e3o a manuten\u00e7\u00e3o dos \u00edndices de reciclagem de res\u00edduos industriais em 99% durante o ano e o alcance do marco de mais de 5,5 milh\u00f5es de \u00e1rvores nativas da Mata Atl\u00e2ntica plantadas desde 1994 at\u00e9 o ano passado.<\/p>\n\n\n\n<p>J\u00e1 do ponto de vista social, outro importante destaque foi o sucesso de programas de gera\u00e7\u00e3o de renda, como os projetos de apicultura e meliponicultura (cria\u00e7\u00e3o de abelhas sem ferr\u00e3o), que produziram 87 toneladas de mel e beneficiaram 158 fam\u00edlias, por meio de associa\u00e7\u00f5es de produtores dos munic\u00edpios baianos de Eun\u00e1polis, Guaratinga, Itabela e Porto Seguro e tamb\u00e9m da aldeia patax\u00f3 Meio da Mata.<\/p>\n\n\n\n<p>Al\u00e9m disso, mesmo com solu\u00e7\u00f5es dif\u00edceis para o ano letivo, mantivemos nosso apoio \u00e0 educa\u00e7\u00e3o para os alunos das 32 aldeias ind\u00edgenas identificadas em nossa \u00e1rea de influ\u00eancia.<\/p>\n\n\n\n<p>Ao todo, foram doados materiais escolares para 5 mil alunos e professores dos ensinos fundamental e m\u00e9dio, incluindo os matriculados na Educa\u00e7\u00e3o de Jovens e Adultos. &nbsp;<\/p>\n\n\n\n<p>\u201cAs a\u00e7\u00f5es que elencamos em nosso Relat\u00f3rio nos trazem muito orgulho, especialmente por terem sido realizadas em um ano t\u00e3o desafiador como o de 2020. Queremos continuar aprendendo e ampliando essas iiniciativas para que a empresa e a comunidade continuem sempre em desenvolvimento de forma sustent\u00e1vel e respons\u00e1vel\u201d, afirma nosso&nbsp; Diretor de Sustentabilidade e Rela\u00e7\u00f5es Corporativas, Renato Carneiro.<\/p>\n\n\n\n<p><strong>Confira alguns destaques do nosso Relat\u00f3rio de Sustentabilidade<\/strong><\/p>\n\n\n\n<p><strong>Atua\u00e7\u00e3o<\/strong><\/p>\n\n\n\n<ul class=\"wp-block-list\"><li>11 munic\u00edpios e influencia direta em 143 comunidades, sendo 32 ind\u00edgenas.&nbsp;<\/li><\/ul>\n\n\n\n<p><strong>Produ\u00e7\u00e3o anual<\/strong><\/p>\n\n\n\n<ul class=\"wp-block-list\"><li>1.089.614 tsa de celulose<\/li><li>920.258 MWh de energia <strong><\/strong><\/li><\/ul>\n\n\n\n<p><strong>Total de colaboradores<\/strong><\/p>\n\n\n\n<ul class=\"wp-block-list\"><li>813 colaboradores pr\u00f3prios<\/li><li>2.328 colaboradores empresas parceiras<\/li><\/ul>\n\n\n\n<p><strong>Presen\u00e7a territorial<\/strong><\/p>\n\n\n\n<ul class=\"wp-block-list\"><li>202.190 ha de \u00e1rea total Veracel<\/li><li>89.713 ha de \u00e1rea plantada<\/li><li>101.317 ha de \u00e1rea de preserva\u00e7\u00e3o<\/li><li>22.584 ha de plantio Programa Produtor Florestal<\/li><\/ul>\n\n\n\n<p><strong>Efici\u00eancia Operacional<\/strong><\/p>\n\n\n\n<ul class=\"wp-block-list\"><li>Reciclagem de res\u00edduos: 99%<\/li><li>Excel\u00eancia operacional: 92,2%<\/li><li>Consumo de \u00e1gua por tonelada de celulose: 22,2 m\u00b3\/tsa<\/li><\/ul>\n\n\n\n<p><strong>Demais informa\u00e7\u00f5es que est\u00e3o no <\/strong><a href=\"https:\/\/www.veracel.com.br\/wp-content\/uploads\/2021\/05\/Relatorio-Sustentabilidade-Veracel-2020.pdf\"><strong>Relat\u00f3rio de Sustentabilidade 2020<\/strong><\/a><strong><\/strong><\/p>\n\n\n\n<p>Sobre a empresa<\/p>\n\n\n\n<ul class=\"wp-block-list\"><li>Informa\u00e7\u00e3o, articula\u00e7\u00e3o e cuidado genu\u00edno<\/li><li>Remotamente<\/li><\/ul>\n\n\n\n<p>Um ano de conting\u00eancias e supera\u00e7\u00f5es<\/p>\n\n\n\n<ul class=\"wp-block-list\"><li>Agricultura Familiar \u2013 a for\u00e7a dos coletivos<\/li><li>Seguran\u00e7a alimentar e o cultivo da terra<\/li><li>Um neg\u00f3cio em ascens\u00e3o<\/li><li>Renda, meio ambiente e inclus\u00e3o<\/li><li>No meio da mata, lavoura!<\/li><\/ul>\n\n\n\n<p>Presen\u00e7a constante em nosso entorno<\/p>\n\n\n\n<ul class=\"wp-block-list\"><li>Tradicionalidade online<\/li><li>Pescador, na escuta!<\/li><\/ul>\n\n\n\n<p>Pilar econ\u00f4mico para o desenvolvimento regional 20<\/p>\n\n\n\n<ul class=\"wp-block-list\"><li>Mais competitivos e mais sustent\u00e1veis<\/li><li>Cultivar florestas \u00e9 preciso<\/li><li>Uso respons\u00e1vel dos recursos naturais<\/li><li>Pelo mar, vamos melhor<\/li><\/ul>\n\n\n\n<p>Somos apenas os guardi\u00f5es<\/p>\n\n\n\n<ul class=\"wp-block-list\"><li>Plantadores de florestas<\/li><li>A natureza cient\u00edfica<\/li><\/ul>\n\n\n\n<p>Para saber mais sobre essas e outras iniciativas, <a href=\"https:\/\/www.veracel.com.br\/\">contiue navegando em nosso site.<\/a><\/p>\n","protected":false},"excerpt":{"rendered":"<p>Divulgamos hoje (10) o nosso Relat\u00f3rio de Sustentabilidade referente ao ano de 2020. O conte\u00fado est\u00e1 dispon\u00edvel para download e visualiza\u00e7\u00e3o, na \u00edntegra, no link. O documento traz os avan\u00e7os das principais iniciativas voltadas \u00e0 sustentabilidade e de apoio social que realizamos no \u00faltimo ano, mesmo durante o enfrentamento da pandemia de Covid-19. \u201cS\u00e3o as [&hellip;]<\/p>\n","protected":false},"author":2,"featured_media":16264,"comment_status":"open","ping_status":"open","sticky":false,"template":"","format":"standard","meta":{"_acf_changed":false,"footnotes":"","_links_to":"","_links_to_target":""},"categories":[271,211],"tags":[293,292],"class_list":["post-16263","post","type-post","status-publish","format-standard","has-post-thumbnail","hentry","category-a-veracel","category-noticias","tag-relatorio","tag-sustentabilidade"],"acf":[],"yoast_head":"<!-- This site is optimized with the Yoast SEO Premium plugin v26.7 (Yoast SEO v27.4) - https:\/\/yoast.com\/product\/yoast-seo-premium-wordpress\/ -->\n<title>Lan\u00e7amento do Relat\u00f3rio de Sustentabilidade de 2020 - Veracel Celulose<\/title>\n<meta name=\"robots\" content=\"index, follow, max-snippet:-1, max-image-preview:large, max-video-preview:-1\" \/>\n<link rel=\"canonical\" href=\"https:\/\/www.veracel.com.br\/lancamento-relatorio-sustentabilidade-2020\/\" \/>\n<meta property=\"og:locale\" content=\"en_US\" \/>\n<meta property=\"og:type\" content=\"article\" \/>\n<meta property=\"og:title\" content=\"Lan\u00e7amento do nosso Relat\u00f3rio de Sustentabilidade de 2020\" \/>\n<meta property=\"og:description\" content=\"Divulgamos hoje (10) o nosso Relat\u00f3rio de Sustentabilidade referente ao ano de 2020. O conte\u00fado est\u00e1 dispon\u00edvel para download e visualiza\u00e7\u00e3o, na \u00edntegra, no link. O documento traz os avan\u00e7os das principais iniciativas voltadas \u00e0 sustentabilidade e de apoio social que realizamos no \u00faltimo ano, mesmo durante o enfrentamento da pandemia de Covid-19. \u201cS\u00e3o as [&hellip;]\" \/>\n<meta property=\"og:url\" content=\"https:\/\/www.veracel.com.br\/lancamento-relatorio-sustentabilidade-2020\/\" \/>\n<meta property=\"og:site_name\" content=\"Veracel Celulose\" \/>\n<meta property=\"article:published_time\" content=\"2021-05-10T22:35:06+00:00\" \/>\n<meta property=\"article:modified_time\" content=\"2021-10-18T13:55:14+00:00\" \/>\n<meta property=\"og:image\" content=\"https:\/\/www.veracel.com.br\/wp-content\/uploads\/2021\/05\/Veracel_Relatorio-Sustentabilidade-Home.jpg\" \/>\n\t<meta property=\"og:image:width\" content=\"600\" \/>\n\t<meta property=\"og:image:height\" content=\"400\" \/>\n\t<meta property=\"og:image:type\" content=\"image\/jpeg\" \/>\n<meta name=\"author\" content=\"saulo\" \/>\n<meta name=\"twitter:card\" content=\"summary_large_image\" \/>\n<meta name=\"twitter:label1\" content=\"Written by\" \/>\n\t<meta name=\"twitter:data1\" content=\"saulo\" \/>\n\t<meta name=\"twitter:label2\" content=\"Est. reading time\" \/>\n\t<meta name=\"twitter:data2\" content=\"5 minutes\" \/>\n<script type=\"application\/ld+json\" class=\"yoast-schema-graph\">{\"@context\":\"https:\\\/\\\/schema.org\",\"@graph\":[{\"@type\":\"WebPage\",\"@id\":\"https:\\\/\\\/www.veracel.com.br\\\/lancamento-relatorio-sustentabilidade-2020\\\/\",\"url\":\"https:\\\/\\\/www.veracel.com.br\\\/lancamento-relatorio-sustentabilidade-2020\\\/\",\"name\":\"Lan\u00e7amento do Relat\u00f3rio de Sustentabilidade de 2020 - Veracel Celulose\",\"isPartOf\":{\"@id\":\"https:\\\/\\\/www.veracel.com.br\\\/#website\"},\"primaryImageOfPage\":{\"@id\":\"https:\\\/\\\/www.veracel.com.br\\\/lancamento-relatorio-sustentabilidade-2020\\\/#primaryimage\"},\"image\":{\"@id\":\"https:\\\/\\\/www.veracel.com.br\\\/lancamento-relatorio-sustentabilidade-2020\\\/#primaryimage\"},\"thumbnailUrl\":\"https:\\\/\\\/www.veracel.com.br\\\/wp-content\\\/uploads\\\/2021\\\/05\\\/Veracel_Relatorio-Sustentabilidade-Home.jpg\",\"datePublished\":\"2021-05-10T22:35:06+00:00\",\"dateModified\":\"2021-10-18T13:55:14+00:00\",\"breadcrumb\":{\"@id\":\"https:\\\/\\\/www.veracel.com.br\\\/lancamento-relatorio-sustentabilidade-2020\\\/#breadcrumb\"},\"inLanguage\":\"en-US\",\"potentialAction\":[{\"@type\":\"ReadAction\",\"target\":[\"https:\\\/\\\/www.veracel.com.br\\\/lancamento-relatorio-sustentabilidade-2020\\\/\"]}]},{\"@type\":\"ImageObject\",\"inLanguage\":\"en-US\",\"@id\":\"https:\\\/\\\/www.veracel.com.br\\\/lancamento-relatorio-sustentabilidade-2020\\\/#primaryimage\",\"url\":\"https:\\\/\\\/www.veracel.com.br\\\/wp-content\\\/uploads\\\/2021\\\/05\\\/Veracel_Relatorio-Sustentabilidade-Home.jpg\",\"contentUrl\":\"https:\\\/\\\/www.veracel.com.br\\\/wp-content\\\/uploads\\\/2021\\\/05\\\/Veracel_Relatorio-Sustentabilidade-Home.jpg\",\"width\":600,\"height\":400},{\"@type\":\"BreadcrumbList\",\"@id\":\"https:\\\/\\\/www.veracel.com.br\\\/lancamento-relatorio-sustentabilidade-2020\\\/#breadcrumb\",\"itemListElement\":[{\"@type\":\"ListItem\",\"position\":1,\"name\":\"Home\",\"item\":\"https:\\\/\\\/www.veracel.com.br\\\/\"},{\"@type\":\"ListItem\",\"position\":2,\"name\":\"A Veracel\",\"item\":\"https:\\\/\\\/www.veracel.com.br\\\/a-veracel\\\/\"},{\"@type\":\"ListItem\",\"position\":3,\"name\":\"Lan\u00e7amento do nosso Relat\u00f3rio de Sustentabilidade de 2020\"}]},{\"@type\":\"WebSite\",\"@id\":\"https:\\\/\\\/www.veracel.com.br\\\/#website\",\"url\":\"https:\\\/\\\/www.veracel.com.br\\\/\",\"name\":\"Veracel Celulose\",\"description\":\"Quando crescemos juntos vamos muito mais longe\",\"publisher\":{\"@id\":\"https:\\\/\\\/www.veracel.com.br\\\/#organization\"},\"potentialAction\":[{\"@type\":\"SearchAction\",\"target\":{\"@type\":\"EntryPoint\",\"urlTemplate\":\"https:\\\/\\\/www.veracel.com.br\\\/?s={search_term_string}\"},\"query-input\":{\"@type\":\"PropertyValueSpecification\",\"valueRequired\":true,\"valueName\":\"search_term_string\"}}],\"inLanguage\":\"en-US\"},{\"@type\":\"Organization\",\"@id\":\"https:\\\/\\\/www.veracel.com.br\\\/#organization\",\"name\":\"Veracel Celulose\",\"url\":\"https:\\\/\\\/www.veracel.com.br\\\/\",\"logo\":{\"@type\":\"ImageObject\",\"inLanguage\":\"en-US\",\"@id\":\"https:\\\/\\\/www.veracel.com.br\\\/#\\\/schema\\\/logo\\\/image\\\/\",\"url\":\"https:\\\/\\\/www.veracel.com.br\\\/wp-content\\\/uploads\\\/2024\\\/08\\\/Ativo-1.png\",\"contentUrl\":\"https:\\\/\\\/www.veracel.com.br\\\/wp-content\\\/uploads\\\/2024\\\/08\\\/Ativo-1.png\",\"width\":400,\"height\":121,\"caption\":\"Veracel Celulose\"},\"image\":{\"@id\":\"https:\\\/\\\/www.veracel.com.br\\\/#\\\/schema\\\/logo\\\/image\\\/\"},\"sameAs\":[\"https:\\\/\\\/www.instagram.com\\\/veracelcelulose\",\"https:\\\/\\\/www.linkedin.com\\\/company\\\/veracelcelulose\\\/\",\"https:\\\/\\\/www.youtube.com\\\/user\\\/CanalVeracel\"]}]}<\/script>\n<!-- \/ Yoast SEO Premium plugin. -->","yoast_head_json":{"title":"Lan\u00e7amento do Relat\u00f3rio de Sustentabilidade de 2020 - Veracel Celulose","robots":{"index":"index","follow":"follow","max-snippet":"max-snippet:-1","max-image-preview":"max-image-preview:large","max-video-preview":"max-video-preview:-1"},"canonical":"https:\/\/www.veracel.com.br\/lancamento-relatorio-sustentabilidade-2020\/","og_locale":"en_US","og_type":"article","og_title":"Lan\u00e7amento do nosso Relat\u00f3rio de Sustentabilidade de 2020","og_description":"Divulgamos hoje (10) o nosso Relat\u00f3rio de Sustentabilidade referente ao ano de 2020. O conte\u00fado est\u00e1 dispon\u00edvel para download e visualiza\u00e7\u00e3o, na \u00edntegra, no link. O documento traz os avan\u00e7os das principais iniciativas voltadas \u00e0 sustentabilidade e de apoio social que realizamos no \u00faltimo ano, mesmo durante o enfrentamento da pandemia de Covid-19. \u201cS\u00e3o as [&hellip;]","og_url":"https:\/\/www.veracel.com.br\/lancamento-relatorio-sustentabilidade-2020\/","og_site_name":"Veracel Celulose","article_published_time":"2021-05-10T22:35:06+00:00","article_modified_time":"2021-10-18T13:55:14+00:00","og_image":[{"width":600,"height":400,"url":"https:\/\/www.veracel.com.br\/wp-content\/uploads\/2021\/05\/Veracel_Relatorio-Sustentabilidade-Home.jpg","type":"image\/jpeg"}],"author":"saulo","twitter_card":"summary_large_image","twitter_misc":{"Written by":"saulo","Est. reading time":"5 minutes"},"schema":{"@context":"https:\/\/schema.org","@graph":[{"@type":"WebPage","@id":"https:\/\/www.veracel.com.br\/lancamento-relatorio-sustentabilidade-2020\/","url":"https:\/\/www.veracel.com.br\/lancamento-relatorio-sustentabilidade-2020\/","name":"Lan\u00e7amento do Relat\u00f3rio de Sustentabilidade de 2020 - Veracel Celulose","isPartOf":{"@id":"https:\/\/www.veracel.com.br\/#website"},"primaryImageOfPage":{"@id":"https:\/\/www.veracel.com.br\/lancamento-relatorio-sustentabilidade-2020\/#primaryimage"},"image":{"@id":"https:\/\/www.veracel.com.br\/lancamento-relatorio-sustentabilidade-2020\/#primaryimage"},"thumbnailUrl":"https:\/\/www.veracel.com.br\/wp-content\/uploads\/2021\/05\/Veracel_Relatorio-Sustentabilidade-Home.jpg","datePublished":"2021-05-10T22:35:06+00:00","dateModified":"2021-10-18T13:55:14+00:00","breadcrumb":{"@id":"https:\/\/www.veracel.com.br\/lancamento-relatorio-sustentabilidade-2020\/#breadcrumb"},"inLanguage":"en-US","potentialAction":[{"@type":"ReadAction","target":["https:\/\/www.veracel.com.br\/lancamento-relatorio-sustentabilidade-2020\/"]}]},{"@type":"ImageObject","inLanguage":"en-US","@id":"https:\/\/www.veracel.com.br\/lancamento-relatorio-sustentabilidade-2020\/#primaryimage","url":"https:\/\/www.veracel.com.br\/wp-content\/uploads\/2021\/05\/Veracel_Relatorio-Sustentabilidade-Home.jpg","contentUrl":"https:\/\/www.veracel.com.br\/wp-content\/uploads\/2021\/05\/Veracel_Relatorio-Sustentabilidade-Home.jpg","width":600,"height":400},{"@type":"BreadcrumbList","@id":"https:\/\/www.veracel.com.br\/lancamento-relatorio-sustentabilidade-2020\/#breadcrumb","itemListElement":[{"@type":"ListItem","position":1,"name":"Home","item":"https:\/\/www.veracel.com.br\/"},{"@type":"ListItem","position":2,"name":"A Veracel","item":"https:\/\/www.veracel.com.br\/a-veracel\/"},{"@type":"ListItem","position":3,"name":"Lan\u00e7amento do nosso Relat\u00f3rio de Sustentabilidade de 2020"}]},{"@type":"WebSite","@id":"https:\/\/www.veracel.com.br\/#website","url":"https:\/\/www.veracel.com.br\/","name":"Veracel Celulose","description":"Quando crescemos juntos vamos muito mais longe","publisher":{"@id":"https:\/\/www.veracel.com.br\/#organization"},"potentialAction":[{"@type":"SearchAction","target":{"@type":"EntryPoint","urlTemplate":"https:\/\/www.veracel.com.br\/?s={search_term_string}"},"query-input":{"@type":"PropertyValueSpecification","valueRequired":true,"valueName":"search_term_string"}}],"inLanguage":"en-US"},{"@type":"Organization","@id":"https:\/\/www.veracel.com.br\/#organization","name":"Veracel Celulose","url":"https:\/\/www.veracel.com.br\/","logo":{"@type":"ImageObject","inLanguage":"en-US","@id":"https:\/\/www.veracel.com.br\/#\/schema\/logo\/image\/","url":"https:\/\/www.veracel.com.br\/wp-content\/uploads\/2024\/08\/Ativo-1.png","contentUrl":"https:\/\/www.veracel.com.br\/wp-content\/uploads\/2024\/08\/Ativo-1.png","width":400,"height":121,"caption":"Veracel Celulose"},"image":{"@id":"https:\/\/www.veracel.com.br\/#\/schema\/logo\/image\/"},"sameAs":["https:\/\/www.instagram.com\/veracelcelulose","https:\/\/www.linkedin.com\/company\/veracelcelulose\/","https:\/\/www.youtube.com\/user\/CanalVeracel"]}]}},"_links":{"self":[{"href":"https:\/\/www.veracel.com.br\/en\/wp-json\/wp\/v2\/posts\/16263","targetHints":{"allow":["GET"]}}],"collection":[{"href":"https:\/\/www.veracel.com.br\/en\/wp-json\/wp\/v2\/posts"}],"about":[{"href":"https:\/\/www.veracel.com.br\/en\/wp-json\/wp\/v2\/types\/post"}],"author":[{"embeddable":true,"href":"https:\/\/www.veracel.com.br\/en\/wp-json\/wp\/v2\/users\/2"}],"replies":[{"embeddable":true,"href":"https:\/\/www.veracel.com.br\/en\/wp-json\/wp\/v2\/comments?post=16263"}],"version-history":[{"count":1,"href":"https:\/\/www.veracel.com.br\/en\/wp-json\/wp\/v2\/posts\/16263\/revisions"}],"predecessor-version":[{"id":17936,"href":"https:\/\/www.veracel.com.br\/en\/wp-json\/wp\/v2\/posts\/16263\/revisions\/17936"}],"wp:featuredmedia":[{"embeddable":true,"href":"https:\/\/www.veracel.com.br\/en\/wp-json\/wp\/v2\/media\/16264"}],"wp:attachment":[{"href":"https:\/\/www.veracel.com.br\/en\/wp-json\/wp\/v2\/media?parent=16263"}],"wp:term":[{"taxonomy":"category","embeddable":true,"href":"https:\/\/www.veracel.com.br\/en\/wp-json\/wp\/v2\/categories?post=16263"},{"taxonomy":"post_tag","embeddable":true,"href":"https:\/\/www.veracel.com.br\/en\/wp-json\/wp\/v2\/tags?post=16263"}],"curies":[{"name":"wp","href":"https:\/\/api.w.org\/{rel}","templated":true}]}}