{"id":16484,"date":"2021-05-25T19:27:45","date_gmt":"2021-05-25T22:27:45","guid":{"rendered":"https:\/\/www.veracel.com.br\/?p=16484"},"modified":"2021-10-18T10:54:51","modified_gmt":"2021-10-18T13:54:51","slug":"avanco-na-transformacao-digital-e-conectividade-industrial","status":"publish","type":"post","link":"https:\/\/www.veracel.com.br\/en\/avanco-na-transformacao-digital-e-conectividade-industrial\/","title":{"rendered":"Avan\u00e7o na transforma\u00e7\u00e3o digital e conectividade industrial"},"content":{"rendered":"\n<p>Neste Dia da Ind\u00fastria, destacamos nosso processo de transforma\u00e7\u00e3o digital para a automa\u00e7\u00e3o e a ampla conectividade em toda a nossa f\u00e1brica.<\/p>\n\n\n\n<p>Com projetos de inova\u00e7\u00e3o diretamente ligados ao ganho de efici\u00eancia na produ\u00e7\u00e3o, somente nos \u00faltimos dois anos, j\u00e1 implementamos diversas iniciativas que aliam a tecnologia de ponta aos processos industriais, o que nos torna uma das refer\u00eancias no setor no conceito de ind\u00fastria 4.0 no pa\u00eds.<\/p>\n\n\n\n<p><strong>Inovar e transformar<\/strong><\/p>\n\n\n\n<p>\u201cA transforma\u00e7\u00e3o digital e a amplia\u00e7\u00e3o de nossos projetos de conectividade trazem enormes benef\u00edcios para o trabalho da nossa f\u00e1brica, tanto do ponto de vista de efici\u00eancia e redu\u00e7\u00e3o de custos, quanto da importante gest\u00e3o da informa\u00e7\u00e3o que conseguimos transformar em conhecimento e a\u00e7\u00f5es de melhorias constantes para a Veracel, de forma a estarmos sempre evoluindo como empresa e \u00e1rea industrial\u201d, destaca Ari Medeiros, nosso Diretor Industrial.<\/p>\n\n\n\n<p>Em nosso processo de transforma\u00e7\u00e3o digital, temos trabalhado em uma frente de sinergia entre a \u00e1rea de Tecnologia da Informa\u00e7\u00e3o e o time Industrial para ampliar a conectividade de nossa planta.<\/p>\n\n\n\n<p>Isso permite que novos projetos de mobilidade e inova\u00e7\u00f5es tecnol\u00f3gicas possam ser implementados, sempre considerando o processo de ciberseguran\u00e7a.<\/p>\n\n\n\n<p><strong>Nossas iniciativas<\/strong><\/p>\n\n\n\n<p>Entre as iniciativas mais recentes, est\u00e1 a expans\u00e3o da conectividade industrial, que implementa o wifi industrial (que possui mecanismos de seguran\u00e7a de dados espec\u00edficos para esta finalidade) em todo ch\u00e3o de f\u00e1brica.<\/p>\n\n\n\n<p>Isso permitir\u00e1 a utiliza\u00e7\u00e3o de celulares com reconhecimento t\u00e9rmico em todo processo de inspe\u00e7\u00e3o operacional da companhia.<\/p>\n\n\n\n<p>Os novos celulares possuem o recurso de c\u00e2mera t\u00e9rmica, que ser\u00e3o utilizados para medir a temperatura dos equipamentos da f\u00e1brica, permitir\u00e3o que os mec\u00e2nicos e operadores tenham as informa\u00e7\u00f5es na planta, de forma m\u00f3vel (pois estar\u00e3o usando os celulares enquanto se movimentam).<\/p>\n\n\n\n<p>Al\u00e9m disso, poder\u00e3o alimentar o hist\u00f3rico de desempenho de cada equipamento, reportando dados de forma cont\u00ednua para as nossas avalia\u00e7\u00f5es.<\/p>\n\n\n\n<p>Outro projeto que visa digitalizar cada vez mais nossas opera\u00e7\u00f5es \u00e9 a implementa\u00e7\u00e3o de sensores de monitoramento dos ativos industriais, para a verifica\u00e7\u00e3o online da condi\u00e7\u00e3o dos equipamentos, sem a necessidade de que um operador conecte cabos de leitura para realizar a an\u00e1lise das informa\u00e7\u00f5es da m\u00e1quina.<\/p>\n\n\n\n<p>Isso possibilita rotinas de avalia\u00e7\u00f5es mais constantes e eficientes. O projeto est\u00e1 em andamento, mas boa parte dos ativos da planta j\u00e1 possuem o recurso implantado, com grandes resultados alcan\u00e7ados.<\/p>\n\n\n\n<figure class=\"wp-block-gallery columns-1 is-cropped wp-block-gallery-1 is-layout-flex wp-block-gallery-is-layout-flex\"><ul class=\"blocks-gallery-grid\"><li class=\"blocks-gallery-item\"><figure><img fetchpriority=\"high\" decoding=\"async\" width=\"1024\" height=\"512\" src=\"https:\/\/www.veracel.com.br\/wp-content\/uploads\/2021\/05\/Avanco-transformacao-digital-conectividade-industrial-1024x512.jpg\" alt=\"\" data-id=\"16485\" data-full-url=\"https:\/\/www.veracel.com.br\/wp-content\/uploads\/2021\/05\/Avanco-transformacao-digital-conectividade-industrial-scaled.jpg\" data-link=\"https:\/\/www.veracel.com.br\/avanco-na-transformacao-digital-e-conectividade-industrial\/unidade-fabril-da-veracel-eunapolis-ba\/\" class=\"wp-image-16485\" srcset=\"https:\/\/www.veracel.com.br\/wp-content\/uploads\/2021\/05\/Avanco-transformacao-digital-conectividade-industrial-1024x512.jpg 1024w, https:\/\/www.veracel.com.br\/wp-content\/uploads\/2021\/05\/Avanco-transformacao-digital-conectividade-industrial-300x150.jpg 300w, https:\/\/www.veracel.com.br\/wp-content\/uploads\/2021\/05\/Avanco-transformacao-digital-conectividade-industrial-768x384.jpg 768w, https:\/\/www.veracel.com.br\/wp-content\/uploads\/2021\/05\/Avanco-transformacao-digital-conectividade-industrial-1536x768.jpg 1536w, https:\/\/www.veracel.com.br\/wp-content\/uploads\/2021\/05\/Avanco-transformacao-digital-conectividade-industrial-2048x1024.jpg 2048w\" sizes=\"(max-width: 1024px) 100vw, 1024px\" \/><figcaption class=\"blocks-gallery-item__caption\">Unidade fabril da Veracel. Eunapolis\/BA.<\/figcaption><\/figure><\/li><\/ul><\/figure>\n\n\n\n<p><strong>Automatiza\u00e7\u00e3o<\/strong><\/p>\n\n\n\n<p>Concluimos recentemente a automatiza\u00e7\u00e3o do nosso laborat\u00f3rio central que \u00e9 respons\u00e1vel pela classifica\u00e7\u00e3o da qualidade da celulose, al\u00e9m de todo processo de an\u00e1lises qu\u00edmicas f\u00e1brica.<\/p>\n\n\n\n<p>Para essa automatiza\u00e7\u00e3o foi utilizado o LIMS (Laboratory Information Management System), plataforma utilizada nos maiores laborat\u00f3rios do mundo.<\/p>\n\n\n\n<p>Atrav\u00e9s desse processo&nbsp; j\u00e1 conseguimos obter ganhos significativos como a redu\u00e7\u00e3o de tarefas repetitivas, ganhos de efici\u00eancia na avalia\u00e7\u00e3o de amostras, rastreabilidade e a redu\u00e7\u00e3o de processos que&nbsp; duravam cerca de 2h para cerca de 15min.<\/p>\n\n\n\n<p>O LIMS foi implementado no final de 2018 e est\u00e1 em constante evolu\u00e7\u00e3o pelas equipes de TI e Laborat\u00f3rio.<\/p>\n\n\n\n<p><strong>Pr\u00f3ximos passos<\/strong><\/p>\n\n\n\n<p>O nosso pr\u00f3ximo projeto \u00e9 a renova\u00e7\u00e3o da nossa sala de confiabilidade 4.0, que vai centralizar todos os dados monitorados de toda planta.<\/p>\n\n\n\n<p>At\u00e9 agosto, esperamos ampliar a central de monitoramento para um painel digital que permita o acompanhamento dos principais&nbsp; informa\u00e7\u00f5es e dados industriais.<\/p>\n\n\n\n<p>\u201cA nossa sala de confiabilidade vai nos possibilitar ainda mais assertividade na tomada de decis\u00f5es da planta, com visibilidade de informa\u00e7\u00f5es de monitoramento em tempo real, transformando dados em informa\u00e7\u00e3o e abastecendo de forma cont\u00ednua os gestores respons\u00e1veis\u201d, explica Romulo Roberto Andronhuc, nosso coordenador de Tecnologia da Informa\u00e7\u00e3o.<\/p>\n\n\n\n<p>\u201cA transforma\u00e7\u00e3o digital na ind\u00fastria \u00e9 uma tend\u00eancia importante que j\u00e1 tem um espa\u00e7o importante na Veracel\u201d, afirma Ari Medeiros.<\/p>\n\n\n\n<p>\u201cA automatiza\u00e7\u00e3o e a digitaliza\u00e7\u00e3o trazem uma grande seguran\u00e7a e mais qualidade aos processos existentes. Abrem tamb\u00e9m&nbsp; possibilidades infinitas de atualiza\u00e7\u00e3o e melhorias e mant\u00eam nossas pessoas muito mais focadas em processos especializados e na gest\u00e3o do conhecimento que estas ferramentas proporcionam\u201d, declara ainda o diretor.<\/p>\n\n\n\n<p>\u201cQueremos continuar ampliando nossas iniciativas nesta frente para posicionar cada vez mais a Veracel como uma refer\u00eancia de tecnologia industrial no setor de celulose no Brasil\u201d, finaliza Medeiros.<\/p>\n\n\n\n<p><strong>Intelig\u00eancia artificial para a predi\u00e7\u00e3o de falhas<\/strong><\/p>\n\n\n\n<p>Em outro projeto de inova\u00e7\u00e3o com os conceitos de Industria.4.0, somos uma das pioneiras no pa\u00eds a utilizar intelig\u00eancia artificial alinhada ao conceito de manuten\u00e7\u00e3o prescritiva.<\/p>\n\n\n\n<p>Com esse projeto&nbsp;\u00e9 poss\u00edvel prever problemas e necessidades de manuten\u00e7\u00f5es no maquin\u00e1rio da f\u00e1brica.<\/p>\n\n\n\n<p>O projeto piloto est\u00e1 em execu\u00e7\u00e3o desde agosto de 2020 e foi poss\u00edvel atrav\u00e9s de dados hist\u00f3ricos predizer falhas de equipamentos com at\u00e9 6 semanas de anteced\u00eancia.<\/p>\n\n\n\n<p>O projeto j\u00e1 est\u00e1 em implementa\u00e7\u00e3o e estar\u00e1 em opera\u00e7\u00e3o em junho. A expectativa \u00e9 que a tecnologia seja constantemente ampliada, ultrapassando os limites da f\u00e1brica e chegando aos equipamentos da nossa \u00e1rea florestal.<\/p>\n","protected":false},"excerpt":{"rendered":"<p>Neste Dia da Ind\u00fastria, destacamos nosso processo de transforma\u00e7\u00e3o digital para a automa\u00e7\u00e3o e a ampla conectividade em toda a nossa f\u00e1brica. Com projetos de inova\u00e7\u00e3o diretamente ligados ao ganho de efici\u00eancia na produ\u00e7\u00e3o, somente nos \u00faltimos dois anos, j\u00e1 implementamos diversas iniciativas que aliam a tecnologia de ponta aos processos industriais, o que nos [&hellip;]<\/p>\n","protected":false},"author":2,"featured_media":16499,"comment_status":"open","ping_status":"open","sticky":false,"template":"","format":"standard","meta":{"_acf_changed":false,"footnotes":"","_links_to":"","_links_to_target":""},"categories":[271,211],"tags":[295,302,247],"class_list":["post-16484","post","type-post","status-publish","format-standard","has-post-thumbnail","hentry","category-a-veracel","category-noticias","tag-industria","tag-industrial","tag-veracel"],"acf":[],"yoast_head":"<!-- This site is optimized with the Yoast SEO Premium plugin v26.7 (Yoast SEO v27.4) - https:\/\/yoast.com\/product\/yoast-seo-premium-wordpress\/ -->\n<title>Avan\u00e7o na transforma\u00e7\u00e3o digital e conectividade industrial - Veracel Celulose<\/title>\n<meta name=\"description\" content=\"Neste Dia da Ind\u00fastria, destacamos nosso processo de transforma\u00e7\u00e3o digital para a automa\u00e7\u00e3o e a ampla conectividade em toda a nossa f\u00e1brica.\" \/>\n<meta name=\"robots\" content=\"index, follow, max-snippet:-1, max-image-preview:large, max-video-preview:-1\" \/>\n<link rel=\"canonical\" href=\"https:\/\/www.veracel.com.br\/avanco-na-transformacao-digital-e-conectividade-industrial\/\" \/>\n<meta property=\"og:locale\" content=\"en_US\" \/>\n<meta property=\"og:type\" content=\"article\" \/>\n<meta property=\"og:title\" content=\"Avan\u00e7o na transforma\u00e7\u00e3o digital e conectividade industrial\" \/>\n<meta property=\"og:description\" content=\"Neste Dia da Ind\u00fastria, destacamos nosso processo de transforma\u00e7\u00e3o digital para a automa\u00e7\u00e3o e a ampla conectividade em toda a nossa f\u00e1brica.\" \/>\n<meta property=\"og:url\" content=\"https:\/\/www.veracel.com.br\/avanco-na-transformacao-digital-e-conectividade-industrial\/\" \/>\n<meta property=\"og:site_name\" content=\"Veracel Celulose\" \/>\n<meta property=\"article:published_time\" content=\"2021-05-25T22:27:45+00:00\" \/>\n<meta property=\"article:modified_time\" content=\"2021-10-18T13:54:51+00:00\" \/>\n<meta property=\"og:image\" content=\"https:\/\/www.veracel.com.br\/wp-content\/uploads\/2021\/05\/Veracel-Dia-da-Industria-Home-Site.jpg\" \/>\n\t<meta property=\"og:image:width\" content=\"620\" \/>\n\t<meta property=\"og:image:height\" content=\"340\" \/>\n\t<meta property=\"og:image:type\" content=\"image\/jpeg\" \/>\n<meta name=\"author\" content=\"saulo\" \/>\n<meta name=\"twitter:card\" content=\"summary_large_image\" \/>\n<meta name=\"twitter:label1\" content=\"Written by\" \/>\n\t<meta name=\"twitter:data1\" content=\"saulo\" \/>\n\t<meta name=\"twitter:label2\" content=\"Est. reading time\" \/>\n\t<meta name=\"twitter:data2\" content=\"4 minutes\" \/>\n<script type=\"application\/ld+json\" class=\"yoast-schema-graph\">{\"@context\":\"https:\\\/\\\/schema.org\",\"@graph\":[{\"@type\":\"WebPage\",\"@id\":\"https:\\\/\\\/www.veracel.com.br\\\/avanco-na-transformacao-digital-e-conectividade-industrial\\\/\",\"url\":\"https:\\\/\\\/www.veracel.com.br\\\/avanco-na-transformacao-digital-e-conectividade-industrial\\\/\",\"name\":\"Avan\u00e7o na transforma\u00e7\u00e3o digital e conectividade industrial - Veracel Celulose\",\"isPartOf\":{\"@id\":\"https:\\\/\\\/www.veracel.com.br\\\/#website\"},\"primaryImageOfPage\":{\"@id\":\"https:\\\/\\\/www.veracel.com.br\\\/avanco-na-transformacao-digital-e-conectividade-industrial\\\/#primaryimage\"},\"image\":{\"@id\":\"https:\\\/\\\/www.veracel.com.br\\\/avanco-na-transformacao-digital-e-conectividade-industrial\\\/#primaryimage\"},\"thumbnailUrl\":\"https:\\\/\\\/www.veracel.com.br\\\/wp-content\\\/uploads\\\/2021\\\/05\\\/Veracel-Dia-da-Industria-Home-Site.jpg\",\"datePublished\":\"2021-05-25T22:27:45+00:00\",\"dateModified\":\"2021-10-18T13:54:51+00:00\",\"description\":\"Neste Dia da Ind\u00fastria, destacamos nosso processo de transforma\u00e7\u00e3o digital para a automa\u00e7\u00e3o e a ampla conectividade em toda a nossa f\u00e1brica.\",\"breadcrumb\":{\"@id\":\"https:\\\/\\\/www.veracel.com.br\\\/avanco-na-transformacao-digital-e-conectividade-industrial\\\/#breadcrumb\"},\"inLanguage\":\"en-US\",\"potentialAction\":[{\"@type\":\"ReadAction\",\"target\":[\"https:\\\/\\\/www.veracel.com.br\\\/avanco-na-transformacao-digital-e-conectividade-industrial\\\/\"]}]},{\"@type\":\"ImageObject\",\"inLanguage\":\"en-US\",\"@id\":\"https:\\\/\\\/www.veracel.com.br\\\/avanco-na-transformacao-digital-e-conectividade-industrial\\\/#primaryimage\",\"url\":\"https:\\\/\\\/www.veracel.com.br\\\/wp-content\\\/uploads\\\/2021\\\/05\\\/Veracel-Dia-da-Industria-Home-Site.jpg\",\"contentUrl\":\"https:\\\/\\\/www.veracel.com.br\\\/wp-content\\\/uploads\\\/2021\\\/05\\\/Veracel-Dia-da-Industria-Home-Site.jpg\",\"width\":620,\"height\":340,\"caption\":\"Dia da Industria\"},{\"@type\":\"BreadcrumbList\",\"@id\":\"https:\\\/\\\/www.veracel.com.br\\\/avanco-na-transformacao-digital-e-conectividade-industrial\\\/#breadcrumb\",\"itemListElement\":[{\"@type\":\"ListItem\",\"position\":1,\"name\":\"Home\",\"item\":\"https:\\\/\\\/www.veracel.com.br\\\/\"},{\"@type\":\"ListItem\",\"position\":2,\"name\":\"A Veracel\",\"item\":\"https:\\\/\\\/www.veracel.com.br\\\/a-veracel\\\/\"},{\"@type\":\"ListItem\",\"position\":3,\"name\":\"Avan\u00e7o na transforma\u00e7\u00e3o digital e conectividade industrial\"}]},{\"@type\":\"WebSite\",\"@id\":\"https:\\\/\\\/www.veracel.com.br\\\/#website\",\"url\":\"https:\\\/\\\/www.veracel.com.br\\\/\",\"name\":\"Veracel Celulose\",\"description\":\"Quando crescemos juntos vamos muito mais longe\",\"publisher\":{\"@id\":\"https:\\\/\\\/www.veracel.com.br\\\/#organization\"},\"potentialAction\":[{\"@type\":\"SearchAction\",\"target\":{\"@type\":\"EntryPoint\",\"urlTemplate\":\"https:\\\/\\\/www.veracel.com.br\\\/?s={search_term_string}\"},\"query-input\":{\"@type\":\"PropertyValueSpecification\",\"valueRequired\":true,\"valueName\":\"search_term_string\"}}],\"inLanguage\":\"en-US\"},{\"@type\":\"Organization\",\"@id\":\"https:\\\/\\\/www.veracel.com.br\\\/#organization\",\"name\":\"Veracel Celulose\",\"url\":\"https:\\\/\\\/www.veracel.com.br\\\/\",\"logo\":{\"@type\":\"ImageObject\",\"inLanguage\":\"en-US\",\"@id\":\"https:\\\/\\\/www.veracel.com.br\\\/#\\\/schema\\\/logo\\\/image\\\/\",\"url\":\"https:\\\/\\\/www.veracel.com.br\\\/wp-content\\\/uploads\\\/2024\\\/08\\\/Ativo-1.png\",\"contentUrl\":\"https:\\\/\\\/www.veracel.com.br\\\/wp-content\\\/uploads\\\/2024\\\/08\\\/Ativo-1.png\",\"width\":400,\"height\":121,\"caption\":\"Veracel Celulose\"},\"image\":{\"@id\":\"https:\\\/\\\/www.veracel.com.br\\\/#\\\/schema\\\/logo\\\/image\\\/\"},\"sameAs\":[\"https:\\\/\\\/www.instagram.com\\\/veracelcelulose\",\"https:\\\/\\\/www.linkedin.com\\\/company\\\/veracelcelulose\\\/\",\"https:\\\/\\\/www.youtube.com\\\/user\\\/CanalVeracel\"]}]}<\/script>\n<!-- \/ Yoast SEO Premium plugin. -->","yoast_head_json":{"title":"Avan\u00e7o na transforma\u00e7\u00e3o digital e conectividade industrial - Veracel Celulose","description":"Neste Dia da Ind\u00fastria, destacamos nosso processo de transforma\u00e7\u00e3o digital para a automa\u00e7\u00e3o e a ampla conectividade em toda a nossa f\u00e1brica.","robots":{"index":"index","follow":"follow","max-snippet":"max-snippet:-1","max-image-preview":"max-image-preview:large","max-video-preview":"max-video-preview:-1"},"canonical":"https:\/\/www.veracel.com.br\/avanco-na-transformacao-digital-e-conectividade-industrial\/","og_locale":"en_US","og_type":"article","og_title":"Avan\u00e7o na transforma\u00e7\u00e3o digital e conectividade industrial","og_description":"Neste Dia da Ind\u00fastria, destacamos nosso processo de transforma\u00e7\u00e3o digital para a automa\u00e7\u00e3o e a ampla conectividade em toda a nossa f\u00e1brica.","og_url":"https:\/\/www.veracel.com.br\/avanco-na-transformacao-digital-e-conectividade-industrial\/","og_site_name":"Veracel Celulose","article_published_time":"2021-05-25T22:27:45+00:00","article_modified_time":"2021-10-18T13:54:51+00:00","og_image":[{"width":620,"height":340,"url":"https:\/\/www.veracel.com.br\/wp-content\/uploads\/2021\/05\/Veracel-Dia-da-Industria-Home-Site.jpg","type":"image\/jpeg"}],"author":"saulo","twitter_card":"summary_large_image","twitter_misc":{"Written by":"saulo","Est. reading time":"4 minutes"},"schema":{"@context":"https:\/\/schema.org","@graph":[{"@type":"WebPage","@id":"https:\/\/www.veracel.com.br\/avanco-na-transformacao-digital-e-conectividade-industrial\/","url":"https:\/\/www.veracel.com.br\/avanco-na-transformacao-digital-e-conectividade-industrial\/","name":"Avan\u00e7o na transforma\u00e7\u00e3o digital e conectividade industrial - Veracel Celulose","isPartOf":{"@id":"https:\/\/www.veracel.com.br\/#website"},"primaryImageOfPage":{"@id":"https:\/\/www.veracel.com.br\/avanco-na-transformacao-digital-e-conectividade-industrial\/#primaryimage"},"image":{"@id":"https:\/\/www.veracel.com.br\/avanco-na-transformacao-digital-e-conectividade-industrial\/#primaryimage"},"thumbnailUrl":"https:\/\/www.veracel.com.br\/wp-content\/uploads\/2021\/05\/Veracel-Dia-da-Industria-Home-Site.jpg","datePublished":"2021-05-25T22:27:45+00:00","dateModified":"2021-10-18T13:54:51+00:00","description":"Neste Dia da Ind\u00fastria, destacamos nosso processo de transforma\u00e7\u00e3o digital para a automa\u00e7\u00e3o e a ampla conectividade em toda a nossa f\u00e1brica.","breadcrumb":{"@id":"https:\/\/www.veracel.com.br\/avanco-na-transformacao-digital-e-conectividade-industrial\/#breadcrumb"},"inLanguage":"en-US","potentialAction":[{"@type":"ReadAction","target":["https:\/\/www.veracel.com.br\/avanco-na-transformacao-digital-e-conectividade-industrial\/"]}]},{"@type":"ImageObject","inLanguage":"en-US","@id":"https:\/\/www.veracel.com.br\/avanco-na-transformacao-digital-e-conectividade-industrial\/#primaryimage","url":"https:\/\/www.veracel.com.br\/wp-content\/uploads\/2021\/05\/Veracel-Dia-da-Industria-Home-Site.jpg","contentUrl":"https:\/\/www.veracel.com.br\/wp-content\/uploads\/2021\/05\/Veracel-Dia-da-Industria-Home-Site.jpg","width":620,"height":340,"caption":"Dia da Industria"},{"@type":"BreadcrumbList","@id":"https:\/\/www.veracel.com.br\/avanco-na-transformacao-digital-e-conectividade-industrial\/#breadcrumb","itemListElement":[{"@type":"ListItem","position":1,"name":"Home","item":"https:\/\/www.veracel.com.br\/"},{"@type":"ListItem","position":2,"name":"A Veracel","item":"https:\/\/www.veracel.com.br\/a-veracel\/"},{"@type":"ListItem","position":3,"name":"Avan\u00e7o na transforma\u00e7\u00e3o digital e conectividade industrial"}]},{"@type":"WebSite","@id":"https:\/\/www.veracel.com.br\/#website","url":"https:\/\/www.veracel.com.br\/","name":"Veracel Celulose","description":"Quando crescemos juntos vamos muito mais longe","publisher":{"@id":"https:\/\/www.veracel.com.br\/#organization"},"potentialAction":[{"@type":"SearchAction","target":{"@type":"EntryPoint","urlTemplate":"https:\/\/www.veracel.com.br\/?s={search_term_string}"},"query-input":{"@type":"PropertyValueSpecification","valueRequired":true,"valueName":"search_term_string"}}],"inLanguage":"en-US"},{"@type":"Organization","@id":"https:\/\/www.veracel.com.br\/#organization","name":"Veracel Celulose","url":"https:\/\/www.veracel.com.br\/","logo":{"@type":"ImageObject","inLanguage":"en-US","@id":"https:\/\/www.veracel.com.br\/#\/schema\/logo\/image\/","url":"https:\/\/www.veracel.com.br\/wp-content\/uploads\/2024\/08\/Ativo-1.png","contentUrl":"https:\/\/www.veracel.com.br\/wp-content\/uploads\/2024\/08\/Ativo-1.png","width":400,"height":121,"caption":"Veracel Celulose"},"image":{"@id":"https:\/\/www.veracel.com.br\/#\/schema\/logo\/image\/"},"sameAs":["https:\/\/www.instagram.com\/veracelcelulose","https:\/\/www.linkedin.com\/company\/veracelcelulose\/","https:\/\/www.youtube.com\/user\/CanalVeracel"]}]}},"_links":{"self":[{"href":"https:\/\/www.veracel.com.br\/en\/wp-json\/wp\/v2\/posts\/16484","targetHints":{"allow":["GET"]}}],"collection":[{"href":"https:\/\/www.veracel.com.br\/en\/wp-json\/wp\/v2\/posts"}],"about":[{"href":"https:\/\/www.veracel.com.br\/en\/wp-json\/wp\/v2\/types\/post"}],"author":[{"embeddable":true,"href":"https:\/\/www.veracel.com.br\/en\/wp-json\/wp\/v2\/users\/2"}],"replies":[{"embeddable":true,"href":"https:\/\/www.veracel.com.br\/en\/wp-json\/wp\/v2\/comments?post=16484"}],"version-history":[{"count":1,"href":"https:\/\/www.veracel.com.br\/en\/wp-json\/wp\/v2\/posts\/16484\/revisions"}],"predecessor-version":[{"id":17915,"href":"https:\/\/www.veracel.com.br\/en\/wp-json\/wp\/v2\/posts\/16484\/revisions\/17915"}],"wp:featuredmedia":[{"embeddable":true,"href":"https:\/\/www.veracel.com.br\/en\/wp-json\/wp\/v2\/media\/16499"}],"wp:attachment":[{"href":"https:\/\/www.veracel.com.br\/en\/wp-json\/wp\/v2\/media?parent=16484"}],"wp:term":[{"taxonomy":"category","embeddable":true,"href":"https:\/\/www.veracel.com.br\/en\/wp-json\/wp\/v2\/categories?post=16484"},{"taxonomy":"post_tag","embeddable":true,"href":"https:\/\/www.veracel.com.br\/en\/wp-json\/wp\/v2\/tags?post=16484"}],"curies":[{"name":"wp","href":"https:\/\/api.w.org\/{rel}","templated":true}]}}