{"id":16595,"date":"2021-06-10T19:04:00","date_gmt":"2021-06-10T22:04:00","guid":{"rendered":"https:\/\/www.veracel.com.br\/?p=16595"},"modified":"2022-01-24T09:35:26","modified_gmt":"2022-01-24T12:35:26","slug":"processo-digital-monitoramento-pragas-e-doencas-viveiro-mudas-eucalipto","status":"publish","type":"post","link":"https:\/\/www.veracel.com.br\/en\/processo-digital-monitoramento-pragas-e-doencas-viveiro-mudas-eucalipto\/","title":{"rendered":"Processo digital de monitoramento de pragas e doen\u00e7as em nosso viveiro de mudas de eucalipto"},"content":{"rendered":"<h4>Transforma\u00e7\u00e3o digital<\/h4>\n<p>Demos mais um passo em dire\u00e7\u00e3o \u00e0 transforma\u00e7\u00e3o digital, dessa vez na \u00e1rea de viveiros de mudas de eucalipto.<\/p>\n<p>Acabamos de ampliar o monitoramento que j\u00e1 era realizado em todas as etapas de produ\u00e7\u00e3o das mudas da \u00e1rea de Melhoramento Gen\u00e9tico para gerir tamb\u00e9m de forma digital as informa\u00e7\u00f5es de monitoramento e a aplica\u00e7\u00e3o de defensivos de todo viveiro.<\/p>\n<p>Somos pioneira no uso da tecnologia para essa finalidade e mant\u00e9m todas as informa\u00e7\u00f5es de forma completamente online, aumentando a agilidade de monitoramento e reduzindo ainda mais a perda de mudas.<\/p>\n<p>No ano de 2021, ser\u00e3o monitoradas cerca de 13 milh\u00f5es de mudas at\u00e9 o final do processo de produ\u00e7\u00e3o para expedi\u00e7\u00e3o, al\u00e9m das cepas nos minijardins.<\/p>\n<h4>Tecnologia no viveiro<\/h4>\n<p>Aqui, a produ\u00e7\u00e3o de mudas \u00e9 realizada por propaga\u00e7\u00e3o vegetativa, isto \u00e9, realizada a partir de partes da planta (prop\u00e1gulos), originando mudas de eucalipto geneticamente id\u00eanticas \u00e0 planta-m\u00e3e, as chamadas \u201cminicepas\u201d, que ficam localizadas nos mini jardins do nosso viveiro plantadas em calhas.<\/p>\n<p>A partir destas minicepas, s\u00e3o coletadas estacas (galhinhos) que s\u00e3o plantadas no em tubetes pl\u00e1sticos, para posteriormente formarem novas mudas de eucalipto. Ao todo s\u00e3o monitoradas cerca de 200 calhas semanalmente com o uso deste aplicativo.<\/p>\n<p>\u201cCom a amplia\u00e7\u00e3o da ferramenta que j\u00e1 era utilizada pelo time de Melhoramento Gen\u00e9tico da empresa, passamos a ter informa\u00e7\u00f5es mais r\u00e1pidas e mais rastre\u00e1veis sobre as mudas do viveiro\u201d, afirma Rafael Tiburcio, nosso especialista em Sanidade Florestal.<\/p>\n<p>\u201cIsso gera relat\u00f3rios precisos para orientar a aplica\u00e7\u00e3o de defensivos, evitando perdas e aumentando ainda mais nossa efici\u00eancia. S\u00e3o cerca de 300 avalia\u00e7\u00f5es, que antes eram digitadas manualmente todas as semanas, e que, com a tecnologia,  passam a ser computadas digitalmente, facilitando a gest\u00e3o do conhecimento e o gerenciamento de relat\u00f3rios de recomenda\u00e7\u00f5es que melhoram muito nossa precis\u00e3o para o momento de uso dos defensivos\u201d, ressalta o especialista.<\/p>\n<p>A ferramenta j\u00e1 possu\u00eda a tecnologia de QR Code atrelada a cada muda de eucalipto, permitindo o monitoramento di\u00e1rio das etapas de produ\u00e7\u00e3o de uma m\u00e9dia de 15 mil mudas da \u00e1rea de Pesquisa por semana.<\/p>\n<p>Agora, essa mesma tecnologia ser\u00e1 utilizada pela equipe de Sanidade Florestal, respons\u00e1vel pelo manejo de pragas e doen\u00e7as no viveiro de mudas comerciais para identifica\u00e7\u00e3o dos locais de monitoramento.<\/p>\n<p>A nova possibilidade de uso da ferramenta foi desenvolvida em parceria com o fornecedor, que adequou e ampliou o escopo do monitoramento de acordo com as nossas necessidades e agora poder\u00e1 oferecer essa op\u00e7\u00e3o em seu pacote de produtos, para apoiar o processo produtivo de outras companhias do segmento florestal.<\/p>\n<h4>Hist\u00f3rico de inova\u00e7\u00e3o no controle de pragas<\/h4>\n<p>Possu\u00edmos um hist\u00f3rico de a\u00e7\u00f5es inovadoras para a utiliza\u00e7\u00e3o de m\u00e9todos de controle para o manejo de pragas em nossas planta\u00e7\u00f5es de eucalipto.<\/p>\n<p>Uma destas a\u00e7\u00f5es \u00e9 a utiliza\u00e7\u00e3o de drones para a libera\u00e7\u00e3o de inimigos naturais que parasitam ou predam essas pragas, contribuindo para o sucesso do manejo da planta\u00e7\u00e3o e apoiando tamb\u00e9m as produ\u00e7\u00f5es do entorno, com redu\u00e7\u00e3o do uso de defensivos e o apoio na amplia\u00e7\u00e3o de uma cadeia de produ\u00e7\u00e3o equilibrada para o territ\u00f3rio como um todo.<\/p>\n<p>A utiliza\u00e7\u00e3o de inimigos naturais para controle biol\u00f3gico \u00e9 uma pr\u00e1tica j\u00e1 difundida em diversas culturas agr\u00edcolas e aqui foi iniciada em 2018.<\/p>\n<p>At\u00e9 2019, os inimigos naturais eram liberados manualmente na \u00e1reas de ocorr\u00eancia e desde 2020 passamos a usar os drones para a distribui\u00e7\u00e3o dos insetos em maior escala e com mais rapidez.<\/p>\n<p>A libera\u00e7\u00e3o \u00e9 feita dentro de embalagens de baixo custo, que proporcionam conforto t\u00e9rmico para os inimigos naturais e s\u00e3o 100% biodegrad\u00e1veis.<\/p>\n<p>Para a cria\u00e7\u00e3o desses insetos em suas instala\u00e7\u00f5es, a Veracel investiu em pesquisas, capacita\u00e7\u00e3o profissional e na estrutura\u00e7\u00e3o de um laborat\u00f3rio com temperatura e luminosidade controladas.<\/p>\n<p>Pelo grande potencial de reprodu\u00e7\u00e3o e de causar preju\u00edzos, o manejo dessa praga se faz necess\u00e1rio.<\/p>\n<p>O dano da lagarta come\u00e7a com uma raspagem das folhas e, \u00e0 medida que ela vai se desenvolvendo, tem in\u00edcio o corte, podendo causar intensa desfolha nos plantios.<\/p>\n<p>Esse fator reduz, significativamente, o crescimento das florestas e compromete a sustentabilidade do neg\u00f3cio da Veracel e de outros produtores da regi\u00e3o.<\/p>\n<p>Esse m\u00e9todo para o controle de lagartas desfolhadoras \u00e9 um exemplo de manejo racional de pragas e uma alternativa ambientalmente adequada para garantir a produtividade do neg\u00f3cio, al\u00e9m de apoiar tamb\u00e9m o territ\u00f3rio, gerando um controle da praga para outros produtores locais.<\/p>\n","protected":false},"excerpt":{"rendered":"<p>Transforma\u00e7\u00e3o digital Demos mais um passo em dire\u00e7\u00e3o \u00e0 transforma\u00e7\u00e3o digital, dessa vez na \u00e1rea de viveiros de mudas de eucalipto. Acabamos de ampliar o monitoramento que j\u00e1 era realizado em todas as etapas de produ\u00e7\u00e3o das mudas da \u00e1rea de Melhoramento Gen\u00e9tico para gerir tamb\u00e9m de forma digital as informa\u00e7\u00f5es de monitoramento e a [&hellip;]<\/p>\n","protected":false},"author":2,"featured_media":16596,"comment_status":"open","ping_status":"open","sticky":false,"template":"","format":"standard","meta":{"_acf_changed":false,"footnotes":"","_links_to":"","_links_to_target":""},"categories":[211,332],"tags":[306,307,308],"class_list":["post-16595","post","type-post","status-publish","format-standard","has-post-thumbnail","hentry","category-noticias","category-sustentabilidade-veracel","tag-eucalipto","tag-mudas","tag-viveiro"],"acf":[],"yoast_head":"<!-- This site is optimized with the Yoast SEO Premium plugin v26.7 (Yoast SEO v27.4) - https:\/\/yoast.com\/product\/yoast-seo-premium-wordpress\/ -->\n<title>Processo digital de monitoramento em nosso viveiro - Veracel Celulose<\/title>\n<meta name=\"description\" content=\"Processo digital de monitoramento de pragas e doen\u00e7as em nosso viveiro de mudas de eucalipto. O sistema 100% digital, gera mais efici\u00eancia.\" \/>\n<meta name=\"robots\" content=\"index, follow, max-snippet:-1, max-image-preview:large, max-video-preview:-1\" \/>\n<link rel=\"canonical\" href=\"https:\/\/www.veracel.com.br\/processo-digital-monitoramento-pragas-e-doencas-viveiro-mudas-eucalipto\/\" \/>\n<meta property=\"og:locale\" content=\"en_US\" \/>\n<meta property=\"og:type\" content=\"article\" \/>\n<meta property=\"og:title\" content=\"Processo digital de monitoramento de pragas e doen\u00e7as em nosso viveiro de mudas de eucalipto\" \/>\n<meta property=\"og:description\" content=\"Processo digital de monitoramento de pragas e doen\u00e7as em nosso viveiro de mudas de eucalipto. O sistema 100% digital, gera mais efici\u00eancia.\" \/>\n<meta property=\"og:url\" content=\"https:\/\/www.veracel.com.br\/processo-digital-monitoramento-pragas-e-doencas-viveiro-mudas-eucalipto\/\" \/>\n<meta property=\"og:site_name\" content=\"Veracel Celulose\" \/>\n<meta property=\"article:published_time\" content=\"2021-06-10T22:04:00+00:00\" \/>\n<meta property=\"article:modified_time\" content=\"2022-01-24T12:35:26+00:00\" \/>\n<meta property=\"og:image\" content=\"https:\/\/www.veracel.com.br\/wp-content\/uploads\/2021\/06\/Veracel-Monitoramentos-de-Sanidade-Uso-do-Sistema-Prodfy-Site.jpg\" \/>\n\t<meta property=\"og:image:width\" content=\"620\" \/>\n\t<meta property=\"og:image:height\" content=\"340\" \/>\n\t<meta property=\"og:image:type\" content=\"image\/jpeg\" \/>\n<meta name=\"author\" content=\"saulo\" \/>\n<meta name=\"twitter:card\" content=\"summary_large_image\" \/>\n<meta name=\"twitter:label1\" content=\"Written by\" \/>\n\t<meta name=\"twitter:data1\" content=\"saulo\" \/>\n\t<meta name=\"twitter:label2\" content=\"Est. reading time\" \/>\n\t<meta name=\"twitter:data2\" content=\"4 minutes\" \/>\n<script type=\"application\/ld+json\" class=\"yoast-schema-graph\">{\"@context\":\"https:\\\/\\\/schema.org\",\"@graph\":[{\"@type\":\"WebPage\",\"@id\":\"https:\\\/\\\/www.veracel.com.br\\\/processo-digital-monitoramento-pragas-e-doencas-viveiro-mudas-eucalipto\\\/\",\"url\":\"https:\\\/\\\/www.veracel.com.br\\\/processo-digital-monitoramento-pragas-e-doencas-viveiro-mudas-eucalipto\\\/\",\"name\":\"Processo digital de monitoramento em nosso viveiro - Veracel Celulose\",\"isPartOf\":{\"@id\":\"https:\\\/\\\/www.veracel.com.br\\\/#website\"},\"primaryImageOfPage\":{\"@id\":\"https:\\\/\\\/www.veracel.com.br\\\/processo-digital-monitoramento-pragas-e-doencas-viveiro-mudas-eucalipto\\\/#primaryimage\"},\"image\":{\"@id\":\"https:\\\/\\\/www.veracel.com.br\\\/processo-digital-monitoramento-pragas-e-doencas-viveiro-mudas-eucalipto\\\/#primaryimage\"},\"thumbnailUrl\":\"https:\\\/\\\/www.veracel.com.br\\\/wp-content\\\/uploads\\\/2021\\\/06\\\/Veracel-Monitoramentos-de-Sanidade-Uso-do-Sistema-Prodfy-Site.jpg\",\"datePublished\":\"2021-06-10T22:04:00+00:00\",\"dateModified\":\"2022-01-24T12:35:26+00:00\",\"description\":\"Processo digital de monitoramento de pragas e doen\u00e7as em nosso viveiro de mudas de eucalipto. O sistema 100% digital, gera mais efici\u00eancia.\",\"breadcrumb\":{\"@id\":\"https:\\\/\\\/www.veracel.com.br\\\/processo-digital-monitoramento-pragas-e-doencas-viveiro-mudas-eucalipto\\\/#breadcrumb\"},\"inLanguage\":\"en-US\",\"potentialAction\":[{\"@type\":\"ReadAction\",\"target\":[\"https:\\\/\\\/www.veracel.com.br\\\/processo-digital-monitoramento-pragas-e-doencas-viveiro-mudas-eucalipto\\\/\"]}]},{\"@type\":\"ImageObject\",\"inLanguage\":\"en-US\",\"@id\":\"https:\\\/\\\/www.veracel.com.br\\\/processo-digital-monitoramento-pragas-e-doencas-viveiro-mudas-eucalipto\\\/#primaryimage\",\"url\":\"https:\\\/\\\/www.veracel.com.br\\\/wp-content\\\/uploads\\\/2021\\\/06\\\/Veracel-Monitoramentos-de-Sanidade-Uso-do-Sistema-Prodfy-Site.jpg\",\"contentUrl\":\"https:\\\/\\\/www.veracel.com.br\\\/wp-content\\\/uploads\\\/2021\\\/06\\\/Veracel-Monitoramentos-de-Sanidade-Uso-do-Sistema-Prodfy-Site.jpg\",\"width\":620,\"height\":340},{\"@type\":\"BreadcrumbList\",\"@id\":\"https:\\\/\\\/www.veracel.com.br\\\/processo-digital-monitoramento-pragas-e-doencas-viveiro-mudas-eucalipto\\\/#breadcrumb\",\"itemListElement\":[{\"@type\":\"ListItem\",\"position\":1,\"name\":\"Home\",\"item\":\"https:\\\/\\\/www.veracel.com.br\\\/\"},{\"@type\":\"ListItem\",\"position\":2,\"name\":\"Sustentabilidade na Veracel\",\"item\":\"https:\\\/\\\/www.veracel.com.br\\\/sustentabilidade-na-veracel\\\/\"},{\"@type\":\"ListItem\",\"position\":3,\"name\":\"Processo digital de monitoramento de pragas e doen\u00e7as em nosso viveiro de mudas de eucalipto\"}]},{\"@type\":\"WebSite\",\"@id\":\"https:\\\/\\\/www.veracel.com.br\\\/#website\",\"url\":\"https:\\\/\\\/www.veracel.com.br\\\/\",\"name\":\"Veracel Celulose\",\"description\":\"Quando crescemos juntos vamos muito mais longe\",\"publisher\":{\"@id\":\"https:\\\/\\\/www.veracel.com.br\\\/#organization\"},\"potentialAction\":[{\"@type\":\"SearchAction\",\"target\":{\"@type\":\"EntryPoint\",\"urlTemplate\":\"https:\\\/\\\/www.veracel.com.br\\\/?s={search_term_string}\"},\"query-input\":{\"@type\":\"PropertyValueSpecification\",\"valueRequired\":true,\"valueName\":\"search_term_string\"}}],\"inLanguage\":\"en-US\"},{\"@type\":\"Organization\",\"@id\":\"https:\\\/\\\/www.veracel.com.br\\\/#organization\",\"name\":\"Veracel Celulose\",\"url\":\"https:\\\/\\\/www.veracel.com.br\\\/\",\"logo\":{\"@type\":\"ImageObject\",\"inLanguage\":\"en-US\",\"@id\":\"https:\\\/\\\/www.veracel.com.br\\\/#\\\/schema\\\/logo\\\/image\\\/\",\"url\":\"https:\\\/\\\/www.veracel.com.br\\\/wp-content\\\/uploads\\\/2024\\\/08\\\/Ativo-1.png\",\"contentUrl\":\"https:\\\/\\\/www.veracel.com.br\\\/wp-content\\\/uploads\\\/2024\\\/08\\\/Ativo-1.png\",\"width\":400,\"height\":121,\"caption\":\"Veracel Celulose\"},\"image\":{\"@id\":\"https:\\\/\\\/www.veracel.com.br\\\/#\\\/schema\\\/logo\\\/image\\\/\"},\"sameAs\":[\"https:\\\/\\\/www.instagram.com\\\/veracelcelulose\",\"https:\\\/\\\/www.linkedin.com\\\/company\\\/veracelcelulose\\\/\",\"https:\\\/\\\/www.youtube.com\\\/user\\\/CanalVeracel\"]}]}<\/script>\n<!-- \/ Yoast SEO Premium plugin. -->","yoast_head_json":{"title":"Processo digital de monitoramento em nosso viveiro - Veracel Celulose","description":"Processo digital de monitoramento de pragas e doen\u00e7as em nosso viveiro de mudas de eucalipto. O sistema 100% digital, gera mais efici\u00eancia.","robots":{"index":"index","follow":"follow","max-snippet":"max-snippet:-1","max-image-preview":"max-image-preview:large","max-video-preview":"max-video-preview:-1"},"canonical":"https:\/\/www.veracel.com.br\/processo-digital-monitoramento-pragas-e-doencas-viveiro-mudas-eucalipto\/","og_locale":"en_US","og_type":"article","og_title":"Processo digital de monitoramento de pragas e doen\u00e7as em nosso viveiro de mudas de eucalipto","og_description":"Processo digital de monitoramento de pragas e doen\u00e7as em nosso viveiro de mudas de eucalipto. O sistema 100% digital, gera mais efici\u00eancia.","og_url":"https:\/\/www.veracel.com.br\/processo-digital-monitoramento-pragas-e-doencas-viveiro-mudas-eucalipto\/","og_site_name":"Veracel Celulose","article_published_time":"2021-06-10T22:04:00+00:00","article_modified_time":"2022-01-24T12:35:26+00:00","og_image":[{"width":620,"height":340,"url":"https:\/\/www.veracel.com.br\/wp-content\/uploads\/2021\/06\/Veracel-Monitoramentos-de-Sanidade-Uso-do-Sistema-Prodfy-Site.jpg","type":"image\/jpeg"}],"author":"saulo","twitter_card":"summary_large_image","twitter_misc":{"Written by":"saulo","Est. reading time":"4 minutes"},"schema":{"@context":"https:\/\/schema.org","@graph":[{"@type":"WebPage","@id":"https:\/\/www.veracel.com.br\/processo-digital-monitoramento-pragas-e-doencas-viveiro-mudas-eucalipto\/","url":"https:\/\/www.veracel.com.br\/processo-digital-monitoramento-pragas-e-doencas-viveiro-mudas-eucalipto\/","name":"Processo digital de monitoramento em nosso viveiro - Veracel Celulose","isPartOf":{"@id":"https:\/\/www.veracel.com.br\/#website"},"primaryImageOfPage":{"@id":"https:\/\/www.veracel.com.br\/processo-digital-monitoramento-pragas-e-doencas-viveiro-mudas-eucalipto\/#primaryimage"},"image":{"@id":"https:\/\/www.veracel.com.br\/processo-digital-monitoramento-pragas-e-doencas-viveiro-mudas-eucalipto\/#primaryimage"},"thumbnailUrl":"https:\/\/www.veracel.com.br\/wp-content\/uploads\/2021\/06\/Veracel-Monitoramentos-de-Sanidade-Uso-do-Sistema-Prodfy-Site.jpg","datePublished":"2021-06-10T22:04:00+00:00","dateModified":"2022-01-24T12:35:26+00:00","description":"Processo digital de monitoramento de pragas e doen\u00e7as em nosso viveiro de mudas de eucalipto. O sistema 100% digital, gera mais efici\u00eancia.","breadcrumb":{"@id":"https:\/\/www.veracel.com.br\/processo-digital-monitoramento-pragas-e-doencas-viveiro-mudas-eucalipto\/#breadcrumb"},"inLanguage":"en-US","potentialAction":[{"@type":"ReadAction","target":["https:\/\/www.veracel.com.br\/processo-digital-monitoramento-pragas-e-doencas-viveiro-mudas-eucalipto\/"]}]},{"@type":"ImageObject","inLanguage":"en-US","@id":"https:\/\/www.veracel.com.br\/processo-digital-monitoramento-pragas-e-doencas-viveiro-mudas-eucalipto\/#primaryimage","url":"https:\/\/www.veracel.com.br\/wp-content\/uploads\/2021\/06\/Veracel-Monitoramentos-de-Sanidade-Uso-do-Sistema-Prodfy-Site.jpg","contentUrl":"https:\/\/www.veracel.com.br\/wp-content\/uploads\/2021\/06\/Veracel-Monitoramentos-de-Sanidade-Uso-do-Sistema-Prodfy-Site.jpg","width":620,"height":340},{"@type":"BreadcrumbList","@id":"https:\/\/www.veracel.com.br\/processo-digital-monitoramento-pragas-e-doencas-viveiro-mudas-eucalipto\/#breadcrumb","itemListElement":[{"@type":"ListItem","position":1,"name":"Home","item":"https:\/\/www.veracel.com.br\/"},{"@type":"ListItem","position":2,"name":"Sustentabilidade na Veracel","item":"https:\/\/www.veracel.com.br\/sustentabilidade-na-veracel\/"},{"@type":"ListItem","position":3,"name":"Processo digital de monitoramento de pragas e doen\u00e7as em nosso viveiro de mudas de eucalipto"}]},{"@type":"WebSite","@id":"https:\/\/www.veracel.com.br\/#website","url":"https:\/\/www.veracel.com.br\/","name":"Veracel Celulose","description":"Quando crescemos juntos vamos muito mais longe","publisher":{"@id":"https:\/\/www.veracel.com.br\/#organization"},"potentialAction":[{"@type":"SearchAction","target":{"@type":"EntryPoint","urlTemplate":"https:\/\/www.veracel.com.br\/?s={search_term_string}"},"query-input":{"@type":"PropertyValueSpecification","valueRequired":true,"valueName":"search_term_string"}}],"inLanguage":"en-US"},{"@type":"Organization","@id":"https:\/\/www.veracel.com.br\/#organization","name":"Veracel Celulose","url":"https:\/\/www.veracel.com.br\/","logo":{"@type":"ImageObject","inLanguage":"en-US","@id":"https:\/\/www.veracel.com.br\/#\/schema\/logo\/image\/","url":"https:\/\/www.veracel.com.br\/wp-content\/uploads\/2024\/08\/Ativo-1.png","contentUrl":"https:\/\/www.veracel.com.br\/wp-content\/uploads\/2024\/08\/Ativo-1.png","width":400,"height":121,"caption":"Veracel Celulose"},"image":{"@id":"https:\/\/www.veracel.com.br\/#\/schema\/logo\/image\/"},"sameAs":["https:\/\/www.instagram.com\/veracelcelulose","https:\/\/www.linkedin.com\/company\/veracelcelulose\/","https:\/\/www.youtube.com\/user\/CanalVeracel"]}]}},"_links":{"self":[{"href":"https:\/\/www.veracel.com.br\/en\/wp-json\/wp\/v2\/posts\/16595","targetHints":{"allow":["GET"]}}],"collection":[{"href":"https:\/\/www.veracel.com.br\/en\/wp-json\/wp\/v2\/posts"}],"about":[{"href":"https:\/\/www.veracel.com.br\/en\/wp-json\/wp\/v2\/types\/post"}],"author":[{"embeddable":true,"href":"https:\/\/www.veracel.com.br\/en\/wp-json\/wp\/v2\/users\/2"}],"replies":[{"embeddable":true,"href":"https:\/\/www.veracel.com.br\/en\/wp-json\/wp\/v2\/comments?post=16595"}],"version-history":[{"count":1,"href":"https:\/\/www.veracel.com.br\/en\/wp-json\/wp\/v2\/posts\/16595\/revisions"}],"predecessor-version":[{"id":17910,"href":"https:\/\/www.veracel.com.br\/en\/wp-json\/wp\/v2\/posts\/16595\/revisions\/17910"}],"wp:featuredmedia":[{"embeddable":true,"href":"https:\/\/www.veracel.com.br\/en\/wp-json\/wp\/v2\/media\/16596"}],"wp:attachment":[{"href":"https:\/\/www.veracel.com.br\/en\/wp-json\/wp\/v2\/media?parent=16595"}],"wp:term":[{"taxonomy":"category","embeddable":true,"href":"https:\/\/www.veracel.com.br\/en\/wp-json\/wp\/v2\/categories?post=16595"},{"taxonomy":"post_tag","embeddable":true,"href":"https:\/\/www.veracel.com.br\/en\/wp-json\/wp\/v2\/tags?post=16595"}],"curies":[{"name":"wp","href":"https:\/\/api.w.org\/{rel}","templated":true}]}}