{"id":16632,"date":"2021-06-17T15:01:00","date_gmt":"2021-06-17T18:01:00","guid":{"rendered":"https:\/\/www.veracel.com.br\/?p=16632"},"modified":"2021-10-18T10:54:13","modified_gmt":"2021-10-18T13:54:13","slug":"semana-da-diversidade-e-nosso-compromisso-respeito-inclusao","status":"publish","type":"post","link":"https:\/\/www.veracel.com.br\/en\/semana-da-diversidade-e-nosso-compromisso-respeito-inclusao\/","title":{"rendered":"Semana da Diversidade e nosso compromisso por respeito e inclus\u00e3o"},"content":{"rendered":"\n<h2 class=\"wp-block-heading\"><strong>Semana da Diversidade<\/strong><\/h2>\n\n\n\n<p>Entre os dias 07 e 11 de junho, promovemos a segunda edi\u00e7\u00e3o da Semana da Diversidade e Inclus\u00e3o e firmamos pactos pela diversidade junto a institui\u00e7\u00f5es que s\u00e3o refer\u00eancias do tema no pa\u00eds.<\/p>\n\n\n\n<p>O objetivo das assinaturas foi firmar o nosso compromisso nas a\u00e7\u00f5es de valoriza\u00e7\u00e3o da diversidade, respeito e inclus\u00e3o em nosso ambiente de trabalho.<\/p>\n\n\n\n<p>A Semana da Diversidade contou com palestras de especialistas convidados(as) e de nossos colaboradores(as), que esclareceram conceitos sobre diversidade e inclus\u00e3o, deram depoimentos e promoveram um espa\u00e7o para o esclarecimento de d\u00favidas.<\/p>\n\n\n\n<p>As atividades da Semana fazem parte da iniciativa Empresa + Inclusiva, que tem como miss\u00e3o promover a\u00e7\u00f5es em prol da valoriza\u00e7\u00e3o da diversidade e da inclus\u00e3o aqui na Veracel, engajar as pessoas no tema e incentivar um ambiente de trabalho onde todas as pessoas se sintam inclu\u00eddas e tenham equidade de oportunidades.<\/p>\n\n\n\n<p>Al\u00e9m disso, a iniciativa busca sensibilizar nossos colaboradores(as) e de empresas parceiras a refletirem sobre como adotar e praticar o respeito e a inclus\u00e3o em seu dia a dia.<\/p>\n\n\n\n<p>\u201cNossa Semana da Diversidade e Inclus\u00e3o foi uma oportunidade para refletirmos e aprendermos sobre o papel de todos e todas para ampliar cada vez mais uma cultura de respeito, di\u00e1logo e acolhimento\u201d destaca Carlos Gomes, nosso coordenador Jur\u00eddico e l\u00edder da iniciativa Empresa + Inclusiva.<\/p>\n\n\n\n<p>As palestras online foram distribu\u00eddas durante toda a semana e tiveram temas como \u201c Um olhar para a diversidade e Inclus\u00e3o\u201d, \u201cEmpregabilidade das pessoas com defici\u00eancia\u201d, \u201cAcolhendo e celebrando a comunidade LGBTQIA+\u201d, \u201cDiversidade e Inclus\u00e3o no ambiente corporativo\u201d, al\u00e9m de uma roda de conversa para o aprendizado e discuss\u00e3o sobre o papel dos g\u00eaneros e a masculinidade saud\u00e1vel.<\/p>\n\n\n\n<p>Entre os convidados que participaram da Semana, estiveram presentes S\u00edlvia Tyrola &#8211; representante da REIS Rede Empresarial de Inclus\u00e3o Social, Iara Chaves e Paulo Tarc\u00edsio, representantes do coletivo M\u00e3es pela Diversidade, Cris Kerr, CEO da CKZ Diversidade, entre outros convidados.<\/p>\n\n\n\n<p>Depoimentos de colegas de diferentes \u00e1reas da empresa tamb\u00e9m humanizaram as palestras e mostraram como \u00e9 importante acolher e respeitar as diferen\u00e7as e viver a diversidade na pr\u00e1tica.<\/p>\n\n\n\n<h2 class=\"wp-block-heading\"><strong>Compromisso firmado<\/strong><\/h2>\n\n\n\n<p>Ainda durante a Semana da Diversidade e Inclus\u00e3o, o diretor presidente da companhia, Caio Zanardo, assinou pactos junto \u00e0 REIS &#8211; Rede Empresarial de Inclus\u00e3o Social, que luta pela inclus\u00e3o de pessoas com defici\u00eancia no mercado de trabalho, e junto ao F\u00f3rum de Empresas e Direitos LGBTQIA+. &nbsp;<\/p>\n\n\n\n<p>O objetivo por meio da ades\u00e3o a estes pactos, \u00e9 deixar ainda mais claro em nossas pr\u00e1ticas que s\u00e3o intoler\u00e1veis e inaceit\u00e1veis a viol\u00eancia, exclus\u00e3o, humilha\u00e7\u00e3o, ass\u00e9dio ou discrimina\u00e7\u00e3o a qualquer pessoa, independente da sua orienta\u00e7\u00e3o sexual ou g\u00eanero.<\/p>\n\n\n\n<p>Al\u00e9m disso, com a ades\u00e3o a estes compromissos, reafirmamos nosso prop\u00f3sito de cuidar das pessoas e trabalhar para manter o ambiente de trabalho cada vez mais respeitoso e inclusivo.<\/p>\n\n\n\n<p>\u201cA promo\u00e7\u00e3o da igualdade come\u00e7a com o respeito aos direitos das pessoas e a garantia de acesso \u00e0 oportunidades com base na equidade, considerando as especificidades de cada indiv\u00edduo. Sabemos que a sociedade como um todo ainda tem muito a aprender e se desconstruir na busca por esta valoriza\u00e7\u00e3o das diferen\u00e7as. \u00c9 desta transforma\u00e7\u00e3o que n\u00f3s na Veracel queremos fazer parte, come\u00e7ando dentro de casa com a valoriza\u00e7\u00e3o e o respeito \u00e0s nossas pessoas, para que, assim, possamos tamb\u00e9m fazer a diferen\u00e7a tamb\u00e9m na comunidade na qual estamos inseridos\u201d, destaca Zanardo.<\/p>\n\n\n\n<p>\u201cA assinatura destes pactos \u00e9 a valida\u00e7\u00e3o do nosso compromisso em trabalhar em prol da inclus\u00e3o e equidade com o apoio e orienta\u00e7\u00e3o de consultorias e parceiros especializados no tema\u201d, refor\u00e7a o nosso diretor presidente.<\/p>\n\n\n\n<p>A assinatura dos pactos tamb\u00e9m s\u00e3o resultados da nossa iniciativa Empresa + Inclusiva, que mapeou importantes metas em prol da amplia\u00e7\u00e3o da diversidade e inclus\u00e3o da companhia nos pr\u00f3ximos anos.<\/p>\n\n\n\n<h2 class=\"wp-block-heading\"><strong>Iniciativa Empresa + Inclusiva<\/strong><\/h2>\n\n\n\n<p>A iniciativa Empresa + Inclusiva Veracel come\u00e7ou em 2020, com a forma\u00e7\u00e3o de um comit\u00ea de volunt\u00e1rios de diferentes \u00e1reas e cargos.<\/p>\n\n\n\n<p>O comit\u00ea, formado atualmente por 26 pessoas, trabalha em diferentes grupos de trabalho com foco em equidade de g\u00eanero, ra\u00e7a e etnia, pessoas com defici\u00eancia, pessoas LGBTQIA+ e gera\u00e7\u00f5es.<\/p>\n\n\n\n<p>A primeira etapa do projeto foi a estrutura\u00e7\u00e3o das a\u00e7\u00f5es, objetivos e metas para os pr\u00f3ximos anos, al\u00e9m da contrata\u00e7\u00e3o de uma consultoria especializada em Diversidade e Inclus\u00e3o e a realiza\u00e7\u00e3o de um censo de diversidade e uma pesquisa de percep\u00e7\u00e3o das pessoas que trabalham aqui a respeito do tema, com estas ferramentas foi produzido um diagn\u00f3stico real para o mapeamento das a\u00e7\u00f5es necess\u00e1rias.<\/p>\n\n\n\n<p>\u201cOrganizar uma corpora\u00e7\u00e3o inteira em prol deste aprendizado e desconstru\u00e7\u00e3o \u00e9 um grande desafio, mas que abra\u00e7amos com o compromisso de fazer isso de forma fundamentada e sempre por meio do di\u00e1logo e valoriza\u00e7\u00e3o das diferen\u00e7as para o desenvolvimento de a\u00e7\u00f5es estruturadas&nbsp; para acelerar o processo de transforma\u00e7\u00e3o que desejamos na empresa e na sociedade em que vivemos\u201d finaliza Carlos Gomes.<\/p>\n","protected":false},"excerpt":{"rendered":"<p>Semana da Diversidade Entre os dias 07 e 11 de junho, promovemos a segunda edi\u00e7\u00e3o da Semana da Diversidade e Inclus\u00e3o e firmamos pactos pela diversidade junto a institui\u00e7\u00f5es que s\u00e3o refer\u00eancias do tema no pa\u00eds. O objetivo das assinaturas foi firmar o nosso compromisso nas a\u00e7\u00f5es de valoriza\u00e7\u00e3o da diversidade, respeito e inclus\u00e3o em [&hellip;]<\/p>\n","protected":false},"author":2,"featured_media":16634,"comment_status":"open","ping_status":"open","sticky":false,"template":"","format":"standard","meta":{"_acf_changed":false,"footnotes":"","_links_to":"","_links_to_target":""},"categories":[271,211],"tags":[312,313,314],"class_list":["post-16632","post","type-post","status-publish","format-standard","has-post-thumbnail","hentry","category-a-veracel","category-noticias","tag-diversidade","tag-inclusao","tag-respeito"],"acf":[],"yoast_head":"<!-- This site is optimized with the Yoast SEO Premium plugin v26.7 (Yoast SEO v27.4) - https:\/\/yoast.com\/product\/yoast-seo-premium-wordpress\/ -->\n<title>Semana da Diversidade e nosso compromisso por respeito e inclus\u00e3o - Veracel Celulose<\/title>\n<meta name=\"description\" content=\"A semana da diversidade valorizar, reconhece as diferen\u00e7as e incentiva um ambiente de trabalho mais inclusivo, respeitoso.\" \/>\n<meta name=\"robots\" content=\"index, follow, max-snippet:-1, max-image-preview:large, max-video-preview:-1\" \/>\n<link rel=\"canonical\" href=\"https:\/\/www.veracel.com.br\/semana-da-diversidade-e-nosso-compromisso-respeito-inclusao\/\" \/>\n<meta property=\"og:locale\" content=\"en_US\" \/>\n<meta property=\"og:type\" content=\"article\" \/>\n<meta property=\"og:title\" content=\"Semana da Diversidade e nosso compromisso por respeito e inclus\u00e3o\" \/>\n<meta property=\"og:description\" content=\"A semana da diversidade valorizar, reconhece as diferen\u00e7as e incentiva um ambiente de trabalho mais inclusivo, respeitoso.\" \/>\n<meta property=\"og:url\" content=\"https:\/\/www.veracel.com.br\/semana-da-diversidade-e-nosso-compromisso-respeito-inclusao\/\" \/>\n<meta property=\"og:site_name\" content=\"Veracel Celulose\" \/>\n<meta property=\"article:published_time\" content=\"2021-06-17T18:01:00+00:00\" \/>\n<meta property=\"article:modified_time\" content=\"2021-10-18T13:54:13+00:00\" \/>\n<meta property=\"og:image\" content=\"https:\/\/www.veracel.com.br\/wp-content\/uploads\/2021\/06\/Veracel-Semana-da-diversidade-Site.jpg\" \/>\n\t<meta property=\"og:image:width\" content=\"620\" \/>\n\t<meta property=\"og:image:height\" content=\"340\" \/>\n\t<meta property=\"og:image:type\" content=\"image\/jpeg\" \/>\n<meta name=\"author\" content=\"saulo\" \/>\n<meta name=\"twitter:card\" content=\"summary_large_image\" \/>\n<meta name=\"twitter:label1\" content=\"Written by\" \/>\n\t<meta name=\"twitter:data1\" content=\"saulo\" \/>\n\t<meta name=\"twitter:label2\" content=\"Est. reading time\" \/>\n\t<meta name=\"twitter:data2\" content=\"4 minutes\" \/>\n<script type=\"application\/ld+json\" class=\"yoast-schema-graph\">{\"@context\":\"https:\\\/\\\/schema.org\",\"@graph\":[{\"@type\":\"WebPage\",\"@id\":\"https:\\\/\\\/www.veracel.com.br\\\/semana-da-diversidade-e-nosso-compromisso-respeito-inclusao\\\/\",\"url\":\"https:\\\/\\\/www.veracel.com.br\\\/semana-da-diversidade-e-nosso-compromisso-respeito-inclusao\\\/\",\"name\":\"Semana da Diversidade e nosso compromisso por respeito e inclus\u00e3o - Veracel Celulose\",\"isPartOf\":{\"@id\":\"https:\\\/\\\/www.veracel.com.br\\\/#website\"},\"primaryImageOfPage\":{\"@id\":\"https:\\\/\\\/www.veracel.com.br\\\/semana-da-diversidade-e-nosso-compromisso-respeito-inclusao\\\/#primaryimage\"},\"image\":{\"@id\":\"https:\\\/\\\/www.veracel.com.br\\\/semana-da-diversidade-e-nosso-compromisso-respeito-inclusao\\\/#primaryimage\"},\"thumbnailUrl\":\"https:\\\/\\\/www.veracel.com.br\\\/wp-content\\\/uploads\\\/2021\\\/06\\\/Veracel-Semana-da-diversidade-Site.jpg\",\"datePublished\":\"2021-06-17T18:01:00+00:00\",\"dateModified\":\"2021-10-18T13:54:13+00:00\",\"description\":\"A semana da diversidade valorizar, reconhece as diferen\u00e7as e incentiva um ambiente de trabalho mais inclusivo, respeitoso.\",\"breadcrumb\":{\"@id\":\"https:\\\/\\\/www.veracel.com.br\\\/semana-da-diversidade-e-nosso-compromisso-respeito-inclusao\\\/#breadcrumb\"},\"inLanguage\":\"en-US\",\"potentialAction\":[{\"@type\":\"ReadAction\",\"target\":[\"https:\\\/\\\/www.veracel.com.br\\\/semana-da-diversidade-e-nosso-compromisso-respeito-inclusao\\\/\"]}]},{\"@type\":\"ImageObject\",\"inLanguage\":\"en-US\",\"@id\":\"https:\\\/\\\/www.veracel.com.br\\\/semana-da-diversidade-e-nosso-compromisso-respeito-inclusao\\\/#primaryimage\",\"url\":\"https:\\\/\\\/www.veracel.com.br\\\/wp-content\\\/uploads\\\/2021\\\/06\\\/Veracel-Semana-da-diversidade-Site.jpg\",\"contentUrl\":\"https:\\\/\\\/www.veracel.com.br\\\/wp-content\\\/uploads\\\/2021\\\/06\\\/Veracel-Semana-da-diversidade-Site.jpg\",\"width\":620,\"height\":340,\"caption\":\"Semana da Diversidade e nosso compromisso por respeito e inclus\u00e3o\"},{\"@type\":\"BreadcrumbList\",\"@id\":\"https:\\\/\\\/www.veracel.com.br\\\/semana-da-diversidade-e-nosso-compromisso-respeito-inclusao\\\/#breadcrumb\",\"itemListElement\":[{\"@type\":\"ListItem\",\"position\":1,\"name\":\"Home\",\"item\":\"https:\\\/\\\/www.veracel.com.br\\\/\"},{\"@type\":\"ListItem\",\"position\":2,\"name\":\"A Veracel\",\"item\":\"https:\\\/\\\/www.veracel.com.br\\\/a-veracel\\\/\"},{\"@type\":\"ListItem\",\"position\":3,\"name\":\"Semana da Diversidade e nosso compromisso por respeito e inclus\u00e3o\"}]},{\"@type\":\"WebSite\",\"@id\":\"https:\\\/\\\/www.veracel.com.br\\\/#website\",\"url\":\"https:\\\/\\\/www.veracel.com.br\\\/\",\"name\":\"Veracel Celulose\",\"description\":\"Quando crescemos juntos vamos muito mais longe\",\"publisher\":{\"@id\":\"https:\\\/\\\/www.veracel.com.br\\\/#organization\"},\"potentialAction\":[{\"@type\":\"SearchAction\",\"target\":{\"@type\":\"EntryPoint\",\"urlTemplate\":\"https:\\\/\\\/www.veracel.com.br\\\/?s={search_term_string}\"},\"query-input\":{\"@type\":\"PropertyValueSpecification\",\"valueRequired\":true,\"valueName\":\"search_term_string\"}}],\"inLanguage\":\"en-US\"},{\"@type\":\"Organization\",\"@id\":\"https:\\\/\\\/www.veracel.com.br\\\/#organization\",\"name\":\"Veracel Celulose\",\"url\":\"https:\\\/\\\/www.veracel.com.br\\\/\",\"logo\":{\"@type\":\"ImageObject\",\"inLanguage\":\"en-US\",\"@id\":\"https:\\\/\\\/www.veracel.com.br\\\/#\\\/schema\\\/logo\\\/image\\\/\",\"url\":\"https:\\\/\\\/www.veracel.com.br\\\/wp-content\\\/uploads\\\/2024\\\/08\\\/Ativo-1.png\",\"contentUrl\":\"https:\\\/\\\/www.veracel.com.br\\\/wp-content\\\/uploads\\\/2024\\\/08\\\/Ativo-1.png\",\"width\":400,\"height\":121,\"caption\":\"Veracel Celulose\"},\"image\":{\"@id\":\"https:\\\/\\\/www.veracel.com.br\\\/#\\\/schema\\\/logo\\\/image\\\/\"},\"sameAs\":[\"https:\\\/\\\/www.instagram.com\\\/veracelcelulose\",\"https:\\\/\\\/www.linkedin.com\\\/company\\\/veracelcelulose\\\/\",\"https:\\\/\\\/www.youtube.com\\\/user\\\/CanalVeracel\"]}]}<\/script>\n<!-- \/ Yoast SEO Premium plugin. -->","yoast_head_json":{"title":"Semana da Diversidade e nosso compromisso por respeito e inclus\u00e3o - Veracel Celulose","description":"A semana da diversidade valorizar, reconhece as diferen\u00e7as e incentiva um ambiente de trabalho mais inclusivo, respeitoso.","robots":{"index":"index","follow":"follow","max-snippet":"max-snippet:-1","max-image-preview":"max-image-preview:large","max-video-preview":"max-video-preview:-1"},"canonical":"https:\/\/www.veracel.com.br\/semana-da-diversidade-e-nosso-compromisso-respeito-inclusao\/","og_locale":"en_US","og_type":"article","og_title":"Semana da Diversidade e nosso compromisso por respeito e inclus\u00e3o","og_description":"A semana da diversidade valorizar, reconhece as diferen\u00e7as e incentiva um ambiente de trabalho mais inclusivo, respeitoso.","og_url":"https:\/\/www.veracel.com.br\/semana-da-diversidade-e-nosso-compromisso-respeito-inclusao\/","og_site_name":"Veracel Celulose","article_published_time":"2021-06-17T18:01:00+00:00","article_modified_time":"2021-10-18T13:54:13+00:00","og_image":[{"width":620,"height":340,"url":"https:\/\/www.veracel.com.br\/wp-content\/uploads\/2021\/06\/Veracel-Semana-da-diversidade-Site.jpg","type":"image\/jpeg"}],"author":"saulo","twitter_card":"summary_large_image","twitter_misc":{"Written by":"saulo","Est. reading time":"4 minutes"},"schema":{"@context":"https:\/\/schema.org","@graph":[{"@type":"WebPage","@id":"https:\/\/www.veracel.com.br\/semana-da-diversidade-e-nosso-compromisso-respeito-inclusao\/","url":"https:\/\/www.veracel.com.br\/semana-da-diversidade-e-nosso-compromisso-respeito-inclusao\/","name":"Semana da Diversidade e nosso compromisso por respeito e inclus\u00e3o - Veracel Celulose","isPartOf":{"@id":"https:\/\/www.veracel.com.br\/#website"},"primaryImageOfPage":{"@id":"https:\/\/www.veracel.com.br\/semana-da-diversidade-e-nosso-compromisso-respeito-inclusao\/#primaryimage"},"image":{"@id":"https:\/\/www.veracel.com.br\/semana-da-diversidade-e-nosso-compromisso-respeito-inclusao\/#primaryimage"},"thumbnailUrl":"https:\/\/www.veracel.com.br\/wp-content\/uploads\/2021\/06\/Veracel-Semana-da-diversidade-Site.jpg","datePublished":"2021-06-17T18:01:00+00:00","dateModified":"2021-10-18T13:54:13+00:00","description":"A semana da diversidade valorizar, reconhece as diferen\u00e7as e incentiva um ambiente de trabalho mais inclusivo, respeitoso.","breadcrumb":{"@id":"https:\/\/www.veracel.com.br\/semana-da-diversidade-e-nosso-compromisso-respeito-inclusao\/#breadcrumb"},"inLanguage":"en-US","potentialAction":[{"@type":"ReadAction","target":["https:\/\/www.veracel.com.br\/semana-da-diversidade-e-nosso-compromisso-respeito-inclusao\/"]}]},{"@type":"ImageObject","inLanguage":"en-US","@id":"https:\/\/www.veracel.com.br\/semana-da-diversidade-e-nosso-compromisso-respeito-inclusao\/#primaryimage","url":"https:\/\/www.veracel.com.br\/wp-content\/uploads\/2021\/06\/Veracel-Semana-da-diversidade-Site.jpg","contentUrl":"https:\/\/www.veracel.com.br\/wp-content\/uploads\/2021\/06\/Veracel-Semana-da-diversidade-Site.jpg","width":620,"height":340,"caption":"Semana da Diversidade e nosso compromisso por respeito e inclus\u00e3o"},{"@type":"BreadcrumbList","@id":"https:\/\/www.veracel.com.br\/semana-da-diversidade-e-nosso-compromisso-respeito-inclusao\/#breadcrumb","itemListElement":[{"@type":"ListItem","position":1,"name":"Home","item":"https:\/\/www.veracel.com.br\/"},{"@type":"ListItem","position":2,"name":"A Veracel","item":"https:\/\/www.veracel.com.br\/a-veracel\/"},{"@type":"ListItem","position":3,"name":"Semana da Diversidade e nosso compromisso por respeito e inclus\u00e3o"}]},{"@type":"WebSite","@id":"https:\/\/www.veracel.com.br\/#website","url":"https:\/\/www.veracel.com.br\/","name":"Veracel Celulose","description":"Quando crescemos juntos vamos muito mais longe","publisher":{"@id":"https:\/\/www.veracel.com.br\/#organization"},"potentialAction":[{"@type":"SearchAction","target":{"@type":"EntryPoint","urlTemplate":"https:\/\/www.veracel.com.br\/?s={search_term_string}"},"query-input":{"@type":"PropertyValueSpecification","valueRequired":true,"valueName":"search_term_string"}}],"inLanguage":"en-US"},{"@type":"Organization","@id":"https:\/\/www.veracel.com.br\/#organization","name":"Veracel Celulose","url":"https:\/\/www.veracel.com.br\/","logo":{"@type":"ImageObject","inLanguage":"en-US","@id":"https:\/\/www.veracel.com.br\/#\/schema\/logo\/image\/","url":"https:\/\/www.veracel.com.br\/wp-content\/uploads\/2024\/08\/Ativo-1.png","contentUrl":"https:\/\/www.veracel.com.br\/wp-content\/uploads\/2024\/08\/Ativo-1.png","width":400,"height":121,"caption":"Veracel Celulose"},"image":{"@id":"https:\/\/www.veracel.com.br\/#\/schema\/logo\/image\/"},"sameAs":["https:\/\/www.instagram.com\/veracelcelulose","https:\/\/www.linkedin.com\/company\/veracelcelulose\/","https:\/\/www.youtube.com\/user\/CanalVeracel"]}]}},"_links":{"self":[{"href":"https:\/\/www.veracel.com.br\/en\/wp-json\/wp\/v2\/posts\/16632","targetHints":{"allow":["GET"]}}],"collection":[{"href":"https:\/\/www.veracel.com.br\/en\/wp-json\/wp\/v2\/posts"}],"about":[{"href":"https:\/\/www.veracel.com.br\/en\/wp-json\/wp\/v2\/types\/post"}],"author":[{"embeddable":true,"href":"https:\/\/www.veracel.com.br\/en\/wp-json\/wp\/v2\/users\/2"}],"replies":[{"embeddable":true,"href":"https:\/\/www.veracel.com.br\/en\/wp-json\/wp\/v2\/comments?post=16632"}],"version-history":[{"count":1,"href":"https:\/\/www.veracel.com.br\/en\/wp-json\/wp\/v2\/posts\/16632\/revisions"}],"predecessor-version":[{"id":17907,"href":"https:\/\/www.veracel.com.br\/en\/wp-json\/wp\/v2\/posts\/16632\/revisions\/17907"}],"wp:featuredmedia":[{"embeddable":true,"href":"https:\/\/www.veracel.com.br\/en\/wp-json\/wp\/v2\/media\/16634"}],"wp:attachment":[{"href":"https:\/\/www.veracel.com.br\/en\/wp-json\/wp\/v2\/media?parent=16632"}],"wp:term":[{"taxonomy":"category","embeddable":true,"href":"https:\/\/www.veracel.com.br\/en\/wp-json\/wp\/v2\/categories?post=16632"},{"taxonomy":"post_tag","embeddable":true,"href":"https:\/\/www.veracel.com.br\/en\/wp-json\/wp\/v2\/tags?post=16632"}],"curies":[{"name":"wp","href":"https:\/\/api.w.org\/{rel}","templated":true}]}}