{"id":16678,"date":"2021-07-08T10:34:36","date_gmt":"2021-07-08T13:34:36","guid":{"rendered":"https:\/\/www.veracel.com.br\/?p=16678"},"modified":"2022-01-24T09:40:32","modified_gmt":"2022-01-24T12:40:32","slug":"apoiamos-o-desenvolvimento-de-assentamentos-da-regiao-sul-da-bahia","status":"publish","type":"post","link":"https:\/\/www.veracel.com.br\/en\/apoiamos-o-desenvolvimento-de-assentamentos-da-regiao-sul-da-bahia\/","title":{"rendered":"Apoiamos o desenvolvimento de assentamentos da regi\u00e3o Sul da Bahia"},"content":{"rendered":"\n<h2 class=\"wp-block-heading\"><strong>Desenvolvimento sustent\u00e1vel<\/strong><\/h2>\n\n\n\n<p>O nosso programa Assentamentos Agroecol\u00f3gicos Sustent\u00e1veis apoia quase 1.300 fam\u00edlias e, desde 2011, vem contribuindo com o Programa Nacional de Reforma Agr\u00e1ria.<\/p>\n\n\n\n<p>Dentro desse projeto, vamos al\u00e9m da concess\u00e3o de posse da terra e tamb\u00e9m apoiamos o desenvolvimento rural das comunidades de forma sustent\u00e1vel, oferecendo capacita\u00e7\u00f5es t\u00e9cnicas, recursos b\u00e1sicos e apoiando a consolida\u00e7\u00e3o das fontes de renda dessas fam\u00edlias.<\/p>\n\n\n\n<h2 class=\"wp-block-heading\"><strong>Inaugura\u00e7\u00e3o do novo secador de caf\u00e9<\/strong><\/h2>\n\n\n\n<p>Um exemplo desse trabalho \u00e9 a inaugura\u00e7\u00e3o de um secador de caf\u00e9 no pr\u00e9-assentamento Maravilha II, localizado na regi\u00e3o de Eun\u00e1polis.<\/p>\n\n\n\n<figure class=\"wp-block-image size-full\"><img fetchpriority=\"high\" decoding=\"async\" width=\"276\" height=\"336\" src=\"https:\/\/www.veracel.com.br\/wp-content\/uploads\/2021\/07\/Secador_de_cafe_maravilhaII.png\" alt=\"Parte da estrutura do secador de caf\u00e9 em seu momento de inaugura\u00e7\u00e3o \" class=\"wp-image-16679\" srcset=\"https:\/\/www.veracel.com.br\/wp-content\/uploads\/2021\/07\/Secador_de_cafe_maravilhaII.png 276w, https:\/\/www.veracel.com.br\/wp-content\/uploads\/2021\/07\/Secador_de_cafe_maravilhaII-246x300.png 246w\" sizes=\"(max-width: 276px) 100vw, 276px\" \/><figcaption>Parte da estrutura do secador de caf\u00e9 em seu momento de inaugura\u00e7\u00e3o (Foto: Comunidade Maravilha II)<\/figcaption><\/figure>\n\n\n\n<p>O equipamento vai valorizar a produ\u00e7\u00e3o de caf\u00e9 dos agricultores dessa comunidade atrav\u00e9s do beneficiamento local e o incremento do pre\u00e7o de venda dos gr\u00e3os.<\/p>\n\n\n\n<p>&#8220;A inaugura\u00e7\u00e3o do secador \u00e9 muito importante para n\u00f3s porque agora poderemos secar nosso caf\u00e9 com efici\u00eancia aqui mesmo na comunidade, sem ter que levar nossa produ\u00e7\u00e3o para ser beneficada em outros munic\u00edpios&#8221; destaca Genivaldo Jo\u00e3o dos Santos, presidente do pr\u00e9-assentamento Maravilha II.<\/p>\n\n\n\n<p>&#8220;Esta parceria com a Veracel s\u00f3 nos trouxe desenvolvimento, tivemos o apoio da empresa para estruturar e realizar melhorias na nossa produ\u00e7\u00e3o e em nossa estrutura, como tamb\u00e9m tivemos um apoio importante durante a pandemia com a doa\u00e7\u00e3o de cestas b\u00e1sicas. Agora com o secador pr\u00f3prio damos mais um passo para dar ainda mais qualidade para nossa produ\u00e7\u00e3o&#8221;, finaliza Genivaldo.<\/p>\n\n\n\n<h2 class=\"wp-block-heading\"><strong>Os benef\u00edcios<\/strong><\/h2>\n\n\n\n<p>Em termos produtivos, o secador de caf\u00e9 tem condi\u00e7\u00f5es de beneficiar 6.720 sacas de caf\u00e9 por m\u00eas ou, 403.200 kg de gr\u00e3os-verdes de caf\u00e9, possibilitando ao agricultor uma oportunidade mais vantajosa para o beneficiamento de gr\u00e3os.<\/p>\n\n\n\n<p>Consequentemente, o incremento do pre\u00e7o de venda do g\u00eanero, para al\u00e9m do apoio do empoderamento social dos meios de produ\u00e7\u00e3o, permitindo o controle produtivo e gerencial da estrutura pela pr\u00f3pria associa\u00e7\u00e3o dos agricultores.<\/p>\n\n\n\n<p>Para apoiar o desenvolvimento da comunidade de 74 fam\u00edlias do Maravilha II, j\u00e1 contribuimos com a concess\u00e3o da posse da terra, a doa\u00e7\u00e3o de dois resfriadores de leite e um trator.<\/p>\n\n\n\n<p>Al\u00e9m disso, oferecemos assist\u00eancia t\u00e9cnica rural, construimos po\u00e7os artesianos e realizamos a doa\u00e7\u00e3o de insumos para implanta\u00e7\u00e3o de quintais-produtivos agrodiversos e contribuintes na gera\u00e7\u00e3o de renda familiar.<\/p>\n\n\n\n<p>Com a inaugura\u00e7\u00e3o do secador de caf\u00e9, a comunidade deixar\u00e1 de vender os gr\u00e3os in natura e passar\u00e1 a benefici\u00e1-lo, ampliando a estrutura do neg\u00f3cio, a qualidade da mercadoria e o valor de venda da produ\u00e7\u00e3o.<\/p>\n\n\n\n<h2 class=\"wp-block-heading\"><strong>Programa de Assentamentos Agroecol\u00f3gicos Sustent\u00e1veis<\/strong><\/h2>\n\n\n\n<p>As tratativas para o desenvolvimento do trabalho e a posse de terra concedida pela Veracel \u00e0s fam\u00edlias do pr\u00e9-assentamento foram conduzidas com o apoio da Federa\u00e7\u00e3o dos Trabalhadores da Agricultura da Bahia (FETAG &#8211; BA), \u00e0 qual a comunidade \u00e9 vinculada.<\/p>\n\n\n\n<p>O NPS (N\u00facleo Porto Seguro), equipe executora do projeto Assentamentos Agroecol\u00f3gicos &#8211; USP\/ESALQ tamb\u00e9m apoia a comunidade com orienta\u00e7\u00f5es t\u00e9cnicas para seu desenvolvimento.<\/p>\n\n\n\n<p>&#8220;A estrutura do secador de caf\u00e9 beneficiar\u00e1 n\u00e3o somente os agricultores do pr\u00f3prio assentamento Maravilha II, mas tamb\u00e9m os produtores de caf\u00e9 do seu entorno, contribuindo com o desenvolvimento rural para al\u00e9m dos limites do pr\u00f3prio assentamento. O secador \u00e9 mais uma das conquistas destas bravas, ousadas e determinadas fam\u00edlias agricultoras que em sua luta di\u00e1ria e que fazem a reforma agr\u00e1ria brasileira possibilitar um novo amanh\u00e3 \u00e0 cada pessoa no campo, com mais seguran\u00e7a, confian\u00e7a e otimismo&#8221;, destaca Rafael Falc\u00e3o da Silva, t\u00e9cnico da equipe do NPS (N\u00facleo Porto Seguro).<\/p>\n\n\n\n<p>Na primeira fase do programa de Assentamentos Agroecol\u00f3gicos Sustent\u00e1veis, temos concedido \u00e1reas de nossa propriedade ao Programa Nacional de Reforma Agr\u00e1ria.<\/p>\n\n\n\n<p>Disponibilizamos uma \u00e1rea equivalente a 20 mil campos de futebol e a iniciativa foi viabilizada por meio de acordos com os movimentos sociais populares, o Governo do Estado da Bahia e o INCRA desde 2011.<\/p>\n\n\n\n<p>Desde 2013, firmamos parceria com a Escola Superior de Agricultura Luiz de Queiroz, campus da Universidade de S\u00e3o Paulo (ESALQ\/ USP), e temos desenvolvido a forma\u00e7\u00e3o de agricultores e o planejamento participativo-produtivo.<\/p>\n\n\n\n<p>Essa a\u00e7\u00e3o apoia as comunidades com: estrat\u00e9gias de uso e ocupa\u00e7\u00e3o do solo, implanta\u00e7\u00e3o de sistemas agroecol\u00f3gicos e de adequa\u00e7\u00e3o ambiental, al\u00e9m da alfabetiza\u00e7\u00e3o de adultos e de outras a\u00e7\u00f5es de sa\u00fade, contando com mais de 960 fam\u00edlias atendidas.<\/p>\n\n\n\n<h2 class=\"wp-block-heading\"><strong>Sinergia entre responsabilidade social e prote\u00e7\u00e3o ao meio ambiente<\/strong><\/h2>\n\n\n\n<p>Al\u00e9m das iniciativas previstas no programa de assentamentos agroecol\u00f3gicos, tamb\u00e9m buscamos, a partir do di\u00e1logo com as comunidades, mitigar poss\u00edveis conflitos, apoiar o desenvolvimentos dessas fam\u00edlias e manter iniciativas de prote\u00e7\u00e3o ao meio ambiente.<\/p>\n\n\n\n<p>Um exemplo desse trabalho \u00e9 o apoio \u00e0 Associa\u00e7\u00e3o Unidos do Grande Rio, formada por 70 fam\u00edlias que exploravam o cacau existente em uma de nossas \u00e1reas.<\/p>\n\n\n\n<p>A regi\u00e3o tem a peculiaridade de ser \u00e1rea de prote\u00e7\u00e3o ambiental e, concomitantemente, abrigar uma planta\u00e7\u00e3o de cacau sombreado com \u00e1rvores nativas, em um plantio feito na d\u00e9cada de 60.<\/p>\n\n\n\n<p>Para apoiar a extra\u00e7\u00e3o do cacau e manter a \u00e1rea de preserva\u00e7\u00e3o, cedemos 156,121 hectares em comodato, em uma a\u00e7\u00e3o negociada diretamente com a comunidade, para que fosse poss\u00edvel manter &#8220;os p\u00e9s&#8221; de cacau j\u00e1 existentes sem interferir na prote\u00e7\u00e3o da biodiversidade local.<\/p>\n\n\n\n<p>Al\u00e9m do comodato, financiamos a elabora\u00e7\u00e3o dos planos de manejo para o cacau, trazendo treinamentos t\u00e9cnicos para todos os associados e criando um guia para que eles fa\u00e7am o manejo e aumentem a produ\u00e7\u00e3o, sem degradar a vegeta\u00e7\u00e3o nativa.<\/p>\n\n\n\n<p>&#8220;Quando recebemos este contrato da Veracel tudo come\u00e7ou a mudar para melhor e a comunidade p\u00f4de se desenvolver muito. A Veracel nos apoiou com orienta\u00e7\u00f5es de agr\u00f4nomos para produzirmos melhor e de l\u00e1 para c\u00e1 s\u00f3 temos progredido cada vez mais&#8221;, explica Eliandra Andrade de Carvalho presidente da Associa\u00e7\u00e3o Unidos do Grande Rio.<\/p>\n\n\n\n<p>&#8220;Com a permiss\u00e3o para a colheita do cacau , passamos a seguir todas as orienta\u00e7\u00f5es da companhia quanto ao cuidados com a mata nativa e os animais. Passamos, inclusive, a monitorar nossa \u00e1rea para garantir que n\u00e3o esteja acontecendo nenhuma atividade ilegal ou crime contra estes animais, como a ca\u00e7a, por exemplo&#8221;, finaliza Eliandra.<\/p>\n\n\n\n<p>&#8220;Este \u00e9 um exemplo de sucesso no relacionamento da Veracel com seus stakeholders. Por meio do di\u00e1logo, transformamos uma situa\u00e7\u00e3o de conflito em parceria. As fam\u00edlias foram orientadas sobre como melhorar a produ\u00e7\u00e3o do cacau, sem degradar o meio ambiente, se desenvolvendo de maneira sustent\u00e1vel, al\u00e9m de se tornarem aliados da companhia no processo de prote\u00e7\u00e3o ambiental destas \u00e1reas&#8221;, destaca Virginia Londe de Camargos, nossa coordenadora de Estrat\u00e9gia Ambiental e Gest\u00e3o Integrada.<\/p>\n","protected":false},"excerpt":{"rendered":"<p>Desenvolvimento sustent\u00e1vel O nosso programa Assentamentos Agroecol\u00f3gicos Sustent\u00e1veis apoia quase 1.300 fam\u00edlias e, desde 2011, vem contribuindo com o Programa Nacional de Reforma Agr\u00e1ria. Dentro desse projeto, vamos al\u00e9m da concess\u00e3o de posse da terra e tamb\u00e9m apoiamos o desenvolvimento rural das comunidades de forma sustent\u00e1vel, oferecendo capacita\u00e7\u00f5es t\u00e9cnicas, recursos b\u00e1sicos e apoiando a consolida\u00e7\u00e3o [&hellip;]<\/p>\n","protected":false},"author":2,"featured_media":16682,"comment_status":"open","ping_status":"open","sticky":false,"template":"","format":"standard","meta":{"_acf_changed":false,"footnotes":"","_links_to":"","_links_to_target":""},"categories":[211,332],"tags":[317],"class_list":["post-16678","post","type-post","status-publish","format-standard","has-post-thumbnail","hentry","category-noticias","category-sustentabilidade-veracel","tag-assentamentos"],"acf":[],"yoast_head":"<!-- This site is optimized with the Yoast SEO Premium plugin v26.7 (Yoast SEO v27.4) - https:\/\/yoast.com\/product\/yoast-seo-premium-wordpress\/ -->\n<title>Apoiamos o desenvolvimento de assentamentos da regi\u00e3o Sul da Bahia - Veracel Celulose<\/title>\n<meta name=\"robots\" content=\"index, follow, max-snippet:-1, max-image-preview:large, max-video-preview:-1\" \/>\n<link rel=\"canonical\" href=\"https:\/\/www.veracel.com.br\/apoiamos-o-desenvolvimento-de-assentamentos-da-regiao-sul-da-bahia\/\" \/>\n<meta property=\"og:locale\" content=\"en_US\" \/>\n<meta property=\"og:type\" content=\"article\" \/>\n<meta property=\"og:title\" content=\"Apoiamos o desenvolvimento de assentamentos da regi\u00e3o Sul da Bahia\" \/>\n<meta property=\"og:description\" content=\"Desenvolvimento sustent\u00e1vel O nosso programa Assentamentos Agroecol\u00f3gicos Sustent\u00e1veis apoia quase 1.300 fam\u00edlias e, desde 2011, vem contribuindo com o Programa Nacional de Reforma Agr\u00e1ria. Dentro desse projeto, vamos al\u00e9m da concess\u00e3o de posse da terra e tamb\u00e9m apoiamos o desenvolvimento rural das comunidades de forma sustent\u00e1vel, oferecendo capacita\u00e7\u00f5es t\u00e9cnicas, recursos b\u00e1sicos e apoiando a consolida\u00e7\u00e3o [&hellip;]\" \/>\n<meta property=\"og:url\" content=\"https:\/\/www.veracel.com.br\/apoiamos-o-desenvolvimento-de-assentamentos-da-regiao-sul-da-bahia\/\" \/>\n<meta property=\"og:site_name\" content=\"Veracel Celulose\" \/>\n<meta property=\"article:published_time\" content=\"2021-07-08T13:34:36+00:00\" \/>\n<meta property=\"article:modified_time\" content=\"2022-01-24T12:40:32+00:00\" \/>\n<meta property=\"og:image\" content=\"https:\/\/www.veracel.com.br\/wp-content\/uploads\/2021\/07\/Veracel-desenvolvimento-de-assentamentos-da-regiao-Sul-da-Bahia-Site.jpg\" \/>\n\t<meta property=\"og:image:width\" content=\"620\" \/>\n\t<meta property=\"og:image:height\" content=\"340\" \/>\n\t<meta property=\"og:image:type\" content=\"image\/jpeg\" \/>\n<meta name=\"author\" content=\"saulo\" \/>\n<meta name=\"twitter:card\" content=\"summary_large_image\" \/>\n<meta name=\"twitter:label1\" content=\"Written by\" \/>\n\t<meta name=\"twitter:data1\" content=\"saulo\" \/>\n\t<meta name=\"twitter:label2\" content=\"Est. reading time\" \/>\n\t<meta name=\"twitter:data2\" content=\"5 minutes\" \/>\n<script type=\"application\/ld+json\" class=\"yoast-schema-graph\">{\"@context\":\"https:\\\/\\\/schema.org\",\"@graph\":[{\"@type\":\"WebPage\",\"@id\":\"https:\\\/\\\/www.veracel.com.br\\\/apoiamos-o-desenvolvimento-de-assentamentos-da-regiao-sul-da-bahia\\\/\",\"url\":\"https:\\\/\\\/www.veracel.com.br\\\/apoiamos-o-desenvolvimento-de-assentamentos-da-regiao-sul-da-bahia\\\/\",\"name\":\"Apoiamos o desenvolvimento de assentamentos da regi\u00e3o Sul da Bahia - Veracel Celulose\",\"isPartOf\":{\"@id\":\"https:\\\/\\\/www.veracel.com.br\\\/#website\"},\"primaryImageOfPage\":{\"@id\":\"https:\\\/\\\/www.veracel.com.br\\\/apoiamos-o-desenvolvimento-de-assentamentos-da-regiao-sul-da-bahia\\\/#primaryimage\"},\"image\":{\"@id\":\"https:\\\/\\\/www.veracel.com.br\\\/apoiamos-o-desenvolvimento-de-assentamentos-da-regiao-sul-da-bahia\\\/#primaryimage\"},\"thumbnailUrl\":\"https:\\\/\\\/www.veracel.com.br\\\/wp-content\\\/uploads\\\/2021\\\/07\\\/Veracel-desenvolvimento-de-assentamentos-da-regiao-Sul-da-Bahia-Site.jpg\",\"datePublished\":\"2021-07-08T13:34:36+00:00\",\"dateModified\":\"2022-01-24T12:40:32+00:00\",\"breadcrumb\":{\"@id\":\"https:\\\/\\\/www.veracel.com.br\\\/apoiamos-o-desenvolvimento-de-assentamentos-da-regiao-sul-da-bahia\\\/#breadcrumb\"},\"inLanguage\":\"en-US\",\"potentialAction\":[{\"@type\":\"ReadAction\",\"target\":[\"https:\\\/\\\/www.veracel.com.br\\\/apoiamos-o-desenvolvimento-de-assentamentos-da-regiao-sul-da-bahia\\\/\"]}]},{\"@type\":\"ImageObject\",\"inLanguage\":\"en-US\",\"@id\":\"https:\\\/\\\/www.veracel.com.br\\\/apoiamos-o-desenvolvimento-de-assentamentos-da-regiao-sul-da-bahia\\\/#primaryimage\",\"url\":\"https:\\\/\\\/www.veracel.com.br\\\/wp-content\\\/uploads\\\/2021\\\/07\\\/Veracel-desenvolvimento-de-assentamentos-da-regiao-Sul-da-Bahia-Site.jpg\",\"contentUrl\":\"https:\\\/\\\/www.veracel.com.br\\\/wp-content\\\/uploads\\\/2021\\\/07\\\/Veracel-desenvolvimento-de-assentamentos-da-regiao-Sul-da-Bahia-Site.jpg\",\"width\":620,\"height\":340,\"caption\":\"Foto da produ\u00e7\u00e3o de cacau da Associa\u00e7\u00e3o Unidos do Grande Rio\"},{\"@type\":\"BreadcrumbList\",\"@id\":\"https:\\\/\\\/www.veracel.com.br\\\/apoiamos-o-desenvolvimento-de-assentamentos-da-regiao-sul-da-bahia\\\/#breadcrumb\",\"itemListElement\":[{\"@type\":\"ListItem\",\"position\":1,\"name\":\"Home\",\"item\":\"https:\\\/\\\/www.veracel.com.br\\\/\"},{\"@type\":\"ListItem\",\"position\":2,\"name\":\"Not\u00edcias\",\"item\":\"https:\\\/\\\/www.veracel.com.br\\\/noticias\\\/\"},{\"@type\":\"ListItem\",\"position\":3,\"name\":\"Apoiamos o desenvolvimento de assentamentos da regi\u00e3o Sul da Bahia\"}]},{\"@type\":\"WebSite\",\"@id\":\"https:\\\/\\\/www.veracel.com.br\\\/#website\",\"url\":\"https:\\\/\\\/www.veracel.com.br\\\/\",\"name\":\"Veracel Celulose\",\"description\":\"Quando crescemos juntos vamos muito mais longe\",\"publisher\":{\"@id\":\"https:\\\/\\\/www.veracel.com.br\\\/#organization\"},\"potentialAction\":[{\"@type\":\"SearchAction\",\"target\":{\"@type\":\"EntryPoint\",\"urlTemplate\":\"https:\\\/\\\/www.veracel.com.br\\\/?s={search_term_string}\"},\"query-input\":{\"@type\":\"PropertyValueSpecification\",\"valueRequired\":true,\"valueName\":\"search_term_string\"}}],\"inLanguage\":\"en-US\"},{\"@type\":\"Organization\",\"@id\":\"https:\\\/\\\/www.veracel.com.br\\\/#organization\",\"name\":\"Veracel Celulose\",\"url\":\"https:\\\/\\\/www.veracel.com.br\\\/\",\"logo\":{\"@type\":\"ImageObject\",\"inLanguage\":\"en-US\",\"@id\":\"https:\\\/\\\/www.veracel.com.br\\\/#\\\/schema\\\/logo\\\/image\\\/\",\"url\":\"https:\\\/\\\/www.veracel.com.br\\\/wp-content\\\/uploads\\\/2024\\\/08\\\/Ativo-1.png\",\"contentUrl\":\"https:\\\/\\\/www.veracel.com.br\\\/wp-content\\\/uploads\\\/2024\\\/08\\\/Ativo-1.png\",\"width\":400,\"height\":121,\"caption\":\"Veracel Celulose\"},\"image\":{\"@id\":\"https:\\\/\\\/www.veracel.com.br\\\/#\\\/schema\\\/logo\\\/image\\\/\"},\"sameAs\":[\"https:\\\/\\\/www.instagram.com\\\/veracelcelulose\",\"https:\\\/\\\/www.linkedin.com\\\/company\\\/veracelcelulose\\\/\",\"https:\\\/\\\/www.youtube.com\\\/user\\\/CanalVeracel\"]}]}<\/script>\n<!-- \/ Yoast SEO Premium plugin. -->","yoast_head_json":{"title":"Apoiamos o desenvolvimento de assentamentos da regi\u00e3o Sul da Bahia - Veracel Celulose","robots":{"index":"index","follow":"follow","max-snippet":"max-snippet:-1","max-image-preview":"max-image-preview:large","max-video-preview":"max-video-preview:-1"},"canonical":"https:\/\/www.veracel.com.br\/apoiamos-o-desenvolvimento-de-assentamentos-da-regiao-sul-da-bahia\/","og_locale":"en_US","og_type":"article","og_title":"Apoiamos o desenvolvimento de assentamentos da regi\u00e3o Sul da Bahia","og_description":"Desenvolvimento sustent\u00e1vel O nosso programa Assentamentos Agroecol\u00f3gicos Sustent\u00e1veis apoia quase 1.300 fam\u00edlias e, desde 2011, vem contribuindo com o Programa Nacional de Reforma Agr\u00e1ria. Dentro desse projeto, vamos al\u00e9m da concess\u00e3o de posse da terra e tamb\u00e9m apoiamos o desenvolvimento rural das comunidades de forma sustent\u00e1vel, oferecendo capacita\u00e7\u00f5es t\u00e9cnicas, recursos b\u00e1sicos e apoiando a consolida\u00e7\u00e3o [&hellip;]","og_url":"https:\/\/www.veracel.com.br\/apoiamos-o-desenvolvimento-de-assentamentos-da-regiao-sul-da-bahia\/","og_site_name":"Veracel Celulose","article_published_time":"2021-07-08T13:34:36+00:00","article_modified_time":"2022-01-24T12:40:32+00:00","og_image":[{"width":620,"height":340,"url":"https:\/\/www.veracel.com.br\/wp-content\/uploads\/2021\/07\/Veracel-desenvolvimento-de-assentamentos-da-regiao-Sul-da-Bahia-Site.jpg","type":"image\/jpeg"}],"author":"saulo","twitter_card":"summary_large_image","twitter_misc":{"Written by":"saulo","Est. reading time":"5 minutes"},"schema":{"@context":"https:\/\/schema.org","@graph":[{"@type":"WebPage","@id":"https:\/\/www.veracel.com.br\/apoiamos-o-desenvolvimento-de-assentamentos-da-regiao-sul-da-bahia\/","url":"https:\/\/www.veracel.com.br\/apoiamos-o-desenvolvimento-de-assentamentos-da-regiao-sul-da-bahia\/","name":"Apoiamos o desenvolvimento de assentamentos da regi\u00e3o Sul da Bahia - Veracel Celulose","isPartOf":{"@id":"https:\/\/www.veracel.com.br\/#website"},"primaryImageOfPage":{"@id":"https:\/\/www.veracel.com.br\/apoiamos-o-desenvolvimento-de-assentamentos-da-regiao-sul-da-bahia\/#primaryimage"},"image":{"@id":"https:\/\/www.veracel.com.br\/apoiamos-o-desenvolvimento-de-assentamentos-da-regiao-sul-da-bahia\/#primaryimage"},"thumbnailUrl":"https:\/\/www.veracel.com.br\/wp-content\/uploads\/2021\/07\/Veracel-desenvolvimento-de-assentamentos-da-regiao-Sul-da-Bahia-Site.jpg","datePublished":"2021-07-08T13:34:36+00:00","dateModified":"2022-01-24T12:40:32+00:00","breadcrumb":{"@id":"https:\/\/www.veracel.com.br\/apoiamos-o-desenvolvimento-de-assentamentos-da-regiao-sul-da-bahia\/#breadcrumb"},"inLanguage":"en-US","potentialAction":[{"@type":"ReadAction","target":["https:\/\/www.veracel.com.br\/apoiamos-o-desenvolvimento-de-assentamentos-da-regiao-sul-da-bahia\/"]}]},{"@type":"ImageObject","inLanguage":"en-US","@id":"https:\/\/www.veracel.com.br\/apoiamos-o-desenvolvimento-de-assentamentos-da-regiao-sul-da-bahia\/#primaryimage","url":"https:\/\/www.veracel.com.br\/wp-content\/uploads\/2021\/07\/Veracel-desenvolvimento-de-assentamentos-da-regiao-Sul-da-Bahia-Site.jpg","contentUrl":"https:\/\/www.veracel.com.br\/wp-content\/uploads\/2021\/07\/Veracel-desenvolvimento-de-assentamentos-da-regiao-Sul-da-Bahia-Site.jpg","width":620,"height":340,"caption":"Foto da produ\u00e7\u00e3o de cacau da Associa\u00e7\u00e3o Unidos do Grande Rio"},{"@type":"BreadcrumbList","@id":"https:\/\/www.veracel.com.br\/apoiamos-o-desenvolvimento-de-assentamentos-da-regiao-sul-da-bahia\/#breadcrumb","itemListElement":[{"@type":"ListItem","position":1,"name":"Home","item":"https:\/\/www.veracel.com.br\/"},{"@type":"ListItem","position":2,"name":"Not\u00edcias","item":"https:\/\/www.veracel.com.br\/noticias\/"},{"@type":"ListItem","position":3,"name":"Apoiamos o desenvolvimento de assentamentos da regi\u00e3o Sul da Bahia"}]},{"@type":"WebSite","@id":"https:\/\/www.veracel.com.br\/#website","url":"https:\/\/www.veracel.com.br\/","name":"Veracel Celulose","description":"Quando crescemos juntos vamos muito mais longe","publisher":{"@id":"https:\/\/www.veracel.com.br\/#organization"},"potentialAction":[{"@type":"SearchAction","target":{"@type":"EntryPoint","urlTemplate":"https:\/\/www.veracel.com.br\/?s={search_term_string}"},"query-input":{"@type":"PropertyValueSpecification","valueRequired":true,"valueName":"search_term_string"}}],"inLanguage":"en-US"},{"@type":"Organization","@id":"https:\/\/www.veracel.com.br\/#organization","name":"Veracel Celulose","url":"https:\/\/www.veracel.com.br\/","logo":{"@type":"ImageObject","inLanguage":"en-US","@id":"https:\/\/www.veracel.com.br\/#\/schema\/logo\/image\/","url":"https:\/\/www.veracel.com.br\/wp-content\/uploads\/2024\/08\/Ativo-1.png","contentUrl":"https:\/\/www.veracel.com.br\/wp-content\/uploads\/2024\/08\/Ativo-1.png","width":400,"height":121,"caption":"Veracel Celulose"},"image":{"@id":"https:\/\/www.veracel.com.br\/#\/schema\/logo\/image\/"},"sameAs":["https:\/\/www.instagram.com\/veracelcelulose","https:\/\/www.linkedin.com\/company\/veracelcelulose\/","https:\/\/www.youtube.com\/user\/CanalVeracel"]}]}},"_links":{"self":[{"href":"https:\/\/www.veracel.com.br\/en\/wp-json\/wp\/v2\/posts\/16678","targetHints":{"allow":["GET"]}}],"collection":[{"href":"https:\/\/www.veracel.com.br\/en\/wp-json\/wp\/v2\/posts"}],"about":[{"href":"https:\/\/www.veracel.com.br\/en\/wp-json\/wp\/v2\/types\/post"}],"author":[{"embeddable":true,"href":"https:\/\/www.veracel.com.br\/en\/wp-json\/wp\/v2\/users\/2"}],"replies":[{"embeddable":true,"href":"https:\/\/www.veracel.com.br\/en\/wp-json\/wp\/v2\/comments?post=16678"}],"version-history":[{"count":1,"href":"https:\/\/www.veracel.com.br\/en\/wp-json\/wp\/v2\/posts\/16678\/revisions"}],"predecessor-version":[{"id":17902,"href":"https:\/\/www.veracel.com.br\/en\/wp-json\/wp\/v2\/posts\/16678\/revisions\/17902"}],"wp:featuredmedia":[{"embeddable":true,"href":"https:\/\/www.veracel.com.br\/en\/wp-json\/wp\/v2\/media\/16682"}],"wp:attachment":[{"href":"https:\/\/www.veracel.com.br\/en\/wp-json\/wp\/v2\/media?parent=16678"}],"wp:term":[{"taxonomy":"category","embeddable":true,"href":"https:\/\/www.veracel.com.br\/en\/wp-json\/wp\/v2\/categories?post=16678"},{"taxonomy":"post_tag","embeddable":true,"href":"https:\/\/www.veracel.com.br\/en\/wp-json\/wp\/v2\/tags?post=16678"}],"curies":[{"name":"wp","href":"https:\/\/api.w.org\/{rel}","templated":true}]}}