{"id":16689,"date":"2021-07-09T17:56:20","date_gmt":"2021-07-09T20:56:20","guid":{"rendered":"https:\/\/www.veracel.com.br\/?p=16689"},"modified":"2022-01-24T09:34:55","modified_gmt":"2022-01-24T12:34:55","slug":"conheca-o-nosso-sistema-de-monitoramento-climatico-da-regiao-sul-da-bahia","status":"publish","type":"post","link":"https:\/\/www.veracel.com.br\/en\/conheca-o-nosso-sistema-de-monitoramento-climatico-da-regiao-sul-da-bahia\/","title":{"rendered":"Conhe\u00e7a o nosso sistema de monitoramento clim\u00e1tico da regi\u00e3o Sul da Bahia"},"content":{"rendered":"\n<p>Para n\u00f3s, que plantamos florestas, conhecer as tend\u00eancias e varia\u00e7\u00f5es clim\u00e1ticas n\u00e3o \u00e9 apenas estrat\u00e9gico, como tamb\u00e9m fundamental para um manejo florestal de qualidade.<\/p>\n\n\n\n<p>Com este objetivo, temos investido no desenvolvimento do monitoramento clim\u00e1tico e compilado informa\u00e7\u00f5es metereol\u00f3gicas da regi\u00e3o da Costa do Descobrimento h\u00e1 mais de 21 anos.<\/p>\n\n\n\n<p>Com 12 esta\u00e7\u00f5es coletam e transmitem dados meteorol\u00f3gicos automaticamente, monitoramos o clima em uma extens\u00e3o de aproximadamente 200.000 ha de territ\u00f3rio e representa uma das refer\u00eancias em monitoramento de dados clim\u00e1ticos no sul da Bahia.<\/p>\n\n\n\n<p>\u201cAs quest\u00f5es clim\u00e1ticas est\u00e3o cada vez mais em evid\u00eancia e conhecer o clima de nossa regi\u00e3o \u00e9 extremamente estrat\u00e9gico para nos ajudar a trabalhar o manejo das florestas de forma precisa, inteligente e respons\u00e1vel. Com este monitoramento, conseguimos planejar as estrat\u00e9gias potencializando a nossa produtividade de forma equilibrada com as caracter\u00edsticas clim\u00e1ticas e com uso racional dos recursos naturais\u201d, destaca Helton Louren\u00e7o, nosso coordenador de Manejo Florestal.<\/p>\n\n\n\n<h2 class=\"wp-block-heading\"><strong>Nosso monitoramento clim\u00e1tico<\/strong><strong><\/strong><\/h2>\n\n\n\n<p>Todas as nossas 12 esta\u00e7\u00f5es metereol\u00f3gicas contam com sensores de temperatura do ar, umidade relativa do ar, precipita\u00e7\u00e3o, radia\u00e7\u00e3o solar e dire\u00e7\u00e3o e velocidade do vento.<\/p>\n\n\n\n<p>Com esses dados s\u00e3o gerados relat\u00f3rios e estat\u00edsticas clim\u00e1ticas que preveem tend\u00eancias e apoaim as estrat\u00e9gias de atua\u00e7\u00e3o de diversas \u00e1reas da empresa.<\/p>\n\n\n\n<p>Hoje, tamb\u00e9m contamos com o apoio de 31 Produtores Florestais parceiros, que realizam o registro da precipita\u00e7\u00e3o di\u00e1ria a partir de pluvi\u00f4metros manuais instalados em suas planta\u00e7\u00f5es de eucalipto, gerando informa\u00e7\u00e3o de grande relev\u00e2ncia para o entendimento da distribui\u00e7\u00e3o da chuva nas \u00e1reas de plantio.<\/p>\n\n\n\n<p>O nosso monitoramento clim\u00e1tico ainda cruza dados coletados em bases p\u00fablicas disponibilizadas pelo Instuto Nacional de Pesquisas Espaciais (INPE) e Ag\u00eancia Nacional de \u00c1guas (ANA) al\u00e9m de fontes internacionais disponibilizadas pela NASA (Ag\u00eancia Nacional para Aeron\u00e1utica e Espa\u00e7o) e NOAA (Ag\u00eancia Nacional para Atmosfera e Oceanos).<\/p>\n\n\n\n<p>\u201cEsta jun\u00e7\u00e3o de dados e estat\u00edsticas geradas nestes 21 anos de monitoramento da Veracel com estas fontes externas nos permite ter um hist\u00f3rico de dados de mais de 30 anos\u201d, ressalta Helton.<\/p>\n\n\n\n<p>Os dados do monitoramento tamb\u00e9m s\u00e3o utilizados na an\u00e1lise de clima futuro.<\/p>\n\n\n\n<p>As condi\u00e7\u00f5es clim\u00e1ticas hist\u00f3ricas s\u00e3o comparadas com as condi\u00e7\u00f5es previstas para os anos seguintes utilizando modelos disponibilizados pelo INPE e por nossos parceiros.<\/p>\n\n\n\n<p>Estrategicamente, buscamos antecipar as circunst\u00e2ncias que os plantios futuros ir\u00e3o encontrar, permitindo otimizar as a\u00e7\u00f5es de planejamento.<\/p>\n\n\n\n<h2 class=\"wp-block-heading\"><strong>De olho no clima e na \u00e1gua<\/strong><strong><\/strong><\/h2>\n\n\n\n<p>Al\u00e9m do acompanhamento clim\u00e1tico, h\u00e1 14 anos realizamos tamb\u00e9m o monitoramento de microbacias localizadas em nossa \u00e1rea para o acompanhamento dos recursos h\u00eddricos da regi\u00e3o.<\/p>\n\n\n\n<p>Para este monitoramento, realizamos a sele\u00e7\u00e3o de pontos de an\u00e1lise que permitem a compara\u00e7\u00e3o do comportamento hidrol\u00f3gico entre duas microbacias, sendo que, para esse efeito comparativo, uma microbacia \u00e9 localizada na \u00e1rea de manejo florestal da empresa e outra localizada em \u00e1rea de mata nativa.<\/p>\n\n\n\n<p>Dessa forma, \u00e9 poss\u00edvel fazer uma compara\u00e7\u00e3o adequada da din\u00e2mica da \u00e1gua em termos de quantidade e qualidade.<\/p>\n\n\n\n<p>O estudo mede de forma cont\u00ednua os valores de precipita\u00e7\u00e3o pluviom\u00e9trica, n\u00edvel e a qualidade da \u00e1gua de superf\u00edcie e tamb\u00e9m do len\u00e7ol fre\u00e1tico.<\/p>\n\n\n\n<p>Com sensores instalados em pontos de monitoramento estrat\u00e9gicos, os par\u00e2metros de vaz\u00e3o da agua s\u00e3o registrados a cada 15 minutos durante todo o dia e, quinzenalmente, a equipe de campo realiza a coleta de amostras de \u00e1gua para avalia\u00e7\u00e3o da qualidade da \u00e1gua.<\/p>\n\n\n\n<p>Com esse monitoramento, conseguimos analisar se o manejo florestal&nbsp;empregado \u00e9 &nbsp;ambientalmente adequado, inclusive sendo avaliado periodicamente para a renova\u00e7\u00e3o de certifica\u00e7\u00f5es.<\/p>\n\n\n\n<p>Os resultados preliminares desse estudo indicam que a presen\u00e7a das florestas plantadas com eucalipto n\u00e3o comprometem a din\u00e2mica natural da microbacia e n\u00e3o afeta seu funcionamento hidrol\u00f3gico frente \u00e0s caracter\u00edsticas clim\u00e1ticas da regi\u00e3o.<\/p>\n\n\n\n<p>Assim como o manejo adotado nestas microbacias (porcentagem de \u00e1rea ocupada, espa\u00e7amento, entre outros) tamb\u00e9m n\u00e3o resultou em altera\u00e7\u00f5es na din\u00e2mica hidrol\u00f3gica.<\/p>\n\n\n\n<p>Esses resultados s\u00e3o importantes pois utilizamos essas informa\u00e7\u00f5es para buscar sempre melhorias em nosso&nbsp; manejo florestal, levando em considera\u00e7\u00e3o a premissa fundamental de prote\u00e7\u00e3o do meio ambiente.<\/p>\n\n\n\n<p>\u201cEstamos passando por um periodo de intensa flutua\u00e7\u00e3o clim\u00e1tica e, por isso, \u00e9 sempre importante avaliarmos novas formas de atua\u00e7\u00e3o para estarmos preparados para essas mudan\u00e7as e ajustarmos, conforme necess\u00e1rio, o nosso manejo de forma a mitigar quaisquer impactos nos recursos h\u00eddricos. Por isso, mais do que nunca, tanto o monitoramento do clima quanto o da qualidade dos recursos h\u00eddricos, s\u00e3o fundamentais para o planejamento de longo prazo da empresa\u201d, finaliza o coordenador.<\/p>\n\n\n\n<p>A nossa iniciativa de realizar monitoramento de microbacias faz parte do Programa Cooperativo de Monitoramento de Bacias Hidrogr\u00e1ficas (PROMAB), conduzido pelo Instituto de Pesquisas e Estudos Florestais (IPEF) e Esalq\/USP, que realiza um trabalho de monitoramento permanente em 21 microbacias experimentais em todo o Brasil. &nbsp;<\/p>\n","protected":false},"excerpt":{"rendered":"<p>Para n\u00f3s, que plantamos florestas, conhecer as tend\u00eancias e varia\u00e7\u00f5es clim\u00e1ticas n\u00e3o \u00e9 apenas estrat\u00e9gico, como tamb\u00e9m fundamental para um manejo florestal de qualidade. Com este objetivo, temos investido no desenvolvimento do monitoramento clim\u00e1tico e compilado informa\u00e7\u00f5es metereol\u00f3gicas da regi\u00e3o da Costa do Descobrimento h\u00e1 mais de 21 anos. Com 12 esta\u00e7\u00f5es coletam e transmitem [&hellip;]<\/p>\n","protected":false},"author":2,"featured_media":16690,"comment_status":"open","ping_status":"open","sticky":false,"template":"","format":"standard","meta":{"_acf_changed":false,"footnotes":"","_links_to":"","_links_to_target":""},"categories":[211,332],"tags":[319,318,320],"class_list":["post-16689","post","type-post","status-publish","format-standard","has-post-thumbnail","hentry","category-noticias","category-sustentabilidade-veracel","tag-agua","tag-clima","tag-climatico"],"acf":[],"yoast_head":"<!-- This site is optimized with the Yoast SEO Premium plugin v26.7 (Yoast SEO v27.4) - https:\/\/yoast.com\/product\/yoast-seo-premium-wordpress\/ -->\n<title>Conhe\u00e7a o nosso sistema de monitoramento clim\u00e1tico da regi\u00e3o Sul da Bahia - Veracel Celulose<\/title>\n<meta name=\"description\" content=\"Com 21 anos de monitoramento cont\u00ednuo, 12 esta\u00e7\u00f5es metereol\u00f3gicas e parcerias com Produtores Florestais, possu\u00edmos um sistema de acompanhamento metereol\u00f3gico de refer\u00eancia da regi\u00e3o Sul da Bahia.\" \/>\n<meta name=\"robots\" content=\"index, follow, max-snippet:-1, max-image-preview:large, max-video-preview:-1\" \/>\n<link rel=\"canonical\" href=\"https:\/\/www.veracel.com.br\/conheca-o-nosso-sistema-de-monitoramento-climatico-da-regiao-sul-da-bahia\/\" \/>\n<meta property=\"og:locale\" content=\"en_US\" \/>\n<meta property=\"og:type\" content=\"article\" \/>\n<meta property=\"og:title\" content=\"Conhe\u00e7a o nosso sistema de monitoramento clim\u00e1tico da regi\u00e3o Sul da Bahia\" \/>\n<meta property=\"og:description\" content=\"Com 21 anos de monitoramento cont\u00ednuo, 12 esta\u00e7\u00f5es metereol\u00f3gicas e parcerias com Produtores Florestais, possu\u00edmos um sistema de acompanhamento metereol\u00f3gico de refer\u00eancia da regi\u00e3o Sul da Bahia.\" \/>\n<meta property=\"og:url\" content=\"https:\/\/www.veracel.com.br\/conheca-o-nosso-sistema-de-monitoramento-climatico-da-regiao-sul-da-bahia\/\" \/>\n<meta property=\"og:site_name\" content=\"Veracel Celulose\" \/>\n<meta property=\"article:published_time\" content=\"2021-07-09T20:56:20+00:00\" \/>\n<meta property=\"article:modified_time\" content=\"2022-01-24T12:34:55+00:00\" \/>\n<meta property=\"og:image\" content=\"https:\/\/www.veracel.com.br\/wp-content\/uploads\/2021\/07\/Veracel-Monitoramento-Climatico-Site.jpg\" \/>\n\t<meta property=\"og:image:width\" content=\"620\" \/>\n\t<meta property=\"og:image:height\" content=\"340\" \/>\n\t<meta property=\"og:image:type\" content=\"image\/jpeg\" \/>\n<meta name=\"author\" content=\"saulo\" \/>\n<meta name=\"twitter:card\" content=\"summary_large_image\" \/>\n<meta name=\"twitter:label1\" content=\"Written by\" \/>\n\t<meta name=\"twitter:data1\" content=\"saulo\" \/>\n\t<meta name=\"twitter:label2\" content=\"Est. reading time\" \/>\n\t<meta name=\"twitter:data2\" content=\"4 minutes\" \/>\n<script type=\"application\/ld+json\" class=\"yoast-schema-graph\">{\"@context\":\"https:\\\/\\\/schema.org\",\"@graph\":[{\"@type\":\"WebPage\",\"@id\":\"https:\\\/\\\/www.veracel.com.br\\\/conheca-o-nosso-sistema-de-monitoramento-climatico-da-regiao-sul-da-bahia\\\/\",\"url\":\"https:\\\/\\\/www.veracel.com.br\\\/conheca-o-nosso-sistema-de-monitoramento-climatico-da-regiao-sul-da-bahia\\\/\",\"name\":\"Conhe\u00e7a o nosso sistema de monitoramento clim\u00e1tico da regi\u00e3o Sul da Bahia - Veracel Celulose\",\"isPartOf\":{\"@id\":\"https:\\\/\\\/www.veracel.com.br\\\/#website\"},\"primaryImageOfPage\":{\"@id\":\"https:\\\/\\\/www.veracel.com.br\\\/conheca-o-nosso-sistema-de-monitoramento-climatico-da-regiao-sul-da-bahia\\\/#primaryimage\"},\"image\":{\"@id\":\"https:\\\/\\\/www.veracel.com.br\\\/conheca-o-nosso-sistema-de-monitoramento-climatico-da-regiao-sul-da-bahia\\\/#primaryimage\"},\"thumbnailUrl\":\"https:\\\/\\\/www.veracel.com.br\\\/wp-content\\\/uploads\\\/2021\\\/07\\\/Veracel-Monitoramento-Climatico-Site.jpg\",\"datePublished\":\"2021-07-09T20:56:20+00:00\",\"dateModified\":\"2022-01-24T12:34:55+00:00\",\"description\":\"Com 21 anos de monitoramento cont\u00ednuo, 12 esta\u00e7\u00f5es metereol\u00f3gicas e parcerias com Produtores Florestais, possu\u00edmos um sistema de acompanhamento metereol\u00f3gico de refer\u00eancia da regi\u00e3o Sul da Bahia.\",\"breadcrumb\":{\"@id\":\"https:\\\/\\\/www.veracel.com.br\\\/conheca-o-nosso-sistema-de-monitoramento-climatico-da-regiao-sul-da-bahia\\\/#breadcrumb\"},\"inLanguage\":\"en-US\",\"potentialAction\":[{\"@type\":\"ReadAction\",\"target\":[\"https:\\\/\\\/www.veracel.com.br\\\/conheca-o-nosso-sistema-de-monitoramento-climatico-da-regiao-sul-da-bahia\\\/\"]}]},{\"@type\":\"ImageObject\",\"inLanguage\":\"en-US\",\"@id\":\"https:\\\/\\\/www.veracel.com.br\\\/conheca-o-nosso-sistema-de-monitoramento-climatico-da-regiao-sul-da-bahia\\\/#primaryimage\",\"url\":\"https:\\\/\\\/www.veracel.com.br\\\/wp-content\\\/uploads\\\/2021\\\/07\\\/Veracel-Monitoramento-Climatico-Site.jpg\",\"contentUrl\":\"https:\\\/\\\/www.veracel.com.br\\\/wp-content\\\/uploads\\\/2021\\\/07\\\/Veracel-Monitoramento-Climatico-Site.jpg\",\"width\":620,\"height\":340},{\"@type\":\"BreadcrumbList\",\"@id\":\"https:\\\/\\\/www.veracel.com.br\\\/conheca-o-nosso-sistema-de-monitoramento-climatico-da-regiao-sul-da-bahia\\\/#breadcrumb\",\"itemListElement\":[{\"@type\":\"ListItem\",\"position\":1,\"name\":\"Home\",\"item\":\"https:\\\/\\\/www.veracel.com.br\\\/\"},{\"@type\":\"ListItem\",\"position\":2,\"name\":\"Sustentabilidade na Veracel\",\"item\":\"https:\\\/\\\/www.veracel.com.br\\\/sustentabilidade-na-veracel\\\/\"},{\"@type\":\"ListItem\",\"position\":3,\"name\":\"Conhe\u00e7a o nosso sistema de monitoramento clim\u00e1tico da regi\u00e3o Sul da Bahia\"}]},{\"@type\":\"WebSite\",\"@id\":\"https:\\\/\\\/www.veracel.com.br\\\/#website\",\"url\":\"https:\\\/\\\/www.veracel.com.br\\\/\",\"name\":\"Veracel Celulose\",\"description\":\"Quando crescemos juntos vamos muito mais longe\",\"publisher\":{\"@id\":\"https:\\\/\\\/www.veracel.com.br\\\/#organization\"},\"potentialAction\":[{\"@type\":\"SearchAction\",\"target\":{\"@type\":\"EntryPoint\",\"urlTemplate\":\"https:\\\/\\\/www.veracel.com.br\\\/?s={search_term_string}\"},\"query-input\":{\"@type\":\"PropertyValueSpecification\",\"valueRequired\":true,\"valueName\":\"search_term_string\"}}],\"inLanguage\":\"en-US\"},{\"@type\":\"Organization\",\"@id\":\"https:\\\/\\\/www.veracel.com.br\\\/#organization\",\"name\":\"Veracel Celulose\",\"url\":\"https:\\\/\\\/www.veracel.com.br\\\/\",\"logo\":{\"@type\":\"ImageObject\",\"inLanguage\":\"en-US\",\"@id\":\"https:\\\/\\\/www.veracel.com.br\\\/#\\\/schema\\\/logo\\\/image\\\/\",\"url\":\"https:\\\/\\\/www.veracel.com.br\\\/wp-content\\\/uploads\\\/2024\\\/08\\\/Ativo-1.png\",\"contentUrl\":\"https:\\\/\\\/www.veracel.com.br\\\/wp-content\\\/uploads\\\/2024\\\/08\\\/Ativo-1.png\",\"width\":400,\"height\":121,\"caption\":\"Veracel Celulose\"},\"image\":{\"@id\":\"https:\\\/\\\/www.veracel.com.br\\\/#\\\/schema\\\/logo\\\/image\\\/\"},\"sameAs\":[\"https:\\\/\\\/www.instagram.com\\\/veracelcelulose\",\"https:\\\/\\\/www.linkedin.com\\\/company\\\/veracelcelulose\\\/\",\"https:\\\/\\\/www.youtube.com\\\/user\\\/CanalVeracel\"]}]}<\/script>\n<!-- \/ Yoast SEO Premium plugin. -->","yoast_head_json":{"title":"Conhe\u00e7a o nosso sistema de monitoramento clim\u00e1tico da regi\u00e3o Sul da Bahia - Veracel Celulose","description":"Com 21 anos de monitoramento cont\u00ednuo, 12 esta\u00e7\u00f5es metereol\u00f3gicas e parcerias com Produtores Florestais, possu\u00edmos um sistema de acompanhamento metereol\u00f3gico de refer\u00eancia da regi\u00e3o Sul da Bahia.","robots":{"index":"index","follow":"follow","max-snippet":"max-snippet:-1","max-image-preview":"max-image-preview:large","max-video-preview":"max-video-preview:-1"},"canonical":"https:\/\/www.veracel.com.br\/conheca-o-nosso-sistema-de-monitoramento-climatico-da-regiao-sul-da-bahia\/","og_locale":"en_US","og_type":"article","og_title":"Conhe\u00e7a o nosso sistema de monitoramento clim\u00e1tico da regi\u00e3o Sul da Bahia","og_description":"Com 21 anos de monitoramento cont\u00ednuo, 12 esta\u00e7\u00f5es metereol\u00f3gicas e parcerias com Produtores Florestais, possu\u00edmos um sistema de acompanhamento metereol\u00f3gico de refer\u00eancia da regi\u00e3o Sul da Bahia.","og_url":"https:\/\/www.veracel.com.br\/conheca-o-nosso-sistema-de-monitoramento-climatico-da-regiao-sul-da-bahia\/","og_site_name":"Veracel Celulose","article_published_time":"2021-07-09T20:56:20+00:00","article_modified_time":"2022-01-24T12:34:55+00:00","og_image":[{"width":620,"height":340,"url":"https:\/\/www.veracel.com.br\/wp-content\/uploads\/2021\/07\/Veracel-Monitoramento-Climatico-Site.jpg","type":"image\/jpeg"}],"author":"saulo","twitter_card":"summary_large_image","twitter_misc":{"Written by":"saulo","Est. reading time":"4 minutes"},"schema":{"@context":"https:\/\/schema.org","@graph":[{"@type":"WebPage","@id":"https:\/\/www.veracel.com.br\/conheca-o-nosso-sistema-de-monitoramento-climatico-da-regiao-sul-da-bahia\/","url":"https:\/\/www.veracel.com.br\/conheca-o-nosso-sistema-de-monitoramento-climatico-da-regiao-sul-da-bahia\/","name":"Conhe\u00e7a o nosso sistema de monitoramento clim\u00e1tico da regi\u00e3o Sul da Bahia - Veracel Celulose","isPartOf":{"@id":"https:\/\/www.veracel.com.br\/#website"},"primaryImageOfPage":{"@id":"https:\/\/www.veracel.com.br\/conheca-o-nosso-sistema-de-monitoramento-climatico-da-regiao-sul-da-bahia\/#primaryimage"},"image":{"@id":"https:\/\/www.veracel.com.br\/conheca-o-nosso-sistema-de-monitoramento-climatico-da-regiao-sul-da-bahia\/#primaryimage"},"thumbnailUrl":"https:\/\/www.veracel.com.br\/wp-content\/uploads\/2021\/07\/Veracel-Monitoramento-Climatico-Site.jpg","datePublished":"2021-07-09T20:56:20+00:00","dateModified":"2022-01-24T12:34:55+00:00","description":"Com 21 anos de monitoramento cont\u00ednuo, 12 esta\u00e7\u00f5es metereol\u00f3gicas e parcerias com Produtores Florestais, possu\u00edmos um sistema de acompanhamento metereol\u00f3gico de refer\u00eancia da regi\u00e3o Sul da Bahia.","breadcrumb":{"@id":"https:\/\/www.veracel.com.br\/conheca-o-nosso-sistema-de-monitoramento-climatico-da-regiao-sul-da-bahia\/#breadcrumb"},"inLanguage":"en-US","potentialAction":[{"@type":"ReadAction","target":["https:\/\/www.veracel.com.br\/conheca-o-nosso-sistema-de-monitoramento-climatico-da-regiao-sul-da-bahia\/"]}]},{"@type":"ImageObject","inLanguage":"en-US","@id":"https:\/\/www.veracel.com.br\/conheca-o-nosso-sistema-de-monitoramento-climatico-da-regiao-sul-da-bahia\/#primaryimage","url":"https:\/\/www.veracel.com.br\/wp-content\/uploads\/2021\/07\/Veracel-Monitoramento-Climatico-Site.jpg","contentUrl":"https:\/\/www.veracel.com.br\/wp-content\/uploads\/2021\/07\/Veracel-Monitoramento-Climatico-Site.jpg","width":620,"height":340},{"@type":"BreadcrumbList","@id":"https:\/\/www.veracel.com.br\/conheca-o-nosso-sistema-de-monitoramento-climatico-da-regiao-sul-da-bahia\/#breadcrumb","itemListElement":[{"@type":"ListItem","position":1,"name":"Home","item":"https:\/\/www.veracel.com.br\/"},{"@type":"ListItem","position":2,"name":"Sustentabilidade na Veracel","item":"https:\/\/www.veracel.com.br\/sustentabilidade-na-veracel\/"},{"@type":"ListItem","position":3,"name":"Conhe\u00e7a o nosso sistema de monitoramento clim\u00e1tico da regi\u00e3o Sul da Bahia"}]},{"@type":"WebSite","@id":"https:\/\/www.veracel.com.br\/#website","url":"https:\/\/www.veracel.com.br\/","name":"Veracel Celulose","description":"Quando crescemos juntos vamos muito mais longe","publisher":{"@id":"https:\/\/www.veracel.com.br\/#organization"},"potentialAction":[{"@type":"SearchAction","target":{"@type":"EntryPoint","urlTemplate":"https:\/\/www.veracel.com.br\/?s={search_term_string}"},"query-input":{"@type":"PropertyValueSpecification","valueRequired":true,"valueName":"search_term_string"}}],"inLanguage":"en-US"},{"@type":"Organization","@id":"https:\/\/www.veracel.com.br\/#organization","name":"Veracel Celulose","url":"https:\/\/www.veracel.com.br\/","logo":{"@type":"ImageObject","inLanguage":"en-US","@id":"https:\/\/www.veracel.com.br\/#\/schema\/logo\/image\/","url":"https:\/\/www.veracel.com.br\/wp-content\/uploads\/2024\/08\/Ativo-1.png","contentUrl":"https:\/\/www.veracel.com.br\/wp-content\/uploads\/2024\/08\/Ativo-1.png","width":400,"height":121,"caption":"Veracel Celulose"},"image":{"@id":"https:\/\/www.veracel.com.br\/#\/schema\/logo\/image\/"},"sameAs":["https:\/\/www.instagram.com\/veracelcelulose","https:\/\/www.linkedin.com\/company\/veracelcelulose\/","https:\/\/www.youtube.com\/user\/CanalVeracel"]}]}},"_links":{"self":[{"href":"https:\/\/www.veracel.com.br\/en\/wp-json\/wp\/v2\/posts\/16689","targetHints":{"allow":["GET"]}}],"collection":[{"href":"https:\/\/www.veracel.com.br\/en\/wp-json\/wp\/v2\/posts"}],"about":[{"href":"https:\/\/www.veracel.com.br\/en\/wp-json\/wp\/v2\/types\/post"}],"author":[{"embeddable":true,"href":"https:\/\/www.veracel.com.br\/en\/wp-json\/wp\/v2\/users\/2"}],"replies":[{"embeddable":true,"href":"https:\/\/www.veracel.com.br\/en\/wp-json\/wp\/v2\/comments?post=16689"}],"version-history":[{"count":1,"href":"https:\/\/www.veracel.com.br\/en\/wp-json\/wp\/v2\/posts\/16689\/revisions"}],"predecessor-version":[{"id":16694,"href":"https:\/\/www.veracel.com.br\/en\/wp-json\/wp\/v2\/posts\/16689\/revisions\/16694"}],"wp:featuredmedia":[{"embeddable":true,"href":"https:\/\/www.veracel.com.br\/en\/wp-json\/wp\/v2\/media\/16690"}],"wp:attachment":[{"href":"https:\/\/www.veracel.com.br\/en\/wp-json\/wp\/v2\/media?parent=16689"}],"wp:term":[{"taxonomy":"category","embeddable":true,"href":"https:\/\/www.veracel.com.br\/en\/wp-json\/wp\/v2\/categories?post=16689"},{"taxonomy":"post_tag","embeddable":true,"href":"https:\/\/www.veracel.com.br\/en\/wp-json\/wp\/v2\/tags?post=16689"}],"curies":[{"name":"wp","href":"https:\/\/api.w.org\/{rel}","templated":true}]}}