{"id":16756,"date":"2021-08-27T13:51:58","date_gmt":"2021-08-27T16:51:58","guid":{"rendered":"https:\/\/www.veracel.com.br\/?p=16756"},"modified":"2021-10-18T10:53:19","modified_gmt":"2021-10-18T13:53:19","slug":"sensores-iot-para-monitoramento-do-crescimento-de-nossas-florestas-de-eucalipto","status":"publish","type":"post","link":"https:\/\/www.veracel.com.br\/en\/sensores-iot-para-monitoramento-do-crescimento-de-nossas-florestas-de-eucalipto\/","title":{"rendered":"Sensores IoT para monitoramento do crescimento de nossas florestas de eucalipto"},"content":{"rendered":"\n<p>Muito se fala em internet das coisas, com objetos f\u00edsicos sendo monitorados em tempo real e acompanhados digitalmente.<\/p>\n\n\n\n<p>J\u00e1 vemos alguns exemplos dessa tend\u00eancia cada vez mais presentes em nosso dia a dia, como o uso de aparelhos de assistentes virtuais para conectar e controlar r\u00e1dios, televisores, luzes e outras funcionalidades dentro de uma resid\u00eancia.<\/p>\n\n\n\n<p>Contudo, ser\u00e1 que esse tipo de conectividade \u00e9 poss\u00edvel dentro de uma floresta de eucalipto?<\/p>\n\n\n\n<p>Para a n\u00f3s, a resposta \u00e9 sim.<\/p>\n\n\n\n<h2 class=\"wp-block-heading\"><strong>Inova\u00e7\u00e3o Florestal<\/strong><\/h2>\n\n\n\n<p>Acabamos de aderir \u00e0 tecnologia de sensores IoT (internet das coisas) para monitorar o crescimento de nossas florestas.<\/p>\n\n\n\n<p>O monitoramento com medi\u00e7\u00f5es manuais agora \u00e9 de forma digital, mais \u00e1gil e eficiente.<\/p>\n\n\n\n<p>A inova\u00e7\u00e3o foi desenvolvida pelo parceiro fornecedor de tecnologias florestais <strong><em>Treevia Forest Technologies<\/em><\/strong> e implementada em nossas \u00e1reas desde maio deste ano.<\/p>\n\n\n\n<p>\u201cCom essa tecnologia, poderemos melhorar ainda mais nossas metodologias de an\u00e1lises de dados e conseguiremos realizar avalia\u00e7\u00f5es e recomenda\u00e7\u00f5es de forma mais precisa. Ser\u00e1 poss\u00edvel, por exemplo, avaliar como fatores clim\u00e1ticos interv\u00eam no crescimento da floresta. Isso permitir\u00e1 gerir o invent\u00e1rio e trabalhar as planta\u00e7\u00f5es de eucalipto de forma sempre mais estrat\u00e9gica e produtiva para a empresa\u201d, explica Marcos Vin\u00edcius Santana Leite, nosso especialista em Planejamento Florestal.<\/p>\n\n\n\n<h2 class=\"wp-block-heading\"><strong>A tecnologia<\/strong><\/h2>\n\n\n\n<p>Instalamos 150 sensores IoT, em pontos estrat\u00e9gicos da planta\u00e7\u00e3o, permitindo conhecer o crescimento de nossas florestas de forma pr\u00e1tica.<\/p>\n\n\n\n<p>Os sensores t\u00eam capacidade para coletar informa\u00e7\u00f5es a cada 10 segundos.<\/p>\n\n\n\n<p>Eles s\u00e3o, ainda, programados para funcionar durante o dia e s\u00e3o automaticamente desligados \u00e0 noite, otimizando o uso de bateria.<\/p>\n\n\n\n<p>Isso garante sua dura\u00e7\u00e3o em todo o ciclo de produ\u00e7\u00e3o das \u00e1rvores entre plantio e colheita.<\/p>\n\n\n\n<p>Com isso, n\u00e3o h\u00e1 necessidade de recarregar ou trocar os sensores durante todo o per\u00edodo necess\u00e1rio para o acompanhamento do nosso invent\u00e1rio florestal.<\/p>\n\n\n\n<p><strong>Mais tecnologia: Uso de drones para medi\u00e7\u00e3o de invent\u00e1rio de estoques<\/strong><strong><\/strong><\/p>\n\n\n\n<p>Al\u00e9m da novidade dos sensores IoT para acompanhar o crescimento da floresta de eucalipto, tamb\u00e9m utilizamos a tecnologia de drones para otimizar o tempo de medi\u00e7\u00e3o e controle da quantidade de madeira colhida armazenada em pilhas.<\/p>\n\n\n\n<p>Os drones fazem um mapeamento 3D das pilhas, utilizando um m\u00e9todo conhecido como aerofotogrametria.<\/p>\n\n\n\n<p>Com essa t\u00e9cnica, \u00e9 feita a medi\u00e7\u00e3o da altura e o comprimento das pilhas, entregando o c\u00e1lculo do volume de madeira total nas pilhas de madeira em estoque.<\/p>\n\n\n\n<p>O novo m\u00e9todo ir\u00e1 substituir definitivamente o invent\u00e1rio manual.<\/p>\n\n\n\n<p>\u201cGanhamos efici\u00eancia no processo de medi\u00e7\u00e3o do volume de madeira empilhada e podemos atualizar e validar as informa\u00e7\u00f5es de estoque de madeira com muito mais precis\u00e3o e agilidade, apoiando o planejamento de produ\u00e7\u00e3o de celulose na f\u00e1brica\u201d, pontua Fl\u00e1via Silveira, Analista de Geoprocessamento. <\/p>\n\n\n\n<p>J\u00e1 temos utilizado drones em diferentes frentes para levantamentos de sobreviv\u00eancia de plantios, monitoramento de doen\u00e7as e distribui\u00e7\u00e3o de inimigos naturais para combater pragas nas planta\u00e7\u00f5es de eucalipto, entre outras atividades.<\/p>\n\n\n\n<p>Para garantir a seguran\u00e7a do uso da tecnologia, foi criado um m\u00e9todo de organiza\u00e7\u00e3o do nosso espa\u00e7o a\u00e9reo, por meio de uma ferramenta de agendamento de sobrevoos realizados por drones pr\u00f3prios ou de empresas parceiras.<\/p>\n\n\n\n<p>Assim, s\u00e3o evitadas colis\u00f5es entre as aeronaves n\u00e3o tripuladas e as tripuladas, que tamb\u00e9m nos prestam servi\u00e7os.<\/p>\n","protected":false},"excerpt":{"rendered":"<p>Muito se fala em internet das coisas, com objetos f\u00edsicos sendo monitorados em tempo real e acompanhados digitalmente. J\u00e1 vemos alguns exemplos dessa tend\u00eancia cada vez mais presentes em nosso dia a dia, como o uso de aparelhos de assistentes virtuais para conectar e controlar r\u00e1dios, televisores, luzes e outras funcionalidades dentro de uma resid\u00eancia. [&hellip;]<\/p>\n","protected":false},"author":2,"featured_media":0,"comment_status":"open","ping_status":"open","sticky":false,"template":"","format":"standard","meta":{"_acf_changed":false,"footnotes":"","_links_to":"","_links_to_target":""},"categories":[271,211],"tags":[],"class_list":["post-16756","post","type-post","status-publish","format-standard","hentry","category-a-veracel","category-noticias"],"acf":[],"yoast_head":"<!-- This site is optimized with the Yoast SEO Premium plugin v26.7 (Yoast SEO v27.4) - https:\/\/yoast.com\/product\/yoast-seo-premium-wordpress\/ -->\n<title>Sensores IoT para monitoramento do crescimento de nossas florestas de eucalipto - Veracel Celulose<\/title>\n<meta name=\"description\" content=\"Com sensores de tecnologia IoT instalados nas \u00e1rvores em pontos estrat\u00e9gicos da planta\u00e7\u00e3o, ampliamos nossa aplica\u00e7\u00e3o de conceitos de Florestas 4.0\" \/>\n<meta name=\"robots\" content=\"index, follow, max-snippet:-1, max-image-preview:large, max-video-preview:-1\" \/>\n<link rel=\"canonical\" href=\"https:\/\/www.veracel.com.br\/sensores-iot-para-monitoramento-do-crescimento-de-nossas-florestas-de-eucalipto\/\" \/>\n<meta property=\"og:locale\" content=\"en_US\" \/>\n<meta property=\"og:type\" content=\"article\" \/>\n<meta property=\"og:title\" content=\"Sensores IoT para monitoramento do crescimento de nossas florestas de eucalipto\" \/>\n<meta property=\"og:description\" content=\"Com sensores de tecnologia IoT instalados nas \u00e1rvores em pontos estrat\u00e9gicos da planta\u00e7\u00e3o, ampliamos nossa aplica\u00e7\u00e3o de conceitos de Florestas 4.0\" \/>\n<meta property=\"og:url\" content=\"https:\/\/www.veracel.com.br\/sensores-iot-para-monitoramento-do-crescimento-de-nossas-florestas-de-eucalipto\/\" \/>\n<meta property=\"og:site_name\" content=\"Veracel Celulose\" \/>\n<meta property=\"article:published_time\" content=\"2021-08-27T16:51:58+00:00\" \/>\n<meta property=\"article:modified_time\" content=\"2021-10-18T13:53:19+00:00\" \/>\n<meta name=\"author\" content=\"saulo\" \/>\n<meta name=\"twitter:card\" content=\"summary_large_image\" \/>\n<meta name=\"twitter:label1\" content=\"Written by\" \/>\n\t<meta name=\"twitter:data1\" content=\"saulo\" \/>\n\t<meta name=\"twitter:label2\" content=\"Est. reading time\" \/>\n\t<meta name=\"twitter:data2\" content=\"3 minutes\" \/>\n<script type=\"application\/ld+json\" class=\"yoast-schema-graph\">{\"@context\":\"https:\\\/\\\/schema.org\",\"@graph\":[{\"@type\":\"WebPage\",\"@id\":\"https:\\\/\\\/www.veracel.com.br\\\/sensores-iot-para-monitoramento-do-crescimento-de-nossas-florestas-de-eucalipto\\\/\",\"url\":\"https:\\\/\\\/www.veracel.com.br\\\/sensores-iot-para-monitoramento-do-crescimento-de-nossas-florestas-de-eucalipto\\\/\",\"name\":\"Sensores IoT para monitoramento do crescimento de nossas florestas de eucalipto - Veracel Celulose\",\"isPartOf\":{\"@id\":\"https:\\\/\\\/www.veracel.com.br\\\/#website\"},\"datePublished\":\"2021-08-27T16:51:58+00:00\",\"dateModified\":\"2021-10-18T13:53:19+00:00\",\"description\":\"Com sensores de tecnologia IoT instalados nas \u00e1rvores em pontos estrat\u00e9gicos da planta\u00e7\u00e3o, ampliamos nossa aplica\u00e7\u00e3o de conceitos de Florestas 4.0\",\"breadcrumb\":{\"@id\":\"https:\\\/\\\/www.veracel.com.br\\\/sensores-iot-para-monitoramento-do-crescimento-de-nossas-florestas-de-eucalipto\\\/#breadcrumb\"},\"inLanguage\":\"en-US\",\"potentialAction\":[{\"@type\":\"ReadAction\",\"target\":[\"https:\\\/\\\/www.veracel.com.br\\\/sensores-iot-para-monitoramento-do-crescimento-de-nossas-florestas-de-eucalipto\\\/\"]}]},{\"@type\":\"BreadcrumbList\",\"@id\":\"https:\\\/\\\/www.veracel.com.br\\\/sensores-iot-para-monitoramento-do-crescimento-de-nossas-florestas-de-eucalipto\\\/#breadcrumb\",\"itemListElement\":[{\"@type\":\"ListItem\",\"position\":1,\"name\":\"Home\",\"item\":\"https:\\\/\\\/www.veracel.com.br\\\/\"},{\"@type\":\"ListItem\",\"position\":2,\"name\":\"A Veracel\",\"item\":\"https:\\\/\\\/www.veracel.com.br\\\/a-veracel\\\/\"},{\"@type\":\"ListItem\",\"position\":3,\"name\":\"Sensores IoT para monitoramento do crescimento de nossas florestas de eucalipto\"}]},{\"@type\":\"WebSite\",\"@id\":\"https:\\\/\\\/www.veracel.com.br\\\/#website\",\"url\":\"https:\\\/\\\/www.veracel.com.br\\\/\",\"name\":\"Veracel Celulose\",\"description\":\"Quando crescemos juntos vamos muito mais longe\",\"publisher\":{\"@id\":\"https:\\\/\\\/www.veracel.com.br\\\/#organization\"},\"potentialAction\":[{\"@type\":\"SearchAction\",\"target\":{\"@type\":\"EntryPoint\",\"urlTemplate\":\"https:\\\/\\\/www.veracel.com.br\\\/?s={search_term_string}\"},\"query-input\":{\"@type\":\"PropertyValueSpecification\",\"valueRequired\":true,\"valueName\":\"search_term_string\"}}],\"inLanguage\":\"en-US\"},{\"@type\":\"Organization\",\"@id\":\"https:\\\/\\\/www.veracel.com.br\\\/#organization\",\"name\":\"Veracel Celulose\",\"url\":\"https:\\\/\\\/www.veracel.com.br\\\/\",\"logo\":{\"@type\":\"ImageObject\",\"inLanguage\":\"en-US\",\"@id\":\"https:\\\/\\\/www.veracel.com.br\\\/#\\\/schema\\\/logo\\\/image\\\/\",\"url\":\"https:\\\/\\\/www.veracel.com.br\\\/wp-content\\\/uploads\\\/2024\\\/08\\\/Ativo-1.png\",\"contentUrl\":\"https:\\\/\\\/www.veracel.com.br\\\/wp-content\\\/uploads\\\/2024\\\/08\\\/Ativo-1.png\",\"width\":400,\"height\":121,\"caption\":\"Veracel Celulose\"},\"image\":{\"@id\":\"https:\\\/\\\/www.veracel.com.br\\\/#\\\/schema\\\/logo\\\/image\\\/\"},\"sameAs\":[\"https:\\\/\\\/www.instagram.com\\\/veracelcelulose\",\"https:\\\/\\\/www.linkedin.com\\\/company\\\/veracelcelulose\\\/\",\"https:\\\/\\\/www.youtube.com\\\/user\\\/CanalVeracel\"]}]}<\/script>\n<!-- \/ Yoast SEO Premium plugin. -->","yoast_head_json":{"title":"Sensores IoT para monitoramento do crescimento de nossas florestas de eucalipto - Veracel Celulose","description":"Com sensores de tecnologia IoT instalados nas \u00e1rvores em pontos estrat\u00e9gicos da planta\u00e7\u00e3o, ampliamos nossa aplica\u00e7\u00e3o de conceitos de Florestas 4.0","robots":{"index":"index","follow":"follow","max-snippet":"max-snippet:-1","max-image-preview":"max-image-preview:large","max-video-preview":"max-video-preview:-1"},"canonical":"https:\/\/www.veracel.com.br\/sensores-iot-para-monitoramento-do-crescimento-de-nossas-florestas-de-eucalipto\/","og_locale":"en_US","og_type":"article","og_title":"Sensores IoT para monitoramento do crescimento de nossas florestas de eucalipto","og_description":"Com sensores de tecnologia IoT instalados nas \u00e1rvores em pontos estrat\u00e9gicos da planta\u00e7\u00e3o, ampliamos nossa aplica\u00e7\u00e3o de conceitos de Florestas 4.0","og_url":"https:\/\/www.veracel.com.br\/sensores-iot-para-monitoramento-do-crescimento-de-nossas-florestas-de-eucalipto\/","og_site_name":"Veracel Celulose","article_published_time":"2021-08-27T16:51:58+00:00","article_modified_time":"2021-10-18T13:53:19+00:00","author":"saulo","twitter_card":"summary_large_image","twitter_misc":{"Written by":"saulo","Est. reading time":"3 minutes"},"schema":{"@context":"https:\/\/schema.org","@graph":[{"@type":"WebPage","@id":"https:\/\/www.veracel.com.br\/sensores-iot-para-monitoramento-do-crescimento-de-nossas-florestas-de-eucalipto\/","url":"https:\/\/www.veracel.com.br\/sensores-iot-para-monitoramento-do-crescimento-de-nossas-florestas-de-eucalipto\/","name":"Sensores IoT para monitoramento do crescimento de nossas florestas de eucalipto - Veracel Celulose","isPartOf":{"@id":"https:\/\/www.veracel.com.br\/#website"},"datePublished":"2021-08-27T16:51:58+00:00","dateModified":"2021-10-18T13:53:19+00:00","description":"Com sensores de tecnologia IoT instalados nas \u00e1rvores em pontos estrat\u00e9gicos da planta\u00e7\u00e3o, ampliamos nossa aplica\u00e7\u00e3o de conceitos de Florestas 4.0","breadcrumb":{"@id":"https:\/\/www.veracel.com.br\/sensores-iot-para-monitoramento-do-crescimento-de-nossas-florestas-de-eucalipto\/#breadcrumb"},"inLanguage":"en-US","potentialAction":[{"@type":"ReadAction","target":["https:\/\/www.veracel.com.br\/sensores-iot-para-monitoramento-do-crescimento-de-nossas-florestas-de-eucalipto\/"]}]},{"@type":"BreadcrumbList","@id":"https:\/\/www.veracel.com.br\/sensores-iot-para-monitoramento-do-crescimento-de-nossas-florestas-de-eucalipto\/#breadcrumb","itemListElement":[{"@type":"ListItem","position":1,"name":"Home","item":"https:\/\/www.veracel.com.br\/"},{"@type":"ListItem","position":2,"name":"A Veracel","item":"https:\/\/www.veracel.com.br\/a-veracel\/"},{"@type":"ListItem","position":3,"name":"Sensores IoT para monitoramento do crescimento de nossas florestas de eucalipto"}]},{"@type":"WebSite","@id":"https:\/\/www.veracel.com.br\/#website","url":"https:\/\/www.veracel.com.br\/","name":"Veracel Celulose","description":"Quando crescemos juntos vamos muito mais longe","publisher":{"@id":"https:\/\/www.veracel.com.br\/#organization"},"potentialAction":[{"@type":"SearchAction","target":{"@type":"EntryPoint","urlTemplate":"https:\/\/www.veracel.com.br\/?s={search_term_string}"},"query-input":{"@type":"PropertyValueSpecification","valueRequired":true,"valueName":"search_term_string"}}],"inLanguage":"en-US"},{"@type":"Organization","@id":"https:\/\/www.veracel.com.br\/#organization","name":"Veracel Celulose","url":"https:\/\/www.veracel.com.br\/","logo":{"@type":"ImageObject","inLanguage":"en-US","@id":"https:\/\/www.veracel.com.br\/#\/schema\/logo\/image\/","url":"https:\/\/www.veracel.com.br\/wp-content\/uploads\/2024\/08\/Ativo-1.png","contentUrl":"https:\/\/www.veracel.com.br\/wp-content\/uploads\/2024\/08\/Ativo-1.png","width":400,"height":121,"caption":"Veracel Celulose"},"image":{"@id":"https:\/\/www.veracel.com.br\/#\/schema\/logo\/image\/"},"sameAs":["https:\/\/www.instagram.com\/veracelcelulose","https:\/\/www.linkedin.com\/company\/veracelcelulose\/","https:\/\/www.youtube.com\/user\/CanalVeracel"]}]}},"_links":{"self":[{"href":"https:\/\/www.veracel.com.br\/en\/wp-json\/wp\/v2\/posts\/16756","targetHints":{"allow":["GET"]}}],"collection":[{"href":"https:\/\/www.veracel.com.br\/en\/wp-json\/wp\/v2\/posts"}],"about":[{"href":"https:\/\/www.veracel.com.br\/en\/wp-json\/wp\/v2\/types\/post"}],"author":[{"embeddable":true,"href":"https:\/\/www.veracel.com.br\/en\/wp-json\/wp\/v2\/users\/2"}],"replies":[{"embeddable":true,"href":"https:\/\/www.veracel.com.br\/en\/wp-json\/wp\/v2\/comments?post=16756"}],"version-history":[{"count":3,"href":"https:\/\/www.veracel.com.br\/en\/wp-json\/wp\/v2\/posts\/16756\/revisions"}],"predecessor-version":[{"id":16795,"href":"https:\/\/www.veracel.com.br\/en\/wp-json\/wp\/v2\/posts\/16756\/revisions\/16795"}],"wp:attachment":[{"href":"https:\/\/www.veracel.com.br\/en\/wp-json\/wp\/v2\/media?parent=16756"}],"wp:term":[{"taxonomy":"category","embeddable":true,"href":"https:\/\/www.veracel.com.br\/en\/wp-json\/wp\/v2\/categories?post=16756"},{"taxonomy":"post_tag","embeddable":true,"href":"https:\/\/www.veracel.com.br\/en\/wp-json\/wp\/v2\/tags?post=16756"}],"curies":[{"name":"wp","href":"https:\/\/api.w.org\/{rel}","templated":true}]}}