{"id":19795,"date":"2021-11-08T11:29:00","date_gmt":"2021-11-08T14:29:00","guid":{"rendered":"https:\/\/www.veracel.com.br\/?p=19795"},"modified":"2022-01-24T09:34:26","modified_gmt":"2022-01-24T12:34:26","slug":"estacao-veracel-completa-23-anos","status":"publish","type":"post","link":"https:\/\/www.veracel.com.br\/en\/estacao-veracel-completa-23-anos\/","title":{"rendered":"Esta\u00e7\u00e3o Veracel completa 23 anos de prote\u00e7\u00e3o e conserva\u00e7\u00e3o da Mata Atl\u00e2ntica"},"content":{"rendered":"\n<p>Com mais de 6 mil hectares de mata nativa e reconhecimentos internacionais pela sua import\u00e2ncia na conserva\u00e7\u00e3o, a reserva se destaca pela prote\u00e7\u00e3o da biodiversidade da regi\u00e3o e pelos servi\u00e7os ecossist\u00eamicos que beneficiam a comunidade regional.<\/p>\n\n\n\n<h4 class=\"wp-block-heading\"><strong>A RPPN Esta\u00e7\u00e3o Veracel<\/strong><\/h4>\n\n\n\n<p>A Esta\u00e7\u00e3o Veracel, maior Reserva Particular de Patrim\u00f4nio Natural (RPPN) de Mata Atl\u00e2ntica no Nordeste brasileiro, completou 23 anos de hist\u00f3ria.<\/p>\n\n\n\n<p>A reserva \u00e9 muito importante para conserva\u00e7\u00e3o do bioma Mata Atl\u00e2ntica no Sul da Bahia, sendo um polo irradiador de educa\u00e7\u00e3o ambiental na regi\u00e3o, trazendo benef\u00edcios para toda a comunidade.<\/p>\n\n\n\n<p>Criada e mantida por n\u00f3s, a reserva fica nos munic\u00edpios de Porto Seguro e Santa Cruz Cabr\u00e1lia e j\u00e1 recebeu mais de 37.000 visitantes em a\u00e7\u00f5es de educa\u00e7\u00e3o ambiental.<\/p>\n\n\n\n<p>Criada em 1998, a Esta\u00e7\u00e3o Veracel fornece v\u00e1rios servi\u00e7os ecossist\u00eamicos como a prote\u00e7\u00e3o de 115 nascentes que abastecem as comunidades da regi\u00e3o, a conserva\u00e7\u00e3o da biodiversidade com exemplares seculares da flora brasileira, animais indicadores a import\u00e2ncia ambiental como a on\u00e7a-pintada e a harpia, esp\u00e9cies importantes na manuten\u00e7\u00e3o do ciclo ecol\u00f3gico e a manuten\u00e7\u00e3o do clima regional.<\/p>\n\n\n\n<h4 class=\"wp-block-heading\"><strong>Conserva\u00e7\u00e3o da biodiversidade<\/strong><\/h4>\n\n\n\n<p>A Mata Atl\u00e2ntica na Bahia, \u00e9 um dos dez hotspots de biodiversidade do planeta, tendo grande n\u00famero de esp\u00e9cies end\u00eamicas, ou seja, que s\u00f3 ocorrem neste bioma.<\/p>\n\n\n\n<p>Desde o avistamento de uma on\u00e7a-pintada em 2017, ap\u00f3s mais de 20 anos sem registros fotogr\u00e1ficos da esp\u00e9cie na regi\u00e3o, at\u00e9 a forma\u00e7\u00e3o de corredores ecol\u00f3gicos conectando reservas ambientais baianas, o trabalho realizado na Esta\u00e7\u00e3o tem contribu\u00eddo para a manuten\u00e7\u00e3o da biodiversidade local.<\/p>\n\n\n\n<p>Isso propicia o equil\u00edbrio ecol\u00f3gico da regi\u00e3o, oportunizando melhorias diretas para a comunidade e a produ\u00e7\u00e3o agr\u00edcola local.<\/p>\n\n\n\n<p>&#8220;Esta rela\u00e7\u00e3o de benef\u00edcios trazidos pela natureza \u00e0s pessoas \u00e9 chamada de servi\u00e7o ecossist\u00eamico, vital para o bem-estar humano e para as atividades econ\u00f4micas&#8221;, explica Virginia Londe de Camargos, nossa coordenadora de Estrat\u00e9gia Ambiental Integrada e respons\u00e1vel pela RPPN Esta\u00e7\u00e3o Veracel.<\/p>\n\n\n\n<p>&#8220;Os servi\u00e7os ecossist\u00eamicos da Esta\u00e7\u00e3o Veracel ajudam nessa regula\u00e7\u00e3o e contribuem, por exemplo, com quest\u00f5es clim\u00e1ticas, produ\u00e7\u00e3o e qualidade da \u00e1gua para a regi\u00e3o e na manuten\u00e7\u00e3o de polinizadores, como abelhas, besouros e v\u00e1rios outros animais, que contribuem diretamente com o desenvolvimento das produ\u00e7\u00f5es agr\u00edcolas existentes&#8221;, ressalta Virginia.<\/p>\n\n\n\n<h4 class=\"wp-block-heading\"><strong>Conhe\u00e7a um pouco mais<\/strong><\/h4>\n\n\n\n<p>A Esta\u00e7\u00e3o Veracel est\u00e1 localizada a aproximadamente 15 quil\u00f4metros do centro hist\u00f3rico de Porto Seguro, em plena Costa do Descobrimento, no Sul da Bahia.<\/p>\n\n\n\n<p>Ocupa uma \u00e1rea de 6.069 hectares, que se estendem pelos munic\u00edpios de Porto Seguro e Santa Cruz Cabr\u00e1lia.<\/p>\n\n\n\n<p>A RPPN possui o reconhecimento da Organiza\u00e7\u00e3o das Na\u00e7\u00f5es Unidas para a Educa\u00e7\u00e3o, a Ci\u00eancia e a Cultura (UNESCO) como uma das Reservas de Mata Atl\u00e2ntica inscritas como S\u00edtio do Patrim\u00f4nio Mundial Natural.<\/p>\n\n\n\n<p>Al\u00e9m disso, \u00e9 considerada uma importante \u00e1rea de conserva\u00e7\u00e3o de aves pela BirdLife International, organiza\u00e7\u00e3o ambiental com sede no Reino Unido, abrigando esp\u00e9cies como a harpia (Harpia harpyja), uma das maiores aves de rapina do mundo, o crejo\u00e1 (Cotinga maculata) e o pica-pau-de-coleira (Celeus torquatus), entre outras.<\/p>\n\n\n\n<p>A RPPN Esta\u00e7\u00e3o Veracel tem sido um espa\u00e7o para estudos sobre a flora e a fauna realizados em parceria com universidades, centros de pesquisa e organiza\u00e7\u00f5es n\u00e3o governamentais.<\/p>\n\n\n\n<p>&#8220;N\u00f3s nos orgulhamos muito da Esta\u00e7\u00e3o Veracel, porque a reserva contribui para qualidade de vida das pessoas. A conserva\u00e7\u00e3o da reserva melhora o equil\u00edbrio ambiental na nossa regi\u00e3o, valorizando a vida e esse cuidado com o meio ambiente mant\u00e9m o ecossistema em equil\u00edbrio importante para todos as pessoas da regi\u00e3o&#8221;, complementa Virginia.<\/p>\n\n\n\n<h4 class=\"wp-block-heading\"><strong>Monitoramento e pesquisa<\/strong><\/h4>\n\n\n\n<p>V\u00e1rios projetos s\u00e3o desenvolvidos em conjunto com institui\u00e7\u00f5es especializadas.<\/p>\n\n\n\n<p>Um de grande destaque \u00e9 o Projeto Harpia na Mata Atl\u00e2ntica em parceria com a UFES, que tem rendido bons frutos, como a descoberta de dois novos ninhos com filhotes em 2018 e um novo ninho em 2021, sendo que, neste ano, foram registradas imagens raras do momento da c\u00f3pula do casal da esp\u00e9cie.<\/p>\n\n\n\n<p>&#8220;Registros como esse confirmam o excelente n\u00edvel de conserva\u00e7\u00e3o ambiental da RPPN Esta\u00e7\u00e3o Veracel. A harpia \u00e9 um predador topo na cadeia alimentar, e sua presen\u00e7a indica que a floresta est\u00e1 saud\u00e1vel, pois, para a sua manuten\u00e7\u00e3o, tem de haver disponibilidade de presas para sua alimenta\u00e7\u00e3o, bem como grandes \u00e1rvores para constru\u00e7\u00e3o dos ninhos&#8221;, explica Virginia.<\/p>\n\n\n\n<h4 class=\"wp-block-heading\"><strong>Educa\u00e7\u00e3o ambiental<\/strong><\/h4>\n\n\n\n<p>A \u00e1rea tamb\u00e9m abriga atividades de educa\u00e7\u00e3o e recrea\u00e7\u00e3o ambiental, utilizando a t\u00e9cnica de viv\u00eancias com a natureza, na qual os visitantes podem entrar em contato direto com a floresta.<\/p>\n\n\n\n<p>Em 2017, a Esta\u00e7\u00e3o Veracel deu in\u00edcio a um programa de observa\u00e7\u00e3o de aves, o que contribui para o ecoturismo na regi\u00e3o.<\/p>\n\n\n\n<p>Desde o in\u00edcio dessa iniciativa, que se soma \u00e0 revis\u00e3o de seu Plano de Manejo, a Esta\u00e7\u00e3o Veracel recebeu mais de 2.000 observadores de aves.<\/p>\n\n\n\n<h4 class=\"wp-block-heading\"><strong>Principais marcos da Esta\u00e7\u00e3o Veracel<\/strong><\/h4>\n\n\n\n<ul class=\"wp-block-list\"><li>1992 &#8211; Aquisi\u00e7\u00e3o da \u00e1rea pela Veracruz Florestal, hoje Veracel Celulose<\/li><li>1998 &#8211; Reconhecida pelo IBAMA como Reserva Particular do Patrim\u00f4nio Natural (RPPN)<\/li><li>1999 &#8211; Reconhecida pela UNESCO como S\u00edtio do Patrim\u00f4nio Mundial Natural (SPMN)<\/li><li>2005 &#8211; In\u00edcio do Projeto Harpia na Mata Atl\u00e2ntica<\/li><li>2009 &#8211; Aprova\u00e7\u00e3o do Primeiro Plano de Manejo da RPPN pelo ICMBio<\/li><li>2010 &#8211; Passa a compor com outras 16 \u00e1reas protegidas, o Mosaico de \u00c1reas protegidas do Extremo Sul da Bahia (MAPES)<\/li><li>2011 &#8211; Lan\u00e7amento da primeira exposi\u00e7\u00e3o de arte e educa\u00e7\u00e3o em parceria com a \u00c1rvore da Vida<\/li><li>2017 &#8211; Revis\u00e3o e aprova\u00e7\u00e3o do novo Plano de Manejo da RPPN Esta\u00e7\u00e3o Veracel. Lan\u00e7amento do Projeto de Observa\u00e7\u00e3o de Aves da Costa do Descobrimento. C\u00e2maras de monitoramento flagram on\u00e7a-pintada ap\u00f3s mais de 20 anos sem registro do animal na regi\u00e3o. In\u00edcio do projeto com o Centro Nacional de Pesquisa e Conserva\u00e7\u00e3o de mam\u00edferos Carn\u00edvoros (CENAP)<\/li><li>2018 &#8211; Dois ninhos de harpia com filhotes s\u00e3o encontrados na RPPN Esta\u00e7\u00e3o Veracel<\/li><li>2019 &#8211; In\u00edcio do BAMGES &#8211; monitoramento integrado de biodiversidade territorial, junto \u00e0s \u00e1reas da Suzano. Em 2019 foi criado o Observat\u00f3rio de Aves &#8211; RPPN Esta\u00e7\u00e3o Veracel. No ano de 2019, foi realizada a divulga\u00e7\u00e3o, a sele\u00e7\u00e3o e o in\u00edcio das atividades da Turma VII do Mestrado Profissional em Conserva\u00e7\u00e3o da Biodiversidade e Desenvolvimento Sustent\u00e1vel da Bahia, da Escola Superior em Conserva\u00e7\u00e3o Ambiental e Sustentabilidade (ESCAS\/IPE), a primeira edi\u00e7\u00e3o na RPPN Esta\u00e7\u00e3o Veracel. Foi realizada pela RPPN Esta\u00e7\u00e3o Veracel a 2\u00aa edi\u00e7\u00e3o do Festival de Aves no Centro Hist\u00f3rico de Porto Seguro.<\/li><li>2020 &#8211; Em 2020, a RPPN Esta\u00e7\u00e3o Veracel recebeu a Certificado de Servi\u00e7os Ecossist\u00eamicos do Forest Stewardship Council\u00ae &#8211; FSC\u00ae C017612, emitido no Brasil pela certificadora Imaflora pela conserva\u00e7\u00e3o da biodiversidade, sendo a Veracel a primeira empresa de floresta plantada a receber esse reconhecimento.<\/li><li>2021 &#8211; Mais um ninho de harpia \u00e9 identificado na Esta\u00e7\u00e3o, e imagens extremamente raras do momento da c\u00f3pula em v\u00eddeo s\u00e3o registradas. Divulga\u00e7\u00e3o do primeiro estudo realizado pela Rede Conbio. Lan\u00e7amento do Programa Amigos da Fauna.<\/li><\/ul>\n\n\n\n<p>Saiba mais sobre a<a href=\"https:\/\/www.veracel.com.br\/rppn-estacao-veracel\/\"> RPPN Esta\u00e7\u00e3o Veracel<\/a> e veja as imagens de animais silvestre em h\u00e1bitat natural, capturadas por meio de armadilhas fotogr\u00e1ficas.<\/p>\n","protected":false},"excerpt":{"rendered":"<p>Com mais de 6 mil hectares de mata nativa e reconhecimentos internacionais pela sua import\u00e2ncia na conserva\u00e7\u00e3o, a reserva se destaca pela prote\u00e7\u00e3o da biodiversidade da regi\u00e3o e pelos servi\u00e7os ecossist\u00eamicos que beneficiam a comunidade regional. A RPPN Esta\u00e7\u00e3o Veracel A Esta\u00e7\u00e3o Veracel, maior Reserva Particular de Patrim\u00f4nio Natural (RPPN) de Mata Atl\u00e2ntica no Nordeste [&hellip;]<\/p>\n","protected":false},"author":2,"featured_media":19796,"comment_status":"open","ping_status":"open","sticky":false,"template":"","format":"standard","meta":{"_acf_changed":false,"footnotes":"","_links_to":"","_links_to_target":""},"categories":[211,332],"tags":[],"class_list":["post-19795","post","type-post","status-publish","format-standard","has-post-thumbnail","hentry","category-noticias","category-sustentabilidade-veracel"],"acf":[],"yoast_head":"<!-- This site is optimized with the Yoast SEO Premium plugin v26.7 (Yoast SEO v27.4) - https:\/\/yoast.com\/product\/yoast-seo-premium-wordpress\/ -->\n<title>Esta\u00e7\u00e3o Veracel completa 23 anos de prote\u00e7\u00e3o e conserva\u00e7\u00e3o da Mata Atl\u00e2ntica - Veracel Celulose<\/title>\n<meta name=\"description\" content=\"A Esta\u00e7\u00e3o Veracel, maior Reserva Particular de Patrim\u00f4nio Natural (RPPN) de Mata Atl\u00e2ntica no Nordeste brasileiro, completa 23 anos.\" \/>\n<meta name=\"robots\" content=\"index, follow, max-snippet:-1, max-image-preview:large, max-video-preview:-1\" \/>\n<link rel=\"canonical\" href=\"https:\/\/www.veracel.com.br\/estacao-veracel-completa-23-anos\/\" \/>\n<meta property=\"og:locale\" content=\"en_US\" \/>\n<meta property=\"og:type\" content=\"article\" \/>\n<meta property=\"og:title\" content=\"Esta\u00e7\u00e3o Veracel completa 23 anos de prote\u00e7\u00e3o e conserva\u00e7\u00e3o da Mata Atl\u00e2ntica\" \/>\n<meta property=\"og:description\" content=\"A Esta\u00e7\u00e3o Veracel, maior Reserva Particular de Patrim\u00f4nio Natural (RPPN) de Mata Atl\u00e2ntica no Nordeste brasileiro, completa 23 anos.\" \/>\n<meta property=\"og:url\" content=\"https:\/\/www.veracel.com.br\/estacao-veracel-completa-23-anos\/\" \/>\n<meta property=\"og:site_name\" content=\"Veracel Celulose\" \/>\n<meta property=\"article:published_time\" content=\"2021-11-08T14:29:00+00:00\" \/>\n<meta property=\"article:modified_time\" content=\"2022-01-24T12:34:26+00:00\" \/>\n<meta property=\"og:image\" content=\"https:\/\/www.veracel.com.br\/wp-content\/uploads\/2021\/12\/Veracel-Aniversario-RPPN-Home.jpg\" \/>\n\t<meta property=\"og:image:width\" content=\"600\" \/>\n\t<meta property=\"og:image:height\" content=\"400\" \/>\n\t<meta property=\"og:image:type\" content=\"image\/jpeg\" \/>\n<meta name=\"author\" content=\"saulo\" \/>\n<meta name=\"twitter:card\" content=\"summary_large_image\" \/>\n<meta name=\"twitter:label1\" content=\"Written by\" \/>\n\t<meta name=\"twitter:data1\" content=\"saulo\" \/>\n\t<meta name=\"twitter:label2\" content=\"Est. reading time\" \/>\n\t<meta name=\"twitter:data2\" content=\"5 minutes\" \/>\n<script type=\"application\/ld+json\" class=\"yoast-schema-graph\">{\"@context\":\"https:\\\/\\\/schema.org\",\"@graph\":[{\"@type\":\"WebPage\",\"@id\":\"https:\\\/\\\/www.veracel.com.br\\\/estacao-veracel-completa-23-anos\\\/\",\"url\":\"https:\\\/\\\/www.veracel.com.br\\\/estacao-veracel-completa-23-anos\\\/\",\"name\":\"Esta\u00e7\u00e3o Veracel completa 23 anos de prote\u00e7\u00e3o e conserva\u00e7\u00e3o da Mata Atl\u00e2ntica - Veracel Celulose\",\"isPartOf\":{\"@id\":\"https:\\\/\\\/www.veracel.com.br\\\/#website\"},\"primaryImageOfPage\":{\"@id\":\"https:\\\/\\\/www.veracel.com.br\\\/estacao-veracel-completa-23-anos\\\/#primaryimage\"},\"image\":{\"@id\":\"https:\\\/\\\/www.veracel.com.br\\\/estacao-veracel-completa-23-anos\\\/#primaryimage\"},\"thumbnailUrl\":\"https:\\\/\\\/www.veracel.com.br\\\/wp-content\\\/uploads\\\/2021\\\/12\\\/Veracel-Aniversario-RPPN-Home.jpg\",\"datePublished\":\"2021-11-08T14:29:00+00:00\",\"dateModified\":\"2022-01-24T12:34:26+00:00\",\"description\":\"A Esta\u00e7\u00e3o Veracel, maior Reserva Particular de Patrim\u00f4nio Natural (RPPN) de Mata Atl\u00e2ntica no Nordeste brasileiro, completa 23 anos.\",\"breadcrumb\":{\"@id\":\"https:\\\/\\\/www.veracel.com.br\\\/estacao-veracel-completa-23-anos\\\/#breadcrumb\"},\"inLanguage\":\"en-US\",\"potentialAction\":[{\"@type\":\"ReadAction\",\"target\":[\"https:\\\/\\\/www.veracel.com.br\\\/estacao-veracel-completa-23-anos\\\/\"]}]},{\"@type\":\"ImageObject\",\"inLanguage\":\"en-US\",\"@id\":\"https:\\\/\\\/www.veracel.com.br\\\/estacao-veracel-completa-23-anos\\\/#primaryimage\",\"url\":\"https:\\\/\\\/www.veracel.com.br\\\/wp-content\\\/uploads\\\/2021\\\/12\\\/Veracel-Aniversario-RPPN-Home.jpg\",\"contentUrl\":\"https:\\\/\\\/www.veracel.com.br\\\/wp-content\\\/uploads\\\/2021\\\/12\\\/Veracel-Aniversario-RPPN-Home.jpg\",\"width\":600,\"height\":400},{\"@type\":\"BreadcrumbList\",\"@id\":\"https:\\\/\\\/www.veracel.com.br\\\/estacao-veracel-completa-23-anos\\\/#breadcrumb\",\"itemListElement\":[{\"@type\":\"ListItem\",\"position\":1,\"name\":\"Home\",\"item\":\"https:\\\/\\\/www.veracel.com.br\\\/\"},{\"@type\":\"ListItem\",\"position\":2,\"name\":\"Sustentabilidade na Veracel\",\"item\":\"https:\\\/\\\/www.veracel.com.br\\\/sustentabilidade-na-veracel\\\/\"},{\"@type\":\"ListItem\",\"position\":3,\"name\":\"Esta\u00e7\u00e3o Veracel completa 23 anos de prote\u00e7\u00e3o e conserva\u00e7\u00e3o da Mata Atl\u00e2ntica\"}]},{\"@type\":\"WebSite\",\"@id\":\"https:\\\/\\\/www.veracel.com.br\\\/#website\",\"url\":\"https:\\\/\\\/www.veracel.com.br\\\/\",\"name\":\"Veracel Celulose\",\"description\":\"Quando crescemos juntos vamos muito mais longe\",\"publisher\":{\"@id\":\"https:\\\/\\\/www.veracel.com.br\\\/#organization\"},\"potentialAction\":[{\"@type\":\"SearchAction\",\"target\":{\"@type\":\"EntryPoint\",\"urlTemplate\":\"https:\\\/\\\/www.veracel.com.br\\\/?s={search_term_string}\"},\"query-input\":{\"@type\":\"PropertyValueSpecification\",\"valueRequired\":true,\"valueName\":\"search_term_string\"}}],\"inLanguage\":\"en-US\"},{\"@type\":\"Organization\",\"@id\":\"https:\\\/\\\/www.veracel.com.br\\\/#organization\",\"name\":\"Veracel Celulose\",\"url\":\"https:\\\/\\\/www.veracel.com.br\\\/\",\"logo\":{\"@type\":\"ImageObject\",\"inLanguage\":\"en-US\",\"@id\":\"https:\\\/\\\/www.veracel.com.br\\\/#\\\/schema\\\/logo\\\/image\\\/\",\"url\":\"https:\\\/\\\/www.veracel.com.br\\\/wp-content\\\/uploads\\\/2024\\\/08\\\/Ativo-1.png\",\"contentUrl\":\"https:\\\/\\\/www.veracel.com.br\\\/wp-content\\\/uploads\\\/2024\\\/08\\\/Ativo-1.png\",\"width\":400,\"height\":121,\"caption\":\"Veracel Celulose\"},\"image\":{\"@id\":\"https:\\\/\\\/www.veracel.com.br\\\/#\\\/schema\\\/logo\\\/image\\\/\"},\"sameAs\":[\"https:\\\/\\\/www.instagram.com\\\/veracelcelulose\",\"https:\\\/\\\/www.linkedin.com\\\/company\\\/veracelcelulose\\\/\",\"https:\\\/\\\/www.youtube.com\\\/user\\\/CanalVeracel\"]}]}<\/script>\n<!-- \/ Yoast SEO Premium plugin. -->","yoast_head_json":{"title":"Esta\u00e7\u00e3o Veracel completa 23 anos de prote\u00e7\u00e3o e conserva\u00e7\u00e3o da Mata Atl\u00e2ntica - Veracel Celulose","description":"A Esta\u00e7\u00e3o Veracel, maior Reserva Particular de Patrim\u00f4nio Natural (RPPN) de Mata Atl\u00e2ntica no Nordeste brasileiro, completa 23 anos.","robots":{"index":"index","follow":"follow","max-snippet":"max-snippet:-1","max-image-preview":"max-image-preview:large","max-video-preview":"max-video-preview:-1"},"canonical":"https:\/\/www.veracel.com.br\/estacao-veracel-completa-23-anos\/","og_locale":"en_US","og_type":"article","og_title":"Esta\u00e7\u00e3o Veracel completa 23 anos de prote\u00e7\u00e3o e conserva\u00e7\u00e3o da Mata Atl\u00e2ntica","og_description":"A Esta\u00e7\u00e3o Veracel, maior Reserva Particular de Patrim\u00f4nio Natural (RPPN) de Mata Atl\u00e2ntica no Nordeste brasileiro, completa 23 anos.","og_url":"https:\/\/www.veracel.com.br\/estacao-veracel-completa-23-anos\/","og_site_name":"Veracel Celulose","article_published_time":"2021-11-08T14:29:00+00:00","article_modified_time":"2022-01-24T12:34:26+00:00","og_image":[{"width":600,"height":400,"url":"https:\/\/www.veracel.com.br\/wp-content\/uploads\/2021\/12\/Veracel-Aniversario-RPPN-Home.jpg","type":"image\/jpeg"}],"author":"saulo","twitter_card":"summary_large_image","twitter_misc":{"Written by":"saulo","Est. reading time":"5 minutes"},"schema":{"@context":"https:\/\/schema.org","@graph":[{"@type":"WebPage","@id":"https:\/\/www.veracel.com.br\/estacao-veracel-completa-23-anos\/","url":"https:\/\/www.veracel.com.br\/estacao-veracel-completa-23-anos\/","name":"Esta\u00e7\u00e3o Veracel completa 23 anos de prote\u00e7\u00e3o e conserva\u00e7\u00e3o da Mata Atl\u00e2ntica - Veracel Celulose","isPartOf":{"@id":"https:\/\/www.veracel.com.br\/#website"},"primaryImageOfPage":{"@id":"https:\/\/www.veracel.com.br\/estacao-veracel-completa-23-anos\/#primaryimage"},"image":{"@id":"https:\/\/www.veracel.com.br\/estacao-veracel-completa-23-anos\/#primaryimage"},"thumbnailUrl":"https:\/\/www.veracel.com.br\/wp-content\/uploads\/2021\/12\/Veracel-Aniversario-RPPN-Home.jpg","datePublished":"2021-11-08T14:29:00+00:00","dateModified":"2022-01-24T12:34:26+00:00","description":"A Esta\u00e7\u00e3o Veracel, maior Reserva Particular de Patrim\u00f4nio Natural (RPPN) de Mata Atl\u00e2ntica no Nordeste brasileiro, completa 23 anos.","breadcrumb":{"@id":"https:\/\/www.veracel.com.br\/estacao-veracel-completa-23-anos\/#breadcrumb"},"inLanguage":"en-US","potentialAction":[{"@type":"ReadAction","target":["https:\/\/www.veracel.com.br\/estacao-veracel-completa-23-anos\/"]}]},{"@type":"ImageObject","inLanguage":"en-US","@id":"https:\/\/www.veracel.com.br\/estacao-veracel-completa-23-anos\/#primaryimage","url":"https:\/\/www.veracel.com.br\/wp-content\/uploads\/2021\/12\/Veracel-Aniversario-RPPN-Home.jpg","contentUrl":"https:\/\/www.veracel.com.br\/wp-content\/uploads\/2021\/12\/Veracel-Aniversario-RPPN-Home.jpg","width":600,"height":400},{"@type":"BreadcrumbList","@id":"https:\/\/www.veracel.com.br\/estacao-veracel-completa-23-anos\/#breadcrumb","itemListElement":[{"@type":"ListItem","position":1,"name":"Home","item":"https:\/\/www.veracel.com.br\/"},{"@type":"ListItem","position":2,"name":"Sustentabilidade na Veracel","item":"https:\/\/www.veracel.com.br\/sustentabilidade-na-veracel\/"},{"@type":"ListItem","position":3,"name":"Esta\u00e7\u00e3o Veracel completa 23 anos de prote\u00e7\u00e3o e conserva\u00e7\u00e3o da Mata Atl\u00e2ntica"}]},{"@type":"WebSite","@id":"https:\/\/www.veracel.com.br\/#website","url":"https:\/\/www.veracel.com.br\/","name":"Veracel Celulose","description":"Quando crescemos juntos vamos muito mais longe","publisher":{"@id":"https:\/\/www.veracel.com.br\/#organization"},"potentialAction":[{"@type":"SearchAction","target":{"@type":"EntryPoint","urlTemplate":"https:\/\/www.veracel.com.br\/?s={search_term_string}"},"query-input":{"@type":"PropertyValueSpecification","valueRequired":true,"valueName":"search_term_string"}}],"inLanguage":"en-US"},{"@type":"Organization","@id":"https:\/\/www.veracel.com.br\/#organization","name":"Veracel Celulose","url":"https:\/\/www.veracel.com.br\/","logo":{"@type":"ImageObject","inLanguage":"en-US","@id":"https:\/\/www.veracel.com.br\/#\/schema\/logo\/image\/","url":"https:\/\/www.veracel.com.br\/wp-content\/uploads\/2024\/08\/Ativo-1.png","contentUrl":"https:\/\/www.veracel.com.br\/wp-content\/uploads\/2024\/08\/Ativo-1.png","width":400,"height":121,"caption":"Veracel Celulose"},"image":{"@id":"https:\/\/www.veracel.com.br\/#\/schema\/logo\/image\/"},"sameAs":["https:\/\/www.instagram.com\/veracelcelulose","https:\/\/www.linkedin.com\/company\/veracelcelulose\/","https:\/\/www.youtube.com\/user\/CanalVeracel"]}]}},"_links":{"self":[{"href":"https:\/\/www.veracel.com.br\/en\/wp-json\/wp\/v2\/posts\/19795","targetHints":{"allow":["GET"]}}],"collection":[{"href":"https:\/\/www.veracel.com.br\/en\/wp-json\/wp\/v2\/posts"}],"about":[{"href":"https:\/\/www.veracel.com.br\/en\/wp-json\/wp\/v2\/types\/post"}],"author":[{"embeddable":true,"href":"https:\/\/www.veracel.com.br\/en\/wp-json\/wp\/v2\/users\/2"}],"replies":[{"embeddable":true,"href":"https:\/\/www.veracel.com.br\/en\/wp-json\/wp\/v2\/comments?post=19795"}],"version-history":[{"count":1,"href":"https:\/\/www.veracel.com.br\/en\/wp-json\/wp\/v2\/posts\/19795\/revisions"}],"predecessor-version":[{"id":19798,"href":"https:\/\/www.veracel.com.br\/en\/wp-json\/wp\/v2\/posts\/19795\/revisions\/19798"}],"wp:featuredmedia":[{"embeddable":true,"href":"https:\/\/www.veracel.com.br\/en\/wp-json\/wp\/v2\/media\/19796"}],"wp:attachment":[{"href":"https:\/\/www.veracel.com.br\/en\/wp-json\/wp\/v2\/media?parent=19795"}],"wp:term":[{"taxonomy":"category","embeddable":true,"href":"https:\/\/www.veracel.com.br\/en\/wp-json\/wp\/v2\/categories?post=19795"},{"taxonomy":"post_tag","embeddable":true,"href":"https:\/\/www.veracel.com.br\/en\/wp-json\/wp\/v2\/tags?post=19795"}],"curies":[{"name":"wp","href":"https:\/\/api.w.org\/{rel}","templated":true}]}}