{"id":21273,"date":"2022-03-22T08:00:00","date_gmt":"2022-03-22T11:00:00","guid":{"rendered":"https:\/\/www.veracel.com.br\/?p=18546"},"modified":"2022-04-08T15:46:01","modified_gmt":"2022-04-08T18:46:01","slug":"22-03-dia-da-agua-monitoramento-e-uso-inteligente-da-agua-em-todos-os-processos-da-veracel","status":"publish","type":"post","link":"https:\/\/www.veracel.com.br\/en\/22-03-dia-da-agua-monitoramento-e-uso-inteligente-da-agua-em-todos-os-processos-da-veracel\/","title":{"rendered":"22\/03 Dia da \u00c1gua: Monitoramento e uso inteligente da \u00e1gua em todos os processos da Veracel"},"content":{"rendered":"\r\n<p><\/p>\r\n\r\n\r\n\r\n<p>Na Veracel, cuidar da \u00e1gua com responsabilidade \u00e9 um compromisso em todos os processos e neg\u00f3cios. Por isso, a companhia iniciou o monitoramento ambiental do Rio Jequitinhonha e do manguezal na foz do rio com anteced\u00eancia de 2 anos ao in\u00edcio de sua opera\u00e7\u00e3o da f\u00e1brica, em maio de 2005. Essa \u00e9 uma importante ferramenta de gest\u00e3o ambiental, que ajuda a companhia a avaliar periodicamente poss\u00edveis interfer\u00eancias do lan\u00e7amento do efluente tratado da f\u00e1brica na qualidade da \u00e1gua e na biota do rio.<\/p>\r\n\r\n\r\n\r\n<p>Al\u00e9m disso, h\u00e1 16 anos s\u00e3o conduzidos estudos sobre a din\u00e2mica das microbacias pareadas quanto a quantidade e qualidade da \u00e1gua de superf\u00edcie e do len\u00e7ol fre\u00e1tico. Com o monitoramento, a Veracel consegue avaliar se o manejo florestal\u00a0empregado \u00e9 ambientalmente adequado, inclusive sendo avaliado periodicamente para a renova\u00e7\u00e3o de certifica\u00e7\u00f5es. Al\u00e9m disso, a companhia tamb\u00e9m utiliza essas informa\u00e7\u00f5es para buscar sempre melhorias em seu\u00a0manejo florestal em \u00e1rea pr\u00f3pria e de parceiros, levando em considera\u00e7\u00e3o a premissa fundamental da empresa com a prote\u00e7\u00e3o do meio ambiente.<\/p>\r\n\r\n\r\n\r\n<p>\u201cEstamos passando por um per\u00edodo de intensa flutua\u00e7\u00e3o clim\u00e1tica, por isso, \u00e9 sempre importante avaliarmos novas formas de atua\u00e7\u00e3o para estarmos preparados para essas mudan\u00e7as e ajustarmos, conforme necess\u00e1rio, nosso manejo, de forma a mitigar quaisquer impactos nos recursos h\u00eddricos. Por isso, mais do que nunca, esse monitoramento \u00e9 fundamental para o planejamento de longo prazo da empresa\u201d, explica Helton Louren\u00e7o, coordenador de Manejo Florestal da Veracel.<\/p>\r\n\r\n\r\n\r\n<p>Al\u00e9m disso, em sua opera\u00e7\u00e3o industrial, a Veracel estabelece continuamente metas de redu\u00e7\u00e3o de uso da \u00e1gua em sua produ\u00e7\u00e3o de celulose. At\u00e9 2015, o consumo era de 25 m3\/tsa, quando a empresa implementou a um projeto de redu\u00e7\u00e3o do uso de \u00e1gua, baseado na metodologia\u00a0Lean Six Sigma\u00a0(conjunto de pr\u00e1ticas para aprimorar sistematicamente os processos), que trouxe novas l\u00f3gicas de automa\u00e7\u00e3o para controle dos n\u00edveis dos tanques e elimina\u00e7\u00e3o dos transbordos, corre\u00e7\u00f5es em v\u00e1lvulas e comportas, instala\u00e7\u00e3o de novos alarmes nos pain\u00e9is para os operadores e a utiliza\u00e7\u00e3o de uma ferramenta de gest\u00e3o de \u00e1gua online para indicar a origem das perdas, entre outras a\u00e7\u00f5es. Esta metodologia ajudou a melhorar o desempenho da empresa em rela\u00e7\u00e3o ao uso da \u00e1gua e reduziu a vaz\u00e3o m\u00e9dia anual de uso de \u00e1gua para fabrica\u00e7\u00e3o de celulose, em mais de 11%, em 4 anos, passando dos originais 25 m3\/toneladas de celulose para 22,2 m3\/toneladas de celulose, meta que vem sendo mantida e que coloca a empresa como uma das refer\u00eancias mundiais de uso consciente de \u00e1gua no setor de celulose.<\/p>\r\n","protected":false},"excerpt":{"rendered":"<p>Na Veracel, cuidar da \u00e1gua com responsabilidade \u00e9 um compromisso em todos os processos e neg\u00f3cios. Por isso, a companhia iniciou o monitoramento ambiental do Rio Jequitinhonha e do manguezal na foz do rio com anteced\u00eancia de 2 anos ao in\u00edcio de sua opera\u00e7\u00e3o da f\u00e1brica, em maio de 2005. Essa \u00e9 uma importante ferramenta [&hellip;]<\/p>\n","protected":false},"author":2,"featured_media":21309,"comment_status":"open","ping_status":"open","sticky":false,"template":"","format":"standard","meta":{"_acf_changed":false,"footnotes":"","_links_to":"","_links_to_target":""},"categories":[211,332],"tags":[],"class_list":["post-21273","post","type-post","status-publish","format-standard","has-post-thumbnail","hentry","category-noticias","category-sustentabilidade-veracel"],"acf":[],"yoast_head":"<!-- This site is optimized with the Yoast SEO Premium plugin v26.7 (Yoast SEO v27.4) - https:\/\/yoast.com\/product\/yoast-seo-premium-wordpress\/ -->\n<title>22\/03 Dia da \u00c1gua: Monitoramento e uso inteligente da \u00e1gua em todos os processos da Veracel - Veracel Celulose<\/title>\n<meta name=\"description\" content=\"Vaga para Analista Processos (Foco em automa\u00e7\u00e3o) na Veracel Celulose. \u00c1rea de atua\u00e7\u00e3o: Coordena\u00e7\u00e3o Controle T\u00e9cnico.\" \/>\n<meta name=\"robots\" content=\"index, follow, max-snippet:-1, max-image-preview:large, max-video-preview:-1\" \/>\n<link rel=\"canonical\" href=\"https:\/\/www.veracel.com.br\/22-03-dia-da-agua-monitoramento-e-uso-inteligente-da-agua-em-todos-os-processos-da-veracel\/\" \/>\n<meta property=\"og:locale\" content=\"en_US\" \/>\n<meta property=\"og:type\" content=\"article\" \/>\n<meta property=\"og:title\" content=\"22\/03 Dia da \u00c1gua: Monitoramento e uso inteligente da \u00e1gua em todos os processos da Veracel\" \/>\n<meta property=\"og:description\" content=\"Vaga para Analista Processos (Foco em automa\u00e7\u00e3o) na Veracel Celulose. \u00c1rea de atua\u00e7\u00e3o: Coordena\u00e7\u00e3o Controle T\u00e9cnico.\" \/>\n<meta property=\"og:url\" content=\"https:\/\/www.veracel.com.br\/22-03-dia-da-agua-monitoramento-e-uso-inteligente-da-agua-em-todos-os-processos-da-veracel\/\" \/>\n<meta property=\"og:site_name\" content=\"Veracel Celulose\" \/>\n<meta property=\"article:published_time\" content=\"2022-03-22T11:00:00+00:00\" \/>\n<meta property=\"article:modified_time\" content=\"2022-04-08T18:46:01+00:00\" \/>\n<meta property=\"og:image\" content=\"https:\/\/www.veracel.com.br\/wp-content\/uploads\/2022\/03\/veracel-22-03-dia-mundial-da-agua-1.png\" \/>\n\t<meta property=\"og:image:width\" content=\"620\" \/>\n\t<meta property=\"og:image:height\" content=\"468\" \/>\n\t<meta property=\"og:image:type\" content=\"image\/png\" \/>\n<meta name=\"author\" content=\"saulo\" \/>\n<meta name=\"twitter:card\" content=\"summary_large_image\" \/>\n<meta name=\"twitter:label1\" content=\"Written by\" \/>\n\t<meta name=\"twitter:data1\" content=\"saulo\" \/>\n\t<meta name=\"twitter:label2\" content=\"Est. reading time\" \/>\n\t<meta name=\"twitter:data2\" content=\"3 minutes\" \/>\n<script type=\"application\/ld+json\" class=\"yoast-schema-graph\">{\"@context\":\"https:\\\/\\\/schema.org\",\"@graph\":[{\"@type\":\"WebPage\",\"@id\":\"https:\\\/\\\/www.veracel.com.br\\\/22-03-dia-da-agua-monitoramento-e-uso-inteligente-da-agua-em-todos-os-processos-da-veracel\\\/\",\"url\":\"https:\\\/\\\/www.veracel.com.br\\\/22-03-dia-da-agua-monitoramento-e-uso-inteligente-da-agua-em-todos-os-processos-da-veracel\\\/\",\"name\":\"22\\\/03 Dia da \u00c1gua: Monitoramento e uso inteligente da \u00e1gua em todos os processos da Veracel - Veracel Celulose\",\"isPartOf\":{\"@id\":\"https:\\\/\\\/www.veracel.com.br\\\/#website\"},\"primaryImageOfPage\":{\"@id\":\"https:\\\/\\\/www.veracel.com.br\\\/22-03-dia-da-agua-monitoramento-e-uso-inteligente-da-agua-em-todos-os-processos-da-veracel\\\/#primaryimage\"},\"image\":{\"@id\":\"https:\\\/\\\/www.veracel.com.br\\\/22-03-dia-da-agua-monitoramento-e-uso-inteligente-da-agua-em-todos-os-processos-da-veracel\\\/#primaryimage\"},\"thumbnailUrl\":\"https:\\\/\\\/www.veracel.com.br\\\/wp-content\\\/uploads\\\/2022\\\/03\\\/veracel-22-03-dia-mundial-da-agua-1.png\",\"datePublished\":\"2022-03-22T11:00:00+00:00\",\"dateModified\":\"2022-04-08T18:46:01+00:00\",\"description\":\"Vaga para Analista Processos (Foco em automa\u00e7\u00e3o) na Veracel Celulose. \u00c1rea de atua\u00e7\u00e3o: Coordena\u00e7\u00e3o Controle T\u00e9cnico.\",\"breadcrumb\":{\"@id\":\"https:\\\/\\\/www.veracel.com.br\\\/22-03-dia-da-agua-monitoramento-e-uso-inteligente-da-agua-em-todos-os-processos-da-veracel\\\/#breadcrumb\"},\"inLanguage\":\"en-US\",\"potentialAction\":[{\"@type\":\"ReadAction\",\"target\":[\"https:\\\/\\\/www.veracel.com.br\\\/22-03-dia-da-agua-monitoramento-e-uso-inteligente-da-agua-em-todos-os-processos-da-veracel\\\/\"]}]},{\"@type\":\"ImageObject\",\"inLanguage\":\"en-US\",\"@id\":\"https:\\\/\\\/www.veracel.com.br\\\/22-03-dia-da-agua-monitoramento-e-uso-inteligente-da-agua-em-todos-os-processos-da-veracel\\\/#primaryimage\",\"url\":\"https:\\\/\\\/www.veracel.com.br\\\/wp-content\\\/uploads\\\/2022\\\/03\\\/veracel-22-03-dia-mundial-da-agua-1.png\",\"contentUrl\":\"https:\\\/\\\/www.veracel.com.br\\\/wp-content\\\/uploads\\\/2022\\\/03\\\/veracel-22-03-dia-mundial-da-agua-1.png\",\"width\":620,\"height\":468},{\"@type\":\"BreadcrumbList\",\"@id\":\"https:\\\/\\\/www.veracel.com.br\\\/22-03-dia-da-agua-monitoramento-e-uso-inteligente-da-agua-em-todos-os-processos-da-veracel\\\/#breadcrumb\",\"itemListElement\":[{\"@type\":\"ListItem\",\"position\":1,\"name\":\"Home\",\"item\":\"https:\\\/\\\/www.veracel.com.br\\\/\"},{\"@type\":\"ListItem\",\"position\":2,\"name\":\"Not\u00edcias\",\"item\":\"https:\\\/\\\/www.veracel.com.br\\\/noticias\\\/\"},{\"@type\":\"ListItem\",\"position\":3,\"name\":\"22\\\/03 Dia da \u00c1gua: Monitoramento e uso inteligente da \u00e1gua em todos os processos da Veracel\"}]},{\"@type\":\"WebSite\",\"@id\":\"https:\\\/\\\/www.veracel.com.br\\\/#website\",\"url\":\"https:\\\/\\\/www.veracel.com.br\\\/\",\"name\":\"Veracel Celulose\",\"description\":\"Quando crescemos juntos vamos muito mais longe\",\"publisher\":{\"@id\":\"https:\\\/\\\/www.veracel.com.br\\\/#organization\"},\"potentialAction\":[{\"@type\":\"SearchAction\",\"target\":{\"@type\":\"EntryPoint\",\"urlTemplate\":\"https:\\\/\\\/www.veracel.com.br\\\/?s={search_term_string}\"},\"query-input\":{\"@type\":\"PropertyValueSpecification\",\"valueRequired\":true,\"valueName\":\"search_term_string\"}}],\"inLanguage\":\"en-US\"},{\"@type\":\"Organization\",\"@id\":\"https:\\\/\\\/www.veracel.com.br\\\/#organization\",\"name\":\"Veracel Celulose\",\"url\":\"https:\\\/\\\/www.veracel.com.br\\\/\",\"logo\":{\"@type\":\"ImageObject\",\"inLanguage\":\"en-US\",\"@id\":\"https:\\\/\\\/www.veracel.com.br\\\/#\\\/schema\\\/logo\\\/image\\\/\",\"url\":\"https:\\\/\\\/www.veracel.com.br\\\/wp-content\\\/uploads\\\/2024\\\/08\\\/Ativo-1.png\",\"contentUrl\":\"https:\\\/\\\/www.veracel.com.br\\\/wp-content\\\/uploads\\\/2024\\\/08\\\/Ativo-1.png\",\"width\":400,\"height\":121,\"caption\":\"Veracel Celulose\"},\"image\":{\"@id\":\"https:\\\/\\\/www.veracel.com.br\\\/#\\\/schema\\\/logo\\\/image\\\/\"},\"sameAs\":[\"https:\\\/\\\/www.instagram.com\\\/veracelcelulose\",\"https:\\\/\\\/www.linkedin.com\\\/company\\\/veracelcelulose\\\/\",\"https:\\\/\\\/www.youtube.com\\\/user\\\/CanalVeracel\"]}]}<\/script>\n<!-- \/ Yoast SEO Premium plugin. -->","yoast_head_json":{"title":"22\/03 Dia da \u00c1gua: Monitoramento e uso inteligente da \u00e1gua em todos os processos da Veracel - Veracel Celulose","description":"Vaga para Analista Processos (Foco em automa\u00e7\u00e3o) na Veracel Celulose. \u00c1rea de atua\u00e7\u00e3o: Coordena\u00e7\u00e3o Controle T\u00e9cnico.","robots":{"index":"index","follow":"follow","max-snippet":"max-snippet:-1","max-image-preview":"max-image-preview:large","max-video-preview":"max-video-preview:-1"},"canonical":"https:\/\/www.veracel.com.br\/22-03-dia-da-agua-monitoramento-e-uso-inteligente-da-agua-em-todos-os-processos-da-veracel\/","og_locale":"en_US","og_type":"article","og_title":"22\/03 Dia da \u00c1gua: Monitoramento e uso inteligente da \u00e1gua em todos os processos da Veracel","og_description":"Vaga para Analista Processos (Foco em automa\u00e7\u00e3o) na Veracel Celulose. \u00c1rea de atua\u00e7\u00e3o: Coordena\u00e7\u00e3o Controle T\u00e9cnico.","og_url":"https:\/\/www.veracel.com.br\/22-03-dia-da-agua-monitoramento-e-uso-inteligente-da-agua-em-todos-os-processos-da-veracel\/","og_site_name":"Veracel Celulose","article_published_time":"2022-03-22T11:00:00+00:00","article_modified_time":"2022-04-08T18:46:01+00:00","og_image":[{"width":620,"height":468,"url":"https:\/\/www.veracel.com.br\/wp-content\/uploads\/2022\/03\/veracel-22-03-dia-mundial-da-agua-1.png","type":"image\/png"}],"author":"saulo","twitter_card":"summary_large_image","twitter_misc":{"Written by":"saulo","Est. reading time":"3 minutes"},"schema":{"@context":"https:\/\/schema.org","@graph":[{"@type":"WebPage","@id":"https:\/\/www.veracel.com.br\/22-03-dia-da-agua-monitoramento-e-uso-inteligente-da-agua-em-todos-os-processos-da-veracel\/","url":"https:\/\/www.veracel.com.br\/22-03-dia-da-agua-monitoramento-e-uso-inteligente-da-agua-em-todos-os-processos-da-veracel\/","name":"22\/03 Dia da \u00c1gua: Monitoramento e uso inteligente da \u00e1gua em todos os processos da Veracel - Veracel Celulose","isPartOf":{"@id":"https:\/\/www.veracel.com.br\/#website"},"primaryImageOfPage":{"@id":"https:\/\/www.veracel.com.br\/22-03-dia-da-agua-monitoramento-e-uso-inteligente-da-agua-em-todos-os-processos-da-veracel\/#primaryimage"},"image":{"@id":"https:\/\/www.veracel.com.br\/22-03-dia-da-agua-monitoramento-e-uso-inteligente-da-agua-em-todos-os-processos-da-veracel\/#primaryimage"},"thumbnailUrl":"https:\/\/www.veracel.com.br\/wp-content\/uploads\/2022\/03\/veracel-22-03-dia-mundial-da-agua-1.png","datePublished":"2022-03-22T11:00:00+00:00","dateModified":"2022-04-08T18:46:01+00:00","description":"Vaga para Analista Processos (Foco em automa\u00e7\u00e3o) na Veracel Celulose. \u00c1rea de atua\u00e7\u00e3o: Coordena\u00e7\u00e3o Controle T\u00e9cnico.","breadcrumb":{"@id":"https:\/\/www.veracel.com.br\/22-03-dia-da-agua-monitoramento-e-uso-inteligente-da-agua-em-todos-os-processos-da-veracel\/#breadcrumb"},"inLanguage":"en-US","potentialAction":[{"@type":"ReadAction","target":["https:\/\/www.veracel.com.br\/22-03-dia-da-agua-monitoramento-e-uso-inteligente-da-agua-em-todos-os-processos-da-veracel\/"]}]},{"@type":"ImageObject","inLanguage":"en-US","@id":"https:\/\/www.veracel.com.br\/22-03-dia-da-agua-monitoramento-e-uso-inteligente-da-agua-em-todos-os-processos-da-veracel\/#primaryimage","url":"https:\/\/www.veracel.com.br\/wp-content\/uploads\/2022\/03\/veracel-22-03-dia-mundial-da-agua-1.png","contentUrl":"https:\/\/www.veracel.com.br\/wp-content\/uploads\/2022\/03\/veracel-22-03-dia-mundial-da-agua-1.png","width":620,"height":468},{"@type":"BreadcrumbList","@id":"https:\/\/www.veracel.com.br\/22-03-dia-da-agua-monitoramento-e-uso-inteligente-da-agua-em-todos-os-processos-da-veracel\/#breadcrumb","itemListElement":[{"@type":"ListItem","position":1,"name":"Home","item":"https:\/\/www.veracel.com.br\/"},{"@type":"ListItem","position":2,"name":"Not\u00edcias","item":"https:\/\/www.veracel.com.br\/noticias\/"},{"@type":"ListItem","position":3,"name":"22\/03 Dia da \u00c1gua: Monitoramento e uso inteligente da \u00e1gua em todos os processos da Veracel"}]},{"@type":"WebSite","@id":"https:\/\/www.veracel.com.br\/#website","url":"https:\/\/www.veracel.com.br\/","name":"Veracel Celulose","description":"Quando crescemos juntos vamos muito mais longe","publisher":{"@id":"https:\/\/www.veracel.com.br\/#organization"},"potentialAction":[{"@type":"SearchAction","target":{"@type":"EntryPoint","urlTemplate":"https:\/\/www.veracel.com.br\/?s={search_term_string}"},"query-input":{"@type":"PropertyValueSpecification","valueRequired":true,"valueName":"search_term_string"}}],"inLanguage":"en-US"},{"@type":"Organization","@id":"https:\/\/www.veracel.com.br\/#organization","name":"Veracel Celulose","url":"https:\/\/www.veracel.com.br\/","logo":{"@type":"ImageObject","inLanguage":"en-US","@id":"https:\/\/www.veracel.com.br\/#\/schema\/logo\/image\/","url":"https:\/\/www.veracel.com.br\/wp-content\/uploads\/2024\/08\/Ativo-1.png","contentUrl":"https:\/\/www.veracel.com.br\/wp-content\/uploads\/2024\/08\/Ativo-1.png","width":400,"height":121,"caption":"Veracel Celulose"},"image":{"@id":"https:\/\/www.veracel.com.br\/#\/schema\/logo\/image\/"},"sameAs":["https:\/\/www.instagram.com\/veracelcelulose","https:\/\/www.linkedin.com\/company\/veracelcelulose\/","https:\/\/www.youtube.com\/user\/CanalVeracel"]}]}},"_links":{"self":[{"href":"https:\/\/www.veracel.com.br\/en\/wp-json\/wp\/v2\/posts\/21273","targetHints":{"allow":["GET"]}}],"collection":[{"href":"https:\/\/www.veracel.com.br\/en\/wp-json\/wp\/v2\/posts"}],"about":[{"href":"https:\/\/www.veracel.com.br\/en\/wp-json\/wp\/v2\/types\/post"}],"author":[{"embeddable":true,"href":"https:\/\/www.veracel.com.br\/en\/wp-json\/wp\/v2\/users\/2"}],"replies":[{"embeddable":true,"href":"https:\/\/www.veracel.com.br\/en\/wp-json\/wp\/v2\/comments?post=21273"}],"version-history":[{"count":1,"href":"https:\/\/www.veracel.com.br\/en\/wp-json\/wp\/v2\/posts\/21273\/revisions"}],"predecessor-version":[{"id":21311,"href":"https:\/\/www.veracel.com.br\/en\/wp-json\/wp\/v2\/posts\/21273\/revisions\/21311"}],"wp:featuredmedia":[{"embeddable":true,"href":"https:\/\/www.veracel.com.br\/en\/wp-json\/wp\/v2\/media\/21309"}],"wp:attachment":[{"href":"https:\/\/www.veracel.com.br\/en\/wp-json\/wp\/v2\/media?parent=21273"}],"wp:term":[{"taxonomy":"category","embeddable":true,"href":"https:\/\/www.veracel.com.br\/en\/wp-json\/wp\/v2\/categories?post=21273"},{"taxonomy":"post_tag","embeddable":true,"href":"https:\/\/www.veracel.com.br\/en\/wp-json\/wp\/v2\/tags?post=21273"}],"curies":[{"name":"wp","href":"https:\/\/api.w.org\/{rel}","templated":true}]}}