{"id":21587,"date":"2022-04-14T14:28:15","date_gmt":"2022-04-14T17:28:15","guid":{"rendered":"https:\/\/www.veracel.com.br\/?p=21587"},"modified":"2022-04-14T14:33:50","modified_gmt":"2022-04-14T17:33:50","slug":"veracel-celulose-realiza-campanha-de-conscientizacao-da-preservacao-ambiental","status":"publish","type":"post","link":"https:\/\/www.veracel.com.br\/en\/veracel-celulose-realiza-campanha-de-conscientizacao-da-preservacao-ambiental\/","title":{"rendered":"Veracel Celulose realiza campanha de conscientiza\u00e7\u00e3o da preserva\u00e7\u00e3o ambiental"},"content":{"rendered":"<h2><i>A a\u00e7\u00e3o trata da import\u00e2ncia da conserva\u00e7\u00e3o ambiental, do combate \u00e0 ca\u00e7a, da preven\u00e7\u00e3o de inc\u00eandios florestais e do problema da presen\u00e7a de gado e outros animais em \u00e1reas de prote\u00e7\u00e3o ambiental.<\/i><\/h2>\n<p>A Veracel Celulose come\u00e7a hoje uma campanha de conscientiza\u00e7\u00e3o ambiental em 11 munic\u00edpios localizados na regi\u00e3o de atua\u00e7\u00e3o da empresa, na Costa do Descobrimento, no Sul da Bahia.<\/p>\n<p>A iniciativa, que ser\u00e1 realizada at\u00e9 o final deste ano, vai incluir visitas a propriet\u00e1rios rurais vizinhos da empresa.<\/p>\n<p>A campanha tem parceria com a Ag\u00eancia Estadual de Defesa Agropecu\u00e1ria (ADAB), com a Associa\u00e7\u00e3o Baiana das Empresas de Base Florestal (ABAF), dentro do Programa Ambiente Florestal Sustent\u00e1vel (o PAFS) e a Companhia Independente de Pol\u00edcia e Prote\u00e7\u00e3o Ambiental (CIPPA).<\/p>\n<h2>Conscientiza\u00e7\u00e3o para o cuidado e conserva\u00e7\u00e3o de \u00e1reas de prote\u00e7\u00e3o ambiental e preserva\u00e7\u00e3o da biodiversidade local.<\/h2>\n<p>A Veracel tem um total de 108 mil hectares de \u00e1reas de preserva\u00e7\u00e3o, incluindo a <a href=\"https:\/\/www.veracel.com.br\/rppn-estacao-veracel\/\">Reserva Particular do Patrim\u00f4nio Natural Esta\u00e7\u00e3o Veracel<\/a> \u2013 a maior RPPN do Nordeste, com mais de 6 mil hectares de Mata Atl\u00e2ntica conservados \u2013, al\u00e9m de 84 mil hectares de \u00e1reas de plantio.<\/p>\n<p>Al\u00e9m disso, a a\u00e7\u00e3o aborda o <strong>combate \u00e0 ca\u00e7a de animais silvestres<\/strong> (<a href=\"https:\/\/www.veracel.com.br\/sustentabilidade\/amigos-da-fauna\/\">conhe\u00e7a o programa Amigos da Fauna<\/a>), que infelizmente \u00e9 uma pr\u00e1tica ainda existente na regi\u00e3o, afetando a fauna local. Mostra tamb\u00e9m a necessidade de <strong>preven\u00e7\u00e3o dos inc\u00eandios florestais<\/strong>, outro problema importante no territ\u00f3rio; e apresenta os impactos ao meio ambiente que s\u00e3o provocados pela <strong>cria\u00e7\u00e3o clandestina de gado<\/strong>. A presen\u00e7a tanto do gado quanto de outros animais em \u00e1reas de preserva\u00e7\u00e3o ambiental prejudica nascentes e cursos de rios, al\u00e9m provocar a destrui\u00e7\u00e3o de \u00e1reas de vegeta\u00e7\u00e3o natural, principalmente porque o gado pisoteia o solo.<\/p>\n<p>\u201cQueremos refor\u00e7ar a nossa rela\u00e7\u00e3o de confian\u00e7a e fortalecer a aproxima\u00e7\u00e3o com vizinhos, que s\u00e3o estrat\u00e9gicos para os cuidados com o meio ambiente\u201d, afirma Fl\u00e1vio Luiz de Souza, coordenador de Intelig\u00eancia Patrimonial da Veracel.<\/p>\n<h2>Rede de Percep\u00e7\u00e3o de Fogo<\/h2>\n<p>A divulga\u00e7\u00e3o da Rede de Percep\u00e7\u00e3o de Fogo (RPF) tamb\u00e9m faz parte da a\u00e7\u00e3o. O n\u00famero <strong>0800 799 9802<\/strong> foi criado para ajudar no combate e preven\u00e7\u00e3o de inc\u00eandios florestais por meio da parceria com comunidades, munic\u00edpios e pessoas que transitam pela regi\u00e3o.<\/p>\n<p>\u201cEsperamos que essa campanha alcance o maior n\u00famero poss\u00edvel de pessoas e propriet\u00e1rios rurais\u201d, afirma Epaminondas Peixoto J\u00fanior, da ADAB.<\/p>\n<p>\u201cNem sempre conseguimos estar em todos os lugares, conscientizando e fiscalizando. Ent\u00e3o, \u00e9 importante contar com a conscientiza\u00e7\u00e3o de todos. A conscientiza\u00e7\u00e3o \u00e9 a sa\u00edda. Com essa iniciativa, o produtor rural vai ser mais um agente multiplicador do conceito de prote\u00e7\u00e3o ambiental\u201d, destaca Ernandes Ferreira da Silva do Programa Ambiente Florestal Sustent\u00e1vel.<\/p>\n<p><b>Servi\u00e7o:<\/b><\/p>\n<p>Disque den\u00fancia da CIPPA: (73) 9 9807-1353 &#8211; WhatsApp<\/p>\n<p>&nbsp;<\/p>\n<p><a href=\"https:\/\/www.veracel.com.br\/rppn-estacao-veracel\/\">Conhe\u00e7a mais sobre a Reserva Particular do Patrim\u00f4nio Natural Esta\u00e7\u00e3o Veracel<\/a><\/p>\n<p><a href=\"https:\/\/www.veracel.com.br\/sustentabilidade\/amigos-da-fauna\/\">Envolva-se no programa Amigos da Fauna<\/a><\/p>\n<p><b>\u00a0<\/b><\/p>\n<p>&nbsp;<\/p>\n","protected":false},"excerpt":{"rendered":"<p>A a\u00e7\u00e3o trata da import\u00e2ncia da conserva\u00e7\u00e3o ambiental, do combate \u00e0 ca\u00e7a, da preven\u00e7\u00e3o de inc\u00eandios florestais e do problema da presen\u00e7a de gado e outros animais em \u00e1reas de prote\u00e7\u00e3o ambiental. A Veracel Celulose come\u00e7a hoje uma campanha de conscientiza\u00e7\u00e3o ambiental em 11 munic\u00edpios localizados na regi\u00e3o de atua\u00e7\u00e3o da empresa, na Costa do [&hellip;]<\/p>\n","protected":false},"author":2,"featured_media":21589,"comment_status":"open","ping_status":"open","sticky":false,"template":"","format":"standard","meta":{"_acf_changed":false,"footnotes":"","_links_to":"","_links_to_target":""},"categories":[211,332],"tags":[],"class_list":["post-21587","post","type-post","status-publish","format-standard","has-post-thumbnail","hentry","category-noticias","category-sustentabilidade-veracel"],"acf":[],"yoast_head":"<!-- This site is optimized with the Yoast SEO Premium plugin v26.7 (Yoast SEO v27.4) - https:\/\/yoast.com\/product\/yoast-seo-premium-wordpress\/ -->\n<title>Veracel Celulose realiza campanha de conscientiza\u00e7\u00e3o da preserva\u00e7\u00e3o ambiental<\/title>\n<meta name=\"description\" content=\"Campanha da Veracel Celulose para a conscientiza\u00e7\u00e3o da preserva\u00e7\u00e3o ambiental, combate \u00e0 ca\u00e7a e preven\u00e7\u00e3o de inc\u00eandios no sul da Bahia.\" \/>\n<meta name=\"robots\" content=\"index, follow, max-snippet:-1, max-image-preview:large, max-video-preview:-1\" \/>\n<link rel=\"canonical\" href=\"https:\/\/www.veracel.com.br\/veracel-celulose-realiza-campanha-de-conscientizacao-da-preservacao-ambiental\/\" \/>\n<meta property=\"og:locale\" content=\"en_US\" \/>\n<meta property=\"og:type\" content=\"article\" \/>\n<meta property=\"og:title\" content=\"Veracel Celulose realiza campanha de conscientiza\u00e7\u00e3o da preserva\u00e7\u00e3o ambiental\" \/>\n<meta property=\"og:description\" content=\"Campanha da Veracel Celulose para a conscientiza\u00e7\u00e3o da preserva\u00e7\u00e3o ambiental, combate \u00e0 ca\u00e7a e preven\u00e7\u00e3o de inc\u00eandios no sul da Bahia.\" \/>\n<meta property=\"og:url\" content=\"https:\/\/www.veracel.com.br\/veracel-celulose-realiza-campanha-de-conscientizacao-da-preservacao-ambiental\/\" \/>\n<meta property=\"og:site_name\" content=\"Veracel Celulose\" \/>\n<meta property=\"article:published_time\" content=\"2022-04-14T17:28:15+00:00\" \/>\n<meta property=\"article:modified_time\" content=\"2022-04-14T17:33:50+00:00\" \/>\n<meta property=\"og:image\" content=\"https:\/\/www.veracel.com.br\/wp-content\/uploads\/2022\/04\/veracel-celulose-campanha-conscientizacao-conservacao-ambiental.jpg\" \/>\n\t<meta property=\"og:image:width\" content=\"1080\" \/>\n\t<meta property=\"og:image:height\" content=\"608\" \/>\n\t<meta property=\"og:image:type\" content=\"image\/jpeg\" \/>\n<meta name=\"author\" content=\"saulo\" \/>\n<meta name=\"twitter:card\" content=\"summary_large_image\" \/>\n<meta name=\"twitter:label1\" content=\"Written by\" \/>\n\t<meta name=\"twitter:data1\" content=\"saulo\" \/>\n\t<meta name=\"twitter:label2\" content=\"Est. reading time\" \/>\n\t<meta name=\"twitter:data2\" content=\"3 minutes\" \/>\n<script type=\"application\/ld+json\" class=\"yoast-schema-graph\">{\"@context\":\"https:\\\/\\\/schema.org\",\"@graph\":[{\"@type\":\"WebPage\",\"@id\":\"https:\\\/\\\/www.veracel.com.br\\\/veracel-celulose-realiza-campanha-de-conscientizacao-da-preservacao-ambiental\\\/\",\"url\":\"https:\\\/\\\/www.veracel.com.br\\\/veracel-celulose-realiza-campanha-de-conscientizacao-da-preservacao-ambiental\\\/\",\"name\":\"Veracel Celulose realiza campanha de conscientiza\u00e7\u00e3o da preserva\u00e7\u00e3o ambiental\",\"isPartOf\":{\"@id\":\"https:\\\/\\\/www.veracel.com.br\\\/#website\"},\"primaryImageOfPage\":{\"@id\":\"https:\\\/\\\/www.veracel.com.br\\\/veracel-celulose-realiza-campanha-de-conscientizacao-da-preservacao-ambiental\\\/#primaryimage\"},\"image\":{\"@id\":\"https:\\\/\\\/www.veracel.com.br\\\/veracel-celulose-realiza-campanha-de-conscientizacao-da-preservacao-ambiental\\\/#primaryimage\"},\"thumbnailUrl\":\"https:\\\/\\\/www.veracel.com.br\\\/wp-content\\\/uploads\\\/2022\\\/04\\\/veracel-celulose-campanha-conscientizacao-conservacao-ambiental.jpg\",\"datePublished\":\"2022-04-14T17:28:15+00:00\",\"dateModified\":\"2022-04-14T17:33:50+00:00\",\"description\":\"Campanha da Veracel Celulose para a conscientiza\u00e7\u00e3o da preserva\u00e7\u00e3o ambiental, combate \u00e0 ca\u00e7a e preven\u00e7\u00e3o de inc\u00eandios no sul da Bahia.\",\"breadcrumb\":{\"@id\":\"https:\\\/\\\/www.veracel.com.br\\\/veracel-celulose-realiza-campanha-de-conscientizacao-da-preservacao-ambiental\\\/#breadcrumb\"},\"inLanguage\":\"en-US\",\"potentialAction\":[{\"@type\":\"ReadAction\",\"target\":[\"https:\\\/\\\/www.veracel.com.br\\\/veracel-celulose-realiza-campanha-de-conscientizacao-da-preservacao-ambiental\\\/\"]}]},{\"@type\":\"ImageObject\",\"inLanguage\":\"en-US\",\"@id\":\"https:\\\/\\\/www.veracel.com.br\\\/veracel-celulose-realiza-campanha-de-conscientizacao-da-preservacao-ambiental\\\/#primaryimage\",\"url\":\"https:\\\/\\\/www.veracel.com.br\\\/wp-content\\\/uploads\\\/2022\\\/04\\\/veracel-celulose-campanha-conscientizacao-conservacao-ambiental.jpg\",\"contentUrl\":\"https:\\\/\\\/www.veracel.com.br\\\/wp-content\\\/uploads\\\/2022\\\/04\\\/veracel-celulose-campanha-conscientizacao-conservacao-ambiental.jpg\",\"width\":1080,\"height\":608},{\"@type\":\"BreadcrumbList\",\"@id\":\"https:\\\/\\\/www.veracel.com.br\\\/veracel-celulose-realiza-campanha-de-conscientizacao-da-preservacao-ambiental\\\/#breadcrumb\",\"itemListElement\":[{\"@type\":\"ListItem\",\"position\":1,\"name\":\"Home\",\"item\":\"https:\\\/\\\/www.veracel.com.br\\\/\"},{\"@type\":\"ListItem\",\"position\":2,\"name\":\"Not\u00edcias\",\"item\":\"https:\\\/\\\/www.veracel.com.br\\\/noticias\\\/\"},{\"@type\":\"ListItem\",\"position\":3,\"name\":\"Veracel Celulose realiza campanha de conscientiza\u00e7\u00e3o da preserva\u00e7\u00e3o ambiental\"}]},{\"@type\":\"WebSite\",\"@id\":\"https:\\\/\\\/www.veracel.com.br\\\/#website\",\"url\":\"https:\\\/\\\/www.veracel.com.br\\\/\",\"name\":\"Veracel Celulose\",\"description\":\"Quando crescemos juntos vamos muito mais longe\",\"publisher\":{\"@id\":\"https:\\\/\\\/www.veracel.com.br\\\/#organization\"},\"potentialAction\":[{\"@type\":\"SearchAction\",\"target\":{\"@type\":\"EntryPoint\",\"urlTemplate\":\"https:\\\/\\\/www.veracel.com.br\\\/?s={search_term_string}\"},\"query-input\":{\"@type\":\"PropertyValueSpecification\",\"valueRequired\":true,\"valueName\":\"search_term_string\"}}],\"inLanguage\":\"en-US\"},{\"@type\":\"Organization\",\"@id\":\"https:\\\/\\\/www.veracel.com.br\\\/#organization\",\"name\":\"Veracel Celulose\",\"url\":\"https:\\\/\\\/www.veracel.com.br\\\/\",\"logo\":{\"@type\":\"ImageObject\",\"inLanguage\":\"en-US\",\"@id\":\"https:\\\/\\\/www.veracel.com.br\\\/#\\\/schema\\\/logo\\\/image\\\/\",\"url\":\"https:\\\/\\\/www.veracel.com.br\\\/wp-content\\\/uploads\\\/2024\\\/08\\\/Ativo-1.png\",\"contentUrl\":\"https:\\\/\\\/www.veracel.com.br\\\/wp-content\\\/uploads\\\/2024\\\/08\\\/Ativo-1.png\",\"width\":400,\"height\":121,\"caption\":\"Veracel Celulose\"},\"image\":{\"@id\":\"https:\\\/\\\/www.veracel.com.br\\\/#\\\/schema\\\/logo\\\/image\\\/\"},\"sameAs\":[\"https:\\\/\\\/www.instagram.com\\\/veracelcelulose\",\"https:\\\/\\\/www.linkedin.com\\\/company\\\/veracelcelulose\\\/\",\"https:\\\/\\\/www.youtube.com\\\/user\\\/CanalVeracel\"]}]}<\/script>\n<!-- \/ Yoast SEO Premium plugin. -->","yoast_head_json":{"title":"Veracel Celulose realiza campanha de conscientiza\u00e7\u00e3o da preserva\u00e7\u00e3o ambiental","description":"Campanha da Veracel Celulose para a conscientiza\u00e7\u00e3o da preserva\u00e7\u00e3o ambiental, combate \u00e0 ca\u00e7a e preven\u00e7\u00e3o de inc\u00eandios no sul da Bahia.","robots":{"index":"index","follow":"follow","max-snippet":"max-snippet:-1","max-image-preview":"max-image-preview:large","max-video-preview":"max-video-preview:-1"},"canonical":"https:\/\/www.veracel.com.br\/veracel-celulose-realiza-campanha-de-conscientizacao-da-preservacao-ambiental\/","og_locale":"en_US","og_type":"article","og_title":"Veracel Celulose realiza campanha de conscientiza\u00e7\u00e3o da preserva\u00e7\u00e3o ambiental","og_description":"Campanha da Veracel Celulose para a conscientiza\u00e7\u00e3o da preserva\u00e7\u00e3o ambiental, combate \u00e0 ca\u00e7a e preven\u00e7\u00e3o de inc\u00eandios no sul da Bahia.","og_url":"https:\/\/www.veracel.com.br\/veracel-celulose-realiza-campanha-de-conscientizacao-da-preservacao-ambiental\/","og_site_name":"Veracel Celulose","article_published_time":"2022-04-14T17:28:15+00:00","article_modified_time":"2022-04-14T17:33:50+00:00","og_image":[{"width":1080,"height":608,"url":"https:\/\/www.veracel.com.br\/wp-content\/uploads\/2022\/04\/veracel-celulose-campanha-conscientizacao-conservacao-ambiental.jpg","type":"image\/jpeg"}],"author":"saulo","twitter_card":"summary_large_image","twitter_misc":{"Written by":"saulo","Est. reading time":"3 minutes"},"schema":{"@context":"https:\/\/schema.org","@graph":[{"@type":"WebPage","@id":"https:\/\/www.veracel.com.br\/veracel-celulose-realiza-campanha-de-conscientizacao-da-preservacao-ambiental\/","url":"https:\/\/www.veracel.com.br\/veracel-celulose-realiza-campanha-de-conscientizacao-da-preservacao-ambiental\/","name":"Veracel Celulose realiza campanha de conscientiza\u00e7\u00e3o da preserva\u00e7\u00e3o ambiental","isPartOf":{"@id":"https:\/\/www.veracel.com.br\/#website"},"primaryImageOfPage":{"@id":"https:\/\/www.veracel.com.br\/veracel-celulose-realiza-campanha-de-conscientizacao-da-preservacao-ambiental\/#primaryimage"},"image":{"@id":"https:\/\/www.veracel.com.br\/veracel-celulose-realiza-campanha-de-conscientizacao-da-preservacao-ambiental\/#primaryimage"},"thumbnailUrl":"https:\/\/www.veracel.com.br\/wp-content\/uploads\/2022\/04\/veracel-celulose-campanha-conscientizacao-conservacao-ambiental.jpg","datePublished":"2022-04-14T17:28:15+00:00","dateModified":"2022-04-14T17:33:50+00:00","description":"Campanha da Veracel Celulose para a conscientiza\u00e7\u00e3o da preserva\u00e7\u00e3o ambiental, combate \u00e0 ca\u00e7a e preven\u00e7\u00e3o de inc\u00eandios no sul da Bahia.","breadcrumb":{"@id":"https:\/\/www.veracel.com.br\/veracel-celulose-realiza-campanha-de-conscientizacao-da-preservacao-ambiental\/#breadcrumb"},"inLanguage":"en-US","potentialAction":[{"@type":"ReadAction","target":["https:\/\/www.veracel.com.br\/veracel-celulose-realiza-campanha-de-conscientizacao-da-preservacao-ambiental\/"]}]},{"@type":"ImageObject","inLanguage":"en-US","@id":"https:\/\/www.veracel.com.br\/veracel-celulose-realiza-campanha-de-conscientizacao-da-preservacao-ambiental\/#primaryimage","url":"https:\/\/www.veracel.com.br\/wp-content\/uploads\/2022\/04\/veracel-celulose-campanha-conscientizacao-conservacao-ambiental.jpg","contentUrl":"https:\/\/www.veracel.com.br\/wp-content\/uploads\/2022\/04\/veracel-celulose-campanha-conscientizacao-conservacao-ambiental.jpg","width":1080,"height":608},{"@type":"BreadcrumbList","@id":"https:\/\/www.veracel.com.br\/veracel-celulose-realiza-campanha-de-conscientizacao-da-preservacao-ambiental\/#breadcrumb","itemListElement":[{"@type":"ListItem","position":1,"name":"Home","item":"https:\/\/www.veracel.com.br\/"},{"@type":"ListItem","position":2,"name":"Not\u00edcias","item":"https:\/\/www.veracel.com.br\/noticias\/"},{"@type":"ListItem","position":3,"name":"Veracel Celulose realiza campanha de conscientiza\u00e7\u00e3o da preserva\u00e7\u00e3o ambiental"}]},{"@type":"WebSite","@id":"https:\/\/www.veracel.com.br\/#website","url":"https:\/\/www.veracel.com.br\/","name":"Veracel Celulose","description":"Quando crescemos juntos vamos muito mais longe","publisher":{"@id":"https:\/\/www.veracel.com.br\/#organization"},"potentialAction":[{"@type":"SearchAction","target":{"@type":"EntryPoint","urlTemplate":"https:\/\/www.veracel.com.br\/?s={search_term_string}"},"query-input":{"@type":"PropertyValueSpecification","valueRequired":true,"valueName":"search_term_string"}}],"inLanguage":"en-US"},{"@type":"Organization","@id":"https:\/\/www.veracel.com.br\/#organization","name":"Veracel Celulose","url":"https:\/\/www.veracel.com.br\/","logo":{"@type":"ImageObject","inLanguage":"en-US","@id":"https:\/\/www.veracel.com.br\/#\/schema\/logo\/image\/","url":"https:\/\/www.veracel.com.br\/wp-content\/uploads\/2024\/08\/Ativo-1.png","contentUrl":"https:\/\/www.veracel.com.br\/wp-content\/uploads\/2024\/08\/Ativo-1.png","width":400,"height":121,"caption":"Veracel Celulose"},"image":{"@id":"https:\/\/www.veracel.com.br\/#\/schema\/logo\/image\/"},"sameAs":["https:\/\/www.instagram.com\/veracelcelulose","https:\/\/www.linkedin.com\/company\/veracelcelulose\/","https:\/\/www.youtube.com\/user\/CanalVeracel"]}]}},"_links":{"self":[{"href":"https:\/\/www.veracel.com.br\/en\/wp-json\/wp\/v2\/posts\/21587","targetHints":{"allow":["GET"]}}],"collection":[{"href":"https:\/\/www.veracel.com.br\/en\/wp-json\/wp\/v2\/posts"}],"about":[{"href":"https:\/\/www.veracel.com.br\/en\/wp-json\/wp\/v2\/types\/post"}],"author":[{"embeddable":true,"href":"https:\/\/www.veracel.com.br\/en\/wp-json\/wp\/v2\/users\/2"}],"replies":[{"embeddable":true,"href":"https:\/\/www.veracel.com.br\/en\/wp-json\/wp\/v2\/comments?post=21587"}],"version-history":[{"count":6,"href":"https:\/\/www.veracel.com.br\/en\/wp-json\/wp\/v2\/posts\/21587\/revisions"}],"predecessor-version":[{"id":21595,"href":"https:\/\/www.veracel.com.br\/en\/wp-json\/wp\/v2\/posts\/21587\/revisions\/21595"}],"wp:featuredmedia":[{"embeddable":true,"href":"https:\/\/www.veracel.com.br\/en\/wp-json\/wp\/v2\/media\/21589"}],"wp:attachment":[{"href":"https:\/\/www.veracel.com.br\/en\/wp-json\/wp\/v2\/media?parent=21587"}],"wp:term":[{"taxonomy":"category","embeddable":true,"href":"https:\/\/www.veracel.com.br\/en\/wp-json\/wp\/v2\/categories?post=21587"},{"taxonomy":"post_tag","embeddable":true,"href":"https:\/\/www.veracel.com.br\/en\/wp-json\/wp\/v2\/tags?post=21587"}],"curies":[{"name":"wp","href":"https:\/\/api.w.org\/{rel}","templated":true}]}}