{"id":21643,"date":"2022-04-26T09:56:39","date_gmt":"2022-04-26T12:56:39","guid":{"rendered":"https:\/\/www.veracel.com.br\/?p=21643"},"modified":"2022-04-27T14:28:06","modified_gmt":"2022-04-27T17:28:06","slug":"femea-jovem-de-harpia-e-fotografada-no-sul-da-bahia","status":"publish","type":"post","link":"https:\/\/www.veracel.com.br\/en\/femea-jovem-de-harpia-e-fotografada-no-sul-da-bahia\/","title":{"rendered":"F\u00eamea jovem de harpia \u00e9 fotografada no Sul da Bahia"},"content":{"rendered":"<p><strong><i>A harpia est\u00e1 classificada como criticamente em perigo de extin\u00e7\u00e3o no territ\u00f3rio baiano. A presen\u00e7a da ave foi registrada pelo Projeto Harpia, apoiado pela Esta\u00e7\u00e3o Veracel, a maior RPPN de Mata Atl\u00e2ntica do Nordeste, mantida pela Veracel Celulose.<\/i><\/strong><\/p>\n<p>Um exemplar rar\u00edssimo de harpia (<i>Harpia harpyja<\/i>), a maior \u00e1guia das Am\u00e9ricas, foi fotografado pr\u00f3ximo ao seu ninho na regi\u00e3o do munic\u00edpio de Belmonte, no sul baiano. A presen\u00e7a da ave tem imenso valor, pois a esp\u00e9cie corre risco e \u00e9 extremamente rara na Bahia. O ninho da ave foi encontrado pelo <a href=\"https:\/\/www.projetoharpia.org\/\">Projeto Harpia<\/a> em uma fazenda, ap\u00f3s o filhote ter sido avistado pelos propriet\u00e1rios da \u00e1rea.<\/p>\n<p>O Projeto Harpia \u00e9 dedicado \u00e0 prote\u00e7\u00e3o da esp\u00e9cie e \u00e9 apoiado pela <a href=\"https:\/\/www.veracel.com.br\/rppn-estacao-veracel\/\">Reserva Particular do Patrim\u00f4nio Natural (RPPN) Esta\u00e7\u00e3o Veracel.<\/a> A RPPN, mantida pela Veracel Celulose, \u00e9 a maior reserva de Mata Atl\u00e2ntica do Nordeste, com 6 mil hectares, e est\u00e1 localizada nos munic\u00edpios de Porto Seguro e Santa Cruz Cabr\u00e1lia, no Sul da Bahia.<\/p>\n<p>\u201cO apoio da RPPN Esta\u00e7\u00e3o Veracel \u00e9 fundamental para o avan\u00e7o das nossas atividades nas florestas da Costa do Descobrimento\u201d, afirma Aureo Banhos, professor da Universidade Federal do Esp\u00edrito Santo e coordenador do n\u00facleo do Projeto Harpia na Mata Atl\u00e2ntica.<\/p>\n<p>A harpia \u00e9 nativa das florestas tropicais das Am\u00e9ricas Central e do Sul. No Brasil, as regi\u00f5es da Amaz\u00f4nia e da Mata Atl\u00e2ntica s\u00e3o h\u00e1bitats para a esp\u00e9cie. Ela depende de grandes regi\u00f5es de floresta para sobreviver e \u00e9 muito sens\u00edvel aos impactos sobre a natureza, principalmente o desmatamento e a ca\u00e7a.<\/p>\n<p>\u201cA harpia \u00e9 um predador de topo na cadeia alimentar. Necessita de disponibilidade de presas para sua alimenta\u00e7\u00e3o, bem como de grandes \u00e1rvores, para constru\u00e7\u00e3o de seus ninhos\u201d, afirma Virginia Camargos, Coordenadora de Estrat\u00e9gia Ambiental e Gest\u00e3o Integrada da Veracel.<\/p>\n<h2><b>REGISTRO RARO DA HARPIA\u00a0<\/b><\/h2>\n<p>A harpia fotografada \u00e9 uma f\u00eamea jovem, com aproximadamente 1 ano e meio de vida. Nessa fase de amadurecimento, os filhotes voam em \u00e1reas pr\u00f3ximas ao ninho onde est\u00e3o os pais e ainda dependem de seus cuidados.<\/p>\n<p>Geralmente, as harpias colocam de um a dois ovos, mas apenas um sobrevive. Os pais tomam conta dele por cerca de dois a tr\u00eas anos, mesmo que j\u00e1 esteja voando e experimentando ca\u00e7ar sozinho. Por isso, a reprodu\u00e7\u00e3o da harpia \u00e9 lenta, o que faz com que a ave corra ainda mais risco de desaparecer.<\/p>\n<p>\u201cEssa f\u00eamea tem sido monitorada desde junho de 2021, quando foi identificado o ninho em que ela se encontra, at\u00e9 hoje, junto com os pais\u201d, conta o professor Aureo.<\/p>\n<p>Dentro da \u00e1rea da Esta\u00e7\u00e3o Veracel foram identificados e s\u00e3o monitorados outros dois casais de harpias. Em abril do ano passado, foi poss\u00edvel capturar inclusive imagens extremamente raras da c\u00f3pula de um desses casais.<\/p>\n<p>\u201cInfelizmente, mesmo depois da c\u00f3pula e da f\u00eamea ter feito a postura e chocado o ovo, n\u00e3o houve o nascimento do filhote, o que pode ocorrer\u201d, explica o professor Aureo. As harpias s\u00e3o monog\u00e2micas, e o casal quase sempre usa o mesmo ninho para reprodu\u00e7\u00e3o.<\/p>\n<h2><b>SOBRE A PARCERIA ENTRE O PROJETO HARPIA E A ESTA\u00c7\u00c3O VERACEL<\/b><\/h2>\n<p>A RPPN Esta\u00e7\u00e3o Veracel representa um dos principais remanescentes de floresta atl\u00e2ntica no Extremo Sul da Bahia e do Corredor Central da Mata Atl\u00e2ntica. Foi identificada como uma \u00e1rea-chave para a biodiversidade (Key Biodiversity Area \u2013 KBA), por seu importante papel na prote\u00e7\u00e3o de esp\u00e9cies da fauna globalmente amea\u00e7ada de extin\u00e7\u00e3o.<\/p>\n<p>\u00c9 considerada tamb\u00e9m uma \u00e1rea importante para conserva\u00e7\u00e3o de aves (Important Bird Area \u2013 IBA). Foi ainda reconhecida internacionalmente com o t\u00edtulo de S\u00edtio do Patrim\u00f4nio Mundial Natural (SPMN), concedido pela UNESCO, em 1999.<\/p>\n<p>Em 1997, foi fundado o Programa de Conserva\u00e7\u00e3o do Gavi\u00e3o-Real (outro nome popular da harpia), ap\u00f3s a descoberta de um ninho da esp\u00e9cie, em uma floresta pr\u00f3xima \u00e0 regi\u00e3o de Manaus. Em 2005, o projeto estendeu suas atividades para a Mata Atl\u00e2ntica, come\u00e7ando pela Esta\u00e7\u00e3o Veracel. Vinte anos depois, a iniciativa foi renomeada como Projeto Harpia.<\/p>\n<p>O projeto conta com o apoio de pesquisadores parceiros, volunt\u00e1rios, estudantes e bolsistas para a realiza\u00e7\u00e3o da coleta de dados, projetos de educa\u00e7\u00e3o ambiental e divulga\u00e7\u00e3o de informa\u00e7\u00f5es no entorno de ninhos. Diversos ninhos de harpia e de outras grandes \u00e1guias florestais, como o uira\u00e7u e o gavi\u00e3o-de-penacho, s\u00e3o monitorados por essa iniciativa.<\/p>\n<p>Na Mata Atl\u00e2ntica, um n\u00facleo do Projeto Harpia foi estabelecido e \u00e9 coordenado pelo professor Aureo Banhos. Com pesquisadores e equipamentos especializados no estudo e no manejo da ave, o n\u00facleo vem desenvolvendo pesquisas, reabilita\u00e7\u00e3o, reintegra\u00e7\u00e3o e conserva\u00e7\u00e3o da popula\u00e7\u00e3o de harpias de vida livre que habitam as matas dos fragmentos florestais da RPPN Esta\u00e7\u00e3o Veracel, do Parque Nacional do Pau-Brasil (PARNA do Pau-Brasil), e de outras reservas no Sul da Bahia.<\/p>\n<p><a href=\"https:\/\/www.projetoharpia.org\/\" target=\"_blank\" rel=\"noopener\">Conhe\u00e7a mais sobre o Projeto Harpia<\/a><\/p>\n<p><a href=\"https:\/\/www.veracel.com.br\/rppn-estacao-veracel\/\">Saiba mais a respeito dos projetos da RPPN Esta\u00e7\u00e3o Veracel<\/a><\/p>\n","protected":false},"excerpt":{"rendered":"<p>A harpia est\u00e1 classificada como criticamente em perigo de extin\u00e7\u00e3o no territ\u00f3rio baiano. A presen\u00e7a da ave foi registrada pelo Projeto Harpia, apoiado pela Esta\u00e7\u00e3o Veracel, a maior RPPN de Mata Atl\u00e2ntica do Nordeste, mantida pela Veracel Celulose. Um exemplar rar\u00edssimo de harpia (Harpia harpyja), a maior \u00e1guia das Am\u00e9ricas, foi fotografado pr\u00f3ximo ao seu [&hellip;]<\/p>\n","protected":false},"author":2,"featured_media":21644,"comment_status":"open","ping_status":"open","sticky":false,"template":"","format":"standard","meta":{"_acf_changed":false,"footnotes":"","_links_to":"","_links_to_target":""},"categories":[211,332],"tags":[],"class_list":["post-21643","post","type-post","status-publish","format-standard","has-post-thumbnail","hentry","category-noticias","category-sustentabilidade-veracel"],"acf":[],"yoast_head":"<!-- This site is optimized with the Yoast SEO Premium plugin v26.7 (Yoast SEO v27.4) - https:\/\/yoast.com\/product\/yoast-seo-premium-wordpress\/ -->\n<title>F\u00eamea jovem de harpia \u00e9 fotografada no Sul da Bahia - Veracel Celulose<\/title>\n<meta name=\"description\" content=\"F\u00eamea jovem de harpia, a maior \u00e1guia das Am\u00e9ricas e extremamente rara, \u00e9 fotografada no Sul da Bahia, pelo Projeto Harpia, na RPPN Esta\u00e7\u00e3o Veracel.\" \/>\n<meta name=\"robots\" content=\"index, follow, max-snippet:-1, max-image-preview:large, max-video-preview:-1\" \/>\n<link rel=\"canonical\" href=\"https:\/\/www.veracel.com.br\/femea-jovem-de-harpia-e-fotografada-no-sul-da-bahia\/\" \/>\n<meta property=\"og:locale\" content=\"en_US\" \/>\n<meta property=\"og:type\" content=\"article\" \/>\n<meta property=\"og:title\" content=\"F\u00eamea jovem de harpia \u00e9 fotografada no Sul da Bahia\" \/>\n<meta property=\"og:description\" content=\"F\u00eamea jovem de harpia, a maior \u00e1guia das Am\u00e9ricas e extremamente rara, \u00e9 fotografada no Sul da Bahia, pelo Projeto Harpia, na RPPN Esta\u00e7\u00e3o Veracel.\" \/>\n<meta property=\"og:url\" content=\"https:\/\/www.veracel.com.br\/femea-jovem-de-harpia-e-fotografada-no-sul-da-bahia\/\" \/>\n<meta property=\"og:site_name\" content=\"Veracel Celulose\" \/>\n<meta property=\"article:published_time\" content=\"2022-04-26T12:56:39+00:00\" \/>\n<meta property=\"article:modified_time\" content=\"2022-04-27T17:28:06+00:00\" \/>\n<meta property=\"og:image\" content=\"https:\/\/www.veracel.com.br\/wp-content\/uploads\/2022\/04\/harpia-veracel-celulose-scaled.jpg\" \/>\n\t<meta property=\"og:image:width\" content=\"2560\" \/>\n\t<meta property=\"og:image:height\" content=\"1707\" \/>\n\t<meta property=\"og:image:type\" content=\"image\/jpeg\" \/>\n<meta name=\"author\" content=\"saulo\" \/>\n<meta name=\"twitter:card\" content=\"summary_large_image\" \/>\n<meta name=\"twitter:label1\" content=\"Written by\" \/>\n\t<meta name=\"twitter:data1\" content=\"saulo\" \/>\n\t<meta name=\"twitter:label2\" content=\"Est. reading time\" \/>\n\t<meta name=\"twitter:data2\" content=\"4 minutes\" \/>\n<script type=\"application\/ld+json\" class=\"yoast-schema-graph\">{\"@context\":\"https:\\\/\\\/schema.org\",\"@graph\":[{\"@type\":\"WebPage\",\"@id\":\"https:\\\/\\\/www.veracel.com.br\\\/femea-jovem-de-harpia-e-fotografada-no-sul-da-bahia\\\/\",\"url\":\"https:\\\/\\\/www.veracel.com.br\\\/femea-jovem-de-harpia-e-fotografada-no-sul-da-bahia\\\/\",\"name\":\"F\u00eamea jovem de harpia \u00e9 fotografada no Sul da Bahia - Veracel Celulose\",\"isPartOf\":{\"@id\":\"https:\\\/\\\/www.veracel.com.br\\\/#website\"},\"primaryImageOfPage\":{\"@id\":\"https:\\\/\\\/www.veracel.com.br\\\/femea-jovem-de-harpia-e-fotografada-no-sul-da-bahia\\\/#primaryimage\"},\"image\":{\"@id\":\"https:\\\/\\\/www.veracel.com.br\\\/femea-jovem-de-harpia-e-fotografada-no-sul-da-bahia\\\/#primaryimage\"},\"thumbnailUrl\":\"https:\\\/\\\/www.veracel.com.br\\\/wp-content\\\/uploads\\\/2022\\\/04\\\/harpia-veracel-celulose-scaled.jpg\",\"datePublished\":\"2022-04-26T12:56:39+00:00\",\"dateModified\":\"2022-04-27T17:28:06+00:00\",\"description\":\"F\u00eamea jovem de harpia, a maior \u00e1guia das Am\u00e9ricas e extremamente rara, \u00e9 fotografada no Sul da Bahia, pelo Projeto Harpia, na RPPN Esta\u00e7\u00e3o Veracel.\",\"breadcrumb\":{\"@id\":\"https:\\\/\\\/www.veracel.com.br\\\/femea-jovem-de-harpia-e-fotografada-no-sul-da-bahia\\\/#breadcrumb\"},\"inLanguage\":\"en-US\",\"potentialAction\":[{\"@type\":\"ReadAction\",\"target\":[\"https:\\\/\\\/www.veracel.com.br\\\/femea-jovem-de-harpia-e-fotografada-no-sul-da-bahia\\\/\"]}]},{\"@type\":\"ImageObject\",\"inLanguage\":\"en-US\",\"@id\":\"https:\\\/\\\/www.veracel.com.br\\\/femea-jovem-de-harpia-e-fotografada-no-sul-da-bahia\\\/#primaryimage\",\"url\":\"https:\\\/\\\/www.veracel.com.br\\\/wp-content\\\/uploads\\\/2022\\\/04\\\/harpia-veracel-celulose-scaled.jpg\",\"contentUrl\":\"https:\\\/\\\/www.veracel.com.br\\\/wp-content\\\/uploads\\\/2022\\\/04\\\/harpia-veracel-celulose-scaled.jpg\",\"width\":2560,\"height\":1707},{\"@type\":\"BreadcrumbList\",\"@id\":\"https:\\\/\\\/www.veracel.com.br\\\/femea-jovem-de-harpia-e-fotografada-no-sul-da-bahia\\\/#breadcrumb\",\"itemListElement\":[{\"@type\":\"ListItem\",\"position\":1,\"name\":\"Home\",\"item\":\"https:\\\/\\\/www.veracel.com.br\\\/\"},{\"@type\":\"ListItem\",\"position\":2,\"name\":\"Not\u00edcias\",\"item\":\"https:\\\/\\\/www.veracel.com.br\\\/noticias\\\/\"},{\"@type\":\"ListItem\",\"position\":3,\"name\":\"F\u00eamea jovem de harpia \u00e9 fotografada no Sul da Bahia\"}]},{\"@type\":\"WebSite\",\"@id\":\"https:\\\/\\\/www.veracel.com.br\\\/#website\",\"url\":\"https:\\\/\\\/www.veracel.com.br\\\/\",\"name\":\"Veracel Celulose\",\"description\":\"Quando crescemos juntos vamos muito mais longe\",\"publisher\":{\"@id\":\"https:\\\/\\\/www.veracel.com.br\\\/#organization\"},\"potentialAction\":[{\"@type\":\"SearchAction\",\"target\":{\"@type\":\"EntryPoint\",\"urlTemplate\":\"https:\\\/\\\/www.veracel.com.br\\\/?s={search_term_string}\"},\"query-input\":{\"@type\":\"PropertyValueSpecification\",\"valueRequired\":true,\"valueName\":\"search_term_string\"}}],\"inLanguage\":\"en-US\"},{\"@type\":\"Organization\",\"@id\":\"https:\\\/\\\/www.veracel.com.br\\\/#organization\",\"name\":\"Veracel Celulose\",\"url\":\"https:\\\/\\\/www.veracel.com.br\\\/\",\"logo\":{\"@type\":\"ImageObject\",\"inLanguage\":\"en-US\",\"@id\":\"https:\\\/\\\/www.veracel.com.br\\\/#\\\/schema\\\/logo\\\/image\\\/\",\"url\":\"https:\\\/\\\/www.veracel.com.br\\\/wp-content\\\/uploads\\\/2024\\\/08\\\/Ativo-1.png\",\"contentUrl\":\"https:\\\/\\\/www.veracel.com.br\\\/wp-content\\\/uploads\\\/2024\\\/08\\\/Ativo-1.png\",\"width\":400,\"height\":121,\"caption\":\"Veracel Celulose\"},\"image\":{\"@id\":\"https:\\\/\\\/www.veracel.com.br\\\/#\\\/schema\\\/logo\\\/image\\\/\"},\"sameAs\":[\"https:\\\/\\\/www.instagram.com\\\/veracelcelulose\",\"https:\\\/\\\/www.linkedin.com\\\/company\\\/veracelcelulose\\\/\",\"https:\\\/\\\/www.youtube.com\\\/user\\\/CanalVeracel\"]}]}<\/script>\n<!-- \/ Yoast SEO Premium plugin. -->","yoast_head_json":{"title":"F\u00eamea jovem de harpia \u00e9 fotografada no Sul da Bahia - Veracel Celulose","description":"F\u00eamea jovem de harpia, a maior \u00e1guia das Am\u00e9ricas e extremamente rara, \u00e9 fotografada no Sul da Bahia, pelo Projeto Harpia, na RPPN Esta\u00e7\u00e3o Veracel.","robots":{"index":"index","follow":"follow","max-snippet":"max-snippet:-1","max-image-preview":"max-image-preview:large","max-video-preview":"max-video-preview:-1"},"canonical":"https:\/\/www.veracel.com.br\/femea-jovem-de-harpia-e-fotografada-no-sul-da-bahia\/","og_locale":"en_US","og_type":"article","og_title":"F\u00eamea jovem de harpia \u00e9 fotografada no Sul da Bahia","og_description":"F\u00eamea jovem de harpia, a maior \u00e1guia das Am\u00e9ricas e extremamente rara, \u00e9 fotografada no Sul da Bahia, pelo Projeto Harpia, na RPPN Esta\u00e7\u00e3o Veracel.","og_url":"https:\/\/www.veracel.com.br\/femea-jovem-de-harpia-e-fotografada-no-sul-da-bahia\/","og_site_name":"Veracel Celulose","article_published_time":"2022-04-26T12:56:39+00:00","article_modified_time":"2022-04-27T17:28:06+00:00","og_image":[{"width":2560,"height":1707,"url":"https:\/\/www.veracel.com.br\/wp-content\/uploads\/2022\/04\/harpia-veracel-celulose-scaled.jpg","type":"image\/jpeg"}],"author":"saulo","twitter_card":"summary_large_image","twitter_misc":{"Written by":"saulo","Est. reading time":"4 minutes"},"schema":{"@context":"https:\/\/schema.org","@graph":[{"@type":"WebPage","@id":"https:\/\/www.veracel.com.br\/femea-jovem-de-harpia-e-fotografada-no-sul-da-bahia\/","url":"https:\/\/www.veracel.com.br\/femea-jovem-de-harpia-e-fotografada-no-sul-da-bahia\/","name":"F\u00eamea jovem de harpia \u00e9 fotografada no Sul da Bahia - Veracel Celulose","isPartOf":{"@id":"https:\/\/www.veracel.com.br\/#website"},"primaryImageOfPage":{"@id":"https:\/\/www.veracel.com.br\/femea-jovem-de-harpia-e-fotografada-no-sul-da-bahia\/#primaryimage"},"image":{"@id":"https:\/\/www.veracel.com.br\/femea-jovem-de-harpia-e-fotografada-no-sul-da-bahia\/#primaryimage"},"thumbnailUrl":"https:\/\/www.veracel.com.br\/wp-content\/uploads\/2022\/04\/harpia-veracel-celulose-scaled.jpg","datePublished":"2022-04-26T12:56:39+00:00","dateModified":"2022-04-27T17:28:06+00:00","description":"F\u00eamea jovem de harpia, a maior \u00e1guia das Am\u00e9ricas e extremamente rara, \u00e9 fotografada no Sul da Bahia, pelo Projeto Harpia, na RPPN Esta\u00e7\u00e3o Veracel.","breadcrumb":{"@id":"https:\/\/www.veracel.com.br\/femea-jovem-de-harpia-e-fotografada-no-sul-da-bahia\/#breadcrumb"},"inLanguage":"en-US","potentialAction":[{"@type":"ReadAction","target":["https:\/\/www.veracel.com.br\/femea-jovem-de-harpia-e-fotografada-no-sul-da-bahia\/"]}]},{"@type":"ImageObject","inLanguage":"en-US","@id":"https:\/\/www.veracel.com.br\/femea-jovem-de-harpia-e-fotografada-no-sul-da-bahia\/#primaryimage","url":"https:\/\/www.veracel.com.br\/wp-content\/uploads\/2022\/04\/harpia-veracel-celulose-scaled.jpg","contentUrl":"https:\/\/www.veracel.com.br\/wp-content\/uploads\/2022\/04\/harpia-veracel-celulose-scaled.jpg","width":2560,"height":1707},{"@type":"BreadcrumbList","@id":"https:\/\/www.veracel.com.br\/femea-jovem-de-harpia-e-fotografada-no-sul-da-bahia\/#breadcrumb","itemListElement":[{"@type":"ListItem","position":1,"name":"Home","item":"https:\/\/www.veracel.com.br\/"},{"@type":"ListItem","position":2,"name":"Not\u00edcias","item":"https:\/\/www.veracel.com.br\/noticias\/"},{"@type":"ListItem","position":3,"name":"F\u00eamea jovem de harpia \u00e9 fotografada no Sul da Bahia"}]},{"@type":"WebSite","@id":"https:\/\/www.veracel.com.br\/#website","url":"https:\/\/www.veracel.com.br\/","name":"Veracel Celulose","description":"Quando crescemos juntos vamos muito mais longe","publisher":{"@id":"https:\/\/www.veracel.com.br\/#organization"},"potentialAction":[{"@type":"SearchAction","target":{"@type":"EntryPoint","urlTemplate":"https:\/\/www.veracel.com.br\/?s={search_term_string}"},"query-input":{"@type":"PropertyValueSpecification","valueRequired":true,"valueName":"search_term_string"}}],"inLanguage":"en-US"},{"@type":"Organization","@id":"https:\/\/www.veracel.com.br\/#organization","name":"Veracel Celulose","url":"https:\/\/www.veracel.com.br\/","logo":{"@type":"ImageObject","inLanguage":"en-US","@id":"https:\/\/www.veracel.com.br\/#\/schema\/logo\/image\/","url":"https:\/\/www.veracel.com.br\/wp-content\/uploads\/2024\/08\/Ativo-1.png","contentUrl":"https:\/\/www.veracel.com.br\/wp-content\/uploads\/2024\/08\/Ativo-1.png","width":400,"height":121,"caption":"Veracel Celulose"},"image":{"@id":"https:\/\/www.veracel.com.br\/#\/schema\/logo\/image\/"},"sameAs":["https:\/\/www.instagram.com\/veracelcelulose","https:\/\/www.linkedin.com\/company\/veracelcelulose\/","https:\/\/www.youtube.com\/user\/CanalVeracel"]}]}},"_links":{"self":[{"href":"https:\/\/www.veracel.com.br\/en\/wp-json\/wp\/v2\/posts\/21643","targetHints":{"allow":["GET"]}}],"collection":[{"href":"https:\/\/www.veracel.com.br\/en\/wp-json\/wp\/v2\/posts"}],"about":[{"href":"https:\/\/www.veracel.com.br\/en\/wp-json\/wp\/v2\/types\/post"}],"author":[{"embeddable":true,"href":"https:\/\/www.veracel.com.br\/en\/wp-json\/wp\/v2\/users\/2"}],"replies":[{"embeddable":true,"href":"https:\/\/www.veracel.com.br\/en\/wp-json\/wp\/v2\/comments?post=21643"}],"version-history":[{"count":8,"href":"https:\/\/www.veracel.com.br\/en\/wp-json\/wp\/v2\/posts\/21643\/revisions"}],"predecessor-version":[{"id":21658,"href":"https:\/\/www.veracel.com.br\/en\/wp-json\/wp\/v2\/posts\/21643\/revisions\/21658"}],"wp:featuredmedia":[{"embeddable":true,"href":"https:\/\/www.veracel.com.br\/en\/wp-json\/wp\/v2\/media\/21644"}],"wp:attachment":[{"href":"https:\/\/www.veracel.com.br\/en\/wp-json\/wp\/v2\/media?parent=21643"}],"wp:term":[{"taxonomy":"category","embeddable":true,"href":"https:\/\/www.veracel.com.br\/en\/wp-json\/wp\/v2\/categories?post=21643"},{"taxonomy":"post_tag","embeddable":true,"href":"https:\/\/www.veracel.com.br\/en\/wp-json\/wp\/v2\/tags?post=21643"}],"curies":[{"name":"wp","href":"https:\/\/api.w.org\/{rel}","templated":true}]}}