{"id":22323,"date":"2022-05-23T21:41:49","date_gmt":"2022-05-24T00:41:49","guid":{"rendered":"https:\/\/www.veracel.com.br\/?p=22323"},"modified":"2022-05-26T12:06:21","modified_gmt":"2022-05-26T15:06:21","slug":"veracel-celulose-apresenta-relatorio-de-sustentabilidade-2021","status":"publish","type":"post","link":"https:\/\/www.veracel.com.br\/en\/veracel-celulose-apresenta-relatorio-de-sustentabilidade-2021\/","title":{"rendered":"Veracel Celulose apresenta Relat\u00f3rio de Sustentabilidade 2021"},"content":{"rendered":"<h2><i>O relat\u00f3rio de sustentabilidade da Veracel destaca a implementa\u00e7\u00e3o de inova\u00e7\u00f5es tecnol\u00f3gicas, programas bem-sucedidos de conserva\u00e7\u00e3o ambiental e de apoio social e o investimento na constru\u00e7\u00e3o da BA-658<\/i><\/h2>\n<p>A Veracel Celulose divulgou hoje, dia 16 de maio de 2022, seu Relat\u00f3rio de Sustentabilidade referente ao ano de 2021. O conte\u00fado est\u00e1 dispon\u00edvel para download e visualiza\u00e7\u00e3o, na \u00edntegra neste<a href=\"https:\/\/www.veracel.com.br\/sustentabilidade\/nossa-guia\/\"> link<\/a>.<\/p>\n<p>Entre os principais destaques do ano, o documento elenca as principais iniciativas voltadas \u00e0 sustentabilidade, como apoio a projetos sociais, iniciativas de prote\u00e7\u00e3o ao meio ambiente e o caminho da gest\u00e3o da empresa em prol de um ambiente mais diverso e inclusivo.<\/p>\n<p>O relat\u00f3rio de sustentabilidade da Veracel Celulose destaca os avan\u00e7os tecnol\u00f3gicos da empresa e o investimento feito de R$ 95 milh\u00f5es para a constru\u00e7\u00e3o de uma nova rodovia estadual, que trar\u00e1 maior competitividade \u00e0 Veracel, al\u00e9m de mais desenvolvimento para a regi\u00e3o.<\/p>\n<p>\u201cEm 2021, nos dedicamos a pensar estrategicamente a Veracel do futuro, al\u00e9m do foco em a\u00e7\u00f5es de inova\u00e7\u00e3o para garantir a competitividade da empresa e entregar valor para a sociedade, pautados pela forte orienta\u00e7\u00e3o para a sustentabilidade e pela busca constante por um ambiente de trabalho cada vez mais diverso e inclusivo\u201d, comenta Caio Zanardo, diretor-presidente da Veracel Celulose.<\/p>\n<h2><b>Investimentos sociais da Veracel<\/b><\/h2>\n<p>O Relat\u00f3rio registra o investimento social realizado pela Veracel em 2021, que contemplou coletivos rurais, comunidades de pesca e ind\u00edgenas e diversas associa\u00e7\u00f5es comunit\u00e1rias.<\/p>\n<p>O investimento de mais de R$ 11 milh\u00f5es tamb\u00e9m beneficiou projetos de agricultura familiar, iniciativas de gera\u00e7\u00e3o de renda e de educa\u00e7\u00e3o, al\u00e9m das a\u00e7\u00f5es da Veracel para apoiar a regi\u00e3o Sul da Bahia ap\u00f3s os impactos ocasionados pelas chuvas que atingiram a regi\u00e3o em 2021.<\/p>\n<h2><b>Impacto positivo no Sul da Bahia<\/b><\/h2>\n<p>Outro importante destaque do Relat\u00f3rio de Sustentabilidade \u00e9 o impacto positivo da Veracel para o desenvolvimento econ\u00f4mico do territ\u00f3rio.<\/p>\n<p>As compras de servi\u00e7os, mercadorias e contrata\u00e7\u00f5es locais da Veracel representaram mais de R$ 745 milh\u00f5es para o estado da Bahia, al\u00e9m de R$ 132 milh\u00f5es na apura\u00e7\u00e3o de tributos municipais, estaduais e federais da regi\u00e3o, que abrange os 11 munic\u00edpios onde a empresa tem opera\u00e7\u00f5es.<\/p>\n<h2><b>Constru\u00e7\u00e3o da Rodovia BA-658<\/b><\/h2>\n<p>O investimento de R$ 95 milh\u00f5es para a constru\u00e7\u00e3o da nova Rodovia BA-658, no Sul da Bahia tamb\u00e9m \u00e9 relatado no documento.<\/p>\n<p>Em parceria com o Governo do Estado da Bahia, o empreendimento j\u00e1 teve as obras iniciadas, e a Veracel estima o prazo de 12 meses para sua conclus\u00e3o.<\/p>\n<p>A nova rodovia fortalecer\u00e1 a integra\u00e7\u00e3o regional de comunidades \u00e0s suas respectivas sedes de munic\u00edpios, melhorando o acesso ao aparato de servi\u00e7os p\u00fablicos, fortalecendo o turismo e contribuindo para o desenvolvimento de todo o estado.<\/p>\n<p>Ao todo, ser\u00e3o 25 quil\u00f4metros de estrada e uma ponte de 360 metros de extens\u00e3o. O novo trajeto encurtar\u00e1 a dist\u00e2ncia percorrida para o transporte de madeira e insumos que v\u00eam de regi\u00f5es ao norte da f\u00e1brica da Veracel at\u00e9 a unidade fabril, reduzindo o tr\u00e1fego de carretas nas estradas e a emiss\u00e3o de g\u00e1s carb\u00f4nico.<\/p>\n<h2><b>Meio ambiente<\/b><\/h2>\n<p>Do ponto de vista ambiental, al\u00e9m do programa Amigos da Fauna, lan\u00e7ado em 2021 e que traz a\u00e7\u00f5es de prote\u00e7\u00e3o a animais silvestres do Sul da Bahia, um grande destaque foi para o uso pioneiro de intelig\u00eancia artificial para a prote\u00e7\u00e3o das baleias-jubarte na rota das barca\u00e7as mar\u00edtimas que transportam a celulose da empresa.<\/p>\n<p>Apesar de a Veracel nunca ter registrado uma colis\u00e3o das embarca\u00e7\u00f5es que fazem o transporte de sua celulose com essas gigantes do mar, a inova\u00e7\u00e3o \u00e9 mais uma medida preventiva contra poss\u00edveis acidentes, uma vez que \u00e9 comum a esp\u00e9cie estar presente nas \u00e1guas do Sul da Bahia, especialmente em sua \u00e9poca reprodutiva.<\/p>\n<p>A iniciativa, realizada em parceria com o Instituto Baleia-Jubarte (IBJ) e a empresa de log\u00edstica multimodal Norsul, traz ainda mais seguran\u00e7a para os animais, al\u00e9m de identificar tamb\u00e9m outras embarca\u00e7\u00f5es de pesca, turismo e de cabotagem, trazendo tamb\u00e9m mais seguran\u00e7a para os pescadores.<\/p>\n<h2><b>Inova\u00e7\u00e3o e transforma\u00e7\u00e3o digital<\/b><\/h2>\n<p>J\u00e1 do ponto de vista do neg\u00f3cio, a empresa registra sua trajet\u00f3ria de inova\u00e7\u00e3o e transforma\u00e7\u00e3o digital, acelerada em 2021.<\/p>\n<p>Com a implementa\u00e7\u00e3o de novas ferramentas e do uso de imagens de sat\u00e9lite, digitaliza\u00e7\u00e3o de processos, monitoramento de dados, sensores IoT (de internet das coisas), big data e analytics, a Veracel avan\u00e7ou na digitaliza\u00e7\u00e3o de seus processos, desde as opera\u00e7\u00f5es da floresta at\u00e9 a f\u00e1brica.<\/p>\n<p>Com novidades que incluem o uso de ferramentas para criar recomenda\u00e7\u00f5es de plantio ideal para os mais de 100 mil ha de florestas plantadas pela companhia e produtores parceiros, at\u00e9 a tecnologia para predi\u00e7\u00e3o de falhas em equipamentos da ind\u00fastria antes mesmo que eles aconte\u00e7am, o ano de 2021 foi marcado pelo avan\u00e7o da Veracel na utiliza\u00e7\u00e3o de ferramentas que geram mais efici\u00eancia e intelig\u00eancia ao neg\u00f3cio.<\/p>\n<h2><b>Programa Alian\u00e7a para o Plantio de Eucalipto<\/b><\/h2>\n<p>Em 2021, a empresa lan\u00e7ou tamb\u00e9m seu Programa Alian\u00e7a, que busca ampliar a participa\u00e7\u00e3o de parceiros no abastecimento de madeira para a produ\u00e7\u00e3o de celulose, apresentando a silvicultura como uma alternativa de neg\u00f3cios para propriet\u00e1rios rurais no sul da Bahia e no Vale do Jequitinhonha\/MG.<\/p>\n<h2><b>Trabalho h\u00edbrido, diversidade e inclus\u00e3o social<\/b><\/h2>\n<p>As mudan\u00e7as no modelo de trabalho da empresa, consolidadas durante o enfrentamento da pandemia de Covid-19, bem como as a\u00e7\u00f5es relacionadas \u00e0 diversidade e inclus\u00e3o tamb\u00e9m podem ser conferidas no Relat\u00f3rio.<\/p>\n<p>A empresa consolidou o teletrabalho e o trabalho h\u00edbrido para algumas atividades e segue em suas metas para a constru\u00e7\u00e3o de um ambiente cada vez mais diverso e inclusivo.<\/p>\n<p>Desde 2021, a empresa se tornou signat\u00e1ria dos seguintes movimentos de diversidade e inclus\u00e3o: Mulher Florestal do Ib\u00e1 <i>(Ind\u00fastria Brasileira de \u00c1rvores Plantadas)<\/i>, ONU Mulheres, Coaliza\u00e7\u00e3o Empresarial para Equidade Racial e de G\u00eanero, Coaliza\u00e7\u00e3o Empresarial pelo Fim da Viol\u00eancia Contra Mulheres e Meninas, Rede Empresarial de Inclus\u00e3o Social e F\u00f3rum das Empresas pelo Direito LGBTI+.<\/p>\n<h2><b>Assista ao v\u00eddeo sobre o Relat\u00f3rio de Sustentabilidade da Veracel<br \/>\n<\/b><\/h2>\n<p>Para ver o v\u00eddeo da Veracel a respeito de seu Relat\u00f3rio de Sustentabilidade 2021,<a href=\"https:\/\/youtu.be\/v9SlqYrEj7I\" data-ytdl-video-id=\"v9SlqYrEj7I\"> clique aqui.<\/a><\/p>\n<h3><b>Informa\u00e7\u00f5es gerais do Relat\u00f3rio de Sustentabilidade 2021 \u2013 Veracel Celulose:<\/b><\/h3>\n<h4><b>\u00a0Atua\u00e7\u00e3o<\/b><\/h4>\n<ul>\n<li aria-level=\"1\">A empresa atua em 11 munic\u00edpios e influencia diretamente 143 comunidades, sendo 45 delas na \u00e1rea de influ\u00eancia direta da Veracel e 34 comunidades ind\u00edgenas.<\/li>\n<\/ul>\n<h4><b>Produ\u00e7\u00e3o anual<\/b><\/h4>\n<ul>\n<li aria-level=\"1\">Celulose: 1.069.658 t<\/li>\n<li aria-level=\"1\">Energia: 806.938 MWh<\/li>\n<\/ul>\n<h4><b>Total de colaboradores<\/b><\/h4>\n<ul>\n<li aria-level=\"1\">963 colaboradores pr\u00f3prios<\/li>\n<li aria-level=\"1\">2.054 colaboradores empresas parceiras<\/li>\n<\/ul>\n<h4><b>Presen\u00e7a territorial<\/b><\/h4>\n<ul>\n<li aria-level=\"1\">Total de \u00e1rea da Veracel: 198.050,53 ha<\/li>\n<li aria-level=\"1\">\u00c1rea plantada: 87.556,09 ha<\/li>\n<li aria-level=\"1\">\u00c1rea de preserva\u00e7\u00e3o: 99.666,35 ha<\/li>\n<li aria-level=\"1\">Plantio Programa Produtor Florestal: 22.584 ha<\/li>\n<\/ul>\n<h4><b>Efici\u00eancia Operacional<\/b><\/h4>\n<ul>\n<li aria-level=\"1\">Reciclagem de res\u00edduos: 98%<\/li>\n<li aria-level=\"1\">Excel\u00eancia operacional: 90,9%<\/li>\n<li aria-level=\"1\">Consumo de \u00e1gua por tonelada de celulose: 22,4 m\u00b3\/tsa<\/li>\n<\/ul>\n<h2>Demais informa\u00e7\u00f5es est\u00e3o dispon\u00edveis no<a href=\"https:\/\/www.veracel.com.br\/sustentabilidade\/nossa-guia\/\"> <b>Relat\u00f3rio de Sustentabilidade 2021<\/b><\/a><\/h2>\n<h2>Para saber mais sobre essas e outras iniciativas da Veracel, acesse o site<a href=\"http:\/\/www.veracel.com.br\/\"> www.veracel.com.br<\/a><\/h2>\n","protected":false},"excerpt":{"rendered":"<p>O relat\u00f3rio de sustentabilidade da Veracel destaca a implementa\u00e7\u00e3o de inova\u00e7\u00f5es tecnol\u00f3gicas, programas bem-sucedidos de conserva\u00e7\u00e3o ambiental e de apoio social e o investimento na constru\u00e7\u00e3o da BA-658 A Veracel Celulose divulgou hoje, dia 16 de maio de 2022, seu Relat\u00f3rio de Sustentabilidade referente ao ano de 2021. O conte\u00fado est\u00e1 dispon\u00edvel para download e [&hellip;]<\/p>\n","protected":false},"author":2,"featured_media":22327,"comment_status":"open","ping_status":"open","sticky":false,"template":"","format":"standard","meta":{"_acf_changed":false,"footnotes":"","_links_to":"","_links_to_target":""},"categories":[211,332],"tags":[],"class_list":["post-22323","post","type-post","status-publish","format-standard","has-post-thumbnail","hentry","category-noticias","category-sustentabilidade-veracel"],"acf":[],"yoast_head":"<!-- This site is optimized with the Yoast SEO Premium plugin v26.7 (Yoast SEO v27.4) - https:\/\/yoast.com\/product\/yoast-seo-premium-wordpress\/ -->\n<title>Veracel Celulose apresenta Relat\u00f3rio de Sustentabilidade 2021 - Veracel Celulose<\/title>\n<meta name=\"description\" content=\"O relat\u00f3rio de sustentabilidade Veracel destaca inova\u00e7\u00f5es tecnol\u00f3gicas, a\u00e7\u00f5es de conserva\u00e7\u00e3o ambiental, apoio social e a constru\u00e7\u00e3o da BA658\" \/>\n<meta name=\"robots\" content=\"index, follow, max-snippet:-1, max-image-preview:large, max-video-preview:-1\" \/>\n<link rel=\"canonical\" href=\"https:\/\/www.veracel.com.br\/veracel-celulose-apresenta-relatorio-de-sustentabilidade-2021\/\" \/>\n<meta property=\"og:locale\" content=\"en_US\" \/>\n<meta property=\"og:type\" content=\"article\" \/>\n<meta property=\"og:title\" content=\"Veracel Celulose apresenta Relat\u00f3rio de Sustentabilidade 2021\" \/>\n<meta property=\"og:description\" content=\"O relat\u00f3rio de sustentabilidade Veracel destaca inova\u00e7\u00f5es tecnol\u00f3gicas, a\u00e7\u00f5es de conserva\u00e7\u00e3o ambiental, apoio social e a constru\u00e7\u00e3o da BA658\" \/>\n<meta property=\"og:url\" content=\"https:\/\/www.veracel.com.br\/veracel-celulose-apresenta-relatorio-de-sustentabilidade-2021\/\" \/>\n<meta property=\"og:site_name\" content=\"Veracel Celulose\" \/>\n<meta property=\"article:published_time\" content=\"2022-05-24T00:41:49+00:00\" \/>\n<meta property=\"article:modified_time\" content=\"2022-05-26T15:06:21+00:00\" \/>\n<meta property=\"og:image\" content=\"https:\/\/www.veracel.com.br\/wp-content\/uploads\/2022\/05\/noticia-rs-veracel.jpg\" \/>\n\t<meta property=\"og:image:width\" content=\"1040\" \/>\n\t<meta property=\"og:image:height\" content=\"780\" \/>\n\t<meta property=\"og:image:type\" content=\"image\/jpeg\" \/>\n<meta name=\"author\" content=\"saulo\" \/>\n<meta name=\"twitter:card\" content=\"summary_large_image\" \/>\n<meta name=\"twitter:label1\" content=\"Written by\" \/>\n\t<meta name=\"twitter:data1\" content=\"saulo\" \/>\n\t<meta name=\"twitter:label2\" content=\"Est. reading time\" \/>\n\t<meta name=\"twitter:data2\" content=\"7 minutes\" \/>\n<script type=\"application\/ld+json\" class=\"yoast-schema-graph\">{\"@context\":\"https:\\\/\\\/schema.org\",\"@graph\":[{\"@type\":\"WebPage\",\"@id\":\"https:\\\/\\\/www.veracel.com.br\\\/veracel-celulose-apresenta-relatorio-de-sustentabilidade-2021\\\/\",\"url\":\"https:\\\/\\\/www.veracel.com.br\\\/veracel-celulose-apresenta-relatorio-de-sustentabilidade-2021\\\/\",\"name\":\"Veracel Celulose apresenta Relat\u00f3rio de Sustentabilidade 2021 - Veracel Celulose\",\"isPartOf\":{\"@id\":\"https:\\\/\\\/www.veracel.com.br\\\/#website\"},\"primaryImageOfPage\":{\"@id\":\"https:\\\/\\\/www.veracel.com.br\\\/veracel-celulose-apresenta-relatorio-de-sustentabilidade-2021\\\/#primaryimage\"},\"image\":{\"@id\":\"https:\\\/\\\/www.veracel.com.br\\\/veracel-celulose-apresenta-relatorio-de-sustentabilidade-2021\\\/#primaryimage\"},\"thumbnailUrl\":\"https:\\\/\\\/www.veracel.com.br\\\/wp-content\\\/uploads\\\/2022\\\/05\\\/noticia-rs-veracel.jpg\",\"datePublished\":\"2022-05-24T00:41:49+00:00\",\"dateModified\":\"2022-05-26T15:06:21+00:00\",\"description\":\"O relat\u00f3rio de sustentabilidade Veracel destaca inova\u00e7\u00f5es tecnol\u00f3gicas, a\u00e7\u00f5es de conserva\u00e7\u00e3o ambiental, apoio social e a constru\u00e7\u00e3o da BA658\",\"breadcrumb\":{\"@id\":\"https:\\\/\\\/www.veracel.com.br\\\/veracel-celulose-apresenta-relatorio-de-sustentabilidade-2021\\\/#breadcrumb\"},\"inLanguage\":\"en-US\",\"potentialAction\":[{\"@type\":\"ReadAction\",\"target\":[\"https:\\\/\\\/www.veracel.com.br\\\/veracel-celulose-apresenta-relatorio-de-sustentabilidade-2021\\\/\"]}]},{\"@type\":\"ImageObject\",\"inLanguage\":\"en-US\",\"@id\":\"https:\\\/\\\/www.veracel.com.br\\\/veracel-celulose-apresenta-relatorio-de-sustentabilidade-2021\\\/#primaryimage\",\"url\":\"https:\\\/\\\/www.veracel.com.br\\\/wp-content\\\/uploads\\\/2022\\\/05\\\/noticia-rs-veracel.jpg\",\"contentUrl\":\"https:\\\/\\\/www.veracel.com.br\\\/wp-content\\\/uploads\\\/2022\\\/05\\\/noticia-rs-veracel.jpg\",\"width\":1040,\"height\":780},{\"@type\":\"BreadcrumbList\",\"@id\":\"https:\\\/\\\/www.veracel.com.br\\\/veracel-celulose-apresenta-relatorio-de-sustentabilidade-2021\\\/#breadcrumb\",\"itemListElement\":[{\"@type\":\"ListItem\",\"position\":1,\"name\":\"Home\",\"item\":\"https:\\\/\\\/www.veracel.com.br\\\/\"},{\"@type\":\"ListItem\",\"position\":2,\"name\":\"Not\u00edcias\",\"item\":\"https:\\\/\\\/www.veracel.com.br\\\/noticias\\\/\"},{\"@type\":\"ListItem\",\"position\":3,\"name\":\"Veracel Celulose apresenta Relat\u00f3rio de Sustentabilidade 2021\"}]},{\"@type\":\"WebSite\",\"@id\":\"https:\\\/\\\/www.veracel.com.br\\\/#website\",\"url\":\"https:\\\/\\\/www.veracel.com.br\\\/\",\"name\":\"Veracel Celulose\",\"description\":\"Quando crescemos juntos vamos muito mais longe\",\"publisher\":{\"@id\":\"https:\\\/\\\/www.veracel.com.br\\\/#organization\"},\"potentialAction\":[{\"@type\":\"SearchAction\",\"target\":{\"@type\":\"EntryPoint\",\"urlTemplate\":\"https:\\\/\\\/www.veracel.com.br\\\/?s={search_term_string}\"},\"query-input\":{\"@type\":\"PropertyValueSpecification\",\"valueRequired\":true,\"valueName\":\"search_term_string\"}}],\"inLanguage\":\"en-US\"},{\"@type\":\"Organization\",\"@id\":\"https:\\\/\\\/www.veracel.com.br\\\/#organization\",\"name\":\"Veracel Celulose\",\"url\":\"https:\\\/\\\/www.veracel.com.br\\\/\",\"logo\":{\"@type\":\"ImageObject\",\"inLanguage\":\"en-US\",\"@id\":\"https:\\\/\\\/www.veracel.com.br\\\/#\\\/schema\\\/logo\\\/image\\\/\",\"url\":\"https:\\\/\\\/www.veracel.com.br\\\/wp-content\\\/uploads\\\/2024\\\/08\\\/Ativo-1.png\",\"contentUrl\":\"https:\\\/\\\/www.veracel.com.br\\\/wp-content\\\/uploads\\\/2024\\\/08\\\/Ativo-1.png\",\"width\":400,\"height\":121,\"caption\":\"Veracel Celulose\"},\"image\":{\"@id\":\"https:\\\/\\\/www.veracel.com.br\\\/#\\\/schema\\\/logo\\\/image\\\/\"},\"sameAs\":[\"https:\\\/\\\/www.instagram.com\\\/veracelcelulose\",\"https:\\\/\\\/www.linkedin.com\\\/company\\\/veracelcelulose\\\/\",\"https:\\\/\\\/www.youtube.com\\\/user\\\/CanalVeracel\"]}]}<\/script>\n<!-- \/ Yoast SEO Premium plugin. -->","yoast_head_json":{"title":"Veracel Celulose apresenta Relat\u00f3rio de Sustentabilidade 2021 - Veracel Celulose","description":"O relat\u00f3rio de sustentabilidade Veracel destaca inova\u00e7\u00f5es tecnol\u00f3gicas, a\u00e7\u00f5es de conserva\u00e7\u00e3o ambiental, apoio social e a constru\u00e7\u00e3o da BA658","robots":{"index":"index","follow":"follow","max-snippet":"max-snippet:-1","max-image-preview":"max-image-preview:large","max-video-preview":"max-video-preview:-1"},"canonical":"https:\/\/www.veracel.com.br\/veracel-celulose-apresenta-relatorio-de-sustentabilidade-2021\/","og_locale":"en_US","og_type":"article","og_title":"Veracel Celulose apresenta Relat\u00f3rio de Sustentabilidade 2021","og_description":"O relat\u00f3rio de sustentabilidade Veracel destaca inova\u00e7\u00f5es tecnol\u00f3gicas, a\u00e7\u00f5es de conserva\u00e7\u00e3o ambiental, apoio social e a constru\u00e7\u00e3o da BA658","og_url":"https:\/\/www.veracel.com.br\/veracel-celulose-apresenta-relatorio-de-sustentabilidade-2021\/","og_site_name":"Veracel Celulose","article_published_time":"2022-05-24T00:41:49+00:00","article_modified_time":"2022-05-26T15:06:21+00:00","og_image":[{"width":1040,"height":780,"url":"https:\/\/www.veracel.com.br\/wp-content\/uploads\/2022\/05\/noticia-rs-veracel.jpg","type":"image\/jpeg"}],"author":"saulo","twitter_card":"summary_large_image","twitter_misc":{"Written by":"saulo","Est. reading time":"7 minutes"},"schema":{"@context":"https:\/\/schema.org","@graph":[{"@type":"WebPage","@id":"https:\/\/www.veracel.com.br\/veracel-celulose-apresenta-relatorio-de-sustentabilidade-2021\/","url":"https:\/\/www.veracel.com.br\/veracel-celulose-apresenta-relatorio-de-sustentabilidade-2021\/","name":"Veracel Celulose apresenta Relat\u00f3rio de Sustentabilidade 2021 - Veracel Celulose","isPartOf":{"@id":"https:\/\/www.veracel.com.br\/#website"},"primaryImageOfPage":{"@id":"https:\/\/www.veracel.com.br\/veracel-celulose-apresenta-relatorio-de-sustentabilidade-2021\/#primaryimage"},"image":{"@id":"https:\/\/www.veracel.com.br\/veracel-celulose-apresenta-relatorio-de-sustentabilidade-2021\/#primaryimage"},"thumbnailUrl":"https:\/\/www.veracel.com.br\/wp-content\/uploads\/2022\/05\/noticia-rs-veracel.jpg","datePublished":"2022-05-24T00:41:49+00:00","dateModified":"2022-05-26T15:06:21+00:00","description":"O relat\u00f3rio de sustentabilidade Veracel destaca inova\u00e7\u00f5es tecnol\u00f3gicas, a\u00e7\u00f5es de conserva\u00e7\u00e3o ambiental, apoio social e a constru\u00e7\u00e3o da BA658","breadcrumb":{"@id":"https:\/\/www.veracel.com.br\/veracel-celulose-apresenta-relatorio-de-sustentabilidade-2021\/#breadcrumb"},"inLanguage":"en-US","potentialAction":[{"@type":"ReadAction","target":["https:\/\/www.veracel.com.br\/veracel-celulose-apresenta-relatorio-de-sustentabilidade-2021\/"]}]},{"@type":"ImageObject","inLanguage":"en-US","@id":"https:\/\/www.veracel.com.br\/veracel-celulose-apresenta-relatorio-de-sustentabilidade-2021\/#primaryimage","url":"https:\/\/www.veracel.com.br\/wp-content\/uploads\/2022\/05\/noticia-rs-veracel.jpg","contentUrl":"https:\/\/www.veracel.com.br\/wp-content\/uploads\/2022\/05\/noticia-rs-veracel.jpg","width":1040,"height":780},{"@type":"BreadcrumbList","@id":"https:\/\/www.veracel.com.br\/veracel-celulose-apresenta-relatorio-de-sustentabilidade-2021\/#breadcrumb","itemListElement":[{"@type":"ListItem","position":1,"name":"Home","item":"https:\/\/www.veracel.com.br\/"},{"@type":"ListItem","position":2,"name":"Not\u00edcias","item":"https:\/\/www.veracel.com.br\/noticias\/"},{"@type":"ListItem","position":3,"name":"Veracel Celulose apresenta Relat\u00f3rio de Sustentabilidade 2021"}]},{"@type":"WebSite","@id":"https:\/\/www.veracel.com.br\/#website","url":"https:\/\/www.veracel.com.br\/","name":"Veracel Celulose","description":"Quando crescemos juntos vamos muito mais longe","publisher":{"@id":"https:\/\/www.veracel.com.br\/#organization"},"potentialAction":[{"@type":"SearchAction","target":{"@type":"EntryPoint","urlTemplate":"https:\/\/www.veracel.com.br\/?s={search_term_string}"},"query-input":{"@type":"PropertyValueSpecification","valueRequired":true,"valueName":"search_term_string"}}],"inLanguage":"en-US"},{"@type":"Organization","@id":"https:\/\/www.veracel.com.br\/#organization","name":"Veracel Celulose","url":"https:\/\/www.veracel.com.br\/","logo":{"@type":"ImageObject","inLanguage":"en-US","@id":"https:\/\/www.veracel.com.br\/#\/schema\/logo\/image\/","url":"https:\/\/www.veracel.com.br\/wp-content\/uploads\/2024\/08\/Ativo-1.png","contentUrl":"https:\/\/www.veracel.com.br\/wp-content\/uploads\/2024\/08\/Ativo-1.png","width":400,"height":121,"caption":"Veracel Celulose"},"image":{"@id":"https:\/\/www.veracel.com.br\/#\/schema\/logo\/image\/"},"sameAs":["https:\/\/www.instagram.com\/veracelcelulose","https:\/\/www.linkedin.com\/company\/veracelcelulose\/","https:\/\/www.youtube.com\/user\/CanalVeracel"]}]}},"_links":{"self":[{"href":"https:\/\/www.veracel.com.br\/en\/wp-json\/wp\/v2\/posts\/22323","targetHints":{"allow":["GET"]}}],"collection":[{"href":"https:\/\/www.veracel.com.br\/en\/wp-json\/wp\/v2\/posts"}],"about":[{"href":"https:\/\/www.veracel.com.br\/en\/wp-json\/wp\/v2\/types\/post"}],"author":[{"embeddable":true,"href":"https:\/\/www.veracel.com.br\/en\/wp-json\/wp\/v2\/users\/2"}],"replies":[{"embeddable":true,"href":"https:\/\/www.veracel.com.br\/en\/wp-json\/wp\/v2\/comments?post=22323"}],"version-history":[{"count":6,"href":"https:\/\/www.veracel.com.br\/en\/wp-json\/wp\/v2\/posts\/22323\/revisions"}],"predecessor-version":[{"id":22431,"href":"https:\/\/www.veracel.com.br\/en\/wp-json\/wp\/v2\/posts\/22323\/revisions\/22431"}],"wp:featuredmedia":[{"embeddable":true,"href":"https:\/\/www.veracel.com.br\/en\/wp-json\/wp\/v2\/media\/22327"}],"wp:attachment":[{"href":"https:\/\/www.veracel.com.br\/en\/wp-json\/wp\/v2\/media?parent=22323"}],"wp:term":[{"taxonomy":"category","embeddable":true,"href":"https:\/\/www.veracel.com.br\/en\/wp-json\/wp\/v2\/categories?post=22323"},{"taxonomy":"post_tag","embeddable":true,"href":"https:\/\/www.veracel.com.br\/en\/wp-json\/wp\/v2\/tags?post=22323"}],"curies":[{"name":"wp","href":"https:\/\/api.w.org\/{rel}","templated":true}]}}