{"id":22432,"date":"2022-05-26T16:22:32","date_gmt":"2022-05-26T19:22:32","guid":{"rendered":"https:\/\/www.veracel.com.br\/?p=22432"},"modified":"2022-05-26T16:26:06","modified_gmt":"2022-05-26T19:26:06","slug":"celebramos-o-dia-da-industria-trazendo-desenvolvimento-para-o-sul-da-bahia","status":"publish","type":"post","link":"https:\/\/www.veracel.com.br\/en\/celebramos-o-dia-da-industria-trazendo-desenvolvimento-para-o-sul-da-bahia\/","title":{"rendered":"Celebramos o Dia da Ind\u00fastria trazendo desenvolvimento para o Sul da Bahia"},"content":{"rendered":"<p><strong><i>A Veracel Celulose, ind\u00fastria de celulose localizada na Costa do Descobrimento na Bahia, destaca como suas mais de tr\u00eas d\u00e9cadas de opera\u00e7\u00e3o na regi\u00e3o tem fortalecido o desenvolvimento local<\/i><\/strong><\/p>\n<p>Comemoramos o Dia da Ind\u00fastria destacando os resultados de 2021 e nossa contribui\u00e7\u00e3o com o desenvolvimento da regi\u00e3o Sul da Bahia. S\u00e3o mais de 30 anos de presen\u00e7a da empresa no territ\u00f3rio.<\/p>\n<h2><b>Produ\u00e7\u00e3o <\/b><b>Eficiente <\/b><b>de Celulose\u00a0<\/b><\/h2>\n<p>A Veracel Celulose produziu 1.069.658 toneladas de celulose em 2021. A sua opera\u00e7\u00e3o \u00e9 respons\u00e1vel pela manuten\u00e7\u00e3o de mais de 3.000 empregos diretos e indiretos. Al\u00e9m disso, mant\u00e9m altos \u00edndices de efici\u00eancia operacional em sua f\u00e1brica.<\/p>\n<h2><b>Reciclagem e Energia Limpa no Processo de Produ\u00e7\u00e3o da Celulose<\/b><\/h2>\n<p>Nossa opera\u00e7\u00e3o industrial recicla mais de 98% de seus res\u00edduos e \u00e9 autossuficiente energeticamente. Gera energia limpa por meio da queima do licor negro resultante do processo produtivo de celulose. Agora tamb\u00e9m por meio de produtos abundantes na regi\u00e3o e que seriam descartados, como o caro\u00e7o do a\u00e7a\u00ed e o baga\u00e7o de cana de a\u00e7\u00facar.<\/p>\n<h2><b>Impulso Econ\u00f4mico e Social para o Sul da Bahia<\/b><\/h2>\n<p>Com presen\u00e7a em 11 munic\u00edpios da regi\u00e3o Sul da Bahia, somente em 2021, as opera\u00e7\u00f5es da empresa injetaram R$ 745 milh\u00f5es \u00e0 economia da regi\u00e3o por meio de compras e contrata\u00e7\u00f5es locais. Soma-se ainda, R$ 132 milh\u00f5es em apura\u00e7\u00e3o de tributos municipais, estaduais e federais.<\/p>\n<p>A empresa tamb\u00e9m tem forte identifica\u00e7\u00e3o com seu papel social e investiu R$ 11 milh\u00f5es em projetos que beneficiaram cerca de 16 mil pessoas no ano passado.<\/p>\n<h2><b>Crescimento junto com as comunidades<\/b><\/h2>\n<p>\u201cOs n\u00fameros comprovam o quanto a nossa f\u00e1brica e atividades no territ\u00f3rio contribuem com o desenvolvimento social e econ\u00f4mico da regi\u00e3o. Por isso, muito mais do que celebrar o Dia da Ind\u00fastria, hoje comemoramos tamb\u00e9m estas entregas e a nossa certeza de que ainda vamos crescer muito juntamente com as comunidades do Sul da Bahia\u201d, destaca Ari Medeiros, Diretor Industrial da Veracel Celulose.<\/p>\n<h2><b>Opera\u00e7\u00f5es Tecnol\u00f3gicas de Produ\u00e7\u00e3o de Celulose<\/b><\/h2>\n<p>As opera\u00e7\u00f5es industriais da Veracel t\u00eam se destacado por importantes iniciativas para a competitividade com o uso de tecnologia. \u00c9 o caso das ferramentas de predi\u00e7\u00e3o de falhas e amplia\u00e7\u00e3o da conectividade da planta. Destaca-se ainda, a rec\u00e9m-inaugurada Sala de Confiabilidade 4.0, que concentra todas as opera\u00e7\u00f5es tecnol\u00f3gicas da f\u00e1brica. \u201cIniciativas como esta aliam agilidade, seguran\u00e7a e economia de recursos em nossa opera\u00e7\u00e3o e garantem excelentes resultados\u201d, complementa Medeiros.<\/p>\n<p>&nbsp;<\/p>\n<p><a href=\"https:\/\/www.veracel.com.br\/nosso-jeito\/\">Conhe\u00e7a mais sobre o nosso jeito e a cultura da Veracel Celulose<\/a><\/p>\n<p><a href=\"https:\/\/www.veracel.com.br\/sustentabilidade\/operacoes-sustentaveis\/\">Saiba mais sobre as nossas opera\u00e7\u00f5es sustent\u00e1veis de celulose<\/a><\/p>\n","protected":false},"excerpt":{"rendered":"<p>A Veracel Celulose, ind\u00fastria de celulose localizada na Costa do Descobrimento na Bahia, destaca como suas mais de tr\u00eas d\u00e9cadas de opera\u00e7\u00e3o na regi\u00e3o tem fortalecido o desenvolvimento local Comemoramos o Dia da Ind\u00fastria destacando os resultados de 2021 e nossa contribui\u00e7\u00e3o com o desenvolvimento da regi\u00e3o Sul da Bahia. S\u00e3o mais de 30 anos [&hellip;]<\/p>\n","protected":false},"author":2,"featured_media":22433,"comment_status":"open","ping_status":"open","sticky":false,"template":"","format":"standard","meta":{"_acf_changed":false,"footnotes":"","_links_to":"","_links_to_target":""},"categories":[211,332],"tags":[],"class_list":["post-22432","post","type-post","status-publish","format-standard","has-post-thumbnail","hentry","category-noticias","category-sustentabilidade-veracel"],"acf":[],"yoast_head":"<!-- This site is optimized with the Yoast SEO Premium plugin v26.7 (Yoast SEO v27.4) - https:\/\/yoast.com\/product\/yoast-seo-premium-wordpress\/ -->\n<title>Dia da Ind\u00fastria e Desenvolvimento para o Sul da Bahia | Veracel Celulose<\/title>\n<meta name=\"description\" content=\"Comemoramos o Dia da Ind\u00fastria destacando os resultados de 2021 e nossa contribui\u00e7\u00e3o com o desenvolvimento da regi\u00e3o Sul da Bahia.\" \/>\n<meta name=\"robots\" content=\"index, follow, max-snippet:-1, max-image-preview:large, max-video-preview:-1\" \/>\n<link rel=\"canonical\" href=\"https:\/\/www.veracel.com.br\/celebramos-o-dia-da-industria-trazendo-desenvolvimento-para-o-sul-da-bahia\/\" \/>\n<meta property=\"og:locale\" content=\"en_US\" \/>\n<meta property=\"og:type\" content=\"article\" \/>\n<meta property=\"og:title\" content=\"Celebramos o Dia da Ind\u00fastria trazendo desenvolvimento para o Sul da Bahia\" \/>\n<meta property=\"og:description\" content=\"Comemoramos o Dia da Ind\u00fastria destacando os resultados de 2021 e nossa contribui\u00e7\u00e3o com o desenvolvimento da regi\u00e3o Sul da Bahia.\" \/>\n<meta property=\"og:url\" content=\"https:\/\/www.veracel.com.br\/celebramos-o-dia-da-industria-trazendo-desenvolvimento-para-o-sul-da-bahia\/\" \/>\n<meta property=\"og:site_name\" content=\"Veracel Celulose\" \/>\n<meta property=\"article:published_time\" content=\"2022-05-26T19:22:32+00:00\" \/>\n<meta property=\"article:modified_time\" content=\"2022-05-26T19:26:06+00:00\" \/>\n<meta property=\"og:image\" content=\"https:\/\/www.veracel.com.br\/wp-content\/uploads\/2022\/05\/veracel-ceulose-celebra-dia-da-industria.jpg\" \/>\n\t<meta property=\"og:image:width\" content=\"800\" \/>\n\t<meta property=\"og:image:height\" content=\"453\" \/>\n\t<meta property=\"og:image:type\" content=\"image\/jpeg\" \/>\n<meta name=\"author\" content=\"saulo\" \/>\n<meta name=\"twitter:card\" content=\"summary_large_image\" \/>\n<meta name=\"twitter:label1\" content=\"Written by\" \/>\n\t<meta name=\"twitter:data1\" content=\"saulo\" \/>\n\t<meta name=\"twitter:label2\" content=\"Est. reading time\" \/>\n\t<meta name=\"twitter:data2\" content=\"3 minutes\" \/>\n<script type=\"application\/ld+json\" class=\"yoast-schema-graph\">{\"@context\":\"https:\\\/\\\/schema.org\",\"@graph\":[{\"@type\":\"WebPage\",\"@id\":\"https:\\\/\\\/www.veracel.com.br\\\/celebramos-o-dia-da-industria-trazendo-desenvolvimento-para-o-sul-da-bahia\\\/\",\"url\":\"https:\\\/\\\/www.veracel.com.br\\\/celebramos-o-dia-da-industria-trazendo-desenvolvimento-para-o-sul-da-bahia\\\/\",\"name\":\"Dia da Ind\u00fastria e Desenvolvimento para o Sul da Bahia | Veracel Celulose\",\"isPartOf\":{\"@id\":\"https:\\\/\\\/www.veracel.com.br\\\/#website\"},\"primaryImageOfPage\":{\"@id\":\"https:\\\/\\\/www.veracel.com.br\\\/celebramos-o-dia-da-industria-trazendo-desenvolvimento-para-o-sul-da-bahia\\\/#primaryimage\"},\"image\":{\"@id\":\"https:\\\/\\\/www.veracel.com.br\\\/celebramos-o-dia-da-industria-trazendo-desenvolvimento-para-o-sul-da-bahia\\\/#primaryimage\"},\"thumbnailUrl\":\"https:\\\/\\\/www.veracel.com.br\\\/wp-content\\\/uploads\\\/2022\\\/05\\\/veracel-ceulose-celebra-dia-da-industria.jpg\",\"datePublished\":\"2022-05-26T19:22:32+00:00\",\"dateModified\":\"2022-05-26T19:26:06+00:00\",\"description\":\"Comemoramos o Dia da Ind\u00fastria destacando os resultados de 2021 e nossa contribui\u00e7\u00e3o com o desenvolvimento da regi\u00e3o Sul da Bahia.\",\"breadcrumb\":{\"@id\":\"https:\\\/\\\/www.veracel.com.br\\\/celebramos-o-dia-da-industria-trazendo-desenvolvimento-para-o-sul-da-bahia\\\/#breadcrumb\"},\"inLanguage\":\"en-US\",\"potentialAction\":[{\"@type\":\"ReadAction\",\"target\":[\"https:\\\/\\\/www.veracel.com.br\\\/celebramos-o-dia-da-industria-trazendo-desenvolvimento-para-o-sul-da-bahia\\\/\"]}]},{\"@type\":\"ImageObject\",\"inLanguage\":\"en-US\",\"@id\":\"https:\\\/\\\/www.veracel.com.br\\\/celebramos-o-dia-da-industria-trazendo-desenvolvimento-para-o-sul-da-bahia\\\/#primaryimage\",\"url\":\"https:\\\/\\\/www.veracel.com.br\\\/wp-content\\\/uploads\\\/2022\\\/05\\\/veracel-ceulose-celebra-dia-da-industria.jpg\",\"contentUrl\":\"https:\\\/\\\/www.veracel.com.br\\\/wp-content\\\/uploads\\\/2022\\\/05\\\/veracel-ceulose-celebra-dia-da-industria.jpg\",\"width\":800,\"height\":453,\"caption\":\"Fotografia da empresa VERACEL em Eunapolis\\\/BA.\"},{\"@type\":\"BreadcrumbList\",\"@id\":\"https:\\\/\\\/www.veracel.com.br\\\/celebramos-o-dia-da-industria-trazendo-desenvolvimento-para-o-sul-da-bahia\\\/#breadcrumb\",\"itemListElement\":[{\"@type\":\"ListItem\",\"position\":1,\"name\":\"Home\",\"item\":\"https:\\\/\\\/www.veracel.com.br\\\/\"},{\"@type\":\"ListItem\",\"position\":2,\"name\":\"Not\u00edcias\",\"item\":\"https:\\\/\\\/www.veracel.com.br\\\/noticias\\\/\"},{\"@type\":\"ListItem\",\"position\":3,\"name\":\"Celebramos o Dia da Ind\u00fastria trazendo desenvolvimento para o Sul da Bahia\"}]},{\"@type\":\"WebSite\",\"@id\":\"https:\\\/\\\/www.veracel.com.br\\\/#website\",\"url\":\"https:\\\/\\\/www.veracel.com.br\\\/\",\"name\":\"Veracel Celulose\",\"description\":\"Quando crescemos juntos vamos muito mais longe\",\"publisher\":{\"@id\":\"https:\\\/\\\/www.veracel.com.br\\\/#organization\"},\"potentialAction\":[{\"@type\":\"SearchAction\",\"target\":{\"@type\":\"EntryPoint\",\"urlTemplate\":\"https:\\\/\\\/www.veracel.com.br\\\/?s={search_term_string}\"},\"query-input\":{\"@type\":\"PropertyValueSpecification\",\"valueRequired\":true,\"valueName\":\"search_term_string\"}}],\"inLanguage\":\"en-US\"},{\"@type\":\"Organization\",\"@id\":\"https:\\\/\\\/www.veracel.com.br\\\/#organization\",\"name\":\"Veracel Celulose\",\"url\":\"https:\\\/\\\/www.veracel.com.br\\\/\",\"logo\":{\"@type\":\"ImageObject\",\"inLanguage\":\"en-US\",\"@id\":\"https:\\\/\\\/www.veracel.com.br\\\/#\\\/schema\\\/logo\\\/image\\\/\",\"url\":\"https:\\\/\\\/www.veracel.com.br\\\/wp-content\\\/uploads\\\/2024\\\/08\\\/Ativo-1.png\",\"contentUrl\":\"https:\\\/\\\/www.veracel.com.br\\\/wp-content\\\/uploads\\\/2024\\\/08\\\/Ativo-1.png\",\"width\":400,\"height\":121,\"caption\":\"Veracel Celulose\"},\"image\":{\"@id\":\"https:\\\/\\\/www.veracel.com.br\\\/#\\\/schema\\\/logo\\\/image\\\/\"},\"sameAs\":[\"https:\\\/\\\/www.instagram.com\\\/veracelcelulose\",\"https:\\\/\\\/www.linkedin.com\\\/company\\\/veracelcelulose\\\/\",\"https:\\\/\\\/www.youtube.com\\\/user\\\/CanalVeracel\"]}]}<\/script>\n<!-- \/ Yoast SEO Premium plugin. -->","yoast_head_json":{"title":"Dia da Ind\u00fastria e Desenvolvimento para o Sul da Bahia | Veracel Celulose","description":"Comemoramos o Dia da Ind\u00fastria destacando os resultados de 2021 e nossa contribui\u00e7\u00e3o com o desenvolvimento da regi\u00e3o Sul da Bahia.","robots":{"index":"index","follow":"follow","max-snippet":"max-snippet:-1","max-image-preview":"max-image-preview:large","max-video-preview":"max-video-preview:-1"},"canonical":"https:\/\/www.veracel.com.br\/celebramos-o-dia-da-industria-trazendo-desenvolvimento-para-o-sul-da-bahia\/","og_locale":"en_US","og_type":"article","og_title":"Celebramos o Dia da Ind\u00fastria trazendo desenvolvimento para o Sul da Bahia","og_description":"Comemoramos o Dia da Ind\u00fastria destacando os resultados de 2021 e nossa contribui\u00e7\u00e3o com o desenvolvimento da regi\u00e3o Sul da Bahia.","og_url":"https:\/\/www.veracel.com.br\/celebramos-o-dia-da-industria-trazendo-desenvolvimento-para-o-sul-da-bahia\/","og_site_name":"Veracel Celulose","article_published_time":"2022-05-26T19:22:32+00:00","article_modified_time":"2022-05-26T19:26:06+00:00","og_image":[{"width":800,"height":453,"url":"https:\/\/www.veracel.com.br\/wp-content\/uploads\/2022\/05\/veracel-ceulose-celebra-dia-da-industria.jpg","type":"image\/jpeg"}],"author":"saulo","twitter_card":"summary_large_image","twitter_misc":{"Written by":"saulo","Est. reading time":"3 minutes"},"schema":{"@context":"https:\/\/schema.org","@graph":[{"@type":"WebPage","@id":"https:\/\/www.veracel.com.br\/celebramos-o-dia-da-industria-trazendo-desenvolvimento-para-o-sul-da-bahia\/","url":"https:\/\/www.veracel.com.br\/celebramos-o-dia-da-industria-trazendo-desenvolvimento-para-o-sul-da-bahia\/","name":"Dia da Ind\u00fastria e Desenvolvimento para o Sul da Bahia | Veracel Celulose","isPartOf":{"@id":"https:\/\/www.veracel.com.br\/#website"},"primaryImageOfPage":{"@id":"https:\/\/www.veracel.com.br\/celebramos-o-dia-da-industria-trazendo-desenvolvimento-para-o-sul-da-bahia\/#primaryimage"},"image":{"@id":"https:\/\/www.veracel.com.br\/celebramos-o-dia-da-industria-trazendo-desenvolvimento-para-o-sul-da-bahia\/#primaryimage"},"thumbnailUrl":"https:\/\/www.veracel.com.br\/wp-content\/uploads\/2022\/05\/veracel-ceulose-celebra-dia-da-industria.jpg","datePublished":"2022-05-26T19:22:32+00:00","dateModified":"2022-05-26T19:26:06+00:00","description":"Comemoramos o Dia da Ind\u00fastria destacando os resultados de 2021 e nossa contribui\u00e7\u00e3o com o desenvolvimento da regi\u00e3o Sul da Bahia.","breadcrumb":{"@id":"https:\/\/www.veracel.com.br\/celebramos-o-dia-da-industria-trazendo-desenvolvimento-para-o-sul-da-bahia\/#breadcrumb"},"inLanguage":"en-US","potentialAction":[{"@type":"ReadAction","target":["https:\/\/www.veracel.com.br\/celebramos-o-dia-da-industria-trazendo-desenvolvimento-para-o-sul-da-bahia\/"]}]},{"@type":"ImageObject","inLanguage":"en-US","@id":"https:\/\/www.veracel.com.br\/celebramos-o-dia-da-industria-trazendo-desenvolvimento-para-o-sul-da-bahia\/#primaryimage","url":"https:\/\/www.veracel.com.br\/wp-content\/uploads\/2022\/05\/veracel-ceulose-celebra-dia-da-industria.jpg","contentUrl":"https:\/\/www.veracel.com.br\/wp-content\/uploads\/2022\/05\/veracel-ceulose-celebra-dia-da-industria.jpg","width":800,"height":453,"caption":"Fotografia da empresa VERACEL em Eunapolis\/BA."},{"@type":"BreadcrumbList","@id":"https:\/\/www.veracel.com.br\/celebramos-o-dia-da-industria-trazendo-desenvolvimento-para-o-sul-da-bahia\/#breadcrumb","itemListElement":[{"@type":"ListItem","position":1,"name":"Home","item":"https:\/\/www.veracel.com.br\/"},{"@type":"ListItem","position":2,"name":"Not\u00edcias","item":"https:\/\/www.veracel.com.br\/noticias\/"},{"@type":"ListItem","position":3,"name":"Celebramos o Dia da Ind\u00fastria trazendo desenvolvimento para o Sul da Bahia"}]},{"@type":"WebSite","@id":"https:\/\/www.veracel.com.br\/#website","url":"https:\/\/www.veracel.com.br\/","name":"Veracel Celulose","description":"Quando crescemos juntos vamos muito mais longe","publisher":{"@id":"https:\/\/www.veracel.com.br\/#organization"},"potentialAction":[{"@type":"SearchAction","target":{"@type":"EntryPoint","urlTemplate":"https:\/\/www.veracel.com.br\/?s={search_term_string}"},"query-input":{"@type":"PropertyValueSpecification","valueRequired":true,"valueName":"search_term_string"}}],"inLanguage":"en-US"},{"@type":"Organization","@id":"https:\/\/www.veracel.com.br\/#organization","name":"Veracel Celulose","url":"https:\/\/www.veracel.com.br\/","logo":{"@type":"ImageObject","inLanguage":"en-US","@id":"https:\/\/www.veracel.com.br\/#\/schema\/logo\/image\/","url":"https:\/\/www.veracel.com.br\/wp-content\/uploads\/2024\/08\/Ativo-1.png","contentUrl":"https:\/\/www.veracel.com.br\/wp-content\/uploads\/2024\/08\/Ativo-1.png","width":400,"height":121,"caption":"Veracel Celulose"},"image":{"@id":"https:\/\/www.veracel.com.br\/#\/schema\/logo\/image\/"},"sameAs":["https:\/\/www.instagram.com\/veracelcelulose","https:\/\/www.linkedin.com\/company\/veracelcelulose\/","https:\/\/www.youtube.com\/user\/CanalVeracel"]}]}},"_links":{"self":[{"href":"https:\/\/www.veracel.com.br\/en\/wp-json\/wp\/v2\/posts\/22432","targetHints":{"allow":["GET"]}}],"collection":[{"href":"https:\/\/www.veracel.com.br\/en\/wp-json\/wp\/v2\/posts"}],"about":[{"href":"https:\/\/www.veracel.com.br\/en\/wp-json\/wp\/v2\/types\/post"}],"author":[{"embeddable":true,"href":"https:\/\/www.veracel.com.br\/en\/wp-json\/wp\/v2\/users\/2"}],"replies":[{"embeddable":true,"href":"https:\/\/www.veracel.com.br\/en\/wp-json\/wp\/v2\/comments?post=22432"}],"version-history":[{"count":6,"href":"https:\/\/www.veracel.com.br\/en\/wp-json\/wp\/v2\/posts\/22432\/revisions"}],"predecessor-version":[{"id":22440,"href":"https:\/\/www.veracel.com.br\/en\/wp-json\/wp\/v2\/posts\/22432\/revisions\/22440"}],"wp:featuredmedia":[{"embeddable":true,"href":"https:\/\/www.veracel.com.br\/en\/wp-json\/wp\/v2\/media\/22433"}],"wp:attachment":[{"href":"https:\/\/www.veracel.com.br\/en\/wp-json\/wp\/v2\/media?parent=22432"}],"wp:term":[{"taxonomy":"category","embeddable":true,"href":"https:\/\/www.veracel.com.br\/en\/wp-json\/wp\/v2\/categories?post=22432"},{"taxonomy":"post_tag","embeddable":true,"href":"https:\/\/www.veracel.com.br\/en\/wp-json\/wp\/v2\/tags?post=22432"}],"curies":[{"name":"wp","href":"https:\/\/api.w.org\/{rel}","templated":true}]}}