{"id":22687,"date":"2022-05-30T13:29:53","date_gmt":"2022-05-30T16:29:53","guid":{"rendered":"https:\/\/www.veracel.com.br\/?p=22687"},"modified":"2022-05-30T13:35:06","modified_gmt":"2022-05-30T16:35:06","slug":"um-ano-de-programa-amigos-da-fauna-da-veracel-celulose","status":"publish","type":"post","link":"https:\/\/www.veracel.com.br\/en\/um-ano-de-programa-amigos-da-fauna-da-veracel-celulose\/","title":{"rendered":"Um ano de Programa Amigos da Fauna da Veracel Celulose"},"content":{"rendered":"<p>A Veracel Celulose registrou o Dia da Mata Atl\u00e2ntica, na \u00faltima sexta-feira (27), celebrando os resultados de um ano de seu programa \u201cAmigos da Fauna\u201d.\u00a0<\/p>\n<p>O programa desenvolve atividades de educa\u00e7\u00e3o ambiental para as comunidades visando \u00e0 conserva\u00e7\u00e3o ambiental. Al\u00e9m disso, estimula os colaboradores pr\u00f3prios e parceiros a registrar em fotografias a fauna avistada nas \u00e1reas da empresa.<\/p>\n<p>Os resultados n\u00e3o poderiam ser melhores: foram registradas mais de 160 imagens de animais nas \u00e1reas da Veracel Celulose. Foram quase 4 vezes mais que nos anos anteriores ao programa. Destes registros, 80% foram nos plantios de eucalipto.<\/p>\n<p>A maior parte dos registros nas \u00e1reas de eucalipto da empresa, corroboram com os resultados dos monitoramentos realizados desde 2008, confirmando que a fauna usa as planta\u00e7\u00f5es de eucalipto para circula\u00e7\u00e3o entre os fragmentos naturais. Demonstrando ainda, que a forma de manejo florestal da Veracel propicia uma harmonia entre a atividade econ\u00f4mica e a conserva\u00e7\u00e3o ambiental.<\/p>\n<p>Para cada hectare de eucalipto a Veracel mant\u00e9m 1 hectare de mata Atl\u00e2ntica. Contudo, para os animais, todos os hectares s\u00e3o usados para circula\u00e7\u00e3o. Nas \u00e1reas de plantio da Veracel os animais ainda s\u00e3o protegidos pelo Amigos da Fauna.<\/p>\n<p>Veja a seguir alguns dos registros realizados pelos funcion\u00e1rios da empresa nas \u00e1reas da companhia:<\/p>\n<p><img fetchpriority=\"high\" decoding=\"async\" class=\"alignnone wp-image-22692 size-full\" src=\"https:\/\/www.veracel.com.br\/wp-content\/uploads\/2022\/05\/caititu-veracel-celulose-amigos-da-fauna.jpg\" alt=\"\" width=\"634\" height=\"360\" srcset=\"https:\/\/www.veracel.com.br\/wp-content\/uploads\/2022\/05\/caititu-veracel-celulose-amigos-da-fauna.jpg 634w, https:\/\/www.veracel.com.br\/wp-content\/uploads\/2022\/05\/caititu-veracel-celulose-amigos-da-fauna-300x170.jpg 300w\" sizes=\"(max-width: 634px) 100vw, 634px\" \/><\/p>\n<h6>Filhote de caititu (Foto: Armando Ara\u00fajo)<\/h6>\n<p><img decoding=\"async\" class=\"alignnone wp-image-22694 size-large\" src=\"https:\/\/www.veracel.com.br\/wp-content\/uploads\/2022\/05\/cobra-coral-veracel-celulose-amigos-da-fauna-576x1024.jpg\" alt=\"\" width=\"576\" height=\"1024\" srcset=\"https:\/\/www.veracel.com.br\/wp-content\/uploads\/2022\/05\/cobra-coral-veracel-celulose-amigos-da-fauna-576x1024.jpg 576w, https:\/\/www.veracel.com.br\/wp-content\/uploads\/2022\/05\/cobra-coral-veracel-celulose-amigos-da-fauna-169x300.jpg 169w, https:\/\/www.veracel.com.br\/wp-content\/uploads\/2022\/05\/cobra-coral-veracel-celulose-amigos-da-fauna-768x1365.jpg 768w, https:\/\/www.veracel.com.br\/wp-content\/uploads\/2022\/05\/cobra-coral-veracel-celulose-amigos-da-fauna.jpg 800w\" sizes=\"(max-width: 576px) 100vw, 576px\" \/><\/p>\n<h6>Cobra coral (Foto: Armando Ara\u00fajo)<\/h6>\n<p><img decoding=\"async\" class=\"alignnone wp-image-22696 size-large\" src=\"https:\/\/www.veracel.com.br\/wp-content\/uploads\/2022\/05\/ninho-de-passaros-veracel-celulose-amigos-da-fauna-768x1024.jpg\" alt=\"\" width=\"768\" height=\"1024\" srcset=\"https:\/\/www.veracel.com.br\/wp-content\/uploads\/2022\/05\/ninho-de-passaros-veracel-celulose-amigos-da-fauna-768x1024.jpg 768w, https:\/\/www.veracel.com.br\/wp-content\/uploads\/2022\/05\/ninho-de-passaros-veracel-celulose-amigos-da-fauna-225x300.jpg 225w, https:\/\/www.veracel.com.br\/wp-content\/uploads\/2022\/05\/ninho-de-passaros-veracel-celulose-amigos-da-fauna.jpg 800w\" sizes=\"(max-width: 768px) 100vw, 768px\" \/><\/p>\n<h6>Ninho de p\u00e1ssaros (Foto: Jos\u00e9 Sergio)<\/h6>\n<p><img loading=\"lazy\" decoding=\"async\" class=\"alignnone wp-image-22698 size-full\" src=\"https:\/\/www.veracel.com.br\/wp-content\/uploads\/2022\/05\/quatis-veracel-celulose-amigos-da-fauna.jpg\" alt=\"\" width=\"800\" height=\"600\" srcset=\"https:\/\/www.veracel.com.br\/wp-content\/uploads\/2022\/05\/quatis-veracel-celulose-amigos-da-fauna.jpg 800w, https:\/\/www.veracel.com.br\/wp-content\/uploads\/2022\/05\/quatis-veracel-celulose-amigos-da-fauna-300x225.jpg 300w, https:\/\/www.veracel.com.br\/wp-content\/uploads\/2022\/05\/quatis-veracel-celulose-amigos-da-fauna-768x576.jpg 768w\" sizes=\"(max-width: 800px) 100vw, 800px\" \/><\/p>\n<h6>Quatis (Foto: banco de imagens Veracel)<\/h6>\n<p><img loading=\"lazy\" decoding=\"async\" class=\"alignnone wp-image-22700 size-full\" src=\"https:\/\/www.veracel.com.br\/wp-content\/uploads\/2022\/05\/sapo-de-moldura-veracel-celulose-amigos-da-fauna.jpg\" alt=\"\" width=\"800\" height=\"600\" srcset=\"https:\/\/www.veracel.com.br\/wp-content\/uploads\/2022\/05\/sapo-de-moldura-veracel-celulose-amigos-da-fauna.jpg 800w, https:\/\/www.veracel.com.br\/wp-content\/uploads\/2022\/05\/sapo-de-moldura-veracel-celulose-amigos-da-fauna-300x225.jpg 300w, https:\/\/www.veracel.com.br\/wp-content\/uploads\/2022\/05\/sapo-de-moldura-veracel-celulose-amigos-da-fauna-768x576.jpg 768w\" sizes=\"(max-width: 800px) 100vw, 800px\" \/><\/p>\n<h6>Sapo de moldura (Foto: Carlos Henrique Rodrigues)<\/h6>\n<p><img loading=\"lazy\" decoding=\"async\" class=\"alignnone wp-image-22702 size-large\" src=\"https:\/\/www.veracel.com.br\/wp-content\/uploads\/2022\/05\/siriema-veracel-celulose-amigos-da-fauna-683x1024.jpg\" alt=\"\" width=\"683\" height=\"1024\" srcset=\"https:\/\/www.veracel.com.br\/wp-content\/uploads\/2022\/05\/siriema-veracel-celulose-amigos-da-fauna-683x1024.jpg 683w, https:\/\/www.veracel.com.br\/wp-content\/uploads\/2022\/05\/siriema-veracel-celulose-amigos-da-fauna-200x300.jpg 200w, https:\/\/www.veracel.com.br\/wp-content\/uploads\/2022\/05\/siriema-veracel-celulose-amigos-da-fauna-768x1152.jpg 768w, https:\/\/www.veracel.com.br\/wp-content\/uploads\/2022\/05\/siriema-veracel-celulose-amigos-da-fauna.jpg 800w\" sizes=\"(max-width: 683px) 100vw, 683px\" \/><\/p>\n<h6>Siriema (Banco de imagens Veracel)<\/h6>\n<p><img loading=\"lazy\" decoding=\"async\" class=\"alignnone wp-image-22690 size-large\" src=\"https:\/\/www.veracel.com.br\/wp-content\/uploads\/2022\/05\/bicho-preguica-veracel-celulose-amigos-da-fauna-461x1024.jpg\" alt=\"\" width=\"461\" height=\"1024\" srcset=\"https:\/\/www.veracel.com.br\/wp-content\/uploads\/2022\/05\/bicho-preguica-veracel-celulose-amigos-da-fauna-461x1024.jpg 461w, https:\/\/www.veracel.com.br\/wp-content\/uploads\/2022\/05\/bicho-preguica-veracel-celulose-amigos-da-fauna-135x300.jpg 135w, https:\/\/www.veracel.com.br\/wp-content\/uploads\/2022\/05\/bicho-preguica-veracel-celulose-amigos-da-fauna-768x1707.jpg 768w, https:\/\/www.veracel.com.br\/wp-content\/uploads\/2022\/05\/bicho-preguica-veracel-celulose-amigos-da-fauna-691x1536.jpg 691w, https:\/\/www.veracel.com.br\/wp-content\/uploads\/2022\/05\/bicho-preguica-veracel-celulose-amigos-da-fauna.jpg 800w\" sizes=\"(max-width: 461px) 100vw, 461px\" \/><\/p>\n<h6>Bicho-pregui\u00e7a (Foto: Armando Ara\u00fajo)<\/h6>\n<p>&nbsp;<\/p>\n<p><a href=\"https:\/\/www.veracel.com.br\/sustentabilidade\/amigos-da-fauna\/\">Conhe\u00e7a mais sobre o programa Amigos da Fauna.<\/a><\/p>\n<p><a href=\"https:\/\/www.veracel.com.br\/sustentabilidade\/nossa-guia\/\">Confira outras a\u00e7\u00f5es sustent\u00e1veis da Veracel Celulose.<\/a><\/p>\n<p>&nbsp;<\/p>\n<p>&nbsp;<\/p>\n","protected":false},"excerpt":{"rendered":"<p>A Veracel Celulose registrou o Dia da Mata Atl\u00e2ntica, na \u00faltima sexta-feira (27), celebrando os resultados de um ano de seu programa \u201cAmigos da Fauna\u201d.\u00a0 O programa desenvolve atividades de educa\u00e7\u00e3o ambiental para as comunidades visando \u00e0 conserva\u00e7\u00e3o ambiental. Al\u00e9m disso, estimula os colaboradores pr\u00f3prios e parceiros a registrar em fotografias a fauna avistada nas [&hellip;]<\/p>\n","protected":false},"author":2,"featured_media":22688,"comment_status":"open","ping_status":"open","sticky":false,"template":"","format":"standard","meta":{"_acf_changed":false,"footnotes":"","_links_to":"","_links_to_target":""},"categories":[211,332],"tags":[],"class_list":["post-22687","post","type-post","status-publish","format-standard","has-post-thumbnail","hentry","category-noticias","category-sustentabilidade-veracel"],"acf":[],"yoast_head":"<!-- This site is optimized with the Yoast SEO Premium plugin v26.7 (Yoast SEO v27.4) - https:\/\/yoast.com\/product\/yoast-seo-premium-wordpress\/ -->\n<title>Um ano de Programa Amigos da Fauna da Veracel Celulose<\/title>\n<meta name=\"description\" content=\"Programa Amigos da Fauna da Veracel Celulose completa 1 ano com muitos registros e integra\u00e7\u00e3o dos colaboradores com a fauna local.\" \/>\n<meta name=\"robots\" content=\"index, follow, max-snippet:-1, max-image-preview:large, max-video-preview:-1\" \/>\n<link rel=\"canonical\" href=\"https:\/\/www.veracel.com.br\/um-ano-de-programa-amigos-da-fauna-da-veracel-celulose\/\" \/>\n<meta property=\"og:locale\" content=\"en_US\" \/>\n<meta property=\"og:type\" content=\"article\" \/>\n<meta property=\"og:title\" content=\"Um ano de Programa Amigos da Fauna da Veracel Celulose\" \/>\n<meta property=\"og:description\" content=\"Programa Amigos da Fauna da Veracel Celulose completa 1 ano com muitos registros e integra\u00e7\u00e3o dos colaboradores com a fauna local.\" \/>\n<meta property=\"og:url\" content=\"https:\/\/www.veracel.com.br\/um-ano-de-programa-amigos-da-fauna-da-veracel-celulose\/\" \/>\n<meta property=\"og:site_name\" content=\"Veracel Celulose\" \/>\n<meta property=\"article:published_time\" content=\"2022-05-30T16:29:53+00:00\" \/>\n<meta property=\"article:modified_time\" content=\"2022-05-30T16:35:06+00:00\" \/>\n<meta property=\"og:image\" content=\"https:\/\/www.veracel.com.br\/wp-content\/uploads\/2022\/05\/um-ano-programa-amigos-da-fauna-veracel-celulose.jpg\" \/>\n\t<meta property=\"og:image:width\" content=\"1040\" \/>\n\t<meta property=\"og:image:height\" content=\"780\" \/>\n\t<meta property=\"og:image:type\" content=\"image\/jpeg\" \/>\n<meta name=\"author\" content=\"saulo\" \/>\n<meta name=\"twitter:card\" content=\"summary_large_image\" \/>\n<meta name=\"twitter:label1\" content=\"Written by\" \/>\n\t<meta name=\"twitter:data1\" content=\"saulo\" \/>\n\t<meta name=\"twitter:label2\" content=\"Est. reading time\" \/>\n\t<meta name=\"twitter:data2\" content=\"3 minutes\" \/>\n<script type=\"application\/ld+json\" class=\"yoast-schema-graph\">{\"@context\":\"https:\\\/\\\/schema.org\",\"@graph\":[{\"@type\":\"WebPage\",\"@id\":\"https:\\\/\\\/www.veracel.com.br\\\/um-ano-de-programa-amigos-da-fauna-da-veracel-celulose\\\/\",\"url\":\"https:\\\/\\\/www.veracel.com.br\\\/um-ano-de-programa-amigos-da-fauna-da-veracel-celulose\\\/\",\"name\":\"Um ano de Programa Amigos da Fauna da Veracel Celulose\",\"isPartOf\":{\"@id\":\"https:\\\/\\\/www.veracel.com.br\\\/#website\"},\"primaryImageOfPage\":{\"@id\":\"https:\\\/\\\/www.veracel.com.br\\\/um-ano-de-programa-amigos-da-fauna-da-veracel-celulose\\\/#primaryimage\"},\"image\":{\"@id\":\"https:\\\/\\\/www.veracel.com.br\\\/um-ano-de-programa-amigos-da-fauna-da-veracel-celulose\\\/#primaryimage\"},\"thumbnailUrl\":\"https:\\\/\\\/www.veracel.com.br\\\/wp-content\\\/uploads\\\/2022\\\/05\\\/um-ano-programa-amigos-da-fauna-veracel-celulose.jpg\",\"datePublished\":\"2022-05-30T16:29:53+00:00\",\"dateModified\":\"2022-05-30T16:35:06+00:00\",\"description\":\"Programa Amigos da Fauna da Veracel Celulose completa 1 ano com muitos registros e integra\u00e7\u00e3o dos colaboradores com a fauna local.\",\"breadcrumb\":{\"@id\":\"https:\\\/\\\/www.veracel.com.br\\\/um-ano-de-programa-amigos-da-fauna-da-veracel-celulose\\\/#breadcrumb\"},\"inLanguage\":\"en-US\",\"potentialAction\":[{\"@type\":\"ReadAction\",\"target\":[\"https:\\\/\\\/www.veracel.com.br\\\/um-ano-de-programa-amigos-da-fauna-da-veracel-celulose\\\/\"]}]},{\"@type\":\"ImageObject\",\"inLanguage\":\"en-US\",\"@id\":\"https:\\\/\\\/www.veracel.com.br\\\/um-ano-de-programa-amigos-da-fauna-da-veracel-celulose\\\/#primaryimage\",\"url\":\"https:\\\/\\\/www.veracel.com.br\\\/wp-content\\\/uploads\\\/2022\\\/05\\\/um-ano-programa-amigos-da-fauna-veracel-celulose.jpg\",\"contentUrl\":\"https:\\\/\\\/www.veracel.com.br\\\/wp-content\\\/uploads\\\/2022\\\/05\\\/um-ano-programa-amigos-da-fauna-veracel-celulose.jpg\",\"width\":1040,\"height\":780},{\"@type\":\"BreadcrumbList\",\"@id\":\"https:\\\/\\\/www.veracel.com.br\\\/um-ano-de-programa-amigos-da-fauna-da-veracel-celulose\\\/#breadcrumb\",\"itemListElement\":[{\"@type\":\"ListItem\",\"position\":1,\"name\":\"Home\",\"item\":\"https:\\\/\\\/www.veracel.com.br\\\/\"},{\"@type\":\"ListItem\",\"position\":2,\"name\":\"Not\u00edcias\",\"item\":\"https:\\\/\\\/www.veracel.com.br\\\/noticias\\\/\"},{\"@type\":\"ListItem\",\"position\":3,\"name\":\"Um ano de Programa Amigos da Fauna da Veracel Celulose\"}]},{\"@type\":\"WebSite\",\"@id\":\"https:\\\/\\\/www.veracel.com.br\\\/#website\",\"url\":\"https:\\\/\\\/www.veracel.com.br\\\/\",\"name\":\"Veracel Celulose\",\"description\":\"Quando crescemos juntos vamos muito mais longe\",\"publisher\":{\"@id\":\"https:\\\/\\\/www.veracel.com.br\\\/#organization\"},\"potentialAction\":[{\"@type\":\"SearchAction\",\"target\":{\"@type\":\"EntryPoint\",\"urlTemplate\":\"https:\\\/\\\/www.veracel.com.br\\\/?s={search_term_string}\"},\"query-input\":{\"@type\":\"PropertyValueSpecification\",\"valueRequired\":true,\"valueName\":\"search_term_string\"}}],\"inLanguage\":\"en-US\"},{\"@type\":\"Organization\",\"@id\":\"https:\\\/\\\/www.veracel.com.br\\\/#organization\",\"name\":\"Veracel Celulose\",\"url\":\"https:\\\/\\\/www.veracel.com.br\\\/\",\"logo\":{\"@type\":\"ImageObject\",\"inLanguage\":\"en-US\",\"@id\":\"https:\\\/\\\/www.veracel.com.br\\\/#\\\/schema\\\/logo\\\/image\\\/\",\"url\":\"https:\\\/\\\/www.veracel.com.br\\\/wp-content\\\/uploads\\\/2024\\\/08\\\/Ativo-1.png\",\"contentUrl\":\"https:\\\/\\\/www.veracel.com.br\\\/wp-content\\\/uploads\\\/2024\\\/08\\\/Ativo-1.png\",\"width\":400,\"height\":121,\"caption\":\"Veracel Celulose\"},\"image\":{\"@id\":\"https:\\\/\\\/www.veracel.com.br\\\/#\\\/schema\\\/logo\\\/image\\\/\"},\"sameAs\":[\"https:\\\/\\\/www.instagram.com\\\/veracelcelulose\",\"https:\\\/\\\/www.linkedin.com\\\/company\\\/veracelcelulose\\\/\",\"https:\\\/\\\/www.youtube.com\\\/user\\\/CanalVeracel\"]}]}<\/script>\n<!-- \/ Yoast SEO Premium plugin. -->","yoast_head_json":{"title":"Um ano de Programa Amigos da Fauna da Veracel Celulose","description":"Programa Amigos da Fauna da Veracel Celulose completa 1 ano com muitos registros e integra\u00e7\u00e3o dos colaboradores com a fauna local.","robots":{"index":"index","follow":"follow","max-snippet":"max-snippet:-1","max-image-preview":"max-image-preview:large","max-video-preview":"max-video-preview:-1"},"canonical":"https:\/\/www.veracel.com.br\/um-ano-de-programa-amigos-da-fauna-da-veracel-celulose\/","og_locale":"en_US","og_type":"article","og_title":"Um ano de Programa Amigos da Fauna da Veracel Celulose","og_description":"Programa Amigos da Fauna da Veracel Celulose completa 1 ano com muitos registros e integra\u00e7\u00e3o dos colaboradores com a fauna local.","og_url":"https:\/\/www.veracel.com.br\/um-ano-de-programa-amigos-da-fauna-da-veracel-celulose\/","og_site_name":"Veracel Celulose","article_published_time":"2022-05-30T16:29:53+00:00","article_modified_time":"2022-05-30T16:35:06+00:00","og_image":[{"width":1040,"height":780,"url":"https:\/\/www.veracel.com.br\/wp-content\/uploads\/2022\/05\/um-ano-programa-amigos-da-fauna-veracel-celulose.jpg","type":"image\/jpeg"}],"author":"saulo","twitter_card":"summary_large_image","twitter_misc":{"Written by":"saulo","Est. reading time":"3 minutes"},"schema":{"@context":"https:\/\/schema.org","@graph":[{"@type":"WebPage","@id":"https:\/\/www.veracel.com.br\/um-ano-de-programa-amigos-da-fauna-da-veracel-celulose\/","url":"https:\/\/www.veracel.com.br\/um-ano-de-programa-amigos-da-fauna-da-veracel-celulose\/","name":"Um ano de Programa Amigos da Fauna da Veracel Celulose","isPartOf":{"@id":"https:\/\/www.veracel.com.br\/#website"},"primaryImageOfPage":{"@id":"https:\/\/www.veracel.com.br\/um-ano-de-programa-amigos-da-fauna-da-veracel-celulose\/#primaryimage"},"image":{"@id":"https:\/\/www.veracel.com.br\/um-ano-de-programa-amigos-da-fauna-da-veracel-celulose\/#primaryimage"},"thumbnailUrl":"https:\/\/www.veracel.com.br\/wp-content\/uploads\/2022\/05\/um-ano-programa-amigos-da-fauna-veracel-celulose.jpg","datePublished":"2022-05-30T16:29:53+00:00","dateModified":"2022-05-30T16:35:06+00:00","description":"Programa Amigos da Fauna da Veracel Celulose completa 1 ano com muitos registros e integra\u00e7\u00e3o dos colaboradores com a fauna local.","breadcrumb":{"@id":"https:\/\/www.veracel.com.br\/um-ano-de-programa-amigos-da-fauna-da-veracel-celulose\/#breadcrumb"},"inLanguage":"en-US","potentialAction":[{"@type":"ReadAction","target":["https:\/\/www.veracel.com.br\/um-ano-de-programa-amigos-da-fauna-da-veracel-celulose\/"]}]},{"@type":"ImageObject","inLanguage":"en-US","@id":"https:\/\/www.veracel.com.br\/um-ano-de-programa-amigos-da-fauna-da-veracel-celulose\/#primaryimage","url":"https:\/\/www.veracel.com.br\/wp-content\/uploads\/2022\/05\/um-ano-programa-amigos-da-fauna-veracel-celulose.jpg","contentUrl":"https:\/\/www.veracel.com.br\/wp-content\/uploads\/2022\/05\/um-ano-programa-amigos-da-fauna-veracel-celulose.jpg","width":1040,"height":780},{"@type":"BreadcrumbList","@id":"https:\/\/www.veracel.com.br\/um-ano-de-programa-amigos-da-fauna-da-veracel-celulose\/#breadcrumb","itemListElement":[{"@type":"ListItem","position":1,"name":"Home","item":"https:\/\/www.veracel.com.br\/"},{"@type":"ListItem","position":2,"name":"Not\u00edcias","item":"https:\/\/www.veracel.com.br\/noticias\/"},{"@type":"ListItem","position":3,"name":"Um ano de Programa Amigos da Fauna da Veracel Celulose"}]},{"@type":"WebSite","@id":"https:\/\/www.veracel.com.br\/#website","url":"https:\/\/www.veracel.com.br\/","name":"Veracel Celulose","description":"Quando crescemos juntos vamos muito mais longe","publisher":{"@id":"https:\/\/www.veracel.com.br\/#organization"},"potentialAction":[{"@type":"SearchAction","target":{"@type":"EntryPoint","urlTemplate":"https:\/\/www.veracel.com.br\/?s={search_term_string}"},"query-input":{"@type":"PropertyValueSpecification","valueRequired":true,"valueName":"search_term_string"}}],"inLanguage":"en-US"},{"@type":"Organization","@id":"https:\/\/www.veracel.com.br\/#organization","name":"Veracel Celulose","url":"https:\/\/www.veracel.com.br\/","logo":{"@type":"ImageObject","inLanguage":"en-US","@id":"https:\/\/www.veracel.com.br\/#\/schema\/logo\/image\/","url":"https:\/\/www.veracel.com.br\/wp-content\/uploads\/2024\/08\/Ativo-1.png","contentUrl":"https:\/\/www.veracel.com.br\/wp-content\/uploads\/2024\/08\/Ativo-1.png","width":400,"height":121,"caption":"Veracel Celulose"},"image":{"@id":"https:\/\/www.veracel.com.br\/#\/schema\/logo\/image\/"},"sameAs":["https:\/\/www.instagram.com\/veracelcelulose","https:\/\/www.linkedin.com\/company\/veracelcelulose\/","https:\/\/www.youtube.com\/user\/CanalVeracel"]}]}},"_links":{"self":[{"href":"https:\/\/www.veracel.com.br\/en\/wp-json\/wp\/v2\/posts\/22687","targetHints":{"allow":["GET"]}}],"collection":[{"href":"https:\/\/www.veracel.com.br\/en\/wp-json\/wp\/v2\/posts"}],"about":[{"href":"https:\/\/www.veracel.com.br\/en\/wp-json\/wp\/v2\/types\/post"}],"author":[{"embeddable":true,"href":"https:\/\/www.veracel.com.br\/en\/wp-json\/wp\/v2\/users\/2"}],"replies":[{"embeddable":true,"href":"https:\/\/www.veracel.com.br\/en\/wp-json\/wp\/v2\/comments?post=22687"}],"version-history":[{"count":6,"href":"https:\/\/www.veracel.com.br\/en\/wp-json\/wp\/v2\/posts\/22687\/revisions"}],"predecessor-version":[{"id":22709,"href":"https:\/\/www.veracel.com.br\/en\/wp-json\/wp\/v2\/posts\/22687\/revisions\/22709"}],"wp:featuredmedia":[{"embeddable":true,"href":"https:\/\/www.veracel.com.br\/en\/wp-json\/wp\/v2\/media\/22688"}],"wp:attachment":[{"href":"https:\/\/www.veracel.com.br\/en\/wp-json\/wp\/v2\/media?parent=22687"}],"wp:term":[{"taxonomy":"category","embeddable":true,"href":"https:\/\/www.veracel.com.br\/en\/wp-json\/wp\/v2\/categories?post=22687"},{"taxonomy":"post_tag","embeddable":true,"href":"https:\/\/www.veracel.com.br\/en\/wp-json\/wp\/v2\/tags?post=22687"}],"curies":[{"name":"wp","href":"https:\/\/api.w.org\/{rel}","templated":true}]}}