{"id":25277,"date":"2022-08-22T18:00:36","date_gmt":"2022-08-22T21:00:36","guid":{"rendered":"https:\/\/www.veracel.com.br\/?p=25277"},"modified":"2022-08-22T18:01:50","modified_gmt":"2022-08-22T21:01:50","slug":"oportunidades-de-negocios-no-forum-brasil-agroflorestal","status":"publish","type":"post","link":"https:\/\/www.veracel.com.br\/en\/oportunidades-de-negocios-no-forum-brasil-agroflorestal\/","title":{"rendered":"Oportunidades de neg\u00f3cios no F\u00f3rum Brasil Agroflorestal"},"content":{"rendered":"<p><em>Evento apresentar\u00e1 novas tecnologias e avan\u00e7os no setor agroflorestal, al\u00e9m de trazer oportunidades de neg\u00f3cios para produtores rurais<\/em><\/p>\n<p>A Veracel Celulose patrocinar\u00e1 o F\u00f3rum Brasil Agroflorestal, que acontecer\u00e1 em Eun\u00e1polis, de 21 a 23 de setembro. O evento \u00e9 uma realiza\u00e7\u00e3o da Associa\u00e7\u00e3o dos Produtores de Eucalipto do Extremo Sul da Bahia (Aspex). Reunir\u00e1 produtores rurais, empresas e profissionais do agroneg\u00f3cio, na sede da Loja Ma\u00e7\u00f4nica Fraternidade 5 de Novembro. O F\u00f3rum Brasil Agroflorestal contar\u00e1 com palestras e exposi\u00e7\u00e3o de produtos. Haver\u00e1 tamb\u00e9m um dia de campo.<\/p>\n<h2>Oportunidades para o produtor rural<\/h2>\n<p>\u201cO Brasil Agroflorestal \u00e9 o primeiro evento regional relevante para a silvicultura p\u00f3s-pandemia. O encontro vai apresentar novas tecnologias, avan\u00e7os no manejo para enfrentar mudan\u00e7as clim\u00e1ticas e melhorar a competitividade, al\u00e9m de trazer \u00f3timas oportunidades de neg\u00f3cios para produtores rurais do Sul baiano.<\/p>\n<p>Essas s\u00e3o as principais atra\u00e7\u00f5es oferecidas por essa iniciativa da Aspex\u201d, diz Caio Zanardo, diretor-presidente da Veracel Celulose. \u201c\u00c9 um evento de produtor rural para produtor rural, e a Veracel se engajou nessa iniciativa como patrocinadora, palestrante e \u00e2ncora. Al\u00e9m de compartilhar conhecimento, debater sobre tend\u00eancias e desafios do setor, vamos reencontrar centenas de parceiros florestais depois de tr\u00eas anos sem atividades presenciais.\u201d<\/p>\n<h2>Evento reunir\u00e1 toda a cadeia produtiva florestal<\/h2>\n<p>\u201cA Aspex \u00e9 hoje a leg\u00edtima difusora de conhecimento e promotora do desenvolvimento da regi\u00e3o. Seus associados s\u00e3o moradores do Extremo Sul da Bahia e geram emprego, renda e investimento diretamente em seus munic\u00edpios de atua\u00e7\u00e3o. Seguindo sua voca\u00e7\u00e3o e seu protagonismo, nada mais justo do que realizar um evento que reunir\u00e1 toda a cadeia produtiva florestal, para debates e amplia\u00e7\u00e3o da rede florestal, com grande efeito para toda a regi\u00e3o e para o Estado da Bahia\u201d, afirma Francisco Terc\u00edlio, presidente executivo da Aspex.<\/p>\n<h2>Inscri\u00e7\u00f5es gratuitas para participa\u00e7\u00e3o online ou presencial<\/h2>\n<p>A abertura oficial ser\u00e1 no dia 21, \u00e0s 19 horas. No dia 22 ser\u00e3o realizadas palestras pela manh\u00e3 e \u00e0 tarde. Ao final do dia, haver\u00e1 uma rodada de oportunidades de neg\u00f3cios com produtores rurais e empresas, finalizando com um espa\u00e7o para networking. O Brasil Agroflorestal ter\u00e1 ainda um dia dedicado para atividade de campo com produtores participantes do evento.<\/p>\n<p>As palestras dos dias 21 e 22 ser\u00e3o transmitidas ao vivo pela internet para todo o Brasil e a Am\u00e9rica Latina. Para participar das palestras presenciais e online do Brasil Agroflorestal \u00e9 preciso fazer a inscri\u00e7\u00e3o gratuita.<\/p>\n<p>&nbsp;<\/p>\n<p><a href=\"http:\/\/aspexba.com.br\/brasil-agroflorestal\/\" target=\"_blank\" rel=\"noopener\">Acesse o site para realizar sua inscri\u00e7\u00e3o no F\u00f3rum Brasil Agroflorestal.<\/a><\/p>\n<p><a href=\"https:\/\/www.veracel.com.br\/investindo-na-bahia-e-levando-celulose-para-o-mundo\/\">Saiba mais sobre os investimentos da Veracel Celulose no sul da Bahia.<\/a><\/p>\n","protected":false},"excerpt":{"rendered":"<p>Evento apresentar\u00e1 novas tecnologias e avan\u00e7os no setor agroflorestal, al\u00e9m de trazer oportunidades de neg\u00f3cios para produtores rurais A Veracel Celulose patrocinar\u00e1 o F\u00f3rum Brasil Agroflorestal, que acontecer\u00e1 em Eun\u00e1polis, de 21 a 23 de setembro. O evento \u00e9 uma realiza\u00e7\u00e3o da Associa\u00e7\u00e3o dos Produtores de Eucalipto do Extremo Sul da Bahia (Aspex). Reunir\u00e1 produtores [&hellip;]<\/p>\n","protected":false},"author":2,"featured_media":25281,"comment_status":"open","ping_status":"open","sticky":false,"template":"","format":"standard","meta":{"_acf_changed":false,"footnotes":"","_links_to":"","_links_to_target":""},"categories":[271,211],"tags":[],"class_list":["post-25277","post","type-post","status-publish","format-standard","has-post-thumbnail","hentry","category-a-veracel","category-noticias"],"acf":[],"yoast_head":"<!-- This site is optimized with the Yoast SEO Premium plugin v26.7 (Yoast SEO v27.4) - https:\/\/yoast.com\/product\/yoast-seo-premium-wordpress\/ -->\n<title>F\u00f3rum Brasil Agroflorestal tr\u00e1s oportunidades de neg\u00f3cio<\/title>\n<meta name=\"description\" content=\"Novas tecnologias e oportunidades de neg\u00f3cios no F\u00f3rum Brasil Agroflorestal patrocinado pela Veracel Celulose\" \/>\n<meta name=\"robots\" content=\"index, follow, max-snippet:-1, max-image-preview:large, max-video-preview:-1\" \/>\n<link rel=\"canonical\" href=\"https:\/\/www.veracel.com.br\/oportunidades-de-negocios-no-forum-brasil-agroflorestal\/\" \/>\n<meta property=\"og:locale\" content=\"en_US\" \/>\n<meta property=\"og:type\" content=\"article\" \/>\n<meta property=\"og:title\" content=\"Oportunidades de neg\u00f3cios no F\u00f3rum Brasil Agroflorestal\" \/>\n<meta property=\"og:description\" content=\"Novas tecnologias e oportunidades de neg\u00f3cios no F\u00f3rum Brasil Agroflorestal patrocinado pela Veracel Celulose\" \/>\n<meta property=\"og:url\" content=\"https:\/\/www.veracel.com.br\/oportunidades-de-negocios-no-forum-brasil-agroflorestal\/\" \/>\n<meta property=\"og:site_name\" content=\"Veracel Celulose\" \/>\n<meta property=\"article:published_time\" content=\"2022-08-22T21:00:36+00:00\" \/>\n<meta property=\"article:modified_time\" content=\"2022-08-22T21:01:50+00:00\" \/>\n<meta property=\"og:image\" content=\"https:\/\/www.veracel.com.br\/wp-content\/uploads\/2022\/08\/brasil-agroflorestal-veracel-celulose-1.jpg\" \/>\n\t<meta property=\"og:image:width\" content=\"900\" \/>\n\t<meta property=\"og:image:height\" content=\"599\" \/>\n\t<meta property=\"og:image:type\" content=\"image\/jpeg\" \/>\n<meta name=\"author\" content=\"saulo\" \/>\n<meta name=\"twitter:card\" content=\"summary_large_image\" \/>\n<meta name=\"twitter:label1\" content=\"Written by\" \/>\n\t<meta name=\"twitter:data1\" content=\"saulo\" \/>\n\t<meta name=\"twitter:label2\" content=\"Est. reading time\" \/>\n\t<meta name=\"twitter:data2\" content=\"3 minutes\" \/>\n<script type=\"application\/ld+json\" class=\"yoast-schema-graph\">{\"@context\":\"https:\\\/\\\/schema.org\",\"@graph\":[{\"@type\":\"WebPage\",\"@id\":\"https:\\\/\\\/www.veracel.com.br\\\/oportunidades-de-negocios-no-forum-brasil-agroflorestal\\\/\",\"url\":\"https:\\\/\\\/www.veracel.com.br\\\/oportunidades-de-negocios-no-forum-brasil-agroflorestal\\\/\",\"name\":\"F\u00f3rum Brasil Agroflorestal tr\u00e1s oportunidades de neg\u00f3cio\",\"isPartOf\":{\"@id\":\"https:\\\/\\\/www.veracel.com.br\\\/#website\"},\"primaryImageOfPage\":{\"@id\":\"https:\\\/\\\/www.veracel.com.br\\\/oportunidades-de-negocios-no-forum-brasil-agroflorestal\\\/#primaryimage\"},\"image\":{\"@id\":\"https:\\\/\\\/www.veracel.com.br\\\/oportunidades-de-negocios-no-forum-brasil-agroflorestal\\\/#primaryimage\"},\"thumbnailUrl\":\"https:\\\/\\\/www.veracel.com.br\\\/wp-content\\\/uploads\\\/2022\\\/08\\\/brasil-agroflorestal-veracel-celulose-1.jpg\",\"datePublished\":\"2022-08-22T21:00:36+00:00\",\"dateModified\":\"2022-08-22T21:01:50+00:00\",\"description\":\"Novas tecnologias e oportunidades de neg\u00f3cios no F\u00f3rum Brasil Agroflorestal patrocinado pela Veracel Celulose\",\"breadcrumb\":{\"@id\":\"https:\\\/\\\/www.veracel.com.br\\\/oportunidades-de-negocios-no-forum-brasil-agroflorestal\\\/#breadcrumb\"},\"inLanguage\":\"en-US\",\"potentialAction\":[{\"@type\":\"ReadAction\",\"target\":[\"https:\\\/\\\/www.veracel.com.br\\\/oportunidades-de-negocios-no-forum-brasil-agroflorestal\\\/\"]}]},{\"@type\":\"ImageObject\",\"inLanguage\":\"en-US\",\"@id\":\"https:\\\/\\\/www.veracel.com.br\\\/oportunidades-de-negocios-no-forum-brasil-agroflorestal\\\/#primaryimage\",\"url\":\"https:\\\/\\\/www.veracel.com.br\\\/wp-content\\\/uploads\\\/2022\\\/08\\\/brasil-agroflorestal-veracel-celulose-1.jpg\",\"contentUrl\":\"https:\\\/\\\/www.veracel.com.br\\\/wp-content\\\/uploads\\\/2022\\\/08\\\/brasil-agroflorestal-veracel-celulose-1.jpg\",\"width\":900,\"height\":599},{\"@type\":\"BreadcrumbList\",\"@id\":\"https:\\\/\\\/www.veracel.com.br\\\/oportunidades-de-negocios-no-forum-brasil-agroflorestal\\\/#breadcrumb\",\"itemListElement\":[{\"@type\":\"ListItem\",\"position\":1,\"name\":\"Home\",\"item\":\"https:\\\/\\\/www.veracel.com.br\\\/\"},{\"@type\":\"ListItem\",\"position\":2,\"name\":\"A Veracel\",\"item\":\"https:\\\/\\\/www.veracel.com.br\\\/a-veracel\\\/\"},{\"@type\":\"ListItem\",\"position\":3,\"name\":\"Oportunidades de neg\u00f3cios no F\u00f3rum Brasil Agroflorestal\"}]},{\"@type\":\"WebSite\",\"@id\":\"https:\\\/\\\/www.veracel.com.br\\\/#website\",\"url\":\"https:\\\/\\\/www.veracel.com.br\\\/\",\"name\":\"Veracel Celulose\",\"description\":\"Quando crescemos juntos vamos muito mais longe\",\"publisher\":{\"@id\":\"https:\\\/\\\/www.veracel.com.br\\\/#organization\"},\"potentialAction\":[{\"@type\":\"SearchAction\",\"target\":{\"@type\":\"EntryPoint\",\"urlTemplate\":\"https:\\\/\\\/www.veracel.com.br\\\/?s={search_term_string}\"},\"query-input\":{\"@type\":\"PropertyValueSpecification\",\"valueRequired\":true,\"valueName\":\"search_term_string\"}}],\"inLanguage\":\"en-US\"},{\"@type\":\"Organization\",\"@id\":\"https:\\\/\\\/www.veracel.com.br\\\/#organization\",\"name\":\"Veracel Celulose\",\"url\":\"https:\\\/\\\/www.veracel.com.br\\\/\",\"logo\":{\"@type\":\"ImageObject\",\"inLanguage\":\"en-US\",\"@id\":\"https:\\\/\\\/www.veracel.com.br\\\/#\\\/schema\\\/logo\\\/image\\\/\",\"url\":\"https:\\\/\\\/www.veracel.com.br\\\/wp-content\\\/uploads\\\/2024\\\/08\\\/Ativo-1.png\",\"contentUrl\":\"https:\\\/\\\/www.veracel.com.br\\\/wp-content\\\/uploads\\\/2024\\\/08\\\/Ativo-1.png\",\"width\":400,\"height\":121,\"caption\":\"Veracel Celulose\"},\"image\":{\"@id\":\"https:\\\/\\\/www.veracel.com.br\\\/#\\\/schema\\\/logo\\\/image\\\/\"},\"sameAs\":[\"https:\\\/\\\/www.instagram.com\\\/veracelcelulose\",\"https:\\\/\\\/www.linkedin.com\\\/company\\\/veracelcelulose\\\/\",\"https:\\\/\\\/www.youtube.com\\\/user\\\/CanalVeracel\"]}]}<\/script>\n<!-- \/ Yoast SEO Premium plugin. -->","yoast_head_json":{"title":"F\u00f3rum Brasil Agroflorestal tr\u00e1s oportunidades de neg\u00f3cio","description":"Novas tecnologias e oportunidades de neg\u00f3cios no F\u00f3rum Brasil Agroflorestal patrocinado pela Veracel Celulose","robots":{"index":"index","follow":"follow","max-snippet":"max-snippet:-1","max-image-preview":"max-image-preview:large","max-video-preview":"max-video-preview:-1"},"canonical":"https:\/\/www.veracel.com.br\/oportunidades-de-negocios-no-forum-brasil-agroflorestal\/","og_locale":"en_US","og_type":"article","og_title":"Oportunidades de neg\u00f3cios no F\u00f3rum Brasil Agroflorestal","og_description":"Novas tecnologias e oportunidades de neg\u00f3cios no F\u00f3rum Brasil Agroflorestal patrocinado pela Veracel Celulose","og_url":"https:\/\/www.veracel.com.br\/oportunidades-de-negocios-no-forum-brasil-agroflorestal\/","og_site_name":"Veracel Celulose","article_published_time":"2022-08-22T21:00:36+00:00","article_modified_time":"2022-08-22T21:01:50+00:00","og_image":[{"width":900,"height":599,"url":"https:\/\/www.veracel.com.br\/wp-content\/uploads\/2022\/08\/brasil-agroflorestal-veracel-celulose-1.jpg","type":"image\/jpeg"}],"author":"saulo","twitter_card":"summary_large_image","twitter_misc":{"Written by":"saulo","Est. reading time":"3 minutes"},"schema":{"@context":"https:\/\/schema.org","@graph":[{"@type":"WebPage","@id":"https:\/\/www.veracel.com.br\/oportunidades-de-negocios-no-forum-brasil-agroflorestal\/","url":"https:\/\/www.veracel.com.br\/oportunidades-de-negocios-no-forum-brasil-agroflorestal\/","name":"F\u00f3rum Brasil Agroflorestal tr\u00e1s oportunidades de neg\u00f3cio","isPartOf":{"@id":"https:\/\/www.veracel.com.br\/#website"},"primaryImageOfPage":{"@id":"https:\/\/www.veracel.com.br\/oportunidades-de-negocios-no-forum-brasil-agroflorestal\/#primaryimage"},"image":{"@id":"https:\/\/www.veracel.com.br\/oportunidades-de-negocios-no-forum-brasil-agroflorestal\/#primaryimage"},"thumbnailUrl":"https:\/\/www.veracel.com.br\/wp-content\/uploads\/2022\/08\/brasil-agroflorestal-veracel-celulose-1.jpg","datePublished":"2022-08-22T21:00:36+00:00","dateModified":"2022-08-22T21:01:50+00:00","description":"Novas tecnologias e oportunidades de neg\u00f3cios no F\u00f3rum Brasil Agroflorestal patrocinado pela Veracel Celulose","breadcrumb":{"@id":"https:\/\/www.veracel.com.br\/oportunidades-de-negocios-no-forum-brasil-agroflorestal\/#breadcrumb"},"inLanguage":"en-US","potentialAction":[{"@type":"ReadAction","target":["https:\/\/www.veracel.com.br\/oportunidades-de-negocios-no-forum-brasil-agroflorestal\/"]}]},{"@type":"ImageObject","inLanguage":"en-US","@id":"https:\/\/www.veracel.com.br\/oportunidades-de-negocios-no-forum-brasil-agroflorestal\/#primaryimage","url":"https:\/\/www.veracel.com.br\/wp-content\/uploads\/2022\/08\/brasil-agroflorestal-veracel-celulose-1.jpg","contentUrl":"https:\/\/www.veracel.com.br\/wp-content\/uploads\/2022\/08\/brasil-agroflorestal-veracel-celulose-1.jpg","width":900,"height":599},{"@type":"BreadcrumbList","@id":"https:\/\/www.veracel.com.br\/oportunidades-de-negocios-no-forum-brasil-agroflorestal\/#breadcrumb","itemListElement":[{"@type":"ListItem","position":1,"name":"Home","item":"https:\/\/www.veracel.com.br\/"},{"@type":"ListItem","position":2,"name":"A Veracel","item":"https:\/\/www.veracel.com.br\/a-veracel\/"},{"@type":"ListItem","position":3,"name":"Oportunidades de neg\u00f3cios no F\u00f3rum Brasil Agroflorestal"}]},{"@type":"WebSite","@id":"https:\/\/www.veracel.com.br\/#website","url":"https:\/\/www.veracel.com.br\/","name":"Veracel Celulose","description":"Quando crescemos juntos vamos muito mais longe","publisher":{"@id":"https:\/\/www.veracel.com.br\/#organization"},"potentialAction":[{"@type":"SearchAction","target":{"@type":"EntryPoint","urlTemplate":"https:\/\/www.veracel.com.br\/?s={search_term_string}"},"query-input":{"@type":"PropertyValueSpecification","valueRequired":true,"valueName":"search_term_string"}}],"inLanguage":"en-US"},{"@type":"Organization","@id":"https:\/\/www.veracel.com.br\/#organization","name":"Veracel Celulose","url":"https:\/\/www.veracel.com.br\/","logo":{"@type":"ImageObject","inLanguage":"en-US","@id":"https:\/\/www.veracel.com.br\/#\/schema\/logo\/image\/","url":"https:\/\/www.veracel.com.br\/wp-content\/uploads\/2024\/08\/Ativo-1.png","contentUrl":"https:\/\/www.veracel.com.br\/wp-content\/uploads\/2024\/08\/Ativo-1.png","width":400,"height":121,"caption":"Veracel Celulose"},"image":{"@id":"https:\/\/www.veracel.com.br\/#\/schema\/logo\/image\/"},"sameAs":["https:\/\/www.instagram.com\/veracelcelulose","https:\/\/www.linkedin.com\/company\/veracelcelulose\/","https:\/\/www.youtube.com\/user\/CanalVeracel"]}]}},"_links":{"self":[{"href":"https:\/\/www.veracel.com.br\/en\/wp-json\/wp\/v2\/posts\/25277","targetHints":{"allow":["GET"]}}],"collection":[{"href":"https:\/\/www.veracel.com.br\/en\/wp-json\/wp\/v2\/posts"}],"about":[{"href":"https:\/\/www.veracel.com.br\/en\/wp-json\/wp\/v2\/types\/post"}],"author":[{"embeddable":true,"href":"https:\/\/www.veracel.com.br\/en\/wp-json\/wp\/v2\/users\/2"}],"replies":[{"embeddable":true,"href":"https:\/\/www.veracel.com.br\/en\/wp-json\/wp\/v2\/comments?post=25277"}],"version-history":[{"count":1,"href":"https:\/\/www.veracel.com.br\/en\/wp-json\/wp\/v2\/posts\/25277\/revisions"}],"predecessor-version":[{"id":25280,"href":"https:\/\/www.veracel.com.br\/en\/wp-json\/wp\/v2\/posts\/25277\/revisions\/25280"}],"wp:featuredmedia":[{"embeddable":true,"href":"https:\/\/www.veracel.com.br\/en\/wp-json\/wp\/v2\/media\/25281"}],"wp:attachment":[{"href":"https:\/\/www.veracel.com.br\/en\/wp-json\/wp\/v2\/media?parent=25277"}],"wp:term":[{"taxonomy":"category","embeddable":true,"href":"https:\/\/www.veracel.com.br\/en\/wp-json\/wp\/v2\/categories?post=25277"},{"taxonomy":"post_tag","embeddable":true,"href":"https:\/\/www.veracel.com.br\/en\/wp-json\/wp\/v2\/tags?post=25277"}],"curies":[{"name":"wp","href":"https:\/\/api.w.org\/{rel}","templated":true}]}}