{"id":25957,"date":"2022-09-16T16:37:28","date_gmt":"2022-09-16T19:37:28","guid":{"rendered":"https:\/\/www.veracel.com.br\/?p=25957"},"modified":"2022-09-16T17:41:44","modified_gmt":"2022-09-16T20:41:44","slug":"inscricoes-abertas-para-o-programa-jovem-aprendiz-da-veracel-celulose","status":"publish","type":"post","link":"https:\/\/www.veracel.com.br\/en\/inscricoes-abertas-para-o-programa-jovem-aprendiz-da-veracel-celulose\/","title":{"rendered":"Inscri\u00e7\u00f5es abertas para o Programa Jovem Aprendiz da Veracel Celulose"},"content":{"rendered":"<p><em>O processo seletivo para o programa Jovem Aprendiz 2022 da Veracel Celulose come\u00e7a nesta sexta-feira, dia 16 de setembro, e vai at\u00e9 o dia 22\/09. Al\u00e9m de contribuir para desenvolver a m\u00e3o de obra local e para identificar novos talentos, o programa refor\u00e7a os pilares de Diversidade e Inclus\u00e3o da empresa.<\/em><\/p>\n<p>&nbsp;<\/p>\n<p>O Programa Jovem Aprendiz 2022 da Veracel Celulose oferecer\u00e1 40 vagas para jovens entre 18 e 21 anos. Seu objetivo \u00e9 desenvolver a m\u00e3o de obra da regi\u00e3o de atua\u00e7\u00e3o da companhia e identificar talentos para futuras oportunidades na empresa.<\/p>\n<p>&nbsp;<\/p>\n<h2>Diversidade e Inclus\u00e3o no Programa Jovem Aprendiz da Veracel<\/h2>\n<p>O processo seletivo ser\u00e1 promovido em alinhamento com os pilares de Diversidade e Inclus\u00e3o da Veracel \u2013 as vagas do programa ser\u00e3o distribu\u00eddas para pessoas autodeclaradas negras (pretas ou pardas); mulheres e pessoas com defici\u00eancia (PCDs).<\/p>\n<p>\u201cO Programa Jovem Aprendiz da Veracel tem o objetivo de abrir portas para as pessoas do nosso territ\u00f3rio de atua\u00e7\u00e3o, trazendo para os jovens uma oportunidade de contar com uma forma\u00e7\u00e3o profissional s\u00f3lida e de refor\u00e7ar e complementar sua forma\u00e7\u00e3o educacional\u201d, comenta Dienane da Silva Brand\u00e3o, gerente de Desenvolvimento Humano e Organizacional. \u201c\u00c9 muito gratificante contar com esse programa, que tem um papel transformador e traz uma importante contribui\u00e7\u00e3o para o desenvolvimento da nossa regi\u00e3o\u201d, afirma ainda Dienane.<\/p>\n<p>Toda a experi\u00eancia dentro da Veracel Celulose se destaca por formar profissionais com aptid\u00e3o para diferentes \u00e1reas, como conta o ex-jovem aprendiz Lucas Nogueira, que hoje atua como Operador de \u00c1rea na companhia. \u201cDurante a minha passagem no programa, tive muitas experi\u00eancias positivas com rela\u00e7\u00e3o \u00e0 seguran\u00e7a no trabalho, organiza\u00e7\u00e3o, al\u00e9m de muitas outras informa\u00e7\u00f5es que aprofundaram meu conhecimento\u201d, afirma ele. Al\u00e9m de bolsa-aux\u00edlio, todos os aprovados contar\u00e3o com aux\u00edlios alimenta\u00e7\u00e3o; transporte; planos de sa\u00fade e odontol\u00f3gico; e seguro de vida em grupo, dentro das pol\u00edticas de gest\u00e3o de pessoas da Veracel.<\/p>\n<p>&nbsp;<\/p>\n<h2>Inscri\u00e7\u00f5es at\u00e9 22 de setembro de 2022<\/h2>\n<p>As inscri\u00e7\u00f5es para o Programa Jovem Aprendiz da Veracel 2022, ser\u00e3o abertas nesta sexta-feira (16) e v\u00e3o at\u00e9 o dia 22\/09, por meio da plataforma de recrutamento, <a href=\"https:\/\/vemparaaveracel.gupy.io\/\" target=\"_blank\" rel=\"noopener\">Gupy<\/a>. Para participar, \u00e9 necess\u00e1rio estar cursando, no m\u00ednimo, o 9\u00ba ano do ensino fundamental ou ter conclu\u00eddo o ensino m\u00e9dio. A etapa de recrutamento tem dura\u00e7\u00e3o estimada de um m\u00eas, e a previs\u00e3o \u00e9 que o programa tenha in\u00edcio em 21 de outubro.<\/p>\n<p>Na edi\u00e7\u00e3o deste ano, as vagas ser\u00e3o para dois cursos: Assistente Administrativo e Auxiliar de Fabrica\u00e7\u00e3o de Fibra Celul\u00f3sica. Ambas as forma\u00e7\u00f5es t\u00eam dura\u00e7\u00e3o m\u00e9dia de 18 meses, sem possibilidade de renova\u00e7\u00e3o do contrato como Jovem Aprendiz. As aulas s\u00e3o divididas em dois momentos: primeiro, a parte te\u00f3rica presencial no Senai Eun\u00e1polis, com carga hor\u00e1ria de 04h di\u00e1rias (13h \u00e0s 17h). J\u00e1 o segundo momento ser\u00e1 realizado dentro da pr\u00f3pria Veracel, com introdu\u00e7\u00e3o \u00e0 parte pr\u00e1tica da atua\u00e7\u00e3o na ind\u00fastria de celulose, carga hor\u00e1ria di\u00e1ria de 06h (08h \u00e0s 15h).<\/p>\n<p>&nbsp;<\/p>\n<h2>Requisitos para participar do Programa Jovem Aprendiz Veracel 2022:<\/h2>\n<ul>\n<li>Idade entre 18 e 21 anos e 11 meses, no ato da matr\u00edcula. Caso o Aprendiz seja pessoa com defici\u00eancia, n\u00e3o haver\u00e1 limite m\u00e1ximo de idade para a contrata\u00e7\u00e3o;<\/li>\n<li>Estar matriculado e cursando no m\u00ednimo o 9\u00b0 ano do ensino fundamental ou ter conclu\u00eddo o ensino m\u00e9dio (ou equivalente);<\/li>\n<li>Possuir conhecimentos b\u00e1sicos em editores de texto, planilhas, navega\u00e7\u00e3o e pesquisa na internet, utilizando computadores desktop ou notebook;<\/li>\n<li>N\u00e3o ter tido contrato firmado com a Veracel em programas de aprendizagem anteriores;<\/li>\n<li>Disponibilidade para estudar (presencial) durante a etapa te\u00f3rica, das 13h \u00e0s 17h (4 horas di\u00e1rias) e, das 8h \u00e0s 15h (6 horas di\u00e1rias), para realizar a etapa pr\u00e1tica, que ser\u00e1 realizada na f\u00e1brica da Veracel;<\/li>\n<li>N\u00e3o estar matriculado em nenhum curso gratuito no Senai\/DR\/BA, no ato da matr\u00edcula;<\/li>\n<li>N\u00e3o haver conclu\u00eddo, a qualquer tempo, curso de aprendizagem de conte\u00fado program\u00e1tico similar ou id\u00eantico ao proposto neste Programa de Aprendizagem, por meio do Senai.<\/li>\n<\/ul>\n<h2><\/h2>\n<h2>Etapas do Processo:<\/h2>\n<ul>\n<li>Avalia\u00e7\u00e3o de perfil comportamental (online)<\/li>\n<li>Teste de L\u00edngua Portuguesa (online)<\/li>\n<li>Teste de Matem\u00e1tica (online)<\/li>\n<li>Entrevista (Online)<\/li>\n<li>Exames m\u00e9dicos para os aprovados no processo<\/li>\n<li>Entrega de documentos para os aprovados nos exames m\u00e9dicos<\/li>\n<li>Obs.: todas as etapas do processo s\u00e3o eliminat\u00f3rias<\/li>\n<\/ul>\n<p>&nbsp;<\/p>\n<p><a href=\"https:\/\/vemparaaveracel.gupy.io\/\" target=\"_blank\" rel=\"noopener\"><strong>Fa\u00e7a sua inscri\u00e7\u00e3o no Programa Jovem Aprendiz Veracel 2022<\/strong><\/a><\/p>\n<p><a href=\"https:\/\/www.veracel.com.br\/nosso-jeito\/\">Conhe\u00e7a mais sobre o jeito de ser Veracel Celulose\u00a0<\/a><\/p>\n<p><a href=\"https:\/\/www.veracel.com.br\/sustentabilidade\/nossa-gente\/\">Sabia que a Veracel Celulose foi eleita uma das melhores empresas para trabalhar na Bahia?<\/a><\/p>\n","protected":false},"excerpt":{"rendered":"<p>O processo seletivo para o programa Jovem Aprendiz 2022 da Veracel Celulose come\u00e7a nesta sexta-feira, dia 16 de setembro, e vai at\u00e9 o dia 22\/09. Al\u00e9m de contribuir para desenvolver a m\u00e3o de obra local e para identificar novos talentos, o programa refor\u00e7a os pilares de Diversidade e Inclus\u00e3o da empresa. &nbsp; O Programa Jovem [&hellip;]<\/p>\n","protected":false},"author":2,"featured_media":25958,"comment_status":"open","ping_status":"open","sticky":false,"template":"","format":"standard","meta":{"_acf_changed":false,"footnotes":"","_links_to":"","_links_to_target":""},"categories":[271,211],"tags":[],"class_list":["post-25957","post","type-post","status-publish","format-standard","has-post-thumbnail","hentry","category-a-veracel","category-noticias"],"acf":[],"yoast_head":"<!-- This site is optimized with the Yoast SEO Premium plugin v26.7 (Yoast SEO v27.4) - https:\/\/yoast.com\/product\/yoast-seo-premium-wordpress\/ -->\n<title>Programa Jovem Aprendiz Veracel 2022<\/title>\n<meta name=\"description\" content=\"Inscri\u00e7\u00f5es abertas para o Programa Jovem Aprendiz da Veracel Celulose 2022. De 16 a 22 setembro. Confira todos os detalhes.\" \/>\n<meta name=\"robots\" content=\"index, follow, max-snippet:-1, max-image-preview:large, max-video-preview:-1\" \/>\n<link rel=\"canonical\" href=\"https:\/\/www.veracel.com.br\/inscricoes-abertas-para-o-programa-jovem-aprendiz-da-veracel-celulose\/\" \/>\n<meta property=\"og:locale\" content=\"en_US\" \/>\n<meta property=\"og:type\" content=\"article\" \/>\n<meta property=\"og:title\" content=\"Inscri\u00e7\u00f5es abertas para o Programa Jovem Aprendiz da Veracel Celulose\" \/>\n<meta property=\"og:description\" content=\"Inscri\u00e7\u00f5es abertas para o Programa Jovem Aprendiz da Veracel Celulose 2022. De 16 a 22 setembro. Confira todos os detalhes.\" \/>\n<meta property=\"og:url\" content=\"https:\/\/www.veracel.com.br\/inscricoes-abertas-para-o-programa-jovem-aprendiz-da-veracel-celulose\/\" \/>\n<meta property=\"og:site_name\" content=\"Veracel Celulose\" \/>\n<meta property=\"article:published_time\" content=\"2022-09-16T19:37:28+00:00\" \/>\n<meta property=\"article:modified_time\" content=\"2022-09-16T20:41:44+00:00\" \/>\n<meta property=\"og:image\" content=\"https:\/\/www.veracel.com.br\/wp-content\/uploads\/2022\/09\/programa-jovem-aprendiz-veracel-2022.jpg\" \/>\n\t<meta property=\"og:image:width\" content=\"1200\" \/>\n\t<meta property=\"og:image:height\" content=\"770\" \/>\n\t<meta property=\"og:image:type\" content=\"image\/jpeg\" \/>\n<meta name=\"author\" content=\"saulo\" \/>\n<meta name=\"twitter:card\" content=\"summary_large_image\" \/>\n<meta name=\"twitter:label1\" content=\"Written by\" \/>\n\t<meta name=\"twitter:data1\" content=\"saulo\" \/>\n\t<meta name=\"twitter:label2\" content=\"Est. reading time\" \/>\n\t<meta name=\"twitter:data2\" content=\"4 minutes\" \/>\n<script type=\"application\/ld+json\" class=\"yoast-schema-graph\">{\"@context\":\"https:\\\/\\\/schema.org\",\"@graph\":[{\"@type\":\"WebPage\",\"@id\":\"https:\\\/\\\/www.veracel.com.br\\\/inscricoes-abertas-para-o-programa-jovem-aprendiz-da-veracel-celulose\\\/\",\"url\":\"https:\\\/\\\/www.veracel.com.br\\\/inscricoes-abertas-para-o-programa-jovem-aprendiz-da-veracel-celulose\\\/\",\"name\":\"Programa Jovem Aprendiz Veracel 2022\",\"isPartOf\":{\"@id\":\"https:\\\/\\\/www.veracel.com.br\\\/#website\"},\"primaryImageOfPage\":{\"@id\":\"https:\\\/\\\/www.veracel.com.br\\\/inscricoes-abertas-para-o-programa-jovem-aprendiz-da-veracel-celulose\\\/#primaryimage\"},\"image\":{\"@id\":\"https:\\\/\\\/www.veracel.com.br\\\/inscricoes-abertas-para-o-programa-jovem-aprendiz-da-veracel-celulose\\\/#primaryimage\"},\"thumbnailUrl\":\"https:\\\/\\\/www.veracel.com.br\\\/wp-content\\\/uploads\\\/2022\\\/09\\\/programa-jovem-aprendiz-veracel-2022.jpg\",\"datePublished\":\"2022-09-16T19:37:28+00:00\",\"dateModified\":\"2022-09-16T20:41:44+00:00\",\"description\":\"Inscri\u00e7\u00f5es abertas para o Programa Jovem Aprendiz da Veracel Celulose 2022. De 16 a 22 setembro. Confira todos os detalhes.\",\"breadcrumb\":{\"@id\":\"https:\\\/\\\/www.veracel.com.br\\\/inscricoes-abertas-para-o-programa-jovem-aprendiz-da-veracel-celulose\\\/#breadcrumb\"},\"inLanguage\":\"en-US\",\"potentialAction\":[{\"@type\":\"ReadAction\",\"target\":[\"https:\\\/\\\/www.veracel.com.br\\\/inscricoes-abertas-para-o-programa-jovem-aprendiz-da-veracel-celulose\\\/\"]}]},{\"@type\":\"ImageObject\",\"inLanguage\":\"en-US\",\"@id\":\"https:\\\/\\\/www.veracel.com.br\\\/inscricoes-abertas-para-o-programa-jovem-aprendiz-da-veracel-celulose\\\/#primaryimage\",\"url\":\"https:\\\/\\\/www.veracel.com.br\\\/wp-content\\\/uploads\\\/2022\\\/09\\\/programa-jovem-aprendiz-veracel-2022.jpg\",\"contentUrl\":\"https:\\\/\\\/www.veracel.com.br\\\/wp-content\\\/uploads\\\/2022\\\/09\\\/programa-jovem-aprendiz-veracel-2022.jpg\",\"width\":1200,\"height\":770},{\"@type\":\"BreadcrumbList\",\"@id\":\"https:\\\/\\\/www.veracel.com.br\\\/inscricoes-abertas-para-o-programa-jovem-aprendiz-da-veracel-celulose\\\/#breadcrumb\",\"itemListElement\":[{\"@type\":\"ListItem\",\"position\":1,\"name\":\"Home\",\"item\":\"https:\\\/\\\/www.veracel.com.br\\\/\"},{\"@type\":\"ListItem\",\"position\":2,\"name\":\"A Veracel\",\"item\":\"https:\\\/\\\/www.veracel.com.br\\\/a-veracel\\\/\"},{\"@type\":\"ListItem\",\"position\":3,\"name\":\"Inscri\u00e7\u00f5es abertas para o Programa Jovem Aprendiz da Veracel Celulose\"}]},{\"@type\":\"WebSite\",\"@id\":\"https:\\\/\\\/www.veracel.com.br\\\/#website\",\"url\":\"https:\\\/\\\/www.veracel.com.br\\\/\",\"name\":\"Veracel Celulose\",\"description\":\"Quando crescemos juntos vamos muito mais longe\",\"publisher\":{\"@id\":\"https:\\\/\\\/www.veracel.com.br\\\/#organization\"},\"potentialAction\":[{\"@type\":\"SearchAction\",\"target\":{\"@type\":\"EntryPoint\",\"urlTemplate\":\"https:\\\/\\\/www.veracel.com.br\\\/?s={search_term_string}\"},\"query-input\":{\"@type\":\"PropertyValueSpecification\",\"valueRequired\":true,\"valueName\":\"search_term_string\"}}],\"inLanguage\":\"en-US\"},{\"@type\":\"Organization\",\"@id\":\"https:\\\/\\\/www.veracel.com.br\\\/#organization\",\"name\":\"Veracel Celulose\",\"url\":\"https:\\\/\\\/www.veracel.com.br\\\/\",\"logo\":{\"@type\":\"ImageObject\",\"inLanguage\":\"en-US\",\"@id\":\"https:\\\/\\\/www.veracel.com.br\\\/#\\\/schema\\\/logo\\\/image\\\/\",\"url\":\"https:\\\/\\\/www.veracel.com.br\\\/wp-content\\\/uploads\\\/2024\\\/08\\\/Ativo-1.png\",\"contentUrl\":\"https:\\\/\\\/www.veracel.com.br\\\/wp-content\\\/uploads\\\/2024\\\/08\\\/Ativo-1.png\",\"width\":400,\"height\":121,\"caption\":\"Veracel Celulose\"},\"image\":{\"@id\":\"https:\\\/\\\/www.veracel.com.br\\\/#\\\/schema\\\/logo\\\/image\\\/\"},\"sameAs\":[\"https:\\\/\\\/www.instagram.com\\\/veracelcelulose\",\"https:\\\/\\\/www.linkedin.com\\\/company\\\/veracelcelulose\\\/\",\"https:\\\/\\\/www.youtube.com\\\/user\\\/CanalVeracel\"]}]}<\/script>\n<!-- \/ Yoast SEO Premium plugin. -->","yoast_head_json":{"title":"Programa Jovem Aprendiz Veracel 2022","description":"Inscri\u00e7\u00f5es abertas para o Programa Jovem Aprendiz da Veracel Celulose 2022. De 16 a 22 setembro. Confira todos os detalhes.","robots":{"index":"index","follow":"follow","max-snippet":"max-snippet:-1","max-image-preview":"max-image-preview:large","max-video-preview":"max-video-preview:-1"},"canonical":"https:\/\/www.veracel.com.br\/inscricoes-abertas-para-o-programa-jovem-aprendiz-da-veracel-celulose\/","og_locale":"en_US","og_type":"article","og_title":"Inscri\u00e7\u00f5es abertas para o Programa Jovem Aprendiz da Veracel Celulose","og_description":"Inscri\u00e7\u00f5es abertas para o Programa Jovem Aprendiz da Veracel Celulose 2022. De 16 a 22 setembro. Confira todos os detalhes.","og_url":"https:\/\/www.veracel.com.br\/inscricoes-abertas-para-o-programa-jovem-aprendiz-da-veracel-celulose\/","og_site_name":"Veracel Celulose","article_published_time":"2022-09-16T19:37:28+00:00","article_modified_time":"2022-09-16T20:41:44+00:00","og_image":[{"width":1200,"height":770,"url":"https:\/\/www.veracel.com.br\/wp-content\/uploads\/2022\/09\/programa-jovem-aprendiz-veracel-2022.jpg","type":"image\/jpeg"}],"author":"saulo","twitter_card":"summary_large_image","twitter_misc":{"Written by":"saulo","Est. reading time":"4 minutes"},"schema":{"@context":"https:\/\/schema.org","@graph":[{"@type":"WebPage","@id":"https:\/\/www.veracel.com.br\/inscricoes-abertas-para-o-programa-jovem-aprendiz-da-veracel-celulose\/","url":"https:\/\/www.veracel.com.br\/inscricoes-abertas-para-o-programa-jovem-aprendiz-da-veracel-celulose\/","name":"Programa Jovem Aprendiz Veracel 2022","isPartOf":{"@id":"https:\/\/www.veracel.com.br\/#website"},"primaryImageOfPage":{"@id":"https:\/\/www.veracel.com.br\/inscricoes-abertas-para-o-programa-jovem-aprendiz-da-veracel-celulose\/#primaryimage"},"image":{"@id":"https:\/\/www.veracel.com.br\/inscricoes-abertas-para-o-programa-jovem-aprendiz-da-veracel-celulose\/#primaryimage"},"thumbnailUrl":"https:\/\/www.veracel.com.br\/wp-content\/uploads\/2022\/09\/programa-jovem-aprendiz-veracel-2022.jpg","datePublished":"2022-09-16T19:37:28+00:00","dateModified":"2022-09-16T20:41:44+00:00","description":"Inscri\u00e7\u00f5es abertas para o Programa Jovem Aprendiz da Veracel Celulose 2022. De 16 a 22 setembro. Confira todos os detalhes.","breadcrumb":{"@id":"https:\/\/www.veracel.com.br\/inscricoes-abertas-para-o-programa-jovem-aprendiz-da-veracel-celulose\/#breadcrumb"},"inLanguage":"en-US","potentialAction":[{"@type":"ReadAction","target":["https:\/\/www.veracel.com.br\/inscricoes-abertas-para-o-programa-jovem-aprendiz-da-veracel-celulose\/"]}]},{"@type":"ImageObject","inLanguage":"en-US","@id":"https:\/\/www.veracel.com.br\/inscricoes-abertas-para-o-programa-jovem-aprendiz-da-veracel-celulose\/#primaryimage","url":"https:\/\/www.veracel.com.br\/wp-content\/uploads\/2022\/09\/programa-jovem-aprendiz-veracel-2022.jpg","contentUrl":"https:\/\/www.veracel.com.br\/wp-content\/uploads\/2022\/09\/programa-jovem-aprendiz-veracel-2022.jpg","width":1200,"height":770},{"@type":"BreadcrumbList","@id":"https:\/\/www.veracel.com.br\/inscricoes-abertas-para-o-programa-jovem-aprendiz-da-veracel-celulose\/#breadcrumb","itemListElement":[{"@type":"ListItem","position":1,"name":"Home","item":"https:\/\/www.veracel.com.br\/"},{"@type":"ListItem","position":2,"name":"A Veracel","item":"https:\/\/www.veracel.com.br\/a-veracel\/"},{"@type":"ListItem","position":3,"name":"Inscri\u00e7\u00f5es abertas para o Programa Jovem Aprendiz da Veracel Celulose"}]},{"@type":"WebSite","@id":"https:\/\/www.veracel.com.br\/#website","url":"https:\/\/www.veracel.com.br\/","name":"Veracel Celulose","description":"Quando crescemos juntos vamos muito mais longe","publisher":{"@id":"https:\/\/www.veracel.com.br\/#organization"},"potentialAction":[{"@type":"SearchAction","target":{"@type":"EntryPoint","urlTemplate":"https:\/\/www.veracel.com.br\/?s={search_term_string}"},"query-input":{"@type":"PropertyValueSpecification","valueRequired":true,"valueName":"search_term_string"}}],"inLanguage":"en-US"},{"@type":"Organization","@id":"https:\/\/www.veracel.com.br\/#organization","name":"Veracel Celulose","url":"https:\/\/www.veracel.com.br\/","logo":{"@type":"ImageObject","inLanguage":"en-US","@id":"https:\/\/www.veracel.com.br\/#\/schema\/logo\/image\/","url":"https:\/\/www.veracel.com.br\/wp-content\/uploads\/2024\/08\/Ativo-1.png","contentUrl":"https:\/\/www.veracel.com.br\/wp-content\/uploads\/2024\/08\/Ativo-1.png","width":400,"height":121,"caption":"Veracel Celulose"},"image":{"@id":"https:\/\/www.veracel.com.br\/#\/schema\/logo\/image\/"},"sameAs":["https:\/\/www.instagram.com\/veracelcelulose","https:\/\/www.linkedin.com\/company\/veracelcelulose\/","https:\/\/www.youtube.com\/user\/CanalVeracel"]}]}},"_links":{"self":[{"href":"https:\/\/www.veracel.com.br\/en\/wp-json\/wp\/v2\/posts\/25957","targetHints":{"allow":["GET"]}}],"collection":[{"href":"https:\/\/www.veracel.com.br\/en\/wp-json\/wp\/v2\/posts"}],"about":[{"href":"https:\/\/www.veracel.com.br\/en\/wp-json\/wp\/v2\/types\/post"}],"author":[{"embeddable":true,"href":"https:\/\/www.veracel.com.br\/en\/wp-json\/wp\/v2\/users\/2"}],"replies":[{"embeddable":true,"href":"https:\/\/www.veracel.com.br\/en\/wp-json\/wp\/v2\/comments?post=25957"}],"version-history":[{"count":7,"href":"https:\/\/www.veracel.com.br\/en\/wp-json\/wp\/v2\/posts\/25957\/revisions"}],"predecessor-version":[{"id":25983,"href":"https:\/\/www.veracel.com.br\/en\/wp-json\/wp\/v2\/posts\/25957\/revisions\/25983"}],"wp:featuredmedia":[{"embeddable":true,"href":"https:\/\/www.veracel.com.br\/en\/wp-json\/wp\/v2\/media\/25958"}],"wp:attachment":[{"href":"https:\/\/www.veracel.com.br\/en\/wp-json\/wp\/v2\/media?parent=25957"}],"wp:term":[{"taxonomy":"category","embeddable":true,"href":"https:\/\/www.veracel.com.br\/en\/wp-json\/wp\/v2\/categories?post=25957"},{"taxonomy":"post_tag","embeddable":true,"href":"https:\/\/www.veracel.com.br\/en\/wp-json\/wp\/v2\/tags?post=25957"}],"curies":[{"name":"wp","href":"https:\/\/api.w.org\/{rel}","templated":true}]}}