{"id":25990,"date":"2022-09-20T11:54:56","date_gmt":"2022-09-20T14:54:56","guid":{"rendered":"https:\/\/www.veracel.com.br\/?p=25990"},"modified":"2022-09-20T12:02:38","modified_gmt":"2022-09-20T15:02:38","slug":"semana-nacional-do-transito-na-veracel-celulose-destaca-cuidados-com-a-seguranca","status":"publish","type":"post","link":"https:\/\/www.veracel.com.br\/en\/semana-nacional-do-transito-na-veracel-celulose-destaca-cuidados-com-a-seguranca\/","title":{"rendered":"Semana Nacional do Tr\u00e2nsito na Veracel Celulose destaca cuidados com a seguran\u00e7a"},"content":{"rendered":"<p><em>Na Semana Nacional do Tr\u00e2nsito, a Veracel Celulose destaca uma s\u00e9rie de medidas para mitigar riscos para o tr\u00e1fego de ve\u00edculos de pequeno e grande porte utilizados em suas opera\u00e7\u00f5es<\/em><\/p>\n<p>A Semana Nacional do Tr\u00e2nsito ocorre anualmente entre os dias 18 e 25 de setembro. Realizada desde 1997, essa iniciativa do governo federal tem como objetivo estimular, em todo o Brasil, a conscientiza\u00e7\u00e3o sobre boas pr\u00e1ticas de conduta no tr\u00e1fego para promover a seguran\u00e7a e evitar acidentes.<\/p>\n<p>&nbsp;<\/p>\n<h2>Compromisso da Veracel com a boa conduta no tr\u00e2nsito<\/h2>\n<p>A Veracel Celulose apoia a a\u00e7\u00e3o e, como forma de dissipar as mensagens desse movimento, realiza uma campanha com o tema na pr\u00f3xima semana. A boa conduta no tr\u00e2nsito faz parte do compromisso total da empresa com a seguran\u00e7a. \u201cA seguran\u00e7a na Veracel \u00e9 um valor e faz parte do nosso jeito Veracel de ser e fazer\u201d, afirma Roberto Uilians Lopes dos Santos, coordenador de Sa\u00fade de Seguran\u00e7a do Trabalho da companhia. A Semana \u00e9 uma oportunidade de refor\u00e7ar os cuidados da empresa com a seguran\u00e7a no tr\u00e2nsito.<\/p>\n<p>Uma das medidas adotadas pela Veracel para contribuir com a seguran\u00e7a no tr\u00e2nsito \u00e9 o monitoramento permanente de seus ve\u00edculos. Desde 2020, todos os caminh\u00f5es que transportam eucalipto e celulose da empresa, al\u00e9m dos 120 ve\u00edculos leves utilizados nas atividades, s\u00e3o monitorados em tempo real, 24 horas por dia e sete dias por semana.<\/p>\n<p>&nbsp;<\/p>\n<h2>Tecnologia para a seguran\u00e7a no tr\u00e2nsito<\/h2>\n<p>Em 2022, esse processo foi aprimorado por meio da instala\u00e7\u00e3o do sistema de \u201ccercas virtuais\u201d, que alerta os motoristas da empresa sobre limites de velocidade e que foi programado para operar em todo o per\u00edmetro de circula\u00e7\u00e3o dos caminh\u00f5es e carros da companhia, em vias da regi\u00e3o Sul da Bahia e do Norte de Minas Gerais.<\/p>\n<p>Se o motorista exceder a velocidade permitida, o sistema alerta simultaneamente o pr\u00f3prio condutor e as centrais de monitoramento, que operam 24 horas por dia. A partir da\u00ed, \u00e9 acionado um procedimento de averigua\u00e7\u00e3o do ocorrido.<\/p>\n<p>Para o coordenador de Sa\u00fade de Seguran\u00e7a do Trabalho da Veracel, a medida \u00e9 uma forte aliada na preven\u00e7\u00e3o de acidentes. \u201cCom este controle, notamos uma diminui\u00e7\u00e3o substancial dos registros de excesso de velocidade, e isso traz maior seguran\u00e7a durante o transporte, que \u00e9 crucial para as nossas opera\u00e7\u00f5es\u201d, afirma Santos.<\/p>\n<p>&nbsp;<\/p>\n<h2>Semana Nacional do Tr\u00e2nsito<\/h2>\n<p>A Semana Nacional de Tr\u00e2nsito est\u00e1 institu\u00edda no CTB (C\u00f3digo de Tr\u00e2nsito Brasileiro) e seu objetivo \u00e9 promover, por meio da conscientiza\u00e7\u00e3o de condutores, passageiros, ciclistas e pedestres, um tr\u00e2nsito mais seguro. Todos os integrantes do Sistema Nacional de Tr\u00e2nsito participam dessa mobiliza\u00e7\u00e3o.<\/p>\n<p>&nbsp;<\/p>\n<p><a href=\"https:\/\/www.veracel.com.br\/nosso-jeito\/\">Conhe\u00e7a mais sobre o jeito de ser da Veracel Celulose<\/a><\/p>\n<p><a href=\"https:\/\/www.veracel.com.br\/sustentabilidade\/operacoes-sustentaveis\/\">Saiba mais como a sustentabilidade faz parte de toda a nossa opera\u00e7\u00e3<\/a>o<\/p>\n","protected":false},"excerpt":{"rendered":"<p>Na Semana Nacional do Tr\u00e2nsito, a Veracel Celulose destaca uma s\u00e9rie de medidas para mitigar riscos para o tr\u00e1fego de ve\u00edculos de pequeno e grande porte utilizados em suas opera\u00e7\u00f5es A Semana Nacional do Tr\u00e2nsito ocorre anualmente entre os dias 18 e 25 de setembro. Realizada desde 1997, essa iniciativa do governo federal tem como [&hellip;]<\/p>\n","protected":false},"author":2,"featured_media":25991,"comment_status":"open","ping_status":"open","sticky":false,"template":"","format":"standard","meta":{"_acf_changed":false,"footnotes":"","_links_to":"","_links_to_target":""},"categories":[271,211],"tags":[],"class_list":["post-25990","post","type-post","status-publish","format-standard","has-post-thumbnail","hentry","category-a-veracel","category-noticias"],"acf":[],"yoast_head":"<!-- This site is optimized with the Yoast SEO Premium plugin v26.7 (Yoast SEO v27.4) - https:\/\/yoast.com\/product\/yoast-seo-premium-wordpress\/ -->\n<title>Semana Nacional do Tr\u00e2nsito na Veracel Celulose<\/title>\n<meta name=\"description\" content=\"Na Semana Nacional do Tr\u00e2nsito a Veracel Celulose destaca uma s\u00e9rie de medidas para mitigar riscos para o tr\u00e1fego de ve\u00edculos\" \/>\n<meta name=\"robots\" content=\"index, follow, max-snippet:-1, max-image-preview:large, max-video-preview:-1\" \/>\n<link rel=\"canonical\" href=\"https:\/\/www.veracel.com.br\/semana-nacional-do-transito-na-veracel-celulose-destaca-cuidados-com-a-seguranca\/\" \/>\n<meta property=\"og:locale\" content=\"en_US\" \/>\n<meta property=\"og:type\" content=\"article\" \/>\n<meta property=\"og:title\" content=\"Semana Nacional do Tr\u00e2nsito na Veracel Celulose destaca cuidados com a seguran\u00e7a\" \/>\n<meta property=\"og:description\" content=\"Na Semana Nacional do Tr\u00e2nsito a Veracel Celulose destaca uma s\u00e9rie de medidas para mitigar riscos para o tr\u00e1fego de ve\u00edculos\" \/>\n<meta property=\"og:url\" content=\"https:\/\/www.veracel.com.br\/semana-nacional-do-transito-na-veracel-celulose-destaca-cuidados-com-a-seguranca\/\" \/>\n<meta property=\"og:site_name\" content=\"Veracel Celulose\" \/>\n<meta property=\"article:published_time\" content=\"2022-09-20T14:54:56+00:00\" \/>\n<meta property=\"article:modified_time\" content=\"2022-09-20T15:02:38+00:00\" \/>\n<meta property=\"og:image\" content=\"https:\/\/www.veracel.com.br\/wp-content\/uploads\/2022\/09\/semana-nacional-do-transito-veracel-celulose.jpg\" \/>\n\t<meta property=\"og:image:width\" content=\"1200\" \/>\n\t<meta property=\"og:image:height\" content=\"799\" \/>\n\t<meta property=\"og:image:type\" content=\"image\/jpeg\" \/>\n<meta name=\"author\" content=\"saulo\" \/>\n<meta name=\"twitter:card\" content=\"summary_large_image\" \/>\n<meta name=\"twitter:label1\" content=\"Written by\" \/>\n\t<meta name=\"twitter:data1\" content=\"saulo\" \/>\n\t<meta name=\"twitter:label2\" content=\"Est. reading time\" \/>\n\t<meta name=\"twitter:data2\" content=\"3 minutes\" \/>\n<script type=\"application\/ld+json\" class=\"yoast-schema-graph\">{\"@context\":\"https:\\\/\\\/schema.org\",\"@graph\":[{\"@type\":\"WebPage\",\"@id\":\"https:\\\/\\\/www.veracel.com.br\\\/semana-nacional-do-transito-na-veracel-celulose-destaca-cuidados-com-a-seguranca\\\/\",\"url\":\"https:\\\/\\\/www.veracel.com.br\\\/semana-nacional-do-transito-na-veracel-celulose-destaca-cuidados-com-a-seguranca\\\/\",\"name\":\"Semana Nacional do Tr\u00e2nsito na Veracel Celulose\",\"isPartOf\":{\"@id\":\"https:\\\/\\\/www.veracel.com.br\\\/#website\"},\"primaryImageOfPage\":{\"@id\":\"https:\\\/\\\/www.veracel.com.br\\\/semana-nacional-do-transito-na-veracel-celulose-destaca-cuidados-com-a-seguranca\\\/#primaryimage\"},\"image\":{\"@id\":\"https:\\\/\\\/www.veracel.com.br\\\/semana-nacional-do-transito-na-veracel-celulose-destaca-cuidados-com-a-seguranca\\\/#primaryimage\"},\"thumbnailUrl\":\"https:\\\/\\\/www.veracel.com.br\\\/wp-content\\\/uploads\\\/2022\\\/09\\\/semana-nacional-do-transito-veracel-celulose.jpg\",\"datePublished\":\"2022-09-20T14:54:56+00:00\",\"dateModified\":\"2022-09-20T15:02:38+00:00\",\"description\":\"Na Semana Nacional do Tr\u00e2nsito a Veracel Celulose destaca uma s\u00e9rie de medidas para mitigar riscos para o tr\u00e1fego de ve\u00edculos\",\"breadcrumb\":{\"@id\":\"https:\\\/\\\/www.veracel.com.br\\\/semana-nacional-do-transito-na-veracel-celulose-destaca-cuidados-com-a-seguranca\\\/#breadcrumb\"},\"inLanguage\":\"en-US\",\"potentialAction\":[{\"@type\":\"ReadAction\",\"target\":[\"https:\\\/\\\/www.veracel.com.br\\\/semana-nacional-do-transito-na-veracel-celulose-destaca-cuidados-com-a-seguranca\\\/\"]}]},{\"@type\":\"ImageObject\",\"inLanguage\":\"en-US\",\"@id\":\"https:\\\/\\\/www.veracel.com.br\\\/semana-nacional-do-transito-na-veracel-celulose-destaca-cuidados-com-a-seguranca\\\/#primaryimage\",\"url\":\"https:\\\/\\\/www.veracel.com.br\\\/wp-content\\\/uploads\\\/2022\\\/09\\\/semana-nacional-do-transito-veracel-celulose.jpg\",\"contentUrl\":\"https:\\\/\\\/www.veracel.com.br\\\/wp-content\\\/uploads\\\/2022\\\/09\\\/semana-nacional-do-transito-veracel-celulose.jpg\",\"width\":1200,\"height\":799},{\"@type\":\"BreadcrumbList\",\"@id\":\"https:\\\/\\\/www.veracel.com.br\\\/semana-nacional-do-transito-na-veracel-celulose-destaca-cuidados-com-a-seguranca\\\/#breadcrumb\",\"itemListElement\":[{\"@type\":\"ListItem\",\"position\":1,\"name\":\"Home\",\"item\":\"https:\\\/\\\/www.veracel.com.br\\\/\"},{\"@type\":\"ListItem\",\"position\":2,\"name\":\"A Veracel\",\"item\":\"https:\\\/\\\/www.veracel.com.br\\\/a-veracel\\\/\"},{\"@type\":\"ListItem\",\"position\":3,\"name\":\"Semana Nacional do Tr\u00e2nsito na Veracel Celulose destaca cuidados com a seguran\u00e7a\"}]},{\"@type\":\"WebSite\",\"@id\":\"https:\\\/\\\/www.veracel.com.br\\\/#website\",\"url\":\"https:\\\/\\\/www.veracel.com.br\\\/\",\"name\":\"Veracel Celulose\",\"description\":\"Quando crescemos juntos vamos muito mais longe\",\"publisher\":{\"@id\":\"https:\\\/\\\/www.veracel.com.br\\\/#organization\"},\"potentialAction\":[{\"@type\":\"SearchAction\",\"target\":{\"@type\":\"EntryPoint\",\"urlTemplate\":\"https:\\\/\\\/www.veracel.com.br\\\/?s={search_term_string}\"},\"query-input\":{\"@type\":\"PropertyValueSpecification\",\"valueRequired\":true,\"valueName\":\"search_term_string\"}}],\"inLanguage\":\"en-US\"},{\"@type\":\"Organization\",\"@id\":\"https:\\\/\\\/www.veracel.com.br\\\/#organization\",\"name\":\"Veracel Celulose\",\"url\":\"https:\\\/\\\/www.veracel.com.br\\\/\",\"logo\":{\"@type\":\"ImageObject\",\"inLanguage\":\"en-US\",\"@id\":\"https:\\\/\\\/www.veracel.com.br\\\/#\\\/schema\\\/logo\\\/image\\\/\",\"url\":\"https:\\\/\\\/www.veracel.com.br\\\/wp-content\\\/uploads\\\/2024\\\/08\\\/Ativo-1.png\",\"contentUrl\":\"https:\\\/\\\/www.veracel.com.br\\\/wp-content\\\/uploads\\\/2024\\\/08\\\/Ativo-1.png\",\"width\":400,\"height\":121,\"caption\":\"Veracel Celulose\"},\"image\":{\"@id\":\"https:\\\/\\\/www.veracel.com.br\\\/#\\\/schema\\\/logo\\\/image\\\/\"},\"sameAs\":[\"https:\\\/\\\/www.instagram.com\\\/veracelcelulose\",\"https:\\\/\\\/www.linkedin.com\\\/company\\\/veracelcelulose\\\/\",\"https:\\\/\\\/www.youtube.com\\\/user\\\/CanalVeracel\"]}]}<\/script>\n<!-- \/ Yoast SEO Premium plugin. -->","yoast_head_json":{"title":"Semana Nacional do Tr\u00e2nsito na Veracel Celulose","description":"Na Semana Nacional do Tr\u00e2nsito a Veracel Celulose destaca uma s\u00e9rie de medidas para mitigar riscos para o tr\u00e1fego de ve\u00edculos","robots":{"index":"index","follow":"follow","max-snippet":"max-snippet:-1","max-image-preview":"max-image-preview:large","max-video-preview":"max-video-preview:-1"},"canonical":"https:\/\/www.veracel.com.br\/semana-nacional-do-transito-na-veracel-celulose-destaca-cuidados-com-a-seguranca\/","og_locale":"en_US","og_type":"article","og_title":"Semana Nacional do Tr\u00e2nsito na Veracel Celulose destaca cuidados com a seguran\u00e7a","og_description":"Na Semana Nacional do Tr\u00e2nsito a Veracel Celulose destaca uma s\u00e9rie de medidas para mitigar riscos para o tr\u00e1fego de ve\u00edculos","og_url":"https:\/\/www.veracel.com.br\/semana-nacional-do-transito-na-veracel-celulose-destaca-cuidados-com-a-seguranca\/","og_site_name":"Veracel Celulose","article_published_time":"2022-09-20T14:54:56+00:00","article_modified_time":"2022-09-20T15:02:38+00:00","og_image":[{"width":1200,"height":799,"url":"https:\/\/www.veracel.com.br\/wp-content\/uploads\/2022\/09\/semana-nacional-do-transito-veracel-celulose.jpg","type":"image\/jpeg"}],"author":"saulo","twitter_card":"summary_large_image","twitter_misc":{"Written by":"saulo","Est. reading time":"3 minutes"},"schema":{"@context":"https:\/\/schema.org","@graph":[{"@type":"WebPage","@id":"https:\/\/www.veracel.com.br\/semana-nacional-do-transito-na-veracel-celulose-destaca-cuidados-com-a-seguranca\/","url":"https:\/\/www.veracel.com.br\/semana-nacional-do-transito-na-veracel-celulose-destaca-cuidados-com-a-seguranca\/","name":"Semana Nacional do Tr\u00e2nsito na Veracel Celulose","isPartOf":{"@id":"https:\/\/www.veracel.com.br\/#website"},"primaryImageOfPage":{"@id":"https:\/\/www.veracel.com.br\/semana-nacional-do-transito-na-veracel-celulose-destaca-cuidados-com-a-seguranca\/#primaryimage"},"image":{"@id":"https:\/\/www.veracel.com.br\/semana-nacional-do-transito-na-veracel-celulose-destaca-cuidados-com-a-seguranca\/#primaryimage"},"thumbnailUrl":"https:\/\/www.veracel.com.br\/wp-content\/uploads\/2022\/09\/semana-nacional-do-transito-veracel-celulose.jpg","datePublished":"2022-09-20T14:54:56+00:00","dateModified":"2022-09-20T15:02:38+00:00","description":"Na Semana Nacional do Tr\u00e2nsito a Veracel Celulose destaca uma s\u00e9rie de medidas para mitigar riscos para o tr\u00e1fego de ve\u00edculos","breadcrumb":{"@id":"https:\/\/www.veracel.com.br\/semana-nacional-do-transito-na-veracel-celulose-destaca-cuidados-com-a-seguranca\/#breadcrumb"},"inLanguage":"en-US","potentialAction":[{"@type":"ReadAction","target":["https:\/\/www.veracel.com.br\/semana-nacional-do-transito-na-veracel-celulose-destaca-cuidados-com-a-seguranca\/"]}]},{"@type":"ImageObject","inLanguage":"en-US","@id":"https:\/\/www.veracel.com.br\/semana-nacional-do-transito-na-veracel-celulose-destaca-cuidados-com-a-seguranca\/#primaryimage","url":"https:\/\/www.veracel.com.br\/wp-content\/uploads\/2022\/09\/semana-nacional-do-transito-veracel-celulose.jpg","contentUrl":"https:\/\/www.veracel.com.br\/wp-content\/uploads\/2022\/09\/semana-nacional-do-transito-veracel-celulose.jpg","width":1200,"height":799},{"@type":"BreadcrumbList","@id":"https:\/\/www.veracel.com.br\/semana-nacional-do-transito-na-veracel-celulose-destaca-cuidados-com-a-seguranca\/#breadcrumb","itemListElement":[{"@type":"ListItem","position":1,"name":"Home","item":"https:\/\/www.veracel.com.br\/"},{"@type":"ListItem","position":2,"name":"A Veracel","item":"https:\/\/www.veracel.com.br\/a-veracel\/"},{"@type":"ListItem","position":3,"name":"Semana Nacional do Tr\u00e2nsito na Veracel Celulose destaca cuidados com a seguran\u00e7a"}]},{"@type":"WebSite","@id":"https:\/\/www.veracel.com.br\/#website","url":"https:\/\/www.veracel.com.br\/","name":"Veracel Celulose","description":"Quando crescemos juntos vamos muito mais longe","publisher":{"@id":"https:\/\/www.veracel.com.br\/#organization"},"potentialAction":[{"@type":"SearchAction","target":{"@type":"EntryPoint","urlTemplate":"https:\/\/www.veracel.com.br\/?s={search_term_string}"},"query-input":{"@type":"PropertyValueSpecification","valueRequired":true,"valueName":"search_term_string"}}],"inLanguage":"en-US"},{"@type":"Organization","@id":"https:\/\/www.veracel.com.br\/#organization","name":"Veracel Celulose","url":"https:\/\/www.veracel.com.br\/","logo":{"@type":"ImageObject","inLanguage":"en-US","@id":"https:\/\/www.veracel.com.br\/#\/schema\/logo\/image\/","url":"https:\/\/www.veracel.com.br\/wp-content\/uploads\/2024\/08\/Ativo-1.png","contentUrl":"https:\/\/www.veracel.com.br\/wp-content\/uploads\/2024\/08\/Ativo-1.png","width":400,"height":121,"caption":"Veracel Celulose"},"image":{"@id":"https:\/\/www.veracel.com.br\/#\/schema\/logo\/image\/"},"sameAs":["https:\/\/www.instagram.com\/veracelcelulose","https:\/\/www.linkedin.com\/company\/veracelcelulose\/","https:\/\/www.youtube.com\/user\/CanalVeracel"]}]}},"_links":{"self":[{"href":"https:\/\/www.veracel.com.br\/en\/wp-json\/wp\/v2\/posts\/25990","targetHints":{"allow":["GET"]}}],"collection":[{"href":"https:\/\/www.veracel.com.br\/en\/wp-json\/wp\/v2\/posts"}],"about":[{"href":"https:\/\/www.veracel.com.br\/en\/wp-json\/wp\/v2\/types\/post"}],"author":[{"embeddable":true,"href":"https:\/\/www.veracel.com.br\/en\/wp-json\/wp\/v2\/users\/2"}],"replies":[{"embeddable":true,"href":"https:\/\/www.veracel.com.br\/en\/wp-json\/wp\/v2\/comments?post=25990"}],"version-history":[{"count":8,"href":"https:\/\/www.veracel.com.br\/en\/wp-json\/wp\/v2\/posts\/25990\/revisions"}],"predecessor-version":[{"id":26000,"href":"https:\/\/www.veracel.com.br\/en\/wp-json\/wp\/v2\/posts\/25990\/revisions\/26000"}],"wp:featuredmedia":[{"embeddable":true,"href":"https:\/\/www.veracel.com.br\/en\/wp-json\/wp\/v2\/media\/25991"}],"wp:attachment":[{"href":"https:\/\/www.veracel.com.br\/en\/wp-json\/wp\/v2\/media?parent=25990"}],"wp:term":[{"taxonomy":"category","embeddable":true,"href":"https:\/\/www.veracel.com.br\/en\/wp-json\/wp\/v2\/categories?post=25990"},{"taxonomy":"post_tag","embeddable":true,"href":"https:\/\/www.veracel.com.br\/en\/wp-json\/wp\/v2\/tags?post=25990"}],"curies":[{"name":"wp","href":"https:\/\/api.w.org\/{rel}","templated":true}]}}