{"id":26716,"date":"2022-10-04T11:18:40","date_gmt":"2022-10-04T14:18:40","guid":{"rendered":"https:\/\/www.veracel.com.br\/?p=26716"},"modified":"2022-10-04T11:22:04","modified_gmt":"2022-10-04T14:22:04","slug":"veracel-inicia-processo-seletivo-para-programa-de-formacao-de-mao-de-obra-local-em-parceria-com-o-senai","status":"publish","type":"post","link":"https:\/\/www.veracel.com.br\/en\/veracel-inicia-processo-seletivo-para-programa-de-formacao-de-mao-de-obra-local-em-parceria-com-o-senai\/","title":{"rendered":"Veracel inicia processo seletivo para Programa de Forma\u00e7\u00e3o de M\u00e3o de Obra Local em parceria com o SENAI"},"content":{"rendered":"<p><em>As inscri\u00e7\u00f5es v\u00e3o de 28 de setembro a 04 de outubro para duas forma\u00e7\u00f5es em: Operadora de M\u00e1quinas Florestais, exclusivo para pessoas do g\u00eanero feminino, e Mec\u00e2nica e Mec\u00e2nico de M\u00e1quinas Florestais. O programa oferece oportunidades de forma\u00e7\u00e3o profissional para pessoas da regi\u00e3o, identificando talentos e fortalecendo o mercado de trabalho local<\/em><\/p>\n<p>&nbsp;<\/p>\n<p>As inscri\u00e7\u00f5es para o Programa de Forma\u00e7\u00e3o de M\u00e3o de Obra Local da Veracel Celulose, come\u00e7aram na quarta-feira, dia 28. O projeto, que \u00e9 realizado em parceria com o SENAI BAHIA, tem o objetivo de desenvolver a m\u00e3o de obra da regi\u00e3o, oferecendo oportunidade de forma\u00e7\u00e3o profissional e de complementa\u00e7\u00e3o educacional. O processo seletivo ser\u00e1 promovido em alinhamento com os pilares de Diversidade e Inclus\u00e3o da Veracel.<\/p>\n<p>&nbsp;<\/p>\n<h2>36 vagas dispon\u00edveis para forma\u00e7\u00e3o da m\u00e3o de obra da regi\u00e3o<\/h2>\n<p>Neste momento, as vagas do programa contemplam uma turma exclusiva para pessoas do g\u00eanero feminino para o curso de Forma\u00e7\u00e3o de Operadora de M\u00e1quinas Florestais. J\u00e1 a Forma\u00e7\u00e3o de Mec\u00e2nicas e Mec\u00e2nicos ser\u00e3o para ambos os g\u00eaneros. Ao todo, s\u00e3o 36 vagas &#8211; 18 para cada curso. O processo seletivo para as duas oportunidades ser\u00e1 conduzido pelo SENAI BAHIA.<\/p>\n<p>&nbsp;<\/p>\n<h2>Curso n\u00e3o exige experi\u00eancia pr\u00e9via<\/h2>\n<p>Os dois cursos exigem idade m\u00ednima de 18 anos, ensino m\u00e9dio completo e carteira de habilita\u00e7\u00e3o definitiva categoria B ou superior. N\u00e3o h\u00e1 obrigatoriedade de contar com experi\u00eancia profissional pr\u00e9via. \u201cUm dos grandes entraves para o in\u00edcio da jornada profissional \u00e9 a falta de experi\u00eancia. Nosso programa n\u00e3o exige atividades anteriores no mercado de trabalho, o que abre um extenso leque de oportunidades para os candidatos e candidatas\u201d, destaca Dienane Brand\u00e3o, gerente de Desenvolvimento Humano Organizacional, refor\u00e7ando o compromisso da Veracel em preparar as pessoas das comunidades locais para o mercado de trabalho.<\/p>\n<p>&nbsp;<\/p>\n<h2>Cursos te\u00f3ricos e pr\u00e1ticos para qualifica\u00e7\u00e3o da m\u00e3o de obra<\/h2>\n<p>Os dois cursos t\u00eam estrutura semelhante. Em ambos, a parte te\u00f3rica ser\u00e1 realizada presencialmente no SENAI BAHIA. O curso de Operadora de M\u00e1quinas Florestais possui dura\u00e7\u00e3o de dez meses e acontecer\u00e1 de novembro\/2022 a setembro\/2023. J\u00e1 a Forma\u00e7\u00e3o de Mec\u00e2nica e Mec\u00e2nico de M\u00e1quinas florestais tem dura\u00e7\u00e3o de nove meses, come\u00e7ando em novembro\/2022 e finalizando em agosto\/2023. Em ambos os cursos \u00e9 preciso ter disponibilidade de 8h de segunda \u00e0 sexta. Durante a realiza\u00e7\u00e3o das forma\u00e7\u00f5es est\u00e1 inclu\u00edda a realiza\u00e7\u00e3o da etapa pr\u00e1tica que ser\u00e1 feita em formato de est\u00e1gio presencial na pr\u00f3pria Veracel.<\/p>\n<p>\u201cDesde a implanta\u00e7\u00e3o da Veracel o SENAI tem sido parceiro na capacita\u00e7\u00e3o de pessoas. Esse projeto \u00e9 mais um marco desta parceria, no esfor\u00e7o conjunto para preparar profissionais para o mercado de trabalho. Neste caso, com uma especificidade a mais que \u00e9 o foco na diversidade\u201d, refor\u00e7a Jurandir Hendler, gerente do SENAI Sul.<\/p>\n<p>&nbsp;<\/p>\n<h2>Cursos de Forma\u00e7\u00e3o de M\u00e3o de Obra Local da Veracel:<\/h2>\n<p>&nbsp;<\/p>\n<h3><\/h3>\n<h3>Forma\u00e7\u00e3o de Operadora de M\u00e1quinas Florestais &#8211; exclusivo para pessoas do g\u00eanero feminino<\/h3>\n<p>&nbsp;<\/p>\n<p><strong>Requisitos:<\/strong><\/p>\n<ul>\n<li>Ensino M\u00e9dio Completo;<\/li>\n<li>Idade m\u00ednima de 18 anos;<\/li>\n<li>Possuir Carteira Nacional de Habilita\u00e7\u00e3o (CNH) definitiva Categoria B;<\/li>\n<li>Ser classificada no processo seletivo de acesso ao curso e cumprir as exig\u00eancias previstas no edital.<\/li>\n<\/ul>\n<p>&nbsp;<\/p>\n<p><strong>\u00a0Etapas do Processo:<\/strong><\/p>\n<ul>\n<li>Inscri\u00e7\u00e3o;<\/li>\n<li>Prova de conhecimentos gerais (Portugu\u00eas, Matem\u00e1tica e L\u00f3gica);<\/li>\n<li>Teste pr\u00e1tico em simulador (n\u00e3o necessita experi\u00eancia anterior);<\/li>\n<li>Din\u00e2mica de grupo.<\/li>\n<\/ul>\n<p>&nbsp;<\/p>\n<h3><\/h3>\n<h3>Forma\u00e7\u00e3o de Mec\u00e2nica e Mec\u00e2nico de M\u00e1quinas Florestais<\/h3>\n<p>&nbsp;<\/p>\n<p><strong>Requisitos:<\/strong><\/p>\n<ul>\n<li>Ensino M\u00e9dio Completo;<\/li>\n<li>Possuir Carteira Nacional de Habilita\u00e7\u00e3o (CNH) definitiva Categoria B;<\/li>\n<li>Idade m\u00ednima de 18 anos;<\/li>\n<li>Ser classificado ou classificada no processo seletivo de acesso ao curso e cumprir as exig\u00eancias previstas no edital.<\/li>\n<\/ul>\n<p>&nbsp;<\/p>\n<p><strong>Etapas do Processo:<\/strong><\/p>\n<ul>\n<li>Inscri\u00e7\u00e3o;<\/li>\n<li>Prova de conhecimentos gerais (Portugu\u00eas, Matem\u00e1tica e L\u00f3gica);<\/li>\n<li>Din\u00e2mica de grupo.<\/li>\n<\/ul>\n<p>&nbsp;<\/p>\n<p><a href=\"https:\/\/www.senaibahia.com.br\/veracel2022\" target=\"_blank\" rel=\"noopener\">Inscreva-se no site do SENAI Bahia.<\/a><\/p>\n<p><a href=\"https:\/\/www.veracel.com.br\/nosso-jeito\/\">Saiba mais sobre como \u00e9 trabalhar na Veracel Celulose.<\/a><\/p>\n<p>&nbsp;<\/p>\n","protected":false},"excerpt":{"rendered":"<p>As inscri\u00e7\u00f5es v\u00e3o de 28 de setembro a 04 de outubro para duas forma\u00e7\u00f5es em: Operadora de M\u00e1quinas Florestais, exclusivo para pessoas do g\u00eanero feminino, e Mec\u00e2nica e Mec\u00e2nico de M\u00e1quinas Florestais. O programa oferece oportunidades de forma\u00e7\u00e3o profissional para pessoas da regi\u00e3o, identificando talentos e fortalecendo o mercado de trabalho local &nbsp; As inscri\u00e7\u00f5es [&hellip;]<\/p>\n","protected":false},"author":2,"featured_media":26717,"comment_status":"open","ping_status":"open","sticky":false,"template":"","format":"standard","meta":{"_acf_changed":false,"footnotes":"","_links_to":"","_links_to_target":""},"categories":[271,211],"tags":[],"class_list":["post-26716","post","type-post","status-publish","format-standard","has-post-thumbnail","hentry","category-a-veracel","category-noticias"],"acf":[],"yoast_head":"<!-- This site is optimized with the Yoast SEO Premium plugin v26.7 (Yoast SEO v27.4) - https:\/\/yoast.com\/product\/yoast-seo-premium-wordpress\/ -->\n<title>Programa de Forma\u00e7\u00e3o de M\u00e3o de Obra Local Veracel e SENAI<\/title>\n<meta name=\"description\" content=\"Processo seletivo para o Programa de Forma\u00e7\u00e3o de M\u00e3o de Obra Local da Veracel Celulose em parceria com o SENAI\" \/>\n<meta name=\"robots\" content=\"index, follow, max-snippet:-1, max-image-preview:large, max-video-preview:-1\" \/>\n<link rel=\"canonical\" href=\"https:\/\/www.veracel.com.br\/veracel-inicia-processo-seletivo-para-programa-de-formacao-de-mao-de-obra-local-em-parceria-com-o-senai\/\" \/>\n<meta property=\"og:locale\" content=\"en_US\" \/>\n<meta property=\"og:type\" content=\"article\" \/>\n<meta property=\"og:title\" content=\"Veracel inicia processo seletivo para Programa de Forma\u00e7\u00e3o de M\u00e3o de Obra Local em parceria com o SENAI\" \/>\n<meta property=\"og:description\" content=\"Processo seletivo para o Programa de Forma\u00e7\u00e3o de M\u00e3o de Obra Local da Veracel Celulose em parceria com o SENAI\" \/>\n<meta property=\"og:url\" content=\"https:\/\/www.veracel.com.br\/veracel-inicia-processo-seletivo-para-programa-de-formacao-de-mao-de-obra-local-em-parceria-com-o-senai\/\" \/>\n<meta property=\"og:site_name\" content=\"Veracel Celulose\" \/>\n<meta property=\"article:published_time\" content=\"2022-10-04T14:18:40+00:00\" \/>\n<meta property=\"article:modified_time\" content=\"2022-10-04T14:22:04+00:00\" \/>\n<meta property=\"og:image\" content=\"https:\/\/www.veracel.com.br\/wp-content\/uploads\/2022\/10\/Cursos-de-formcao-de-Mao-de-Obra-Local-da-Veracel-senai.jpg\" \/>\n\t<meta property=\"og:image:width\" content=\"768\" \/>\n\t<meta property=\"og:image:height\" content=\"511\" \/>\n\t<meta property=\"og:image:type\" content=\"image\/jpeg\" \/>\n<meta name=\"author\" content=\"saulo\" \/>\n<meta name=\"twitter:card\" content=\"summary_large_image\" \/>\n<meta name=\"twitter:label1\" content=\"Written by\" \/>\n\t<meta name=\"twitter:data1\" content=\"saulo\" \/>\n\t<meta name=\"twitter:label2\" content=\"Est. reading time\" \/>\n\t<meta name=\"twitter:data2\" content=\"4 minutes\" \/>\n<script type=\"application\/ld+json\" class=\"yoast-schema-graph\">{\"@context\":\"https:\\\/\\\/schema.org\",\"@graph\":[{\"@type\":\"WebPage\",\"@id\":\"https:\\\/\\\/www.veracel.com.br\\\/veracel-inicia-processo-seletivo-para-programa-de-formacao-de-mao-de-obra-local-em-parceria-com-o-senai\\\/\",\"url\":\"https:\\\/\\\/www.veracel.com.br\\\/veracel-inicia-processo-seletivo-para-programa-de-formacao-de-mao-de-obra-local-em-parceria-com-o-senai\\\/\",\"name\":\"Programa de Forma\u00e7\u00e3o de M\u00e3o de Obra Local Veracel e SENAI\",\"isPartOf\":{\"@id\":\"https:\\\/\\\/www.veracel.com.br\\\/#website\"},\"primaryImageOfPage\":{\"@id\":\"https:\\\/\\\/www.veracel.com.br\\\/veracel-inicia-processo-seletivo-para-programa-de-formacao-de-mao-de-obra-local-em-parceria-com-o-senai\\\/#primaryimage\"},\"image\":{\"@id\":\"https:\\\/\\\/www.veracel.com.br\\\/veracel-inicia-processo-seletivo-para-programa-de-formacao-de-mao-de-obra-local-em-parceria-com-o-senai\\\/#primaryimage\"},\"thumbnailUrl\":\"https:\\\/\\\/www.veracel.com.br\\\/wp-content\\\/uploads\\\/2022\\\/10\\\/Cursos-de-formcao-de-Mao-de-Obra-Local-da-Veracel-senai.jpg\",\"datePublished\":\"2022-10-04T14:18:40+00:00\",\"dateModified\":\"2022-10-04T14:22:04+00:00\",\"description\":\"Processo seletivo para o Programa de Forma\u00e7\u00e3o de M\u00e3o de Obra Local da Veracel Celulose em parceria com o SENAI\",\"breadcrumb\":{\"@id\":\"https:\\\/\\\/www.veracel.com.br\\\/veracel-inicia-processo-seletivo-para-programa-de-formacao-de-mao-de-obra-local-em-parceria-com-o-senai\\\/#breadcrumb\"},\"inLanguage\":\"en-US\",\"potentialAction\":[{\"@type\":\"ReadAction\",\"target\":[\"https:\\\/\\\/www.veracel.com.br\\\/veracel-inicia-processo-seletivo-para-programa-de-formacao-de-mao-de-obra-local-em-parceria-com-o-senai\\\/\"]}]},{\"@type\":\"ImageObject\",\"inLanguage\":\"en-US\",\"@id\":\"https:\\\/\\\/www.veracel.com.br\\\/veracel-inicia-processo-seletivo-para-programa-de-formacao-de-mao-de-obra-local-em-parceria-com-o-senai\\\/#primaryimage\",\"url\":\"https:\\\/\\\/www.veracel.com.br\\\/wp-content\\\/uploads\\\/2022\\\/10\\\/Cursos-de-formcao-de-Mao-de-Obra-Local-da-Veracel-senai.jpg\",\"contentUrl\":\"https:\\\/\\\/www.veracel.com.br\\\/wp-content\\\/uploads\\\/2022\\\/10\\\/Cursos-de-formcao-de-Mao-de-Obra-Local-da-Veracel-senai.jpg\",\"width\":768,\"height\":511},{\"@type\":\"BreadcrumbList\",\"@id\":\"https:\\\/\\\/www.veracel.com.br\\\/veracel-inicia-processo-seletivo-para-programa-de-formacao-de-mao-de-obra-local-em-parceria-com-o-senai\\\/#breadcrumb\",\"itemListElement\":[{\"@type\":\"ListItem\",\"position\":1,\"name\":\"Home\",\"item\":\"https:\\\/\\\/www.veracel.com.br\\\/\"},{\"@type\":\"ListItem\",\"position\":2,\"name\":\"A Veracel\",\"item\":\"https:\\\/\\\/www.veracel.com.br\\\/a-veracel\\\/\"},{\"@type\":\"ListItem\",\"position\":3,\"name\":\"Veracel inicia processo seletivo para Programa de Forma\u00e7\u00e3o de M\u00e3o de Obra Local em parceria com o SENAI\"}]},{\"@type\":\"WebSite\",\"@id\":\"https:\\\/\\\/www.veracel.com.br\\\/#website\",\"url\":\"https:\\\/\\\/www.veracel.com.br\\\/\",\"name\":\"Veracel Celulose\",\"description\":\"Quando crescemos juntos vamos muito mais longe\",\"publisher\":{\"@id\":\"https:\\\/\\\/www.veracel.com.br\\\/#organization\"},\"potentialAction\":[{\"@type\":\"SearchAction\",\"target\":{\"@type\":\"EntryPoint\",\"urlTemplate\":\"https:\\\/\\\/www.veracel.com.br\\\/?s={search_term_string}\"},\"query-input\":{\"@type\":\"PropertyValueSpecification\",\"valueRequired\":true,\"valueName\":\"search_term_string\"}}],\"inLanguage\":\"en-US\"},{\"@type\":\"Organization\",\"@id\":\"https:\\\/\\\/www.veracel.com.br\\\/#organization\",\"name\":\"Veracel Celulose\",\"url\":\"https:\\\/\\\/www.veracel.com.br\\\/\",\"logo\":{\"@type\":\"ImageObject\",\"inLanguage\":\"en-US\",\"@id\":\"https:\\\/\\\/www.veracel.com.br\\\/#\\\/schema\\\/logo\\\/image\\\/\",\"url\":\"https:\\\/\\\/www.veracel.com.br\\\/wp-content\\\/uploads\\\/2024\\\/08\\\/Ativo-1.png\",\"contentUrl\":\"https:\\\/\\\/www.veracel.com.br\\\/wp-content\\\/uploads\\\/2024\\\/08\\\/Ativo-1.png\",\"width\":400,\"height\":121,\"caption\":\"Veracel Celulose\"},\"image\":{\"@id\":\"https:\\\/\\\/www.veracel.com.br\\\/#\\\/schema\\\/logo\\\/image\\\/\"},\"sameAs\":[\"https:\\\/\\\/www.instagram.com\\\/veracelcelulose\",\"https:\\\/\\\/www.linkedin.com\\\/company\\\/veracelcelulose\\\/\",\"https:\\\/\\\/www.youtube.com\\\/user\\\/CanalVeracel\"]}]}<\/script>\n<!-- \/ Yoast SEO Premium plugin. -->","yoast_head_json":{"title":"Programa de Forma\u00e7\u00e3o de M\u00e3o de Obra Local Veracel e SENAI","description":"Processo seletivo para o Programa de Forma\u00e7\u00e3o de M\u00e3o de Obra Local da Veracel Celulose em parceria com o SENAI","robots":{"index":"index","follow":"follow","max-snippet":"max-snippet:-1","max-image-preview":"max-image-preview:large","max-video-preview":"max-video-preview:-1"},"canonical":"https:\/\/www.veracel.com.br\/veracel-inicia-processo-seletivo-para-programa-de-formacao-de-mao-de-obra-local-em-parceria-com-o-senai\/","og_locale":"en_US","og_type":"article","og_title":"Veracel inicia processo seletivo para Programa de Forma\u00e7\u00e3o de M\u00e3o de Obra Local em parceria com o SENAI","og_description":"Processo seletivo para o Programa de Forma\u00e7\u00e3o de M\u00e3o de Obra Local da Veracel Celulose em parceria com o SENAI","og_url":"https:\/\/www.veracel.com.br\/veracel-inicia-processo-seletivo-para-programa-de-formacao-de-mao-de-obra-local-em-parceria-com-o-senai\/","og_site_name":"Veracel Celulose","article_published_time":"2022-10-04T14:18:40+00:00","article_modified_time":"2022-10-04T14:22:04+00:00","og_image":[{"width":768,"height":511,"url":"https:\/\/www.veracel.com.br\/wp-content\/uploads\/2022\/10\/Cursos-de-formcao-de-Mao-de-Obra-Local-da-Veracel-senai.jpg","type":"image\/jpeg"}],"author":"saulo","twitter_card":"summary_large_image","twitter_misc":{"Written by":"saulo","Est. reading time":"4 minutes"},"schema":{"@context":"https:\/\/schema.org","@graph":[{"@type":"WebPage","@id":"https:\/\/www.veracel.com.br\/veracel-inicia-processo-seletivo-para-programa-de-formacao-de-mao-de-obra-local-em-parceria-com-o-senai\/","url":"https:\/\/www.veracel.com.br\/veracel-inicia-processo-seletivo-para-programa-de-formacao-de-mao-de-obra-local-em-parceria-com-o-senai\/","name":"Programa de Forma\u00e7\u00e3o de M\u00e3o de Obra Local Veracel e SENAI","isPartOf":{"@id":"https:\/\/www.veracel.com.br\/#website"},"primaryImageOfPage":{"@id":"https:\/\/www.veracel.com.br\/veracel-inicia-processo-seletivo-para-programa-de-formacao-de-mao-de-obra-local-em-parceria-com-o-senai\/#primaryimage"},"image":{"@id":"https:\/\/www.veracel.com.br\/veracel-inicia-processo-seletivo-para-programa-de-formacao-de-mao-de-obra-local-em-parceria-com-o-senai\/#primaryimage"},"thumbnailUrl":"https:\/\/www.veracel.com.br\/wp-content\/uploads\/2022\/10\/Cursos-de-formcao-de-Mao-de-Obra-Local-da-Veracel-senai.jpg","datePublished":"2022-10-04T14:18:40+00:00","dateModified":"2022-10-04T14:22:04+00:00","description":"Processo seletivo para o Programa de Forma\u00e7\u00e3o de M\u00e3o de Obra Local da Veracel Celulose em parceria com o SENAI","breadcrumb":{"@id":"https:\/\/www.veracel.com.br\/veracel-inicia-processo-seletivo-para-programa-de-formacao-de-mao-de-obra-local-em-parceria-com-o-senai\/#breadcrumb"},"inLanguage":"en-US","potentialAction":[{"@type":"ReadAction","target":["https:\/\/www.veracel.com.br\/veracel-inicia-processo-seletivo-para-programa-de-formacao-de-mao-de-obra-local-em-parceria-com-o-senai\/"]}]},{"@type":"ImageObject","inLanguage":"en-US","@id":"https:\/\/www.veracel.com.br\/veracel-inicia-processo-seletivo-para-programa-de-formacao-de-mao-de-obra-local-em-parceria-com-o-senai\/#primaryimage","url":"https:\/\/www.veracel.com.br\/wp-content\/uploads\/2022\/10\/Cursos-de-formcao-de-Mao-de-Obra-Local-da-Veracel-senai.jpg","contentUrl":"https:\/\/www.veracel.com.br\/wp-content\/uploads\/2022\/10\/Cursos-de-formcao-de-Mao-de-Obra-Local-da-Veracel-senai.jpg","width":768,"height":511},{"@type":"BreadcrumbList","@id":"https:\/\/www.veracel.com.br\/veracel-inicia-processo-seletivo-para-programa-de-formacao-de-mao-de-obra-local-em-parceria-com-o-senai\/#breadcrumb","itemListElement":[{"@type":"ListItem","position":1,"name":"Home","item":"https:\/\/www.veracel.com.br\/"},{"@type":"ListItem","position":2,"name":"A Veracel","item":"https:\/\/www.veracel.com.br\/a-veracel\/"},{"@type":"ListItem","position":3,"name":"Veracel inicia processo seletivo para Programa de Forma\u00e7\u00e3o de M\u00e3o de Obra Local em parceria com o SENAI"}]},{"@type":"WebSite","@id":"https:\/\/www.veracel.com.br\/#website","url":"https:\/\/www.veracel.com.br\/","name":"Veracel Celulose","description":"Quando crescemos juntos vamos muito mais longe","publisher":{"@id":"https:\/\/www.veracel.com.br\/#organization"},"potentialAction":[{"@type":"SearchAction","target":{"@type":"EntryPoint","urlTemplate":"https:\/\/www.veracel.com.br\/?s={search_term_string}"},"query-input":{"@type":"PropertyValueSpecification","valueRequired":true,"valueName":"search_term_string"}}],"inLanguage":"en-US"},{"@type":"Organization","@id":"https:\/\/www.veracel.com.br\/#organization","name":"Veracel Celulose","url":"https:\/\/www.veracel.com.br\/","logo":{"@type":"ImageObject","inLanguage":"en-US","@id":"https:\/\/www.veracel.com.br\/#\/schema\/logo\/image\/","url":"https:\/\/www.veracel.com.br\/wp-content\/uploads\/2024\/08\/Ativo-1.png","contentUrl":"https:\/\/www.veracel.com.br\/wp-content\/uploads\/2024\/08\/Ativo-1.png","width":400,"height":121,"caption":"Veracel Celulose"},"image":{"@id":"https:\/\/www.veracel.com.br\/#\/schema\/logo\/image\/"},"sameAs":["https:\/\/www.instagram.com\/veracelcelulose","https:\/\/www.linkedin.com\/company\/veracelcelulose\/","https:\/\/www.youtube.com\/user\/CanalVeracel"]}]}},"_links":{"self":[{"href":"https:\/\/www.veracel.com.br\/en\/wp-json\/wp\/v2\/posts\/26716","targetHints":{"allow":["GET"]}}],"collection":[{"href":"https:\/\/www.veracel.com.br\/en\/wp-json\/wp\/v2\/posts"}],"about":[{"href":"https:\/\/www.veracel.com.br\/en\/wp-json\/wp\/v2\/types\/post"}],"author":[{"embeddable":true,"href":"https:\/\/www.veracel.com.br\/en\/wp-json\/wp\/v2\/users\/2"}],"replies":[{"embeddable":true,"href":"https:\/\/www.veracel.com.br\/en\/wp-json\/wp\/v2\/comments?post=26716"}],"version-history":[{"count":4,"href":"https:\/\/www.veracel.com.br\/en\/wp-json\/wp\/v2\/posts\/26716\/revisions"}],"predecessor-version":[{"id":26722,"href":"https:\/\/www.veracel.com.br\/en\/wp-json\/wp\/v2\/posts\/26716\/revisions\/26722"}],"wp:featuredmedia":[{"embeddable":true,"href":"https:\/\/www.veracel.com.br\/en\/wp-json\/wp\/v2\/media\/26717"}],"wp:attachment":[{"href":"https:\/\/www.veracel.com.br\/en\/wp-json\/wp\/v2\/media?parent=26716"}],"wp:term":[{"taxonomy":"category","embeddable":true,"href":"https:\/\/www.veracel.com.br\/en\/wp-json\/wp\/v2\/categories?post=26716"},{"taxonomy":"post_tag","embeddable":true,"href":"https:\/\/www.veracel.com.br\/en\/wp-json\/wp\/v2\/tags?post=26716"}],"curies":[{"name":"wp","href":"https:\/\/api.w.org\/{rel}","templated":true}]}}