{"id":27231,"date":"2022-10-27T14:33:51","date_gmt":"2022-10-27T17:33:51","guid":{"rendered":"https:\/\/www.veracel.com.br\/?p=27231"},"modified":"2022-10-27T14:34:41","modified_gmt":"2022-10-27T17:34:41","slug":"veracel-apoia-a-cadeia-produtiva-do-mel-no-sul-da-bahia","status":"publish","type":"post","link":"https:\/\/www.veracel.com.br\/en\/veracel-apoia-a-cadeia-produtiva-do-mel-no-sul-da-bahia\/","title":{"rendered":"Veracel apoia a cadeia produtiva do mel no sul da Bahia"},"content":{"rendered":"<p><em>Ciente da import\u00e2ncia da preserva\u00e7\u00e3o das abelhas, h\u00e1 17 anos a Veracel Celulose apoia associa\u00e7\u00f5es de produtores locais, por meio de v\u00e1rios projetos. Sua mais recente iniciativa \u00e9 a realiza\u00e7\u00e3o de um plano de desenvolvimento estrat\u00e9gico. Feito por uma consultoria especializada, visa a aprimorar as atividades de Apicultura e Meliponicultura na regi\u00e3o.<\/em><\/p>\n<p>&nbsp;<\/p>\n<h2><strong>As abelhas e a biodiversidade<\/strong><\/h2>\n<p>A preserva\u00e7\u00e3o das abelhas \u00e9 uma quest\u00e3o importante para a conserva\u00e7\u00e3o ambiental, em n\u00edvel global. Dados da Organiza\u00e7\u00e3o das Na\u00e7\u00f5es Unidas (ONU), mostram que as abelhas s\u00e3o respons\u00e1veis por 73% da poliniza\u00e7\u00e3o das plantas cultivadas. Isso afeta diretamente a manuten\u00e7\u00e3o da biodiversidade e a alimenta\u00e7\u00e3o de seres humanos, p\u00e1ssaros, insetos e outras esp\u00e9cies. Com tamanha import\u00e2ncia, as abelhas s\u00e3o animais sens\u00edveis, que sofrem com fen\u00f4menos como a polui\u00e7\u00e3o e as altera\u00e7\u00f5es clim\u00e1ticas. Em 2016, algumas esp\u00e9cies j\u00e1 foram consideradas em risco de extin\u00e7\u00e3o pelo United States Fish and Wildlife Service (FWS), \u00f3rg\u00e3o ambiental dos EUA.<\/p>\n<p>&nbsp;<\/p>\n<h2>Est\u00edmulo ao desenvolvimento do Sul da Bahia<\/h2>\n<p>Ciente dessa situa\u00e7\u00e3o, a Veracel Celulose vem trabalhando para apoiar toda a cadeia produtiva do mel na regi\u00e3o sul da Bahia. \u201cO Sul da Bahia \u00e9, historicamente, muito importante nesse segmento. Queremos ajudar a fortalecer essa cadeia para gerar oportunidades e estimular o desenvolvimento local\u201d, afirma Izabel Sousa, Coordenadora de Responsabilidade Social Corporativa da empresa.<\/p>\n<p>A Veracel Celulose apoia a cadeira produtiva do mel em seu territ\u00f3rio de atua\u00e7\u00e3o h\u00e1 17 anos. Somente em 2020, 158 fam\u00edlias foram beneficiadas com projetos da empresa para apoiar as associa\u00e7\u00f5es locais de produtores, e 50 toneladas de mel foram produzidas na regi\u00e3o. Reconhecendo a import\u00e2ncia da cadeia do mel e para apoiar o seu fortalecimento, em 2021 a companhia contratou uma consultoria especializada que elaborou um plano estrat\u00e9gico para os pr\u00f3ximos cinco anos.<\/p>\n<p>&nbsp;<\/p>\n<h2>Plano estrat\u00e9gico para a cadeia produtiva do mel<\/h2>\n<p>O primeiro passo do plano foi um mapeamento completo da cadeia produtiva para a elabora\u00e7\u00e3o de um diagn\u00f3stico profundo dos desafios e oportunidades desta cadeia produtiva. Entre os eixos definidos no projeto, est\u00e3o:<\/p>\n<ul>\n<li>fomento \u00e0 capacita\u00e7\u00e3o t\u00e9cnica dos criadores de abelhas e produtores locais;<\/li>\n<li>fortalecimento da gest\u00e3o institucional e da sustentabilidade financeira das organiza\u00e7\u00f5es de criadores de abelhas;<\/li>\n<li>incentivo \u00e0 formaliza\u00e7\u00e3o da atividade;<\/li>\n<li>disponibilidade dos pastos ap\u00edcolas, aquisi\u00e7\u00e3o de conhecimentos, articula\u00e7\u00e3o para atua\u00e7\u00e3o em redes colaborativas para troca de experi\u00eancia e busca de alternativas, ferramentas tecnol\u00f3gicas de acompanhamento e monitoramento, entre outras.<\/li>\n<\/ul>\n<p>&nbsp;<\/p>\n<h2>Quase duas d\u00e9cadas de apoio \u00e0 produ\u00e7\u00e3o de mel no sul da Bahia<\/h2>\n<p>\u201cDesde 2005 a Veracel Celulose apoia projetos ligados \u00e0 cadeia produtiva do mel para fam\u00edlias dos munic\u00edpios de Eun\u00e1polis, Itabela, Guaratinga, Itagimirim, Belmonte e regi\u00e3o. Isso engloba a capacita\u00e7\u00e3o dos apicultores, a disponibiliza\u00e7\u00e3o de materiais e insumos, tecnologias ap\u00edcolas e vestimentas adequadas, al\u00e9m de equipamento para a seguran\u00e7a operacional dos trabalhadores\u201d, ressalta Izabel Bianchi que \u00e9 a especialista que acompanha diretamente as a\u00e7\u00f5es da empresa juntos aos produtores e associa\u00e7\u00f5es locais.<\/p>\n<p>Entre outras iniciativas, desde 2018 a companhia tem investido na transfer\u00eancia de tecnologia para os apicultores das associa\u00e7\u00f5es produtoras da regi\u00e3o ampliando sua capacidade t\u00e9cnica e a autonomia de coletivos rurais. Em outra frente de a\u00e7\u00e3o, a Veracel apoia, desde 2019, um projeto de Meliponicultura, com a comunidade ind\u00edgena patax\u00f3 Aldeia Meio da Mata e com associa\u00e7\u00f5es de apicultores em Eun\u00e1polis e Guaratinga.\u00a0 Tamb\u00e9m com o suporte da empresa, os apicultores conquistaram seu entreposto de mel em Eun\u00e1polis, inaugurado em 2021 onde \u00e9 realizado o recebimento, o envase e a comercializa\u00e7\u00e3o do mel e de produtos derivados.<\/p>\n","protected":false},"excerpt":{"rendered":"<p>Ciente da import\u00e2ncia da preserva\u00e7\u00e3o das abelhas, h\u00e1 17 anos a Veracel Celulose apoia associa\u00e7\u00f5es de produtores locais, por meio de v\u00e1rios projetos. Sua mais recente iniciativa \u00e9 a realiza\u00e7\u00e3o de um plano de desenvolvimento estrat\u00e9gico. Feito por uma consultoria especializada, visa a aprimorar as atividades de Apicultura e Meliponicultura na regi\u00e3o. &nbsp; As abelhas [&hellip;]<\/p>\n","protected":false},"author":2,"featured_media":27232,"comment_status":"open","ping_status":"open","sticky":false,"template":"","format":"standard","meta":{"_acf_changed":false,"footnotes":"","_links_to":"","_links_to_target":""},"categories":[271,211],"tags":[],"class_list":["post-27231","post","type-post","status-publish","format-standard","has-post-thumbnail","hentry","category-a-veracel","category-noticias"],"acf":[],"yoast_head":"<!-- This site is optimized with the Yoast SEO Premium plugin v26.7 (Yoast SEO v27.4) - https:\/\/yoast.com\/product\/yoast-seo-premium-wordpress\/ -->\n<title>Veracel Celulose apoia a cadeira produtiva do mel no sul da Bahia<\/title>\n<meta name=\"description\" content=\"Plano de desenvolvimento estrat\u00e9gico da Veracel Celulose visa a aprimorar as atividades de Apicultura e Meliponicultura no sul da Bahia.\" \/>\n<meta name=\"robots\" content=\"index, follow, max-snippet:-1, max-image-preview:large, max-video-preview:-1\" \/>\n<link rel=\"canonical\" href=\"https:\/\/www.veracel.com.br\/veracel-apoia-a-cadeia-produtiva-do-mel-no-sul-da-bahia\/\" \/>\n<meta property=\"og:locale\" content=\"en_US\" \/>\n<meta property=\"og:type\" content=\"article\" \/>\n<meta property=\"og:title\" content=\"Veracel apoia a cadeia produtiva do mel no sul da Bahia\" \/>\n<meta property=\"og:description\" content=\"Plano de desenvolvimento estrat\u00e9gico da Veracel Celulose visa a aprimorar as atividades de Apicultura e Meliponicultura no sul da Bahia.\" \/>\n<meta property=\"og:url\" content=\"https:\/\/www.veracel.com.br\/veracel-apoia-a-cadeia-produtiva-do-mel-no-sul-da-bahia\/\" \/>\n<meta property=\"og:site_name\" content=\"Veracel Celulose\" \/>\n<meta property=\"article:published_time\" content=\"2022-10-27T17:33:51+00:00\" \/>\n<meta property=\"article:modified_time\" content=\"2022-10-27T17:34:41+00:00\" \/>\n<meta property=\"og:image\" content=\"https:\/\/www.veracel.com.br\/wp-content\/uploads\/2022\/10\/veracel-celulose-apoia-a-cadeira-do-mel-no-sul-da-bahia.jpg\" \/>\n\t<meta property=\"og:image:width\" content=\"1200\" \/>\n\t<meta property=\"og:image:height\" content=\"675\" \/>\n\t<meta property=\"og:image:type\" content=\"image\/jpeg\" \/>\n<meta name=\"author\" content=\"saulo\" \/>\n<meta name=\"twitter:card\" content=\"summary_large_image\" \/>\n<meta name=\"twitter:label1\" content=\"Written by\" \/>\n\t<meta name=\"twitter:data1\" content=\"saulo\" \/>\n\t<meta name=\"twitter:label2\" content=\"Est. reading time\" \/>\n\t<meta name=\"twitter:data2\" content=\"4 minutes\" \/>\n<script type=\"application\/ld+json\" class=\"yoast-schema-graph\">{\"@context\":\"https:\\\/\\\/schema.org\",\"@graph\":[{\"@type\":\"WebPage\",\"@id\":\"https:\\\/\\\/www.veracel.com.br\\\/veracel-apoia-a-cadeia-produtiva-do-mel-no-sul-da-bahia\\\/\",\"url\":\"https:\\\/\\\/www.veracel.com.br\\\/veracel-apoia-a-cadeia-produtiva-do-mel-no-sul-da-bahia\\\/\",\"name\":\"Veracel Celulose apoia a cadeira produtiva do mel no sul da Bahia\",\"isPartOf\":{\"@id\":\"https:\\\/\\\/www.veracel.com.br\\\/#website\"},\"primaryImageOfPage\":{\"@id\":\"https:\\\/\\\/www.veracel.com.br\\\/veracel-apoia-a-cadeia-produtiva-do-mel-no-sul-da-bahia\\\/#primaryimage\"},\"image\":{\"@id\":\"https:\\\/\\\/www.veracel.com.br\\\/veracel-apoia-a-cadeia-produtiva-do-mel-no-sul-da-bahia\\\/#primaryimage\"},\"thumbnailUrl\":\"https:\\\/\\\/www.veracel.com.br\\\/wp-content\\\/uploads\\\/2022\\\/10\\\/veracel-celulose-apoia-a-cadeira-do-mel-no-sul-da-bahia.jpg\",\"datePublished\":\"2022-10-27T17:33:51+00:00\",\"dateModified\":\"2022-10-27T17:34:41+00:00\",\"description\":\"Plano de desenvolvimento estrat\u00e9gico da Veracel Celulose visa a aprimorar as atividades de Apicultura e Meliponicultura no sul da Bahia.\",\"breadcrumb\":{\"@id\":\"https:\\\/\\\/www.veracel.com.br\\\/veracel-apoia-a-cadeia-produtiva-do-mel-no-sul-da-bahia\\\/#breadcrumb\"},\"inLanguage\":\"en-US\",\"potentialAction\":[{\"@type\":\"ReadAction\",\"target\":[\"https:\\\/\\\/www.veracel.com.br\\\/veracel-apoia-a-cadeia-produtiva-do-mel-no-sul-da-bahia\\\/\"]}]},{\"@type\":\"ImageObject\",\"inLanguage\":\"en-US\",\"@id\":\"https:\\\/\\\/www.veracel.com.br\\\/veracel-apoia-a-cadeia-produtiva-do-mel-no-sul-da-bahia\\\/#primaryimage\",\"url\":\"https:\\\/\\\/www.veracel.com.br\\\/wp-content\\\/uploads\\\/2022\\\/10\\\/veracel-celulose-apoia-a-cadeira-do-mel-no-sul-da-bahia.jpg\",\"contentUrl\":\"https:\\\/\\\/www.veracel.com.br\\\/wp-content\\\/uploads\\\/2022\\\/10\\\/veracel-celulose-apoia-a-cadeira-do-mel-no-sul-da-bahia.jpg\",\"width\":1200,\"height\":675,\"caption\":\"Veracel Celulose Apoia a Cadeia do Mel no Sul da Bahia\"},{\"@type\":\"BreadcrumbList\",\"@id\":\"https:\\\/\\\/www.veracel.com.br\\\/veracel-apoia-a-cadeia-produtiva-do-mel-no-sul-da-bahia\\\/#breadcrumb\",\"itemListElement\":[{\"@type\":\"ListItem\",\"position\":1,\"name\":\"Home\",\"item\":\"https:\\\/\\\/www.veracel.com.br\\\/\"},{\"@type\":\"ListItem\",\"position\":2,\"name\":\"A Veracel\",\"item\":\"https:\\\/\\\/www.veracel.com.br\\\/a-veracel\\\/\"},{\"@type\":\"ListItem\",\"position\":3,\"name\":\"Veracel apoia a cadeia produtiva do mel no sul da Bahia\"}]},{\"@type\":\"WebSite\",\"@id\":\"https:\\\/\\\/www.veracel.com.br\\\/#website\",\"url\":\"https:\\\/\\\/www.veracel.com.br\\\/\",\"name\":\"Veracel Celulose\",\"description\":\"Quando crescemos juntos vamos muito mais longe\",\"publisher\":{\"@id\":\"https:\\\/\\\/www.veracel.com.br\\\/#organization\"},\"potentialAction\":[{\"@type\":\"SearchAction\",\"target\":{\"@type\":\"EntryPoint\",\"urlTemplate\":\"https:\\\/\\\/www.veracel.com.br\\\/?s={search_term_string}\"},\"query-input\":{\"@type\":\"PropertyValueSpecification\",\"valueRequired\":true,\"valueName\":\"search_term_string\"}}],\"inLanguage\":\"en-US\"},{\"@type\":\"Organization\",\"@id\":\"https:\\\/\\\/www.veracel.com.br\\\/#organization\",\"name\":\"Veracel Celulose\",\"url\":\"https:\\\/\\\/www.veracel.com.br\\\/\",\"logo\":{\"@type\":\"ImageObject\",\"inLanguage\":\"en-US\",\"@id\":\"https:\\\/\\\/www.veracel.com.br\\\/#\\\/schema\\\/logo\\\/image\\\/\",\"url\":\"https:\\\/\\\/www.veracel.com.br\\\/wp-content\\\/uploads\\\/2024\\\/08\\\/Ativo-1.png\",\"contentUrl\":\"https:\\\/\\\/www.veracel.com.br\\\/wp-content\\\/uploads\\\/2024\\\/08\\\/Ativo-1.png\",\"width\":400,\"height\":121,\"caption\":\"Veracel Celulose\"},\"image\":{\"@id\":\"https:\\\/\\\/www.veracel.com.br\\\/#\\\/schema\\\/logo\\\/image\\\/\"},\"sameAs\":[\"https:\\\/\\\/www.instagram.com\\\/veracelcelulose\",\"https:\\\/\\\/www.linkedin.com\\\/company\\\/veracelcelulose\\\/\",\"https:\\\/\\\/www.youtube.com\\\/user\\\/CanalVeracel\"]}]}<\/script>\n<!-- \/ Yoast SEO Premium plugin. -->","yoast_head_json":{"title":"Veracel Celulose apoia a cadeira produtiva do mel no sul da Bahia","description":"Plano de desenvolvimento estrat\u00e9gico da Veracel Celulose visa a aprimorar as atividades de Apicultura e Meliponicultura no sul da Bahia.","robots":{"index":"index","follow":"follow","max-snippet":"max-snippet:-1","max-image-preview":"max-image-preview:large","max-video-preview":"max-video-preview:-1"},"canonical":"https:\/\/www.veracel.com.br\/veracel-apoia-a-cadeia-produtiva-do-mel-no-sul-da-bahia\/","og_locale":"en_US","og_type":"article","og_title":"Veracel apoia a cadeia produtiva do mel no sul da Bahia","og_description":"Plano de desenvolvimento estrat\u00e9gico da Veracel Celulose visa a aprimorar as atividades de Apicultura e Meliponicultura no sul da Bahia.","og_url":"https:\/\/www.veracel.com.br\/veracel-apoia-a-cadeia-produtiva-do-mel-no-sul-da-bahia\/","og_site_name":"Veracel Celulose","article_published_time":"2022-10-27T17:33:51+00:00","article_modified_time":"2022-10-27T17:34:41+00:00","og_image":[{"width":1200,"height":675,"url":"https:\/\/www.veracel.com.br\/wp-content\/uploads\/2022\/10\/veracel-celulose-apoia-a-cadeira-do-mel-no-sul-da-bahia.jpg","type":"image\/jpeg"}],"author":"saulo","twitter_card":"summary_large_image","twitter_misc":{"Written by":"saulo","Est. reading time":"4 minutes"},"schema":{"@context":"https:\/\/schema.org","@graph":[{"@type":"WebPage","@id":"https:\/\/www.veracel.com.br\/veracel-apoia-a-cadeia-produtiva-do-mel-no-sul-da-bahia\/","url":"https:\/\/www.veracel.com.br\/veracel-apoia-a-cadeia-produtiva-do-mel-no-sul-da-bahia\/","name":"Veracel Celulose apoia a cadeira produtiva do mel no sul da Bahia","isPartOf":{"@id":"https:\/\/www.veracel.com.br\/#website"},"primaryImageOfPage":{"@id":"https:\/\/www.veracel.com.br\/veracel-apoia-a-cadeia-produtiva-do-mel-no-sul-da-bahia\/#primaryimage"},"image":{"@id":"https:\/\/www.veracel.com.br\/veracel-apoia-a-cadeia-produtiva-do-mel-no-sul-da-bahia\/#primaryimage"},"thumbnailUrl":"https:\/\/www.veracel.com.br\/wp-content\/uploads\/2022\/10\/veracel-celulose-apoia-a-cadeira-do-mel-no-sul-da-bahia.jpg","datePublished":"2022-10-27T17:33:51+00:00","dateModified":"2022-10-27T17:34:41+00:00","description":"Plano de desenvolvimento estrat\u00e9gico da Veracel Celulose visa a aprimorar as atividades de Apicultura e Meliponicultura no sul da Bahia.","breadcrumb":{"@id":"https:\/\/www.veracel.com.br\/veracel-apoia-a-cadeia-produtiva-do-mel-no-sul-da-bahia\/#breadcrumb"},"inLanguage":"en-US","potentialAction":[{"@type":"ReadAction","target":["https:\/\/www.veracel.com.br\/veracel-apoia-a-cadeia-produtiva-do-mel-no-sul-da-bahia\/"]}]},{"@type":"ImageObject","inLanguage":"en-US","@id":"https:\/\/www.veracel.com.br\/veracel-apoia-a-cadeia-produtiva-do-mel-no-sul-da-bahia\/#primaryimage","url":"https:\/\/www.veracel.com.br\/wp-content\/uploads\/2022\/10\/veracel-celulose-apoia-a-cadeira-do-mel-no-sul-da-bahia.jpg","contentUrl":"https:\/\/www.veracel.com.br\/wp-content\/uploads\/2022\/10\/veracel-celulose-apoia-a-cadeira-do-mel-no-sul-da-bahia.jpg","width":1200,"height":675,"caption":"Veracel Celulose Apoia a Cadeia do Mel no Sul da Bahia"},{"@type":"BreadcrumbList","@id":"https:\/\/www.veracel.com.br\/veracel-apoia-a-cadeia-produtiva-do-mel-no-sul-da-bahia\/#breadcrumb","itemListElement":[{"@type":"ListItem","position":1,"name":"Home","item":"https:\/\/www.veracel.com.br\/"},{"@type":"ListItem","position":2,"name":"A Veracel","item":"https:\/\/www.veracel.com.br\/a-veracel\/"},{"@type":"ListItem","position":3,"name":"Veracel apoia a cadeia produtiva do mel no sul da Bahia"}]},{"@type":"WebSite","@id":"https:\/\/www.veracel.com.br\/#website","url":"https:\/\/www.veracel.com.br\/","name":"Veracel Celulose","description":"Quando crescemos juntos vamos muito mais longe","publisher":{"@id":"https:\/\/www.veracel.com.br\/#organization"},"potentialAction":[{"@type":"SearchAction","target":{"@type":"EntryPoint","urlTemplate":"https:\/\/www.veracel.com.br\/?s={search_term_string}"},"query-input":{"@type":"PropertyValueSpecification","valueRequired":true,"valueName":"search_term_string"}}],"inLanguage":"en-US"},{"@type":"Organization","@id":"https:\/\/www.veracel.com.br\/#organization","name":"Veracel Celulose","url":"https:\/\/www.veracel.com.br\/","logo":{"@type":"ImageObject","inLanguage":"en-US","@id":"https:\/\/www.veracel.com.br\/#\/schema\/logo\/image\/","url":"https:\/\/www.veracel.com.br\/wp-content\/uploads\/2024\/08\/Ativo-1.png","contentUrl":"https:\/\/www.veracel.com.br\/wp-content\/uploads\/2024\/08\/Ativo-1.png","width":400,"height":121,"caption":"Veracel Celulose"},"image":{"@id":"https:\/\/www.veracel.com.br\/#\/schema\/logo\/image\/"},"sameAs":["https:\/\/www.instagram.com\/veracelcelulose","https:\/\/www.linkedin.com\/company\/veracelcelulose\/","https:\/\/www.youtube.com\/user\/CanalVeracel"]}]}},"_links":{"self":[{"href":"https:\/\/www.veracel.com.br\/en\/wp-json\/wp\/v2\/posts\/27231","targetHints":{"allow":["GET"]}}],"collection":[{"href":"https:\/\/www.veracel.com.br\/en\/wp-json\/wp\/v2\/posts"}],"about":[{"href":"https:\/\/www.veracel.com.br\/en\/wp-json\/wp\/v2\/types\/post"}],"author":[{"embeddable":true,"href":"https:\/\/www.veracel.com.br\/en\/wp-json\/wp\/v2\/users\/2"}],"replies":[{"embeddable":true,"href":"https:\/\/www.veracel.com.br\/en\/wp-json\/wp\/v2\/comments?post=27231"}],"version-history":[{"count":2,"href":"https:\/\/www.veracel.com.br\/en\/wp-json\/wp\/v2\/posts\/27231\/revisions"}],"predecessor-version":[{"id":27235,"href":"https:\/\/www.veracel.com.br\/en\/wp-json\/wp\/v2\/posts\/27231\/revisions\/27235"}],"wp:featuredmedia":[{"embeddable":true,"href":"https:\/\/www.veracel.com.br\/en\/wp-json\/wp\/v2\/media\/27232"}],"wp:attachment":[{"href":"https:\/\/www.veracel.com.br\/en\/wp-json\/wp\/v2\/media?parent=27231"}],"wp:term":[{"taxonomy":"category","embeddable":true,"href":"https:\/\/www.veracel.com.br\/en\/wp-json\/wp\/v2\/categories?post=27231"},{"taxonomy":"post_tag","embeddable":true,"href":"https:\/\/www.veracel.com.br\/en\/wp-json\/wp\/v2\/tags?post=27231"}],"curies":[{"name":"wp","href":"https:\/\/api.w.org\/{rel}","templated":true}]}}