{"id":27278,"date":"2022-11-11T16:29:22","date_gmt":"2022-11-11T19:29:22","guid":{"rendered":"https:\/\/www.veracel.com.br\/?p=27278"},"modified":"2022-11-11T16:40:48","modified_gmt":"2022-11-11T19:40:48","slug":"veracel-celulose-inicia-programa-de-formacao-em-parceria-com-senai","status":"publish","type":"post","link":"https:\/\/www.veracel.com.br\/en\/veracel-celulose-inicia-programa-de-formacao-em-parceria-com-senai\/","title":{"rendered":"Veracel Celulose inicia Programa de Forma\u00e7\u00e3o em parceria com SENAI"},"content":{"rendered":"<p><em>Objetivo dos cursos do Programa de Forma\u00e7\u00e3o da Veracel Celulose em parceria com o SENAI, \u00e9 oferecer oportunidades de forma\u00e7\u00e3o e profissionaliza\u00e7\u00e3o especialmente para o p\u00fablico feminino e pessoas negras (pardas e pretas). Os cursos t\u00eam a garantia da experi\u00eancia pr\u00e1tica atrav\u00e9s de est\u00e1gio na empresa, al\u00e9m de contribuir com a forma\u00e7\u00e3o de novos profissionais para o mercado de trabalho<\/em><\/p>\n<p>&nbsp;<\/p>\n<p>A primeira aula do Programa de Forma\u00e7\u00e3o de M\u00e3o de Obra Local da Veracel Celulose foi realizada nesta quarta-feira (10). A aula foi ministrada na sede do Senai Bahia, em Eun\u00e1polis, parceiro da empresa no projeto. O programa dar\u00e1 oportunidade para 40 pessoas, sendo 28 mulheres, se capacitarem nas fun\u00e7\u00f5es de Operadora de M\u00e1quinas Florestais e Mec\u00e2nica e Mec\u00e2nico de M\u00e1quinas Florestais.<\/p>\n<p>&nbsp;<\/p>\n<h2>Capacita\u00e7\u00e3o e compromisso com a diversidade e inclus\u00e3o<\/h2>\n<p>Al\u00e9m de formar e desenvolver novos profissionais, o projeto promove um alinhamento com os pilares de Diversidade e Inclus\u00e3o da Veracel, uma vez que para a \u00e1rea de Opera\u00e7\u00e3o de M\u00e1quinas Florestais as vagas s\u00e3o somente para o p\u00fablico feminino.<\/p>\n<p>\u201cEsse curso mostra a conex\u00e3o da Veracel com a comunidade da nossa regi\u00e3o e como tamb\u00e9m somos parte da solu\u00e7\u00e3o. Com a parceria com o Senai e a comunidade interessada, estamos dando o passo al\u00e9m na trajet\u00f3ria de aprendizagem e forma\u00e7\u00e3o de mulheres e homens, pessoas negras (pretas e pardas). Com a forma\u00e7\u00e3o adequada, \u00e9 poss\u00edvel aproveitar as diversas oportunidades de novos neg\u00f3cios e investimentos que est\u00e3o surgindo no pa\u00eds\u201d, destaca Caio Zanardo, diretor presidente da Veracel.<\/p>\n<p>&nbsp;<\/p>\n<h2>Primeira turma exclusiva de mulheres<\/h2>\n<p>Foram registradas 623 pessoas interessadas nos cursos. A forma\u00e7\u00e3o inclui a realiza\u00e7\u00e3o de etapa te\u00f3rica e pr\u00e1tica, essa \u00faltima, que ser\u00e1 feita em formato de est\u00e1gio presencial na pr\u00f3pria Veracel.<\/p>\n<p>Com isso, o momento do est\u00e1gio ser\u00e1 um marco importante para a Veracel. Ser\u00e1 a primeira vez desde 2001, quando a empresa come\u00e7ou sua opera\u00e7\u00e3o de colheita, que haver\u00e1 uma turma formada exclusivamente por mulheres na opera\u00e7\u00e3o de colheita florestal.<\/p>\n<p>\u201c\u00c9 um processo de aprendizagem muito importante tamb\u00e9m para a empresa, pois tamb\u00e9m estamos aprendendo a receber mulheres em uma atividade que \u00e9, tradicionalmente, masculina. \u00c9 um programa especial para a Veracel Celulose\u201d, finaliza Dienane Brand\u00e3o, gerente de Desenvolvimento Humano e Organizacional da Veracel.<\/p>\n<p>&nbsp;<\/p>\n<h2>Mais informa\u00e7\u00f5es sobre os cursos<\/h2>\n<p>O curso de Operadora de M\u00e1quinas Florestais \u00e9 exclusivo para o p\u00fablico feminino e possui dura\u00e7\u00e3o de 10 meses. Acontecer\u00e1 de novembro\/2022 a setembro\/2023. J\u00e1 a Forma\u00e7\u00e3o de Mec\u00e2nica e Mec\u00e2nico de M\u00e1quinas Florestais tem dura\u00e7\u00e3o de nove meses e ocorrer\u00e1 de novembro\/2022 at\u00e9 agosto\/2023.<\/p>\n<p>&nbsp;<\/p>\n<p><a href=\"https:\/\/www.veracel.com.br\/vagas\/\">Confira mais sobre as vagas dispon\u00edveis e sobre como trabalhar na Veracel Celulose.<\/a><\/p>\n<p><a href=\"https:\/\/www.veracel.com.br\/nosso-jeito\/\">Conhe\u00e7a mais sobre o nosso jeito de inspirar pessoas, ser respons\u00e1vel e valorizar a vida.<\/a><\/p>\n<p>&nbsp;<\/p>\n","protected":false},"excerpt":{"rendered":"<p>Objetivo dos cursos do Programa de Forma\u00e7\u00e3o da Veracel Celulose em parceria com o SENAI, \u00e9 oferecer oportunidades de forma\u00e7\u00e3o e profissionaliza\u00e7\u00e3o especialmente para o p\u00fablico feminino e pessoas negras (pardas e pretas). Os cursos t\u00eam a garantia da experi\u00eancia pr\u00e1tica atrav\u00e9s de est\u00e1gio na empresa, al\u00e9m de contribuir com a forma\u00e7\u00e3o de novos profissionais [&hellip;]<\/p>\n","protected":false},"author":2,"featured_media":27279,"comment_status":"open","ping_status":"open","sticky":false,"template":"","format":"standard","meta":{"_acf_changed":false,"footnotes":"","_links_to":"","_links_to_target":""},"categories":[271,211],"tags":[],"class_list":["post-27278","post","type-post","status-publish","format-standard","has-post-thumbnail","hentry","category-a-veracel","category-noticias"],"acf":[],"yoast_head":"<!-- This site is optimized with the Yoast SEO Premium plugin v26.7 (Yoast SEO v27.4) - https:\/\/yoast.com\/product\/yoast-seo-premium-wordpress\/ -->\n<title>Programa de Forma\u00e7\u00e3o da Veracel em Parceria com SENAI<\/title>\n<meta name=\"description\" content=\"Programa de Forma\u00e7\u00e3o da Veracel Celulose em parceria com o SENAI, oferece oportunidades de forma\u00e7\u00e3o e profissionaliza\u00e7\u00e3o.\" \/>\n<meta name=\"robots\" content=\"index, follow, max-snippet:-1, max-image-preview:large, max-video-preview:-1\" \/>\n<link rel=\"canonical\" href=\"https:\/\/www.veracel.com.br\/veracel-celulose-inicia-programa-de-formacao-em-parceria-com-senai\/\" \/>\n<meta property=\"og:locale\" content=\"en_US\" \/>\n<meta property=\"og:type\" content=\"article\" \/>\n<meta property=\"og:title\" content=\"Veracel Celulose inicia Programa de Forma\u00e7\u00e3o em parceria com SENAI\" \/>\n<meta property=\"og:description\" content=\"Programa de Forma\u00e7\u00e3o da Veracel Celulose em parceria com o SENAI, oferece oportunidades de forma\u00e7\u00e3o e profissionaliza\u00e7\u00e3o.\" \/>\n<meta property=\"og:url\" content=\"https:\/\/www.veracel.com.br\/veracel-celulose-inicia-programa-de-formacao-em-parceria-com-senai\/\" \/>\n<meta property=\"og:site_name\" content=\"Veracel Celulose\" \/>\n<meta property=\"article:published_time\" content=\"2022-11-11T19:29:22+00:00\" \/>\n<meta property=\"article:modified_time\" content=\"2022-11-11T19:40:48+00:00\" \/>\n<meta property=\"og:image\" content=\"https:\/\/www.veracel.com.br\/wp-content\/uploads\/2022\/11\/programa-formacao-parceria-senai-veracel.jpg\" \/>\n\t<meta property=\"og:image:width\" content=\"800\" \/>\n\t<meta property=\"og:image:height\" content=\"361\" \/>\n\t<meta property=\"og:image:type\" content=\"image\/jpeg\" \/>\n<meta name=\"author\" content=\"saulo\" \/>\n<meta name=\"twitter:card\" content=\"summary_large_image\" \/>\n<meta name=\"twitter:label1\" content=\"Written by\" \/>\n\t<meta name=\"twitter:data1\" content=\"saulo\" \/>\n\t<meta name=\"twitter:label2\" content=\"Est. reading time\" \/>\n\t<meta name=\"twitter:data2\" content=\"3 minutes\" \/>\n<script type=\"application\/ld+json\" class=\"yoast-schema-graph\">{\"@context\":\"https:\\\/\\\/schema.org\",\"@graph\":[{\"@type\":\"WebPage\",\"@id\":\"https:\\\/\\\/www.veracel.com.br\\\/veracel-celulose-inicia-programa-de-formacao-em-parceria-com-senai\\\/\",\"url\":\"https:\\\/\\\/www.veracel.com.br\\\/veracel-celulose-inicia-programa-de-formacao-em-parceria-com-senai\\\/\",\"name\":\"Programa de Forma\u00e7\u00e3o da Veracel em Parceria com SENAI\",\"isPartOf\":{\"@id\":\"https:\\\/\\\/www.veracel.com.br\\\/#website\"},\"primaryImageOfPage\":{\"@id\":\"https:\\\/\\\/www.veracel.com.br\\\/veracel-celulose-inicia-programa-de-formacao-em-parceria-com-senai\\\/#primaryimage\"},\"image\":{\"@id\":\"https:\\\/\\\/www.veracel.com.br\\\/veracel-celulose-inicia-programa-de-formacao-em-parceria-com-senai\\\/#primaryimage\"},\"thumbnailUrl\":\"https:\\\/\\\/www.veracel.com.br\\\/wp-content\\\/uploads\\\/2022\\\/11\\\/programa-formacao-parceria-senai-veracel.jpg\",\"datePublished\":\"2022-11-11T19:29:22+00:00\",\"dateModified\":\"2022-11-11T19:40:48+00:00\",\"description\":\"Programa de Forma\u00e7\u00e3o da Veracel Celulose em parceria com o SENAI, oferece oportunidades de forma\u00e7\u00e3o e profissionaliza\u00e7\u00e3o.\",\"breadcrumb\":{\"@id\":\"https:\\\/\\\/www.veracel.com.br\\\/veracel-celulose-inicia-programa-de-formacao-em-parceria-com-senai\\\/#breadcrumb\"},\"inLanguage\":\"en-US\",\"potentialAction\":[{\"@type\":\"ReadAction\",\"target\":[\"https:\\\/\\\/www.veracel.com.br\\\/veracel-celulose-inicia-programa-de-formacao-em-parceria-com-senai\\\/\"]}]},{\"@type\":\"ImageObject\",\"inLanguage\":\"en-US\",\"@id\":\"https:\\\/\\\/www.veracel.com.br\\\/veracel-celulose-inicia-programa-de-formacao-em-parceria-com-senai\\\/#primaryimage\",\"url\":\"https:\\\/\\\/www.veracel.com.br\\\/wp-content\\\/uploads\\\/2022\\\/11\\\/programa-formacao-parceria-senai-veracel.jpg\",\"contentUrl\":\"https:\\\/\\\/www.veracel.com.br\\\/wp-content\\\/uploads\\\/2022\\\/11\\\/programa-formacao-parceria-senai-veracel.jpg\",\"width\":800,\"height\":361,\"caption\":\"Parceria SENAI e Veracel Celulose\"},{\"@type\":\"BreadcrumbList\",\"@id\":\"https:\\\/\\\/www.veracel.com.br\\\/veracel-celulose-inicia-programa-de-formacao-em-parceria-com-senai\\\/#breadcrumb\",\"itemListElement\":[{\"@type\":\"ListItem\",\"position\":1,\"name\":\"Home\",\"item\":\"https:\\\/\\\/www.veracel.com.br\\\/\"},{\"@type\":\"ListItem\",\"position\":2,\"name\":\"A Veracel\",\"item\":\"https:\\\/\\\/www.veracel.com.br\\\/a-veracel\\\/\"},{\"@type\":\"ListItem\",\"position\":3,\"name\":\"Veracel Celulose inicia Programa de Forma\u00e7\u00e3o em parceria com SENAI\"}]},{\"@type\":\"WebSite\",\"@id\":\"https:\\\/\\\/www.veracel.com.br\\\/#website\",\"url\":\"https:\\\/\\\/www.veracel.com.br\\\/\",\"name\":\"Veracel Celulose\",\"description\":\"Quando crescemos juntos vamos muito mais longe\",\"publisher\":{\"@id\":\"https:\\\/\\\/www.veracel.com.br\\\/#organization\"},\"potentialAction\":[{\"@type\":\"SearchAction\",\"target\":{\"@type\":\"EntryPoint\",\"urlTemplate\":\"https:\\\/\\\/www.veracel.com.br\\\/?s={search_term_string}\"},\"query-input\":{\"@type\":\"PropertyValueSpecification\",\"valueRequired\":true,\"valueName\":\"search_term_string\"}}],\"inLanguage\":\"en-US\"},{\"@type\":\"Organization\",\"@id\":\"https:\\\/\\\/www.veracel.com.br\\\/#organization\",\"name\":\"Veracel Celulose\",\"url\":\"https:\\\/\\\/www.veracel.com.br\\\/\",\"logo\":{\"@type\":\"ImageObject\",\"inLanguage\":\"en-US\",\"@id\":\"https:\\\/\\\/www.veracel.com.br\\\/#\\\/schema\\\/logo\\\/image\\\/\",\"url\":\"https:\\\/\\\/www.veracel.com.br\\\/wp-content\\\/uploads\\\/2024\\\/08\\\/Ativo-1.png\",\"contentUrl\":\"https:\\\/\\\/www.veracel.com.br\\\/wp-content\\\/uploads\\\/2024\\\/08\\\/Ativo-1.png\",\"width\":400,\"height\":121,\"caption\":\"Veracel Celulose\"},\"image\":{\"@id\":\"https:\\\/\\\/www.veracel.com.br\\\/#\\\/schema\\\/logo\\\/image\\\/\"},\"sameAs\":[\"https:\\\/\\\/www.instagram.com\\\/veracelcelulose\",\"https:\\\/\\\/www.linkedin.com\\\/company\\\/veracelcelulose\\\/\",\"https:\\\/\\\/www.youtube.com\\\/user\\\/CanalVeracel\"]}]}<\/script>\n<!-- \/ Yoast SEO Premium plugin. -->","yoast_head_json":{"title":"Programa de Forma\u00e7\u00e3o da Veracel em Parceria com SENAI","description":"Programa de Forma\u00e7\u00e3o da Veracel Celulose em parceria com o SENAI, oferece oportunidades de forma\u00e7\u00e3o e profissionaliza\u00e7\u00e3o.","robots":{"index":"index","follow":"follow","max-snippet":"max-snippet:-1","max-image-preview":"max-image-preview:large","max-video-preview":"max-video-preview:-1"},"canonical":"https:\/\/www.veracel.com.br\/veracel-celulose-inicia-programa-de-formacao-em-parceria-com-senai\/","og_locale":"en_US","og_type":"article","og_title":"Veracel Celulose inicia Programa de Forma\u00e7\u00e3o em parceria com SENAI","og_description":"Programa de Forma\u00e7\u00e3o da Veracel Celulose em parceria com o SENAI, oferece oportunidades de forma\u00e7\u00e3o e profissionaliza\u00e7\u00e3o.","og_url":"https:\/\/www.veracel.com.br\/veracel-celulose-inicia-programa-de-formacao-em-parceria-com-senai\/","og_site_name":"Veracel Celulose","article_published_time":"2022-11-11T19:29:22+00:00","article_modified_time":"2022-11-11T19:40:48+00:00","og_image":[{"width":800,"height":361,"url":"https:\/\/www.veracel.com.br\/wp-content\/uploads\/2022\/11\/programa-formacao-parceria-senai-veracel.jpg","type":"image\/jpeg"}],"author":"saulo","twitter_card":"summary_large_image","twitter_misc":{"Written by":"saulo","Est. reading time":"3 minutes"},"schema":{"@context":"https:\/\/schema.org","@graph":[{"@type":"WebPage","@id":"https:\/\/www.veracel.com.br\/veracel-celulose-inicia-programa-de-formacao-em-parceria-com-senai\/","url":"https:\/\/www.veracel.com.br\/veracel-celulose-inicia-programa-de-formacao-em-parceria-com-senai\/","name":"Programa de Forma\u00e7\u00e3o da Veracel em Parceria com SENAI","isPartOf":{"@id":"https:\/\/www.veracel.com.br\/#website"},"primaryImageOfPage":{"@id":"https:\/\/www.veracel.com.br\/veracel-celulose-inicia-programa-de-formacao-em-parceria-com-senai\/#primaryimage"},"image":{"@id":"https:\/\/www.veracel.com.br\/veracel-celulose-inicia-programa-de-formacao-em-parceria-com-senai\/#primaryimage"},"thumbnailUrl":"https:\/\/www.veracel.com.br\/wp-content\/uploads\/2022\/11\/programa-formacao-parceria-senai-veracel.jpg","datePublished":"2022-11-11T19:29:22+00:00","dateModified":"2022-11-11T19:40:48+00:00","description":"Programa de Forma\u00e7\u00e3o da Veracel Celulose em parceria com o SENAI, oferece oportunidades de forma\u00e7\u00e3o e profissionaliza\u00e7\u00e3o.","breadcrumb":{"@id":"https:\/\/www.veracel.com.br\/veracel-celulose-inicia-programa-de-formacao-em-parceria-com-senai\/#breadcrumb"},"inLanguage":"en-US","potentialAction":[{"@type":"ReadAction","target":["https:\/\/www.veracel.com.br\/veracel-celulose-inicia-programa-de-formacao-em-parceria-com-senai\/"]}]},{"@type":"ImageObject","inLanguage":"en-US","@id":"https:\/\/www.veracel.com.br\/veracel-celulose-inicia-programa-de-formacao-em-parceria-com-senai\/#primaryimage","url":"https:\/\/www.veracel.com.br\/wp-content\/uploads\/2022\/11\/programa-formacao-parceria-senai-veracel.jpg","contentUrl":"https:\/\/www.veracel.com.br\/wp-content\/uploads\/2022\/11\/programa-formacao-parceria-senai-veracel.jpg","width":800,"height":361,"caption":"Parceria SENAI e Veracel Celulose"},{"@type":"BreadcrumbList","@id":"https:\/\/www.veracel.com.br\/veracel-celulose-inicia-programa-de-formacao-em-parceria-com-senai\/#breadcrumb","itemListElement":[{"@type":"ListItem","position":1,"name":"Home","item":"https:\/\/www.veracel.com.br\/"},{"@type":"ListItem","position":2,"name":"A Veracel","item":"https:\/\/www.veracel.com.br\/a-veracel\/"},{"@type":"ListItem","position":3,"name":"Veracel Celulose inicia Programa de Forma\u00e7\u00e3o em parceria com SENAI"}]},{"@type":"WebSite","@id":"https:\/\/www.veracel.com.br\/#website","url":"https:\/\/www.veracel.com.br\/","name":"Veracel Celulose","description":"Quando crescemos juntos vamos muito mais longe","publisher":{"@id":"https:\/\/www.veracel.com.br\/#organization"},"potentialAction":[{"@type":"SearchAction","target":{"@type":"EntryPoint","urlTemplate":"https:\/\/www.veracel.com.br\/?s={search_term_string}"},"query-input":{"@type":"PropertyValueSpecification","valueRequired":true,"valueName":"search_term_string"}}],"inLanguage":"en-US"},{"@type":"Organization","@id":"https:\/\/www.veracel.com.br\/#organization","name":"Veracel Celulose","url":"https:\/\/www.veracel.com.br\/","logo":{"@type":"ImageObject","inLanguage":"en-US","@id":"https:\/\/www.veracel.com.br\/#\/schema\/logo\/image\/","url":"https:\/\/www.veracel.com.br\/wp-content\/uploads\/2024\/08\/Ativo-1.png","contentUrl":"https:\/\/www.veracel.com.br\/wp-content\/uploads\/2024\/08\/Ativo-1.png","width":400,"height":121,"caption":"Veracel Celulose"},"image":{"@id":"https:\/\/www.veracel.com.br\/#\/schema\/logo\/image\/"},"sameAs":["https:\/\/www.instagram.com\/veracelcelulose","https:\/\/www.linkedin.com\/company\/veracelcelulose\/","https:\/\/www.youtube.com\/user\/CanalVeracel"]}]}},"_links":{"self":[{"href":"https:\/\/www.veracel.com.br\/en\/wp-json\/wp\/v2\/posts\/27278","targetHints":{"allow":["GET"]}}],"collection":[{"href":"https:\/\/www.veracel.com.br\/en\/wp-json\/wp\/v2\/posts"}],"about":[{"href":"https:\/\/www.veracel.com.br\/en\/wp-json\/wp\/v2\/types\/post"}],"author":[{"embeddable":true,"href":"https:\/\/www.veracel.com.br\/en\/wp-json\/wp\/v2\/users\/2"}],"replies":[{"embeddable":true,"href":"https:\/\/www.veracel.com.br\/en\/wp-json\/wp\/v2\/comments?post=27278"}],"version-history":[{"count":5,"href":"https:\/\/www.veracel.com.br\/en\/wp-json\/wp\/v2\/posts\/27278\/revisions"}],"predecessor-version":[{"id":27285,"href":"https:\/\/www.veracel.com.br\/en\/wp-json\/wp\/v2\/posts\/27278\/revisions\/27285"}],"wp:featuredmedia":[{"embeddable":true,"href":"https:\/\/www.veracel.com.br\/en\/wp-json\/wp\/v2\/media\/27279"}],"wp:attachment":[{"href":"https:\/\/www.veracel.com.br\/en\/wp-json\/wp\/v2\/media?parent=27278"}],"wp:term":[{"taxonomy":"category","embeddable":true,"href":"https:\/\/www.veracel.com.br\/en\/wp-json\/wp\/v2\/categories?post=27278"},{"taxonomy":"post_tag","embeddable":true,"href":"https:\/\/www.veracel.com.br\/en\/wp-json\/wp\/v2\/tags?post=27278"}],"curies":[{"name":"wp","href":"https:\/\/api.w.org\/{rel}","templated":true}]}}