{"id":27294,"date":"2022-09-17T18:32:32","date_gmt":"2022-09-17T21:32:32","guid":{"rendered":"https:\/\/www.veracel.com.br\/?p=27294"},"modified":"2022-11-11T18:33:01","modified_gmt":"2022-11-11T21:33:01","slug":"veracel-incrementa-producao-de-mudas-por-meio-da-transformacao-digital-de-seu-viveiro","status":"publish","type":"post","link":"https:\/\/www.veracel.com.br\/en\/veracel-incrementa-producao-de-mudas-por-meio-da-transformacao-digital-de-seu-viveiro\/","title":{"rendered":"Veracel incrementa produ\u00e7\u00e3o de mudas por meio da transforma\u00e7\u00e3o digital de seu viveiro"},"content":{"rendered":"<p><em>Veracel Celulose vem realizando mudan\u00e7as significativas no viveiro de eucaliptos, com foco em automa\u00e7\u00e3o e em aprimoramento de sistemas de controle<\/em><\/p>\n<p>&nbsp;<\/p>\n<p>Com a utiliza\u00e7\u00e3o de tecnologia, o viveiro de mudas da Veracel Celulose tem aprimorado seus processos, com foco em desenvolvimento de automa\u00e7\u00e3o e aprofundamento de controles. Essas novas aplica\u00e7\u00f5es, voltadas para a digitaliza\u00e7\u00e3o das atividades, est\u00e3o sendo aplicadas com mais intensidade desde o final do ano passado e t\u00eam trazido resultados significativos para a produtividade do viveiro.<\/p>\n<p>&nbsp;<\/p>\n<h2>Inova\u00e7\u00e3o na produ\u00e7\u00e3o de mudas<\/h2>\n<p>As inova\u00e7\u00f5es implementadas t\u00eam promovido a evolu\u00e7\u00e3o da automa\u00e7\u00e3o relacionada ao controle ambiental na produ\u00e7\u00e3o das mudas \u2013 como manejo da irriga\u00e7\u00e3o, abertura de tetos, controle de temperatura e umidade, entre outros itens. T\u00eam tamb\u00e9m contribu\u00eddo para o aprimoramento do gerenciamento de todas as etapas dos processos envolvidos na produ\u00e7\u00e3o das mudas de eucalipto.<\/p>\n<p>\u201cTudo aquilo que n\u00e3o se controla n\u00e3o se gerencia. Tomadas de decis\u00e3o r\u00e1pidas dentro de um processo produtivo complexo e din\u00e2mico como o de um viveiro fazem toda a diferen\u00e7a para alcan\u00e7ar os melhores resultados. A aplica\u00e7\u00e3o de tecnologia nos oferece essa vantagem\u201d, comenta Ihanny Lima, coordenadora de Produ\u00e7\u00e3o de Mudas da Veracel.<\/p>\n<p>\u201cCada vez mais, com as novas aplica\u00e7\u00f5es tecnol\u00f3gicas que estamos utilizando, temos controle, em tempo real, da evolu\u00e7\u00e3o das mudas, ao mesmo tempo em que podemos analisar os resultados de a\u00e7\u00f5es e fatores que j\u00e1 ocorreram. Assim, dispomos sempre de par\u00e2metros duplos, considerando tanto o que est\u00e1 ocorrendo no momento como o que j\u00e1 aconteceu. Se fizermos um comparativo com a condu\u00e7\u00e3o de um ve\u00edculo, n\u00f3s estamos olhando para a frente ao mesmo tempo em que consultamos o espelho retrovisor\u201d, diz Ihanny.<\/p>\n<p>\u201cO aumento dos sistemas de gerenciamento e controle online tem trazido excelentes resultados\u201d, complementa a coordenadora. \u201cA transforma\u00e7\u00e3o digital nos permite ter uma vis\u00e3o estrat\u00e9gica da nossa produ\u00e7\u00e3o e do trabalho das equipes, al\u00e9m de gerar informa\u00e7\u00f5es relevantes em tempo real para que possamos controlar o desenvolvimento das mudas em todas as etapas\u201d, comenta ela.<\/p>\n<p>&nbsp;<\/p>\n<h2>Atividades monitoradas \u00e0 dist\u00e2ncia<\/h2>\n<p>Dentro das inova\u00e7\u00f5es em busca de uma automa\u00e7\u00e3o cada vez maior no viveiro, os pain\u00e9is de controle (PLCs) antigos foram substitu\u00eddos por novos, de refer\u00eancia no mercado. Tamb\u00e9m houve instala\u00e7\u00e3o de telas (IHM) para tornar o controle ainda mais din\u00e2mico e \u00e1gil, sem a necessidade de uma central \u00fanica de opera\u00e7\u00f5es.<\/p>\n<p>Toda essa estrutura passou a ser integrada com a rede da Veracel, o que possibilita que as atividades do viveiro sejam controladas e monitoradas \u00e0 dist\u00e2ncia, tamb\u00e9m ser\u00e1 implantado um sistema que permitir\u00e1 gest\u00e3o completa e integradas das informa\u00e7\u00f5es, com relat\u00f3rios e ferramentas para correla\u00e7\u00e3o de dados como l\u00e2mina de \u00e1gua aplicada, hist\u00f3ricos de temperatura e umidade, hist\u00f3rico de aduba\u00e7\u00f5es, entre outros. Segundo Ihanny, esses avan\u00e7os garantem mais estabilidade no processo produtivo e ganhos em competividade para a produ\u00e7\u00e3o do viveiro.<\/p>\n<p>&nbsp;<\/p>\n<p><a href=\"https:\/\/www.veracel.com.br\/sustentabilidade\/operacoes-sustentaveis\/\">Saiba mais sobre as opera\u00e7\u00f5es sustent\u00e1veis na Veracel Celulose.<\/a><\/p>\n","protected":false},"excerpt":{"rendered":"<p>Veracel Celulose vem realizando mudan\u00e7as significativas no viveiro de eucaliptos, com foco em automa\u00e7\u00e3o e em aprimoramento de sistemas de controle &nbsp; Com a utiliza\u00e7\u00e3o de tecnologia, o viveiro de mudas da Veracel Celulose tem aprimorado seus processos, com foco em desenvolvimento de automa\u00e7\u00e3o e aprofundamento de controles. Essas novas aplica\u00e7\u00f5es, voltadas para a digitaliza\u00e7\u00e3o [&hellip;]<\/p>\n","protected":false},"author":2,"featured_media":27295,"comment_status":"open","ping_status":"open","sticky":false,"template":"","format":"standard","meta":{"_acf_changed":false,"footnotes":"","_links_to":"","_links_to_target":""},"categories":[271,211],"tags":[],"class_list":["post-27294","post","type-post","status-publish","format-standard","has-post-thumbnail","hentry","category-a-veracel","category-noticias"],"acf":[],"yoast_head":"<!-- This site is optimized with the Yoast SEO Premium plugin v26.7 (Yoast SEO v27.4) - https:\/\/yoast.com\/product\/yoast-seo-premium-wordpress\/ -->\n<title>Veracel inova na produ\u00e7\u00e3o de mudas de eucalipto<\/title>\n<meta name=\"description\" content=\"Veracel Celulose realiza inova\u00e7\u00f5es na produ\u00e7\u00e3o de mudas com foco em automa\u00e7\u00e3o e em aprimoramento de sistemas de controle.\" \/>\n<meta name=\"robots\" content=\"index, follow, max-snippet:-1, max-image-preview:large, max-video-preview:-1\" \/>\n<link rel=\"canonical\" href=\"https:\/\/www.veracel.com.br\/veracel-incrementa-producao-de-mudas-por-meio-da-transformacao-digital-de-seu-viveiro\/\" \/>\n<meta property=\"og:locale\" content=\"en_US\" \/>\n<meta property=\"og:type\" content=\"article\" \/>\n<meta property=\"og:title\" content=\"Veracel incrementa produ\u00e7\u00e3o de mudas por meio da transforma\u00e7\u00e3o digital de seu viveiro\" \/>\n<meta property=\"og:description\" content=\"Veracel Celulose realiza inova\u00e7\u00f5es na produ\u00e7\u00e3o de mudas com foco em automa\u00e7\u00e3o e em aprimoramento de sistemas de controle.\" \/>\n<meta property=\"og:url\" content=\"https:\/\/www.veracel.com.br\/veracel-incrementa-producao-de-mudas-por-meio-da-transformacao-digital-de-seu-viveiro\/\" \/>\n<meta property=\"og:site_name\" content=\"Veracel Celulose\" \/>\n<meta property=\"article:published_time\" content=\"2022-09-17T21:32:32+00:00\" \/>\n<meta property=\"article:modified_time\" content=\"2022-11-11T21:33:01+00:00\" \/>\n<meta property=\"og:image\" content=\"https:\/\/www.veracel.com.br\/wp-content\/uploads\/2022\/11\/veracel-inova-na-producao-de-mudas-de-eucalipto.jpg\" \/>\n\t<meta property=\"og:image:width\" content=\"1200\" \/>\n\t<meta property=\"og:image:height\" content=\"675\" \/>\n\t<meta property=\"og:image:type\" content=\"image\/jpeg\" \/>\n<meta name=\"author\" content=\"saulo\" \/>\n<meta name=\"twitter:card\" content=\"summary_large_image\" \/>\n<meta name=\"twitter:label1\" content=\"Written by\" \/>\n\t<meta name=\"twitter:data1\" content=\"saulo\" \/>\n\t<meta name=\"twitter:label2\" content=\"Est. reading time\" \/>\n\t<meta name=\"twitter:data2\" content=\"3 minutes\" \/>\n<script type=\"application\/ld+json\" class=\"yoast-schema-graph\">{\"@context\":\"https:\\\/\\\/schema.org\",\"@graph\":[{\"@type\":\"WebPage\",\"@id\":\"https:\\\/\\\/www.veracel.com.br\\\/veracel-incrementa-producao-de-mudas-por-meio-da-transformacao-digital-de-seu-viveiro\\\/\",\"url\":\"https:\\\/\\\/www.veracel.com.br\\\/veracel-incrementa-producao-de-mudas-por-meio-da-transformacao-digital-de-seu-viveiro\\\/\",\"name\":\"Veracel inova na produ\u00e7\u00e3o de mudas de eucalipto\",\"isPartOf\":{\"@id\":\"https:\\\/\\\/www.veracel.com.br\\\/#website\"},\"primaryImageOfPage\":{\"@id\":\"https:\\\/\\\/www.veracel.com.br\\\/veracel-incrementa-producao-de-mudas-por-meio-da-transformacao-digital-de-seu-viveiro\\\/#primaryimage\"},\"image\":{\"@id\":\"https:\\\/\\\/www.veracel.com.br\\\/veracel-incrementa-producao-de-mudas-por-meio-da-transformacao-digital-de-seu-viveiro\\\/#primaryimage\"},\"thumbnailUrl\":\"https:\\\/\\\/www.veracel.com.br\\\/wp-content\\\/uploads\\\/2022\\\/11\\\/veracel-inova-na-producao-de-mudas-de-eucalipto.jpg\",\"datePublished\":\"2022-09-17T21:32:32+00:00\",\"dateModified\":\"2022-11-11T21:33:01+00:00\",\"description\":\"Veracel Celulose realiza inova\u00e7\u00f5es na produ\u00e7\u00e3o de mudas com foco em automa\u00e7\u00e3o e em aprimoramento de sistemas de controle.\",\"breadcrumb\":{\"@id\":\"https:\\\/\\\/www.veracel.com.br\\\/veracel-incrementa-producao-de-mudas-por-meio-da-transformacao-digital-de-seu-viveiro\\\/#breadcrumb\"},\"inLanguage\":\"en-US\",\"potentialAction\":[{\"@type\":\"ReadAction\",\"target\":[\"https:\\\/\\\/www.veracel.com.br\\\/veracel-incrementa-producao-de-mudas-por-meio-da-transformacao-digital-de-seu-viveiro\\\/\"]}]},{\"@type\":\"ImageObject\",\"inLanguage\":\"en-US\",\"@id\":\"https:\\\/\\\/www.veracel.com.br\\\/veracel-incrementa-producao-de-mudas-por-meio-da-transformacao-digital-de-seu-viveiro\\\/#primaryimage\",\"url\":\"https:\\\/\\\/www.veracel.com.br\\\/wp-content\\\/uploads\\\/2022\\\/11\\\/veracel-inova-na-producao-de-mudas-de-eucalipto.jpg\",\"contentUrl\":\"https:\\\/\\\/www.veracel.com.br\\\/wp-content\\\/uploads\\\/2022\\\/11\\\/veracel-inova-na-producao-de-mudas-de-eucalipto.jpg\",\"width\":1200,\"height\":675,\"caption\":\"Inova\u00e7\u00e3o na Produ\u00e7\u00e3o de Mudas de Eucalipto\"},{\"@type\":\"BreadcrumbList\",\"@id\":\"https:\\\/\\\/www.veracel.com.br\\\/veracel-incrementa-producao-de-mudas-por-meio-da-transformacao-digital-de-seu-viveiro\\\/#breadcrumb\",\"itemListElement\":[{\"@type\":\"ListItem\",\"position\":1,\"name\":\"Home\",\"item\":\"https:\\\/\\\/www.veracel.com.br\\\/\"},{\"@type\":\"ListItem\",\"position\":2,\"name\":\"A Veracel\",\"item\":\"https:\\\/\\\/www.veracel.com.br\\\/a-veracel\\\/\"},{\"@type\":\"ListItem\",\"position\":3,\"name\":\"Veracel incrementa produ\u00e7\u00e3o de mudas por meio da transforma\u00e7\u00e3o digital de seu viveiro\"}]},{\"@type\":\"WebSite\",\"@id\":\"https:\\\/\\\/www.veracel.com.br\\\/#website\",\"url\":\"https:\\\/\\\/www.veracel.com.br\\\/\",\"name\":\"Veracel Celulose\",\"description\":\"Quando crescemos juntos vamos muito mais longe\",\"publisher\":{\"@id\":\"https:\\\/\\\/www.veracel.com.br\\\/#organization\"},\"potentialAction\":[{\"@type\":\"SearchAction\",\"target\":{\"@type\":\"EntryPoint\",\"urlTemplate\":\"https:\\\/\\\/www.veracel.com.br\\\/?s={search_term_string}\"},\"query-input\":{\"@type\":\"PropertyValueSpecification\",\"valueRequired\":true,\"valueName\":\"search_term_string\"}}],\"inLanguage\":\"en-US\"},{\"@type\":\"Organization\",\"@id\":\"https:\\\/\\\/www.veracel.com.br\\\/#organization\",\"name\":\"Veracel Celulose\",\"url\":\"https:\\\/\\\/www.veracel.com.br\\\/\",\"logo\":{\"@type\":\"ImageObject\",\"inLanguage\":\"en-US\",\"@id\":\"https:\\\/\\\/www.veracel.com.br\\\/#\\\/schema\\\/logo\\\/image\\\/\",\"url\":\"https:\\\/\\\/www.veracel.com.br\\\/wp-content\\\/uploads\\\/2024\\\/08\\\/Ativo-1.png\",\"contentUrl\":\"https:\\\/\\\/www.veracel.com.br\\\/wp-content\\\/uploads\\\/2024\\\/08\\\/Ativo-1.png\",\"width\":400,\"height\":121,\"caption\":\"Veracel Celulose\"},\"image\":{\"@id\":\"https:\\\/\\\/www.veracel.com.br\\\/#\\\/schema\\\/logo\\\/image\\\/\"},\"sameAs\":[\"https:\\\/\\\/www.instagram.com\\\/veracelcelulose\",\"https:\\\/\\\/www.linkedin.com\\\/company\\\/veracelcelulose\\\/\",\"https:\\\/\\\/www.youtube.com\\\/user\\\/CanalVeracel\"]}]}<\/script>\n<!-- \/ Yoast SEO Premium plugin. -->","yoast_head_json":{"title":"Veracel inova na produ\u00e7\u00e3o de mudas de eucalipto","description":"Veracel Celulose realiza inova\u00e7\u00f5es na produ\u00e7\u00e3o de mudas com foco em automa\u00e7\u00e3o e em aprimoramento de sistemas de controle.","robots":{"index":"index","follow":"follow","max-snippet":"max-snippet:-1","max-image-preview":"max-image-preview:large","max-video-preview":"max-video-preview:-1"},"canonical":"https:\/\/www.veracel.com.br\/veracel-incrementa-producao-de-mudas-por-meio-da-transformacao-digital-de-seu-viveiro\/","og_locale":"en_US","og_type":"article","og_title":"Veracel incrementa produ\u00e7\u00e3o de mudas por meio da transforma\u00e7\u00e3o digital de seu viveiro","og_description":"Veracel Celulose realiza inova\u00e7\u00f5es na produ\u00e7\u00e3o de mudas com foco em automa\u00e7\u00e3o e em aprimoramento de sistemas de controle.","og_url":"https:\/\/www.veracel.com.br\/veracel-incrementa-producao-de-mudas-por-meio-da-transformacao-digital-de-seu-viveiro\/","og_site_name":"Veracel Celulose","article_published_time":"2022-09-17T21:32:32+00:00","article_modified_time":"2022-11-11T21:33:01+00:00","og_image":[{"width":1200,"height":675,"url":"https:\/\/www.veracel.com.br\/wp-content\/uploads\/2022\/11\/veracel-inova-na-producao-de-mudas-de-eucalipto.jpg","type":"image\/jpeg"}],"author":"saulo","twitter_card":"summary_large_image","twitter_misc":{"Written by":"saulo","Est. reading time":"3 minutes"},"schema":{"@context":"https:\/\/schema.org","@graph":[{"@type":"WebPage","@id":"https:\/\/www.veracel.com.br\/veracel-incrementa-producao-de-mudas-por-meio-da-transformacao-digital-de-seu-viveiro\/","url":"https:\/\/www.veracel.com.br\/veracel-incrementa-producao-de-mudas-por-meio-da-transformacao-digital-de-seu-viveiro\/","name":"Veracel inova na produ\u00e7\u00e3o de mudas de eucalipto","isPartOf":{"@id":"https:\/\/www.veracel.com.br\/#website"},"primaryImageOfPage":{"@id":"https:\/\/www.veracel.com.br\/veracel-incrementa-producao-de-mudas-por-meio-da-transformacao-digital-de-seu-viveiro\/#primaryimage"},"image":{"@id":"https:\/\/www.veracel.com.br\/veracel-incrementa-producao-de-mudas-por-meio-da-transformacao-digital-de-seu-viveiro\/#primaryimage"},"thumbnailUrl":"https:\/\/www.veracel.com.br\/wp-content\/uploads\/2022\/11\/veracel-inova-na-producao-de-mudas-de-eucalipto.jpg","datePublished":"2022-09-17T21:32:32+00:00","dateModified":"2022-11-11T21:33:01+00:00","description":"Veracel Celulose realiza inova\u00e7\u00f5es na produ\u00e7\u00e3o de mudas com foco em automa\u00e7\u00e3o e em aprimoramento de sistemas de controle.","breadcrumb":{"@id":"https:\/\/www.veracel.com.br\/veracel-incrementa-producao-de-mudas-por-meio-da-transformacao-digital-de-seu-viveiro\/#breadcrumb"},"inLanguage":"en-US","potentialAction":[{"@type":"ReadAction","target":["https:\/\/www.veracel.com.br\/veracel-incrementa-producao-de-mudas-por-meio-da-transformacao-digital-de-seu-viveiro\/"]}]},{"@type":"ImageObject","inLanguage":"en-US","@id":"https:\/\/www.veracel.com.br\/veracel-incrementa-producao-de-mudas-por-meio-da-transformacao-digital-de-seu-viveiro\/#primaryimage","url":"https:\/\/www.veracel.com.br\/wp-content\/uploads\/2022\/11\/veracel-inova-na-producao-de-mudas-de-eucalipto.jpg","contentUrl":"https:\/\/www.veracel.com.br\/wp-content\/uploads\/2022\/11\/veracel-inova-na-producao-de-mudas-de-eucalipto.jpg","width":1200,"height":675,"caption":"Inova\u00e7\u00e3o na Produ\u00e7\u00e3o de Mudas de Eucalipto"},{"@type":"BreadcrumbList","@id":"https:\/\/www.veracel.com.br\/veracel-incrementa-producao-de-mudas-por-meio-da-transformacao-digital-de-seu-viveiro\/#breadcrumb","itemListElement":[{"@type":"ListItem","position":1,"name":"Home","item":"https:\/\/www.veracel.com.br\/"},{"@type":"ListItem","position":2,"name":"A Veracel","item":"https:\/\/www.veracel.com.br\/a-veracel\/"},{"@type":"ListItem","position":3,"name":"Veracel incrementa produ\u00e7\u00e3o de mudas por meio da transforma\u00e7\u00e3o digital de seu viveiro"}]},{"@type":"WebSite","@id":"https:\/\/www.veracel.com.br\/#website","url":"https:\/\/www.veracel.com.br\/","name":"Veracel Celulose","description":"Quando crescemos juntos vamos muito mais longe","publisher":{"@id":"https:\/\/www.veracel.com.br\/#organization"},"potentialAction":[{"@type":"SearchAction","target":{"@type":"EntryPoint","urlTemplate":"https:\/\/www.veracel.com.br\/?s={search_term_string}"},"query-input":{"@type":"PropertyValueSpecification","valueRequired":true,"valueName":"search_term_string"}}],"inLanguage":"en-US"},{"@type":"Organization","@id":"https:\/\/www.veracel.com.br\/#organization","name":"Veracel Celulose","url":"https:\/\/www.veracel.com.br\/","logo":{"@type":"ImageObject","inLanguage":"en-US","@id":"https:\/\/www.veracel.com.br\/#\/schema\/logo\/image\/","url":"https:\/\/www.veracel.com.br\/wp-content\/uploads\/2024\/08\/Ativo-1.png","contentUrl":"https:\/\/www.veracel.com.br\/wp-content\/uploads\/2024\/08\/Ativo-1.png","width":400,"height":121,"caption":"Veracel Celulose"},"image":{"@id":"https:\/\/www.veracel.com.br\/#\/schema\/logo\/image\/"},"sameAs":["https:\/\/www.instagram.com\/veracelcelulose","https:\/\/www.linkedin.com\/company\/veracelcelulose\/","https:\/\/www.youtube.com\/user\/CanalVeracel"]}]}},"_links":{"self":[{"href":"https:\/\/www.veracel.com.br\/en\/wp-json\/wp\/v2\/posts\/27294","targetHints":{"allow":["GET"]}}],"collection":[{"href":"https:\/\/www.veracel.com.br\/en\/wp-json\/wp\/v2\/posts"}],"about":[{"href":"https:\/\/www.veracel.com.br\/en\/wp-json\/wp\/v2\/types\/post"}],"author":[{"embeddable":true,"href":"https:\/\/www.veracel.com.br\/en\/wp-json\/wp\/v2\/users\/2"}],"replies":[{"embeddable":true,"href":"https:\/\/www.veracel.com.br\/en\/wp-json\/wp\/v2\/comments?post=27294"}],"version-history":[{"count":1,"href":"https:\/\/www.veracel.com.br\/en\/wp-json\/wp\/v2\/posts\/27294\/revisions"}],"predecessor-version":[{"id":27297,"href":"https:\/\/www.veracel.com.br\/en\/wp-json\/wp\/v2\/posts\/27294\/revisions\/27297"}],"wp:featuredmedia":[{"embeddable":true,"href":"https:\/\/www.veracel.com.br\/en\/wp-json\/wp\/v2\/media\/27295"}],"wp:attachment":[{"href":"https:\/\/www.veracel.com.br\/en\/wp-json\/wp\/v2\/media?parent=27294"}],"wp:term":[{"taxonomy":"category","embeddable":true,"href":"https:\/\/www.veracel.com.br\/en\/wp-json\/wp\/v2\/categories?post=27294"},{"taxonomy":"post_tag","embeddable":true,"href":"https:\/\/www.veracel.com.br\/en\/wp-json\/wp\/v2\/tags?post=27294"}],"curies":[{"name":"wp","href":"https:\/\/api.w.org\/{rel}","templated":true}]}}