{"id":27316,"date":"2022-11-28T16:56:43","date_gmt":"2022-11-28T19:56:43","guid":{"rendered":"https:\/\/www.veracel.com.br\/?p=27316"},"modified":"2022-12-01T11:40:14","modified_gmt":"2022-12-01T14:40:14","slug":"veracel-celulose-avanca-em-iniciativas-de-diversidade-e-inclusao","status":"publish","type":"post","link":"https:\/\/www.veracel.com.br\/en\/veracel-celulose-avanca-em-iniciativas-de-diversidade-e-inclusao\/","title":{"rendered":"Veracel Celulose avan\u00e7a em iniciativas de diversidade e inclus\u00e3o"},"content":{"rendered":"<p><em>Objetivo \u00e9 valorizar e reconhecer as diferen\u00e7as e incentivar um ambiente de trabalho respeitoso e pautado pela igualdade de oportunidades<\/em><\/p>\n<p>&nbsp;<\/p>\n<p>Desde 2020 a Veracel Celulose tem trabalhado em um diagn\u00f3stico e planejamento estruturado para ampliar as iniciativas de diversidade e inclus\u00e3o. Em 2022, a empresa consolidou importantes avan\u00e7os com a\u00e7\u00f5es que valorizam a forma\u00e7\u00e3o, a atra\u00e7\u00e3o de pessoas diversas para a companhia e a reten\u00e7\u00e3o desses talentos.<\/p>\n<p>\u201cPara a Veracel Celulose \u00e9 de extrema import\u00e2ncia n\u00e3o apenas ampliar a diversidade de pessoas dentro da companhia, mas tamb\u00e9m receber bem a todas e todos dentro da corpora\u00e7\u00e3o, com um plano de carreira e desenvolvimento profissional estruturado e ainda promover a\u00e7\u00f5es para oferecer novas oportunidades de qualifica\u00e7\u00e3o, emprego e renda \u00e0s pessoas da comunidade em que estamos inseridos\u201d destaca Dienane Brand\u00e3o, gerente de Desenvolvimento Humano Organizacional da Veracel.<\/p>\n<p>&nbsp;<\/p>\n<h2>Programa investe em forma\u00e7\u00e3o de m\u00e3o de obra local<\/h2>\n<p>Como parte do seu programa EducaVeracel, a empresa tem investido na forma\u00e7\u00e3o de m\u00e3o de obra local, com o objetivo de desenvolver e formar novos profissionais na regi\u00e3o, tanto para futuras oportunidades na companhia como para o mercado. As vagas de forma\u00e7\u00e3o profissional s\u00e3o voltadas preferencialmente para o p\u00fablico feminino, pessoas com defici\u00eancia e pessoas negras (pardas e pretas). Esse ano, 40 vagas foram disponibilizadas nos cursos de Operadora de M\u00e1quinas Florestais \u2013 exclusivo para mulheres e Mec\u00e2nica e Mec\u00e2nico de M\u00e1quinas Florestais. Das oportunidades, 28 foram preenchidas por mulheres, um n\u00famero in\u00e9dito. Os cursos j\u00e1 est\u00e3o em andamento.<\/p>\n<p>&nbsp;<\/p>\n<h2>Diversidade e inclus\u00e3o para jovens aprendizes<\/h2>\n<p>Al\u00e9m disso, a Veracel Celulose tamb\u00e9m realizou o recrutamento de 50 jovens aprendizes, entre pessoas autodeclaradas negras (pretas ou pardas), mulheres, ind\u00edgenas e pessoas com defici\u00eancia nos cursos de Assistente Administrativo e Auxiliar de Fabrica\u00e7\u00e3o de Fibra Celul\u00f3sica. No total dos cursos, mais de 90 pessoas ser\u00e3o beneficiadas e ter\u00e3o a garantia de poder aplicar o conte\u00fado aprendido na pr\u00f3pria empresa, por meio de est\u00e1gio remunerado (bolsa aux\u00edlio).<\/p>\n<p>\u201cParticipar deste curso \u00e9 muito importante para minha forma\u00e7\u00e3o profissional porque \u00e9 uma grande oportunidade para ampliar minhas op\u00e7\u00f5es no mercado de trabalho, que precisa de m\u00e3o de obra especializada. Al\u00e9m disso, aqui na minha regi\u00e3o n\u00e3o temos muitos recursos profissionalizantes, especialmente nessa \u00e1rea da mec\u00e2nica florestal, ent\u00e3o esse programa de forma\u00e7\u00e3o contribuir\u00e1 bastante\u201d comenta Edleuza Nascimento Santos, ind\u00edgena taquari e aluna do curso de Mec\u00e2nica de M\u00e1quinas Florestais.<\/p>\n<p>&nbsp;<\/p>\n<h2>Turma formada exclusivamente por mulheres<\/h2>\n<p>\u201cO curso de forma\u00e7\u00e3o de operadoras de m\u00e1quinas florestais \u00e9 um marco para n\u00f3s. Quando estivermos na fase do est\u00e1gio, ser\u00e1 a primeira vez que teremos uma turma formada exclusivamente por mulheres na opera\u00e7\u00e3o de colheita florestal na companhia, o que mostra a preocupa\u00e7\u00e3o da Veracel Celulose em aumentar a presen\u00e7a feminina em atividades habitualmente ocupadas por homens de forma qualificada e com oportunidades igualit\u00e1rias\u201d, complementa Dienane.<\/p>\n<p>&nbsp;<\/p>\n<h2>Promo\u00e7\u00e3o interna para cultura da diversidade e inclus\u00e3o<\/h2>\n<p>A Veracel Celulose tamb\u00e9m criou os Di\u00e1logos pela Diversidade, que s\u00e3o p\u00edlulas informativas na comunica\u00e7\u00e3o interna da empresa para estimular ainda mais o entendimento dos funcion\u00e1rios sobre o tema. Tamb\u00e9m em uma iniciativa interna, a companhia promove anualmente a Semana da Diversidade com o objetivo de oferecer sensibiliza\u00e7\u00e3o e letramento, promovendo assim uma cultura mais inclusiva.<\/p>\n<p>Outra iniciativa importante foi a forma\u00e7\u00e3o de cerca de 90 funcion\u00e1rios em Comunica\u00e7\u00e3o em libras e a participa\u00e7\u00e3o de int\u00e9rpretes em libras em todos os eventos e lives internas.<\/p>\n<p>A Veracel Celulose tamb\u00e9m avan\u00e7ou nos estudos de acessibilidade para, at\u00e9 2025, ampliar o acesso e realizar cada vez mais adequa\u00e7\u00f5es nos postos de trabalho, para tornar o ambiente da companhia ainda mais inclusivo, desde o transporte de funcion\u00e1rios at\u00e9 a melhor utiliza\u00e7\u00e3o de \u00e1reas comuns da empresa.<\/p>\n<p>&nbsp;<\/p>\n<h2>A trajet\u00f3ria da diversidade e inclus\u00e3o na Veracel Celulose<\/h2>\n<p>O trabalho da Veracel com as iniciativas de diversidade e inclus\u00e3o come\u00e7ou de forma estruturada em 2020, com a forma\u00e7\u00e3o de um comit\u00ea de volunt\u00e1rios de diferentes \u00e1reas e cargos da companhia. O grupo conta com grupos de trabalho com foco em equidade de g\u00eanero, ra\u00e7a e etnia, pessoas com defici\u00eancia, pessoas LGBTQIA + e gera\u00e7\u00f5es.<\/p>\n<p>A primeira etapa do projeto foi a estrutura\u00e7\u00e3o das a\u00e7\u00f5es, dos objetivos e das metas para os pr\u00f3ximos anos, al\u00e9m da contrata\u00e7\u00e3o de uma consultoria especializada para a realiza\u00e7\u00e3o de um censo de diversidade e de uma pesquisa de percep\u00e7\u00e3o das pessoas da Veracel Celulose a respeito do tema. Com essas ferramentas, a empresa produziu um diagn\u00f3stico real para o mapeamento das a\u00e7\u00f5es necess\u00e1rias.<\/p>\n<p>A iniciativa tem o envolvimento da alta lideran\u00e7a e de colaboradoras e colaboradores volunt\u00e1rios, sendo que cada um dos diretores est\u00e1 envolvido nos grupos de trabalho. Inclusive o CEO da empresa ocupa uma cadeira e atua ativamente no comit\u00ea para o desenvolvimento de diversidade e inclus\u00e3o.<\/p>\n<p>Em 2022, a Veracel fez tamb\u00e9m uma avalia\u00e7\u00e3o da Governan\u00e7a do seu Programa de Diversidade, assim como a revis\u00e3o de processos que auxiliar\u00e3o a companhia a continuar avan\u00e7ando na pauta. Como exemplos, est\u00e3o as pol\u00edticas e procedimentos de Recrutamento e Sele\u00e7\u00e3o e do Ciclo de Gente.<\/p>\n<p>O objetivo da iniciativa \u00e9 olhar de forma estrat\u00e9gica para os p\u00fablicos interno e externo da empresa, garantindo oportunidades de trabalho equitativas para todas as pessoas. \u201cA Veracel vem semeando uma linda jornada de diversidade, equidade e inclus\u00e3o, para seus colaboradores e para a comunidade no entorno e seguiremos trabalhando no fomento de uma cultura inclusiva e respeitosa para todas as pessoas, independentemente de sua identidade de g\u00eanero, orienta\u00e7\u00e3o afetiva e sexual, idade, cor, ra\u00e7a, defici\u00eancia, religi\u00e3o, regionalidade, etc\u201d, destaca Renata Nahon, especialista de Diversidade da Veracel Celulose.<\/p>\n<p>Al\u00e9m disso, a companhia \u00e9 signat\u00e1ria de pactos com consultorias e parceiros especializados em diversidade que validam o compromisso da Veracel em trabalhar em prol da inclus\u00e3o e equidade, como a REIS \u2013 Rede Empresarial de Inclus\u00e3o Social, que luta pela inclus\u00e3o de pessoas com defici\u00eancia no mercado de trabalho, junto ao F\u00f3rum de Empresas e Direitos LGBTQIA+, com a Coaliz\u00e3o Empresarial pela Equidade Racial e de G\u00eanero e com a Coaliz\u00e3o Empresarial pelo Fim da Viol\u00eancia contra Mulheres e Meninas.<\/p>\n<p>&nbsp;<\/p>\n<p><a href=\"https:\/\/www.veracel.com.br\/nosso-jeito\/\">Conhe\u00e7a mais sobre o jeito de ser da Veracel Celulose.<\/a><\/p>\n<p><a href=\"https:\/\/www.veracel.com.br\/sustentabilidade\/nossa-gente\/\">Saiba sobre outras a\u00e7\u00f5es que fazem da Veracel Celulose um excelente lugar para trabalhar.<\/a><\/p>\n","protected":false},"excerpt":{"rendered":"<p>Objetivo \u00e9 valorizar e reconhecer as diferen\u00e7as e incentivar um ambiente de trabalho respeitoso e pautado pela igualdade de oportunidades &nbsp; Desde 2020 a Veracel Celulose tem trabalhado em um diagn\u00f3stico e planejamento estruturado para ampliar as iniciativas de diversidade e inclus\u00e3o. Em 2022, a empresa consolidou importantes avan\u00e7os com a\u00e7\u00f5es que valorizam a forma\u00e7\u00e3o, [&hellip;]<\/p>\n","protected":false},"author":2,"featured_media":27377,"comment_status":"open","ping_status":"open","sticky":false,"template":"","format":"standard","meta":{"_acf_changed":false,"footnotes":"","_links_to":"","_links_to_target":""},"categories":[271,211],"tags":[],"class_list":["post-27316","post","type-post","status-publish","format-standard","has-post-thumbnail","hentry","category-a-veracel","category-noticias"],"acf":[],"yoast_head":"<!-- This site is optimized with the Yoast SEO Premium plugin v26.7 (Yoast SEO v27.4) - https:\/\/yoast.com\/product\/yoast-seo-premium-wordpress\/ -->\n<title>Veracel Celulose avan\u00e7a em iniciativas de diversidade e inclus\u00e3o<\/title>\n<meta name=\"description\" content=\"Iniciativas de diversidade e inclus\u00e3o na Veracel visam valorizar as diferen\u00e7as e incentivar um ambiente respeitoso e pautado pela igualdade.\" \/>\n<meta name=\"robots\" content=\"index, follow, max-snippet:-1, max-image-preview:large, max-video-preview:-1\" \/>\n<link rel=\"canonical\" href=\"https:\/\/www.veracel.com.br\/veracel-celulose-avanca-em-iniciativas-de-diversidade-e-inclusao\/\" \/>\n<meta property=\"og:locale\" content=\"en_US\" \/>\n<meta property=\"og:type\" content=\"article\" \/>\n<meta property=\"og:title\" content=\"Veracel Celulose avan\u00e7a em iniciativas de diversidade e inclus\u00e3o\" \/>\n<meta property=\"og:description\" content=\"Iniciativas de diversidade e inclus\u00e3o na Veracel visam valorizar as diferen\u00e7as e incentivar um ambiente respeitoso e pautado pela igualdade.\" \/>\n<meta property=\"og:url\" content=\"https:\/\/www.veracel.com.br\/veracel-celulose-avanca-em-iniciativas-de-diversidade-e-inclusao\/\" \/>\n<meta property=\"og:site_name\" content=\"Veracel Celulose\" \/>\n<meta property=\"article:published_time\" content=\"2022-11-28T19:56:43+00:00\" \/>\n<meta property=\"article:modified_time\" content=\"2022-12-01T14:40:14+00:00\" \/>\n<meta property=\"og:image\" content=\"https:\/\/www.veracel.com.br\/wp-content\/uploads\/2022\/11\/diversidade-inclusao-veracel-celulose.jpg\" \/>\n\t<meta property=\"og:image:width\" content=\"1200\" \/>\n\t<meta property=\"og:image:height\" content=\"675\" \/>\n\t<meta property=\"og:image:type\" content=\"image\/jpeg\" \/>\n<meta name=\"author\" content=\"saulo\" \/>\n<meta name=\"twitter:card\" content=\"summary_large_image\" \/>\n<meta name=\"twitter:label1\" content=\"Written by\" \/>\n\t<meta name=\"twitter:data1\" content=\"saulo\" \/>\n\t<meta name=\"twitter:label2\" content=\"Est. reading time\" \/>\n\t<meta name=\"twitter:data2\" content=\"6 minutes\" \/>\n<script type=\"application\/ld+json\" class=\"yoast-schema-graph\">{\"@context\":\"https:\\\/\\\/schema.org\",\"@graph\":[{\"@type\":\"WebPage\",\"@id\":\"https:\\\/\\\/www.veracel.com.br\\\/veracel-celulose-avanca-em-iniciativas-de-diversidade-e-inclusao\\\/\",\"url\":\"https:\\\/\\\/www.veracel.com.br\\\/veracel-celulose-avanca-em-iniciativas-de-diversidade-e-inclusao\\\/\",\"name\":\"Veracel Celulose avan\u00e7a em iniciativas de diversidade e inclus\u00e3o\",\"isPartOf\":{\"@id\":\"https:\\\/\\\/www.veracel.com.br\\\/#website\"},\"primaryImageOfPage\":{\"@id\":\"https:\\\/\\\/www.veracel.com.br\\\/veracel-celulose-avanca-em-iniciativas-de-diversidade-e-inclusao\\\/#primaryimage\"},\"image\":{\"@id\":\"https:\\\/\\\/www.veracel.com.br\\\/veracel-celulose-avanca-em-iniciativas-de-diversidade-e-inclusao\\\/#primaryimage\"},\"thumbnailUrl\":\"https:\\\/\\\/www.veracel.com.br\\\/wp-content\\\/uploads\\\/2022\\\/11\\\/diversidade-inclusao-veracel-celulose.jpg\",\"datePublished\":\"2022-11-28T19:56:43+00:00\",\"dateModified\":\"2022-12-01T14:40:14+00:00\",\"description\":\"Iniciativas de diversidade e inclus\u00e3o na Veracel visam valorizar as diferen\u00e7as e incentivar um ambiente respeitoso e pautado pela igualdade.\",\"breadcrumb\":{\"@id\":\"https:\\\/\\\/www.veracel.com.br\\\/veracel-celulose-avanca-em-iniciativas-de-diversidade-e-inclusao\\\/#breadcrumb\"},\"inLanguage\":\"en-US\",\"potentialAction\":[{\"@type\":\"ReadAction\",\"target\":[\"https:\\\/\\\/www.veracel.com.br\\\/veracel-celulose-avanca-em-iniciativas-de-diversidade-e-inclusao\\\/\"]}]},{\"@type\":\"ImageObject\",\"inLanguage\":\"en-US\",\"@id\":\"https:\\\/\\\/www.veracel.com.br\\\/veracel-celulose-avanca-em-iniciativas-de-diversidade-e-inclusao\\\/#primaryimage\",\"url\":\"https:\\\/\\\/www.veracel.com.br\\\/wp-content\\\/uploads\\\/2022\\\/11\\\/diversidade-inclusao-veracel-celulose.jpg\",\"contentUrl\":\"https:\\\/\\\/www.veracel.com.br\\\/wp-content\\\/uploads\\\/2022\\\/11\\\/diversidade-inclusao-veracel-celulose.jpg\",\"width\":1200,\"height\":675},{\"@type\":\"BreadcrumbList\",\"@id\":\"https:\\\/\\\/www.veracel.com.br\\\/veracel-celulose-avanca-em-iniciativas-de-diversidade-e-inclusao\\\/#breadcrumb\",\"itemListElement\":[{\"@type\":\"ListItem\",\"position\":1,\"name\":\"Home\",\"item\":\"https:\\\/\\\/www.veracel.com.br\\\/\"},{\"@type\":\"ListItem\",\"position\":2,\"name\":\"A Veracel\",\"item\":\"https:\\\/\\\/www.veracel.com.br\\\/a-veracel\\\/\"},{\"@type\":\"ListItem\",\"position\":3,\"name\":\"Veracel Celulose avan\u00e7a em iniciativas de diversidade e inclus\u00e3o\"}]},{\"@type\":\"WebSite\",\"@id\":\"https:\\\/\\\/www.veracel.com.br\\\/#website\",\"url\":\"https:\\\/\\\/www.veracel.com.br\\\/\",\"name\":\"Veracel Celulose\",\"description\":\"Quando crescemos juntos vamos muito mais longe\",\"publisher\":{\"@id\":\"https:\\\/\\\/www.veracel.com.br\\\/#organization\"},\"potentialAction\":[{\"@type\":\"SearchAction\",\"target\":{\"@type\":\"EntryPoint\",\"urlTemplate\":\"https:\\\/\\\/www.veracel.com.br\\\/?s={search_term_string}\"},\"query-input\":{\"@type\":\"PropertyValueSpecification\",\"valueRequired\":true,\"valueName\":\"search_term_string\"}}],\"inLanguage\":\"en-US\"},{\"@type\":\"Organization\",\"@id\":\"https:\\\/\\\/www.veracel.com.br\\\/#organization\",\"name\":\"Veracel Celulose\",\"url\":\"https:\\\/\\\/www.veracel.com.br\\\/\",\"logo\":{\"@type\":\"ImageObject\",\"inLanguage\":\"en-US\",\"@id\":\"https:\\\/\\\/www.veracel.com.br\\\/#\\\/schema\\\/logo\\\/image\\\/\",\"url\":\"https:\\\/\\\/www.veracel.com.br\\\/wp-content\\\/uploads\\\/2024\\\/08\\\/Ativo-1.png\",\"contentUrl\":\"https:\\\/\\\/www.veracel.com.br\\\/wp-content\\\/uploads\\\/2024\\\/08\\\/Ativo-1.png\",\"width\":400,\"height\":121,\"caption\":\"Veracel Celulose\"},\"image\":{\"@id\":\"https:\\\/\\\/www.veracel.com.br\\\/#\\\/schema\\\/logo\\\/image\\\/\"},\"sameAs\":[\"https:\\\/\\\/www.instagram.com\\\/veracelcelulose\",\"https:\\\/\\\/www.linkedin.com\\\/company\\\/veracelcelulose\\\/\",\"https:\\\/\\\/www.youtube.com\\\/user\\\/CanalVeracel\"]}]}<\/script>\n<!-- \/ Yoast SEO Premium plugin. -->","yoast_head_json":{"title":"Veracel Celulose avan\u00e7a em iniciativas de diversidade e inclus\u00e3o","description":"Iniciativas de diversidade e inclus\u00e3o na Veracel visam valorizar as diferen\u00e7as e incentivar um ambiente respeitoso e pautado pela igualdade.","robots":{"index":"index","follow":"follow","max-snippet":"max-snippet:-1","max-image-preview":"max-image-preview:large","max-video-preview":"max-video-preview:-1"},"canonical":"https:\/\/www.veracel.com.br\/veracel-celulose-avanca-em-iniciativas-de-diversidade-e-inclusao\/","og_locale":"en_US","og_type":"article","og_title":"Veracel Celulose avan\u00e7a em iniciativas de diversidade e inclus\u00e3o","og_description":"Iniciativas de diversidade e inclus\u00e3o na Veracel visam valorizar as diferen\u00e7as e incentivar um ambiente respeitoso e pautado pela igualdade.","og_url":"https:\/\/www.veracel.com.br\/veracel-celulose-avanca-em-iniciativas-de-diversidade-e-inclusao\/","og_site_name":"Veracel Celulose","article_published_time":"2022-11-28T19:56:43+00:00","article_modified_time":"2022-12-01T14:40:14+00:00","og_image":[{"width":1200,"height":675,"url":"https:\/\/www.veracel.com.br\/wp-content\/uploads\/2022\/11\/diversidade-inclusao-veracel-celulose.jpg","type":"image\/jpeg"}],"author":"saulo","twitter_card":"summary_large_image","twitter_misc":{"Written by":"saulo","Est. reading time":"6 minutes"},"schema":{"@context":"https:\/\/schema.org","@graph":[{"@type":"WebPage","@id":"https:\/\/www.veracel.com.br\/veracel-celulose-avanca-em-iniciativas-de-diversidade-e-inclusao\/","url":"https:\/\/www.veracel.com.br\/veracel-celulose-avanca-em-iniciativas-de-diversidade-e-inclusao\/","name":"Veracel Celulose avan\u00e7a em iniciativas de diversidade e inclus\u00e3o","isPartOf":{"@id":"https:\/\/www.veracel.com.br\/#website"},"primaryImageOfPage":{"@id":"https:\/\/www.veracel.com.br\/veracel-celulose-avanca-em-iniciativas-de-diversidade-e-inclusao\/#primaryimage"},"image":{"@id":"https:\/\/www.veracel.com.br\/veracel-celulose-avanca-em-iniciativas-de-diversidade-e-inclusao\/#primaryimage"},"thumbnailUrl":"https:\/\/www.veracel.com.br\/wp-content\/uploads\/2022\/11\/diversidade-inclusao-veracel-celulose.jpg","datePublished":"2022-11-28T19:56:43+00:00","dateModified":"2022-12-01T14:40:14+00:00","description":"Iniciativas de diversidade e inclus\u00e3o na Veracel visam valorizar as diferen\u00e7as e incentivar um ambiente respeitoso e pautado pela igualdade.","breadcrumb":{"@id":"https:\/\/www.veracel.com.br\/veracel-celulose-avanca-em-iniciativas-de-diversidade-e-inclusao\/#breadcrumb"},"inLanguage":"en-US","potentialAction":[{"@type":"ReadAction","target":["https:\/\/www.veracel.com.br\/veracel-celulose-avanca-em-iniciativas-de-diversidade-e-inclusao\/"]}]},{"@type":"ImageObject","inLanguage":"en-US","@id":"https:\/\/www.veracel.com.br\/veracel-celulose-avanca-em-iniciativas-de-diversidade-e-inclusao\/#primaryimage","url":"https:\/\/www.veracel.com.br\/wp-content\/uploads\/2022\/11\/diversidade-inclusao-veracel-celulose.jpg","contentUrl":"https:\/\/www.veracel.com.br\/wp-content\/uploads\/2022\/11\/diversidade-inclusao-veracel-celulose.jpg","width":1200,"height":675},{"@type":"BreadcrumbList","@id":"https:\/\/www.veracel.com.br\/veracel-celulose-avanca-em-iniciativas-de-diversidade-e-inclusao\/#breadcrumb","itemListElement":[{"@type":"ListItem","position":1,"name":"Home","item":"https:\/\/www.veracel.com.br\/"},{"@type":"ListItem","position":2,"name":"A Veracel","item":"https:\/\/www.veracel.com.br\/a-veracel\/"},{"@type":"ListItem","position":3,"name":"Veracel Celulose avan\u00e7a em iniciativas de diversidade e inclus\u00e3o"}]},{"@type":"WebSite","@id":"https:\/\/www.veracel.com.br\/#website","url":"https:\/\/www.veracel.com.br\/","name":"Veracel Celulose","description":"Quando crescemos juntos vamos muito mais longe","publisher":{"@id":"https:\/\/www.veracel.com.br\/#organization"},"potentialAction":[{"@type":"SearchAction","target":{"@type":"EntryPoint","urlTemplate":"https:\/\/www.veracel.com.br\/?s={search_term_string}"},"query-input":{"@type":"PropertyValueSpecification","valueRequired":true,"valueName":"search_term_string"}}],"inLanguage":"en-US"},{"@type":"Organization","@id":"https:\/\/www.veracel.com.br\/#organization","name":"Veracel Celulose","url":"https:\/\/www.veracel.com.br\/","logo":{"@type":"ImageObject","inLanguage":"en-US","@id":"https:\/\/www.veracel.com.br\/#\/schema\/logo\/image\/","url":"https:\/\/www.veracel.com.br\/wp-content\/uploads\/2024\/08\/Ativo-1.png","contentUrl":"https:\/\/www.veracel.com.br\/wp-content\/uploads\/2024\/08\/Ativo-1.png","width":400,"height":121,"caption":"Veracel Celulose"},"image":{"@id":"https:\/\/www.veracel.com.br\/#\/schema\/logo\/image\/"},"sameAs":["https:\/\/www.instagram.com\/veracelcelulose","https:\/\/www.linkedin.com\/company\/veracelcelulose\/","https:\/\/www.youtube.com\/user\/CanalVeracel"]}]}},"_links":{"self":[{"href":"https:\/\/www.veracel.com.br\/en\/wp-json\/wp\/v2\/posts\/27316","targetHints":{"allow":["GET"]}}],"collection":[{"href":"https:\/\/www.veracel.com.br\/en\/wp-json\/wp\/v2\/posts"}],"about":[{"href":"https:\/\/www.veracel.com.br\/en\/wp-json\/wp\/v2\/types\/post"}],"author":[{"embeddable":true,"href":"https:\/\/www.veracel.com.br\/en\/wp-json\/wp\/v2\/users\/2"}],"replies":[{"embeddable":true,"href":"https:\/\/www.veracel.com.br\/en\/wp-json\/wp\/v2\/comments?post=27316"}],"version-history":[{"count":3,"href":"https:\/\/www.veracel.com.br\/en\/wp-json\/wp\/v2\/posts\/27316\/revisions"}],"predecessor-version":[{"id":27319,"href":"https:\/\/www.veracel.com.br\/en\/wp-json\/wp\/v2\/posts\/27316\/revisions\/27319"}],"wp:featuredmedia":[{"embeddable":true,"href":"https:\/\/www.veracel.com.br\/en\/wp-json\/wp\/v2\/media\/27377"}],"wp:attachment":[{"href":"https:\/\/www.veracel.com.br\/en\/wp-json\/wp\/v2\/media?parent=27316"}],"wp:term":[{"taxonomy":"category","embeddable":true,"href":"https:\/\/www.veracel.com.br\/en\/wp-json\/wp\/v2\/categories?post=27316"},{"taxonomy":"post_tag","embeddable":true,"href":"https:\/\/www.veracel.com.br\/en\/wp-json\/wp\/v2\/tags?post=27316"}],"curies":[{"name":"wp","href":"https:\/\/api.w.org\/{rel}","templated":true}]}}