{"id":27490,"date":"2023-01-05T10:14:31","date_gmt":"2023-01-05T13:14:31","guid":{"rendered":"https:\/\/www.veracel.com.br\/?p=27490"},"modified":"2023-01-24T14:36:58","modified_gmt":"2023-01-24T17:36:58","slug":"veracel-e-considerada-excelente-lugar-para-trabalhar-pelo-5o-ano-consecutivo","status":"publish","type":"post","link":"https:\/\/www.veracel.com.br\/en\/veracel-e-considerada-excelente-lugar-para-trabalhar-pelo-5o-ano-consecutivo\/","title":{"rendered":"Veracel \u00e9 considerada excelente lugar para trabalhar pelo 5\u00ba ano consecutivo"},"content":{"rendered":"<p><em>Certifica\u00e7\u00e3o \u00e9 conferida \u00e0s empresas pela consultoria global Great Place to Work, com base em pesquisa feita com colaboradores da empresa<\/em><\/p>\n<p>&nbsp;<\/p>\n<p>Pela quinta vez consecutiva, <strong>a Veracel Celulose conquistou a certifica\u00e7\u00e3o Great Place To Work (GPTW)<\/strong>, que confere o selo de excelente lugar para trabalhar em mais de 60 pa\u00edses. A favorabilidade \u00e9 obtida a partir de pesquisa que analisa a percep\u00e7\u00e3o dos funcion\u00e1rios em rela\u00e7\u00e3o ao ambiente de trabalho e ao clima organizacional.<\/p>\n<p>Esse ano, o \u00edndice de confian\u00e7a foi de 86%, o que garantiu a manuten\u00e7\u00e3o da empresa como uma das mais bem avaliadas pelo p\u00fablico interno. Destaque ainda para a participa\u00e7\u00e3o e engajamento das equipes na avalia\u00e7\u00e3o organizacional: mais de 90% de colaboradoras e colaboradores responderam \u00e0 pesquisa.<\/p>\n<p>&nbsp;<\/p>\n<p><img fetchpriority=\"high\" decoding=\"async\" class=\"alignnone wp-image-27493 size-medium\" src=\"https:\/\/www.veracel.com.br\/wp-content\/uploads\/2023\/01\/gptw-2022-2023-vereacel-celulose-300x300.jpg\" alt=\"Veracel GPTW 2022-2023\" width=\"300\" height=\"300\" srcset=\"https:\/\/www.veracel.com.br\/wp-content\/uploads\/2023\/01\/gptw-2022-2023-vereacel-celulose-300x300.jpg 300w, https:\/\/www.veracel.com.br\/wp-content\/uploads\/2023\/01\/gptw-2022-2023-vereacel-celulose-150x150.jpg 150w, https:\/\/www.veracel.com.br\/wp-content\/uploads\/2023\/01\/gptw-2022-2023-vereacel-celulose-768x768.jpg 768w, https:\/\/www.veracel.com.br\/wp-content\/uploads\/2023\/01\/gptw-2022-2023-vereacel-celulose.jpg 960w\" sizes=\"(max-width: 300px) 100vw, 300px\" \/><\/p>\n<p>&nbsp;<\/p>\n<h2>GPTW \u00e9 o reconhecimento para os colaboradores da Veracel<\/h2>\n<p>\u201cEstamos evoluindo em diversos aspectos, inclusive no nosso forte comprometimento com o clima interno. Esse reconhecimento da nossa equipe, retratado no levantamento da Great Place to Work, \u00e9 um sinal importante de que estamos e seguimos no rumo certo\u201d, celebra Caio Zanardo, diretor-presidente da Veracel. \u201cA certifica\u00e7\u00e3o do GPTW \u00e9 um reconhecimento tanto para a lideran\u00e7a quanto para cada colaborador que faz da Veracel este excelente lugar para trabalhar\u201d, afirma ainda o diretor-presidente.<\/p>\n<p>Al\u00e9m de ter alcan\u00e7ado o selo GPTW pela quinta vez, a Veracel tamb\u00e9m foi eleita, em 2022, como uma das 10 melhores empresas para trabalhar na Bahia.<\/p>\n<p>&nbsp;<\/p>\n<h2>Diversidade e Inclus\u00e3o<\/h2>\n<p>As iniciativas da Veracel Celulose refor\u00e7am o pilar de Diversidade e Inclus\u00e3o. Desde 2020, a empresa vem ampliando\/ consolidando a\u00e7\u00f5es que promovam o desenvolvimento e a atra\u00e7\u00e3o de pessoas diversas para a companhia. Os programas de capacita\u00e7\u00e3o e forma\u00e7\u00e3o de m\u00e3o de obra local \u2013 com vagas abertas exclusivamente para mulheres, pessoas autodeclaradas como negras (pretas e pardas) e profissionais com defici\u00eancia, refor\u00e7am esse compromisso. Pela primeira vez, desde 2001, a empresa contar\u00e1 com uma turma de est\u00e1gio de Operadoras de M\u00e1quinas Florestais formada apenas por mulheres.<\/p>\n<p>&nbsp;<\/p>\n<p><a href=\"https:\/\/www.veracel.com.br\/nosso-jeito\/\">Saiba mais sobre o jeito de ser Veracel Celulose<\/a><\/p>\n<p><a href=\"https:\/\/www.veracel.com.br\/veracel-celulose-avanca-em-iniciativas-de-diversidade-e-inclusao\/\">Conhe\u00e7a as inciativas de Diversidade e Inclus\u00e3o da Veracel Celulose<\/a><\/p>\n","protected":false},"excerpt":{"rendered":"<p>Certifica\u00e7\u00e3o \u00e9 conferida \u00e0s empresas pela consultoria global Great Place to Work, com base em pesquisa feita com colaboradores da empresa &nbsp; Pela quinta vez consecutiva, a Veracel Celulose conquistou a certifica\u00e7\u00e3o Great Place To Work (GPTW), que confere o selo de excelente lugar para trabalhar em mais de 60 pa\u00edses. A favorabilidade \u00e9 obtida [&hellip;]<\/p>\n","protected":false},"author":2,"featured_media":27830,"comment_status":"open","ping_status":"open","sticky":false,"template":"","format":"standard","meta":{"_acf_changed":false,"footnotes":"","_links_to":"","_links_to_target":""},"categories":[271,211],"tags":[],"class_list":["post-27490","post","type-post","status-publish","format-standard","has-post-thumbnail","hentry","category-a-veracel","category-noticias"],"acf":[],"yoast_head":"<!-- This site is optimized with the Yoast SEO Premium plugin v26.7 (Yoast SEO v27.4) - https:\/\/yoast.com\/product\/yoast-seo-premium-wordpress\/ -->\n<title>Veracel recebe selo GPTW pelo 5\u00ba Ano Consecutivo<\/title>\n<meta name=\"description\" content=\"Veracel Celulose recebeu a certifica\u00e7\u00e3o conferida \u00e0s empresas pela consultoria global GPTW (Great Place to Work).\" \/>\n<meta name=\"robots\" content=\"index, follow, max-snippet:-1, max-image-preview:large, max-video-preview:-1\" \/>\n<link rel=\"canonical\" href=\"https:\/\/www.veracel.com.br\/veracel-e-considerada-excelente-lugar-para-trabalhar-pelo-5o-ano-consecutivo\/\" \/>\n<meta property=\"og:locale\" content=\"en_US\" \/>\n<meta property=\"og:type\" content=\"article\" \/>\n<meta property=\"og:title\" content=\"Veracel \u00e9 considerada excelente lugar para trabalhar pelo 5\u00ba ano consecutivo\" \/>\n<meta property=\"og:description\" content=\"Veracel Celulose recebeu a certifica\u00e7\u00e3o conferida \u00e0s empresas pela consultoria global GPTW (Great Place to Work).\" \/>\n<meta property=\"og:url\" content=\"https:\/\/www.veracel.com.br\/veracel-e-considerada-excelente-lugar-para-trabalhar-pelo-5o-ano-consecutivo\/\" \/>\n<meta property=\"og:site_name\" content=\"Veracel Celulose\" \/>\n<meta property=\"article:published_time\" content=\"2023-01-05T13:14:31+00:00\" \/>\n<meta property=\"article:modified_time\" content=\"2023-01-24T17:36:58+00:00\" \/>\n<meta property=\"og:image\" content=\"https:\/\/www.veracel.com.br\/wp-content\/uploads\/2023\/01\/gptw-veracel-celulose-melhor-lugar-para-trabalhar.jpg\" \/>\n\t<meta property=\"og:image:width\" content=\"1300\" \/>\n\t<meta property=\"og:image:height\" content=\"867\" \/>\n\t<meta property=\"og:image:type\" content=\"image\/jpeg\" \/>\n<meta name=\"author\" content=\"saulo\" \/>\n<meta name=\"twitter:card\" content=\"summary_large_image\" \/>\n<meta name=\"twitter:label1\" content=\"Written by\" \/>\n\t<meta name=\"twitter:data1\" content=\"saulo\" \/>\n\t<meta name=\"twitter:label2\" content=\"Est. reading time\" \/>\n\t<meta name=\"twitter:data2\" content=\"3 minutes\" \/>\n<script type=\"application\/ld+json\" class=\"yoast-schema-graph\">{\"@context\":\"https:\\\/\\\/schema.org\",\"@graph\":[{\"@type\":\"WebPage\",\"@id\":\"https:\\\/\\\/www.veracel.com.br\\\/veracel-e-considerada-excelente-lugar-para-trabalhar-pelo-5o-ano-consecutivo\\\/\",\"url\":\"https:\\\/\\\/www.veracel.com.br\\\/veracel-e-considerada-excelente-lugar-para-trabalhar-pelo-5o-ano-consecutivo\\\/\",\"name\":\"Veracel recebe selo GPTW pelo 5\u00ba Ano Consecutivo\",\"isPartOf\":{\"@id\":\"https:\\\/\\\/www.veracel.com.br\\\/#website\"},\"primaryImageOfPage\":{\"@id\":\"https:\\\/\\\/www.veracel.com.br\\\/veracel-e-considerada-excelente-lugar-para-trabalhar-pelo-5o-ano-consecutivo\\\/#primaryimage\"},\"image\":{\"@id\":\"https:\\\/\\\/www.veracel.com.br\\\/veracel-e-considerada-excelente-lugar-para-trabalhar-pelo-5o-ano-consecutivo\\\/#primaryimage\"},\"thumbnailUrl\":\"https:\\\/\\\/www.veracel.com.br\\\/wp-content\\\/uploads\\\/2023\\\/01\\\/gptw-veracel-celulose-melhor-lugar-para-trabalhar.jpg\",\"datePublished\":\"2023-01-05T13:14:31+00:00\",\"dateModified\":\"2023-01-24T17:36:58+00:00\",\"description\":\"Veracel Celulose recebeu a certifica\u00e7\u00e3o conferida \u00e0s empresas pela consultoria global GPTW (Great Place to Work).\",\"breadcrumb\":{\"@id\":\"https:\\\/\\\/www.veracel.com.br\\\/veracel-e-considerada-excelente-lugar-para-trabalhar-pelo-5o-ano-consecutivo\\\/#breadcrumb\"},\"inLanguage\":\"en-US\",\"potentialAction\":[{\"@type\":\"ReadAction\",\"target\":[\"https:\\\/\\\/www.veracel.com.br\\\/veracel-e-considerada-excelente-lugar-para-trabalhar-pelo-5o-ano-consecutivo\\\/\"]}]},{\"@type\":\"ImageObject\",\"inLanguage\":\"en-US\",\"@id\":\"https:\\\/\\\/www.veracel.com.br\\\/veracel-e-considerada-excelente-lugar-para-trabalhar-pelo-5o-ano-consecutivo\\\/#primaryimage\",\"url\":\"https:\\\/\\\/www.veracel.com.br\\\/wp-content\\\/uploads\\\/2023\\\/01\\\/gptw-veracel-celulose-melhor-lugar-para-trabalhar.jpg\",\"contentUrl\":\"https:\\\/\\\/www.veracel.com.br\\\/wp-content\\\/uploads\\\/2023\\\/01\\\/gptw-veracel-celulose-melhor-lugar-para-trabalhar.jpg\",\"width\":1300,\"height\":867,\"caption\":\"Veracel GPTW 2022-2023\"},{\"@type\":\"BreadcrumbList\",\"@id\":\"https:\\\/\\\/www.veracel.com.br\\\/veracel-e-considerada-excelente-lugar-para-trabalhar-pelo-5o-ano-consecutivo\\\/#breadcrumb\",\"itemListElement\":[{\"@type\":\"ListItem\",\"position\":1,\"name\":\"Home\",\"item\":\"https:\\\/\\\/www.veracel.com.br\\\/\"},{\"@type\":\"ListItem\",\"position\":2,\"name\":\"A Veracel\",\"item\":\"https:\\\/\\\/www.veracel.com.br\\\/a-veracel\\\/\"},{\"@type\":\"ListItem\",\"position\":3,\"name\":\"Veracel \u00e9 considerada excelente lugar para trabalhar pelo 5\u00ba ano consecutivo\"}]},{\"@type\":\"WebSite\",\"@id\":\"https:\\\/\\\/www.veracel.com.br\\\/#website\",\"url\":\"https:\\\/\\\/www.veracel.com.br\\\/\",\"name\":\"Veracel Celulose\",\"description\":\"Quando crescemos juntos vamos muito mais longe\",\"publisher\":{\"@id\":\"https:\\\/\\\/www.veracel.com.br\\\/#organization\"},\"potentialAction\":[{\"@type\":\"SearchAction\",\"target\":{\"@type\":\"EntryPoint\",\"urlTemplate\":\"https:\\\/\\\/www.veracel.com.br\\\/?s={search_term_string}\"},\"query-input\":{\"@type\":\"PropertyValueSpecification\",\"valueRequired\":true,\"valueName\":\"search_term_string\"}}],\"inLanguage\":\"en-US\"},{\"@type\":\"Organization\",\"@id\":\"https:\\\/\\\/www.veracel.com.br\\\/#organization\",\"name\":\"Veracel Celulose\",\"url\":\"https:\\\/\\\/www.veracel.com.br\\\/\",\"logo\":{\"@type\":\"ImageObject\",\"inLanguage\":\"en-US\",\"@id\":\"https:\\\/\\\/www.veracel.com.br\\\/#\\\/schema\\\/logo\\\/image\\\/\",\"url\":\"https:\\\/\\\/www.veracel.com.br\\\/wp-content\\\/uploads\\\/2024\\\/08\\\/Ativo-1.png\",\"contentUrl\":\"https:\\\/\\\/www.veracel.com.br\\\/wp-content\\\/uploads\\\/2024\\\/08\\\/Ativo-1.png\",\"width\":400,\"height\":121,\"caption\":\"Veracel Celulose\"},\"image\":{\"@id\":\"https:\\\/\\\/www.veracel.com.br\\\/#\\\/schema\\\/logo\\\/image\\\/\"},\"sameAs\":[\"https:\\\/\\\/www.instagram.com\\\/veracelcelulose\",\"https:\\\/\\\/www.linkedin.com\\\/company\\\/veracelcelulose\\\/\",\"https:\\\/\\\/www.youtube.com\\\/user\\\/CanalVeracel\"]}]}<\/script>\n<!-- \/ Yoast SEO Premium plugin. -->","yoast_head_json":{"title":"Veracel recebe selo GPTW pelo 5\u00ba Ano Consecutivo","description":"Veracel Celulose recebeu a certifica\u00e7\u00e3o conferida \u00e0s empresas pela consultoria global GPTW (Great Place to Work).","robots":{"index":"index","follow":"follow","max-snippet":"max-snippet:-1","max-image-preview":"max-image-preview:large","max-video-preview":"max-video-preview:-1"},"canonical":"https:\/\/www.veracel.com.br\/veracel-e-considerada-excelente-lugar-para-trabalhar-pelo-5o-ano-consecutivo\/","og_locale":"en_US","og_type":"article","og_title":"Veracel \u00e9 considerada excelente lugar para trabalhar pelo 5\u00ba ano consecutivo","og_description":"Veracel Celulose recebeu a certifica\u00e7\u00e3o conferida \u00e0s empresas pela consultoria global GPTW (Great Place to Work).","og_url":"https:\/\/www.veracel.com.br\/veracel-e-considerada-excelente-lugar-para-trabalhar-pelo-5o-ano-consecutivo\/","og_site_name":"Veracel Celulose","article_published_time":"2023-01-05T13:14:31+00:00","article_modified_time":"2023-01-24T17:36:58+00:00","og_image":[{"width":1300,"height":867,"url":"https:\/\/www.veracel.com.br\/wp-content\/uploads\/2023\/01\/gptw-veracel-celulose-melhor-lugar-para-trabalhar.jpg","type":"image\/jpeg"}],"author":"saulo","twitter_card":"summary_large_image","twitter_misc":{"Written by":"saulo","Est. reading time":"3 minutes"},"schema":{"@context":"https:\/\/schema.org","@graph":[{"@type":"WebPage","@id":"https:\/\/www.veracel.com.br\/veracel-e-considerada-excelente-lugar-para-trabalhar-pelo-5o-ano-consecutivo\/","url":"https:\/\/www.veracel.com.br\/veracel-e-considerada-excelente-lugar-para-trabalhar-pelo-5o-ano-consecutivo\/","name":"Veracel recebe selo GPTW pelo 5\u00ba Ano Consecutivo","isPartOf":{"@id":"https:\/\/www.veracel.com.br\/#website"},"primaryImageOfPage":{"@id":"https:\/\/www.veracel.com.br\/veracel-e-considerada-excelente-lugar-para-trabalhar-pelo-5o-ano-consecutivo\/#primaryimage"},"image":{"@id":"https:\/\/www.veracel.com.br\/veracel-e-considerada-excelente-lugar-para-trabalhar-pelo-5o-ano-consecutivo\/#primaryimage"},"thumbnailUrl":"https:\/\/www.veracel.com.br\/wp-content\/uploads\/2023\/01\/gptw-veracel-celulose-melhor-lugar-para-trabalhar.jpg","datePublished":"2023-01-05T13:14:31+00:00","dateModified":"2023-01-24T17:36:58+00:00","description":"Veracel Celulose recebeu a certifica\u00e7\u00e3o conferida \u00e0s empresas pela consultoria global GPTW (Great Place to Work).","breadcrumb":{"@id":"https:\/\/www.veracel.com.br\/veracel-e-considerada-excelente-lugar-para-trabalhar-pelo-5o-ano-consecutivo\/#breadcrumb"},"inLanguage":"en-US","potentialAction":[{"@type":"ReadAction","target":["https:\/\/www.veracel.com.br\/veracel-e-considerada-excelente-lugar-para-trabalhar-pelo-5o-ano-consecutivo\/"]}]},{"@type":"ImageObject","inLanguage":"en-US","@id":"https:\/\/www.veracel.com.br\/veracel-e-considerada-excelente-lugar-para-trabalhar-pelo-5o-ano-consecutivo\/#primaryimage","url":"https:\/\/www.veracel.com.br\/wp-content\/uploads\/2023\/01\/gptw-veracel-celulose-melhor-lugar-para-trabalhar.jpg","contentUrl":"https:\/\/www.veracel.com.br\/wp-content\/uploads\/2023\/01\/gptw-veracel-celulose-melhor-lugar-para-trabalhar.jpg","width":1300,"height":867,"caption":"Veracel GPTW 2022-2023"},{"@type":"BreadcrumbList","@id":"https:\/\/www.veracel.com.br\/veracel-e-considerada-excelente-lugar-para-trabalhar-pelo-5o-ano-consecutivo\/#breadcrumb","itemListElement":[{"@type":"ListItem","position":1,"name":"Home","item":"https:\/\/www.veracel.com.br\/"},{"@type":"ListItem","position":2,"name":"A Veracel","item":"https:\/\/www.veracel.com.br\/a-veracel\/"},{"@type":"ListItem","position":3,"name":"Veracel \u00e9 considerada excelente lugar para trabalhar pelo 5\u00ba ano consecutivo"}]},{"@type":"WebSite","@id":"https:\/\/www.veracel.com.br\/#website","url":"https:\/\/www.veracel.com.br\/","name":"Veracel Celulose","description":"Quando crescemos juntos vamos muito mais longe","publisher":{"@id":"https:\/\/www.veracel.com.br\/#organization"},"potentialAction":[{"@type":"SearchAction","target":{"@type":"EntryPoint","urlTemplate":"https:\/\/www.veracel.com.br\/?s={search_term_string}"},"query-input":{"@type":"PropertyValueSpecification","valueRequired":true,"valueName":"search_term_string"}}],"inLanguage":"en-US"},{"@type":"Organization","@id":"https:\/\/www.veracel.com.br\/#organization","name":"Veracel Celulose","url":"https:\/\/www.veracel.com.br\/","logo":{"@type":"ImageObject","inLanguage":"en-US","@id":"https:\/\/www.veracel.com.br\/#\/schema\/logo\/image\/","url":"https:\/\/www.veracel.com.br\/wp-content\/uploads\/2024\/08\/Ativo-1.png","contentUrl":"https:\/\/www.veracel.com.br\/wp-content\/uploads\/2024\/08\/Ativo-1.png","width":400,"height":121,"caption":"Veracel Celulose"},"image":{"@id":"https:\/\/www.veracel.com.br\/#\/schema\/logo\/image\/"},"sameAs":["https:\/\/www.instagram.com\/veracelcelulose","https:\/\/www.linkedin.com\/company\/veracelcelulose\/","https:\/\/www.youtube.com\/user\/CanalVeracel"]}]}},"_links":{"self":[{"href":"https:\/\/www.veracel.com.br\/en\/wp-json\/wp\/v2\/posts\/27490","targetHints":{"allow":["GET"]}}],"collection":[{"href":"https:\/\/www.veracel.com.br\/en\/wp-json\/wp\/v2\/posts"}],"about":[{"href":"https:\/\/www.veracel.com.br\/en\/wp-json\/wp\/v2\/types\/post"}],"author":[{"embeddable":true,"href":"https:\/\/www.veracel.com.br\/en\/wp-json\/wp\/v2\/users\/2"}],"replies":[{"embeddable":true,"href":"https:\/\/www.veracel.com.br\/en\/wp-json\/wp\/v2\/comments?post=27490"}],"version-history":[{"count":5,"href":"https:\/\/www.veracel.com.br\/en\/wp-json\/wp\/v2\/posts\/27490\/revisions"}],"predecessor-version":[{"id":27500,"href":"https:\/\/www.veracel.com.br\/en\/wp-json\/wp\/v2\/posts\/27490\/revisions\/27500"}],"wp:featuredmedia":[{"embeddable":true,"href":"https:\/\/www.veracel.com.br\/en\/wp-json\/wp\/v2\/media\/27830"}],"wp:attachment":[{"href":"https:\/\/www.veracel.com.br\/en\/wp-json\/wp\/v2\/media?parent=27490"}],"wp:term":[{"taxonomy":"category","embeddable":true,"href":"https:\/\/www.veracel.com.br\/en\/wp-json\/wp\/v2\/categories?post=27490"},{"taxonomy":"post_tag","embeddable":true,"href":"https:\/\/www.veracel.com.br\/en\/wp-json\/wp\/v2\/tags?post=27490"}],"curies":[{"name":"wp","href":"https:\/\/api.w.org\/{rel}","templated":true}]}}