{"id":27506,"date":"2023-01-12T17:42:59","date_gmt":"2023-01-12T20:42:59","guid":{"rendered":"https:\/\/www.veracel.com.br\/?p=27506"},"modified":"2023-01-12T18:16:40","modified_gmt":"2023-01-12T21:16:40","slug":"comitiva-da-prefeitura-de-belmonte-visita-as-obras-da-ba-658","status":"publish","type":"post","link":"https:\/\/www.veracel.com.br\/en\/comitiva-da-prefeitura-de-belmonte-visita-as-obras-da-ba-658\/","title":{"rendered":"Comitiva da Prefeitura de Belmonte visita as obras da BA-658"},"content":{"rendered":"<p><em>A nova estrada e ponte, fruto de uma parceria entre a Veracel e o Governo da Bahia, tem previs\u00e3o de inaugura\u00e7\u00e3o ainda no primeiro semestre<\/em><\/p>\n<p>Eun\u00e1polis, 11 de janeiro de 2023 &#8211; Na tarde desta ter\u00e7a-feira, dia 10, o prefeito de Belmonte (BA), Carlos Alberto Rezende Gama, visitou as obras da constru\u00e7\u00e3o da rodovia BA-658, que ligar\u00e1 as estradas estaduais BA-275 e BA-982 e inclui uma nova ponte sobre o Rio Jequitinhonha.<\/p>\n<p>Com investimento de mais de R\uff04 95 milh\u00f5es da Veracel Celulose, a BA-658 vai contribuir com o desenvolvimento econ\u00f4mico e social da regi\u00e3o Sul da Bahia. A obra j\u00e1 est\u00e1 72% conclu\u00edda, e a previs\u00e3o \u00e9 de que seja inaugurada ainda no primeiro semestre.<\/p>\n<p>\u201cEssa estrutura trar\u00e1 benef\u00edcios para toda a nossa comunidade, passando pela mobilidade, pela diminui\u00e7\u00e3o do tempo de deslocamento e, claro, trar\u00e1 maior desenvolvimento para nossa regi\u00e3o\u201d, avalia o prefeito Carlos Alberto Gama.<\/p>\n<p><img fetchpriority=\"high\" decoding=\"async\" class=\"alignnone wp-image-27513 size-full\" src=\"https:\/\/www.veracel.com.br\/wp-content\/uploads\/2023\/01\/unnamed.png\" alt=\"\" width=\"941\" height=\"705\" srcset=\"https:\/\/www.veracel.com.br\/wp-content\/uploads\/2023\/01\/unnamed.png 941w, https:\/\/www.veracel.com.br\/wp-content\/uploads\/2023\/01\/unnamed-300x225.png 300w, https:\/\/www.veracel.com.br\/wp-content\/uploads\/2023\/01\/unnamed-768x575.png 768w\" sizes=\"(max-width: 941px) 100vw, 941px\" \/><\/p>\n<h2>Sobre as obras<\/h2>\n<p>A BA-658 ter\u00e1 25 quil\u00f4metros de extens\u00e3o e uma ponte sobre o Jequitinhonha, com 360 metros de comprimento e 9,60 metros de largura. A nova estrada ser\u00e1 uma alternativa \u00e0 rodovia federal BR-101 e facilitar\u00e1 o transporte em toda a regi\u00e3o, representando um importante ganho de infraestrutura para o Sul da Bahia.<\/p>\n<p>De acordo com Alexandre Campbell, gerente de Responsabilidade Social e Comunica\u00e7\u00e3o da Veracel, que acompanhou a visita, a BA 658 encurtar\u00e1 dist\u00e2ncias para as opera\u00e7\u00f5es log\u00edsticas da empresa e para as comunidades do entorno. \u201cA obra contribui como um relevante vetor de oportunidades de neg\u00f3cios no territ\u00f3rio e de gera\u00e7\u00e3o de empregos\u201d, destacou Campbell.<\/p>\n<p>A estrada promover\u00e1 melhorias sociais e econ\u00f4micas para as comunidades locais, pois trar\u00e1 redu\u00e7\u00e3o significativa nas dist\u00e2ncias percorridas entre os n\u00facleos urbanos da regi\u00e3o, como a interliga\u00e7\u00e3o da regi\u00e3o Norte de Belmonte (Boca do C\u00f3rrego, Santa Maria Eterna, Tuiuty, Comunidade Ind\u00edgena Patibury) com a sede do munic\u00edpio e seu entorno.<\/p>\n<p>Outra melhoria importante ser\u00e1 trazida pela integra\u00e7\u00e3o das comunidades do munic\u00edpio de Canavieiras (Canavieiras, Pimenteiras, Ouricana, Port\u00e3o de Ferro, Venda Nova) com a regi\u00e3o sul do Rio Jequitinhonha. Essa interliga\u00e7\u00e3o reduzir\u00e1 o trajeto hoje percorrido pela popula\u00e7\u00e3o para o acesso a servi\u00e7os de sa\u00fade, educa\u00e7\u00e3o, assist\u00eancia social e outros.<\/p>\n<p>Al\u00e9m disso, a rodovia ser\u00e1 integrada ao projeto do novo aeroporto de Porto Seguro, apoiando a forma\u00e7\u00e3o de um corredor log\u00edstico de transporte com a regi\u00e3o de Pindorama.<\/p>\n<p>Isso vai favorecer o aumento do fluxo tur\u00edstico regional, devido \u00e0 redu\u00e7\u00e3o da dist\u00e2ncia entre os munic\u00edpios de Porto Seguro, Santa Cruz Cabr\u00e1lia, Belmonte e Canavieiras, al\u00e9m de facilitar o tr\u00e1fego de turistas que saem da regi\u00e3o entre Ilh\u00e9us e Itacar\u00e9, em dire\u00e7\u00e3o a Santa Cruz Cabr\u00e1lia e Porto Seguro.<\/p>\n<p>A estrada oferecer\u00e1 ainda uma alternativa de travessia do Rio Jequitinhonha, hoje realizada exclusivamente pela ponte da BR-101. Al\u00e9m disso, reduzir\u00e1 o tr\u00e1fego de carretas na mesma rodovia e facilitar\u00e1 o escoamento da produ\u00e7\u00e3o agropecu\u00e1ria de todas as comunidades ao norte do rio.<\/p>\n<p>Para a Veracel, a nova estrada vai significar uma redu\u00e7\u00e3o do trajeto de madeira entre suas \u00e1reas de colheita do eucalipto, localizadas ao norte do Jequitinhonha, com a f\u00e1brica, que fica em Eun\u00e1polis.<\/p>\n<p>A obra faz parte da busca pela otimiza\u00e7\u00e3o das opera\u00e7\u00f5es log\u00edsticas da empresa. Atualmente, para o transporte entre a f\u00e1brica e a \u00e1rea de suas florestas plantadas, a Veracel utiliza as rodovias BA-275, BA-687, BR-101, BA-274 e BA-982. Com a implanta\u00e7\u00e3o da nova estrada, haver\u00e1 uma redu\u00e7\u00e3o de 56 km por viagem para cada carreta que realiza o percurso.<\/p>\n<p>Isso trar\u00e1 uma redu\u00e7\u00e3o de at\u00e9 25 viagens de carretas de madeira por dia nas estradas da regi\u00e3o, diminuindo o risco de acidentes, al\u00e9m de reduzir as emiss\u00f5es de CO2.<\/p>\n<h2>Benef\u00edcios sociais<\/h2>\n<p>Al\u00e9m de promover o desenvolvimento regional, os ganhos trazidos para a \u00e1rea social tamb\u00e9m s\u00e3o relevantes.<\/p>\n<p>Toda a sucata de ferro e a\u00e7o proveniente da obra tem sido vendida e transformada em cadeira de rodas, que est\u00e3o sendo doadas para creches, hospitais e postos de sa\u00fade das comunidades locais.<\/p>\n<p>A a\u00e7\u00e3o tem sido realizada pelas empresas EcoPontes e Mais Construtora, contratadas pela Veracel.<\/p>\n<p>&nbsp;<\/p>\n<p><a href=\"https:\/\/www.veracel.com.br\/nosso-jeito\/\">Saiba mais sobre o jeito de ser Veracel Celulose<\/a><\/p>\n<p><a href=\"https:\/\/www.veracel.com.br\/construcao-da-nova-ba-658-traz-orientacoes-ambientais-e-apoio-a-comunidade\/\">Confira v\u00eddeo sobre orienta\u00e7\u00f5es ambientais e apoio \u00e0 comunidade.<\/a><\/p>\n","protected":false},"excerpt":{"rendered":"<p>A nova estrada e ponte, fruto de uma parceria entre a Veracel e o Governo da Bahia, tem previs\u00e3o de inaugura\u00e7\u00e3o ainda no primeiro semestre Eun\u00e1polis, 11 de janeiro de 2023 &#8211; Na tarde desta ter\u00e7a-feira, dia 10, o prefeito de Belmonte (BA), Carlos Alberto Rezende Gama, visitou as obras da constru\u00e7\u00e3o da rodovia BA-658, [&hellip;]<\/p>\n","protected":false},"author":2,"featured_media":27510,"comment_status":"open","ping_status":"open","sticky":false,"template":"","format":"standard","meta":{"_acf_changed":false,"footnotes":"","_links_to":"","_links_to_target":""},"categories":[271,211],"tags":[],"class_list":["post-27506","post","type-post","status-publish","format-standard","has-post-thumbnail","hentry","category-a-veracel","category-noticias"],"acf":[],"yoast_head":"<!-- This site is optimized with the Yoast SEO Premium plugin v26.7 (Yoast SEO v27.4) - https:\/\/yoast.com\/product\/yoast-seo-premium-wordpress\/ -->\n<title>Comitiva da Prefeitura de Belmonte visita as obras da BA-658<\/title>\n<meta name=\"description\" content=\"A nova estrada e ponte, fruto de uma parceria entre a Veracel e o Governo da Bahia, tem previs\u00e3o de inaugura\u00e7\u00e3o no primeiro semestre de 2023.\" \/>\n<meta name=\"robots\" content=\"index, follow, max-snippet:-1, max-image-preview:large, max-video-preview:-1\" \/>\n<link rel=\"canonical\" href=\"https:\/\/www.veracel.com.br\/comitiva-da-prefeitura-de-belmonte-visita-as-obras-da-ba-658\/\" \/>\n<meta property=\"og:locale\" content=\"en_US\" \/>\n<meta property=\"og:type\" content=\"article\" \/>\n<meta property=\"og:title\" content=\"Comitiva da Prefeitura de Belmonte visita as obras da BA-658\" \/>\n<meta property=\"og:description\" content=\"A nova estrada e ponte, fruto de uma parceria entre a Veracel e o Governo da Bahia, tem previs\u00e3o de inaugura\u00e7\u00e3o no primeiro semestre de 2023.\" \/>\n<meta property=\"og:url\" content=\"https:\/\/www.veracel.com.br\/comitiva-da-prefeitura-de-belmonte-visita-as-obras-da-ba-658\/\" \/>\n<meta property=\"og:site_name\" content=\"Veracel Celulose\" \/>\n<meta property=\"article:published_time\" content=\"2023-01-12T20:42:59+00:00\" \/>\n<meta property=\"article:modified_time\" content=\"2023-01-12T21:16:40+00:00\" \/>\n<meta property=\"og:image\" content=\"https:\/\/www.veracel.com.br\/wp-content\/uploads\/2023\/01\/veracel-ba-658.jpg\" \/>\n\t<meta property=\"og:image:width\" content=\"1379\" \/>\n\t<meta property=\"og:image:height\" content=\"919\" \/>\n\t<meta property=\"og:image:type\" content=\"image\/jpeg\" \/>\n<meta name=\"author\" content=\"saulo\" \/>\n<meta name=\"twitter:card\" content=\"summary_large_image\" \/>\n<meta name=\"twitter:label1\" content=\"Written by\" \/>\n\t<meta name=\"twitter:data1\" content=\"saulo\" \/>\n\t<meta name=\"twitter:label2\" content=\"Est. reading time\" \/>\n\t<meta name=\"twitter:data2\" content=\"4 minutes\" \/>\n<script type=\"application\/ld+json\" class=\"yoast-schema-graph\">{\"@context\":\"https:\\\/\\\/schema.org\",\"@graph\":[{\"@type\":\"WebPage\",\"@id\":\"https:\\\/\\\/www.veracel.com.br\\\/comitiva-da-prefeitura-de-belmonte-visita-as-obras-da-ba-658\\\/\",\"url\":\"https:\\\/\\\/www.veracel.com.br\\\/comitiva-da-prefeitura-de-belmonte-visita-as-obras-da-ba-658\\\/\",\"name\":\"Comitiva da Prefeitura de Belmonte visita as obras da BA-658\",\"isPartOf\":{\"@id\":\"https:\\\/\\\/www.veracel.com.br\\\/#website\"},\"primaryImageOfPage\":{\"@id\":\"https:\\\/\\\/www.veracel.com.br\\\/comitiva-da-prefeitura-de-belmonte-visita-as-obras-da-ba-658\\\/#primaryimage\"},\"image\":{\"@id\":\"https:\\\/\\\/www.veracel.com.br\\\/comitiva-da-prefeitura-de-belmonte-visita-as-obras-da-ba-658\\\/#primaryimage\"},\"thumbnailUrl\":\"https:\\\/\\\/www.veracel.com.br\\\/wp-content\\\/uploads\\\/2023\\\/01\\\/veracel-ba-658.jpg\",\"datePublished\":\"2023-01-12T20:42:59+00:00\",\"dateModified\":\"2023-01-12T21:16:40+00:00\",\"description\":\"A nova estrada e ponte, fruto de uma parceria entre a Veracel e o Governo da Bahia, tem previs\u00e3o de inaugura\u00e7\u00e3o no primeiro semestre de 2023.\",\"breadcrumb\":{\"@id\":\"https:\\\/\\\/www.veracel.com.br\\\/comitiva-da-prefeitura-de-belmonte-visita-as-obras-da-ba-658\\\/#breadcrumb\"},\"inLanguage\":\"en-US\",\"potentialAction\":[{\"@type\":\"ReadAction\",\"target\":[\"https:\\\/\\\/www.veracel.com.br\\\/comitiva-da-prefeitura-de-belmonte-visita-as-obras-da-ba-658\\\/\"]}]},{\"@type\":\"ImageObject\",\"inLanguage\":\"en-US\",\"@id\":\"https:\\\/\\\/www.veracel.com.br\\\/comitiva-da-prefeitura-de-belmonte-visita-as-obras-da-ba-658\\\/#primaryimage\",\"url\":\"https:\\\/\\\/www.veracel.com.br\\\/wp-content\\\/uploads\\\/2023\\\/01\\\/veracel-ba-658.jpg\",\"contentUrl\":\"https:\\\/\\\/www.veracel.com.br\\\/wp-content\\\/uploads\\\/2023\\\/01\\\/veracel-ba-658.jpg\",\"width\":1379,\"height\":919},{\"@type\":\"BreadcrumbList\",\"@id\":\"https:\\\/\\\/www.veracel.com.br\\\/comitiva-da-prefeitura-de-belmonte-visita-as-obras-da-ba-658\\\/#breadcrumb\",\"itemListElement\":[{\"@type\":\"ListItem\",\"position\":1,\"name\":\"Home\",\"item\":\"https:\\\/\\\/www.veracel.com.br\\\/\"},{\"@type\":\"ListItem\",\"position\":2,\"name\":\"A Veracel\",\"item\":\"https:\\\/\\\/www.veracel.com.br\\\/a-veracel\\\/\"},{\"@type\":\"ListItem\",\"position\":3,\"name\":\"Comitiva da Prefeitura de Belmonte visita as obras da BA-658\"}]},{\"@type\":\"WebSite\",\"@id\":\"https:\\\/\\\/www.veracel.com.br\\\/#website\",\"url\":\"https:\\\/\\\/www.veracel.com.br\\\/\",\"name\":\"Veracel Celulose\",\"description\":\"Quando crescemos juntos vamos muito mais longe\",\"publisher\":{\"@id\":\"https:\\\/\\\/www.veracel.com.br\\\/#organization\"},\"potentialAction\":[{\"@type\":\"SearchAction\",\"target\":{\"@type\":\"EntryPoint\",\"urlTemplate\":\"https:\\\/\\\/www.veracel.com.br\\\/?s={search_term_string}\"},\"query-input\":{\"@type\":\"PropertyValueSpecification\",\"valueRequired\":true,\"valueName\":\"search_term_string\"}}],\"inLanguage\":\"en-US\"},{\"@type\":\"Organization\",\"@id\":\"https:\\\/\\\/www.veracel.com.br\\\/#organization\",\"name\":\"Veracel Celulose\",\"url\":\"https:\\\/\\\/www.veracel.com.br\\\/\",\"logo\":{\"@type\":\"ImageObject\",\"inLanguage\":\"en-US\",\"@id\":\"https:\\\/\\\/www.veracel.com.br\\\/#\\\/schema\\\/logo\\\/image\\\/\",\"url\":\"https:\\\/\\\/www.veracel.com.br\\\/wp-content\\\/uploads\\\/2024\\\/08\\\/Ativo-1.png\",\"contentUrl\":\"https:\\\/\\\/www.veracel.com.br\\\/wp-content\\\/uploads\\\/2024\\\/08\\\/Ativo-1.png\",\"width\":400,\"height\":121,\"caption\":\"Veracel Celulose\"},\"image\":{\"@id\":\"https:\\\/\\\/www.veracel.com.br\\\/#\\\/schema\\\/logo\\\/image\\\/\"},\"sameAs\":[\"https:\\\/\\\/www.instagram.com\\\/veracelcelulose\",\"https:\\\/\\\/www.linkedin.com\\\/company\\\/veracelcelulose\\\/\",\"https:\\\/\\\/www.youtube.com\\\/user\\\/CanalVeracel\"]}]}<\/script>\n<!-- \/ Yoast SEO Premium plugin. -->","yoast_head_json":{"title":"Comitiva da Prefeitura de Belmonte visita as obras da BA-658","description":"A nova estrada e ponte, fruto de uma parceria entre a Veracel e o Governo da Bahia, tem previs\u00e3o de inaugura\u00e7\u00e3o no primeiro semestre de 2023.","robots":{"index":"index","follow":"follow","max-snippet":"max-snippet:-1","max-image-preview":"max-image-preview:large","max-video-preview":"max-video-preview:-1"},"canonical":"https:\/\/www.veracel.com.br\/comitiva-da-prefeitura-de-belmonte-visita-as-obras-da-ba-658\/","og_locale":"en_US","og_type":"article","og_title":"Comitiva da Prefeitura de Belmonte visita as obras da BA-658","og_description":"A nova estrada e ponte, fruto de uma parceria entre a Veracel e o Governo da Bahia, tem previs\u00e3o de inaugura\u00e7\u00e3o no primeiro semestre de 2023.","og_url":"https:\/\/www.veracel.com.br\/comitiva-da-prefeitura-de-belmonte-visita-as-obras-da-ba-658\/","og_site_name":"Veracel Celulose","article_published_time":"2023-01-12T20:42:59+00:00","article_modified_time":"2023-01-12T21:16:40+00:00","og_image":[{"width":1379,"height":919,"url":"https:\/\/www.veracel.com.br\/wp-content\/uploads\/2023\/01\/veracel-ba-658.jpg","type":"image\/jpeg"}],"author":"saulo","twitter_card":"summary_large_image","twitter_misc":{"Written by":"saulo","Est. reading time":"4 minutes"},"schema":{"@context":"https:\/\/schema.org","@graph":[{"@type":"WebPage","@id":"https:\/\/www.veracel.com.br\/comitiva-da-prefeitura-de-belmonte-visita-as-obras-da-ba-658\/","url":"https:\/\/www.veracel.com.br\/comitiva-da-prefeitura-de-belmonte-visita-as-obras-da-ba-658\/","name":"Comitiva da Prefeitura de Belmonte visita as obras da BA-658","isPartOf":{"@id":"https:\/\/www.veracel.com.br\/#website"},"primaryImageOfPage":{"@id":"https:\/\/www.veracel.com.br\/comitiva-da-prefeitura-de-belmonte-visita-as-obras-da-ba-658\/#primaryimage"},"image":{"@id":"https:\/\/www.veracel.com.br\/comitiva-da-prefeitura-de-belmonte-visita-as-obras-da-ba-658\/#primaryimage"},"thumbnailUrl":"https:\/\/www.veracel.com.br\/wp-content\/uploads\/2023\/01\/veracel-ba-658.jpg","datePublished":"2023-01-12T20:42:59+00:00","dateModified":"2023-01-12T21:16:40+00:00","description":"A nova estrada e ponte, fruto de uma parceria entre a Veracel e o Governo da Bahia, tem previs\u00e3o de inaugura\u00e7\u00e3o no primeiro semestre de 2023.","breadcrumb":{"@id":"https:\/\/www.veracel.com.br\/comitiva-da-prefeitura-de-belmonte-visita-as-obras-da-ba-658\/#breadcrumb"},"inLanguage":"en-US","potentialAction":[{"@type":"ReadAction","target":["https:\/\/www.veracel.com.br\/comitiva-da-prefeitura-de-belmonte-visita-as-obras-da-ba-658\/"]}]},{"@type":"ImageObject","inLanguage":"en-US","@id":"https:\/\/www.veracel.com.br\/comitiva-da-prefeitura-de-belmonte-visita-as-obras-da-ba-658\/#primaryimage","url":"https:\/\/www.veracel.com.br\/wp-content\/uploads\/2023\/01\/veracel-ba-658.jpg","contentUrl":"https:\/\/www.veracel.com.br\/wp-content\/uploads\/2023\/01\/veracel-ba-658.jpg","width":1379,"height":919},{"@type":"BreadcrumbList","@id":"https:\/\/www.veracel.com.br\/comitiva-da-prefeitura-de-belmonte-visita-as-obras-da-ba-658\/#breadcrumb","itemListElement":[{"@type":"ListItem","position":1,"name":"Home","item":"https:\/\/www.veracel.com.br\/"},{"@type":"ListItem","position":2,"name":"A Veracel","item":"https:\/\/www.veracel.com.br\/a-veracel\/"},{"@type":"ListItem","position":3,"name":"Comitiva da Prefeitura de Belmonte visita as obras da BA-658"}]},{"@type":"WebSite","@id":"https:\/\/www.veracel.com.br\/#website","url":"https:\/\/www.veracel.com.br\/","name":"Veracel Celulose","description":"Quando crescemos juntos vamos muito mais longe","publisher":{"@id":"https:\/\/www.veracel.com.br\/#organization"},"potentialAction":[{"@type":"SearchAction","target":{"@type":"EntryPoint","urlTemplate":"https:\/\/www.veracel.com.br\/?s={search_term_string}"},"query-input":{"@type":"PropertyValueSpecification","valueRequired":true,"valueName":"search_term_string"}}],"inLanguage":"en-US"},{"@type":"Organization","@id":"https:\/\/www.veracel.com.br\/#organization","name":"Veracel Celulose","url":"https:\/\/www.veracel.com.br\/","logo":{"@type":"ImageObject","inLanguage":"en-US","@id":"https:\/\/www.veracel.com.br\/#\/schema\/logo\/image\/","url":"https:\/\/www.veracel.com.br\/wp-content\/uploads\/2024\/08\/Ativo-1.png","contentUrl":"https:\/\/www.veracel.com.br\/wp-content\/uploads\/2024\/08\/Ativo-1.png","width":400,"height":121,"caption":"Veracel Celulose"},"image":{"@id":"https:\/\/www.veracel.com.br\/#\/schema\/logo\/image\/"},"sameAs":["https:\/\/www.instagram.com\/veracelcelulose","https:\/\/www.linkedin.com\/company\/veracelcelulose\/","https:\/\/www.youtube.com\/user\/CanalVeracel"]}]}},"_links":{"self":[{"href":"https:\/\/www.veracel.com.br\/en\/wp-json\/wp\/v2\/posts\/27506","targetHints":{"allow":["GET"]}}],"collection":[{"href":"https:\/\/www.veracel.com.br\/en\/wp-json\/wp\/v2\/posts"}],"about":[{"href":"https:\/\/www.veracel.com.br\/en\/wp-json\/wp\/v2\/types\/post"}],"author":[{"embeddable":true,"href":"https:\/\/www.veracel.com.br\/en\/wp-json\/wp\/v2\/users\/2"}],"replies":[{"embeddable":true,"href":"https:\/\/www.veracel.com.br\/en\/wp-json\/wp\/v2\/comments?post=27506"}],"version-history":[{"count":4,"href":"https:\/\/www.veracel.com.br\/en\/wp-json\/wp\/v2\/posts\/27506\/revisions"}],"predecessor-version":[{"id":27517,"href":"https:\/\/www.veracel.com.br\/en\/wp-json\/wp\/v2\/posts\/27506\/revisions\/27517"}],"wp:featuredmedia":[{"embeddable":true,"href":"https:\/\/www.veracel.com.br\/en\/wp-json\/wp\/v2\/media\/27510"}],"wp:attachment":[{"href":"https:\/\/www.veracel.com.br\/en\/wp-json\/wp\/v2\/media?parent=27506"}],"wp:term":[{"taxonomy":"category","embeddable":true,"href":"https:\/\/www.veracel.com.br\/en\/wp-json\/wp\/v2\/categories?post=27506"},{"taxonomy":"post_tag","embeddable":true,"href":"https:\/\/www.veracel.com.br\/en\/wp-json\/wp\/v2\/tags?post=27506"}],"curies":[{"name":"wp","href":"https:\/\/api.w.org\/{rel}","templated":true}]}}