{"id":27773,"date":"2023-01-24T14:17:32","date_gmt":"2023-01-24T17:17:32","guid":{"rendered":"https:\/\/www.veracel.com.br\/?p=27773"},"modified":"2023-01-30T08:00:55","modified_gmt":"2023-01-30T11:00:55","slug":"veracel-atinge-seu-menor-indice-de-uso-de-agua-para-a-fabricacao-de-celulose","status":"publish","type":"post","link":"https:\/\/www.veracel.com.br\/en\/veracel-atinge-seu-menor-indice-de-uso-de-agua-para-a-fabricacao-de-celulose\/","title":{"rendered":"Veracel atinge seu menor \u00edndice de uso de \u00e1gua para a fabrica\u00e7\u00e3o de celulose\u00a0"},"content":{"rendered":"<p><em>Empresa alcan\u00e7a em 2022 o recorde de 20,5 metros c\u00fabicos de \u00e1gua por tonelada de celulose produzida, al\u00e9m de somar bons resultados de reaproveitamento de res\u00edduos e de redu\u00e7\u00e3o do uso de g\u00e1s natural no processo produtivo<\/em><\/p>\n<p>&nbsp;<\/p>\n<p>A Veracel, ind\u00fastria de celulose da regi\u00e3o sul da Bahia, alcan\u00e7ou, em 2022, o menor \u00edndice m\u00e9dio anual de uso de \u00e1gua de sua hist\u00f3ria em suas atividades: 20,5 m\u00b3\/tsa, ou seja, 20,5 metros c\u00fabicos de \u00e1gua por tonelada de celulose produzida. Nos anos anteriores, o melhor resultado havia sido 22,2 m3\/tsa. Nos \u00faltimos cinco anos, a empresa reduziu em 18% o uso m\u00e9dio espec\u00edfico de \u00e1gua da f\u00e1brica.<\/p>\n<p>\u201cChegar a esse \u00edndice, com uma amplia\u00e7\u00e3o ainda maior dos bons resultados que j\u00e1 v\u00ednhamos obtendo, \u00e9 o resultado de um trabalho de muitos anos que desenvolvemos, sempre em busca de oportunidades de diminuir ao m\u00e1ximo a utiliza\u00e7\u00e3o dos recursos h\u00eddricos e reduzir os desperd\u00edcios de \u00e1gua. A meta para os pr\u00f3ximos 5 anos \u00e9 reduzir o uso de \u00e1gua para valores abaixo de 18 m\u00b3\/tsa\u201d, destaca Tarciso Matos, coordenador de Meio Ambiente da Veracel.<\/p>\n<p>&nbsp;<\/p>\n<h2>Foco na preserva\u00e7\u00e3o ambiental<\/h2>\n<p>Dentro de sua estrat\u00e9gia ESG, desde 2015 a empresa vem aplicando uma diversa gama de medidas em seu processo produtivo, com foco na preserva\u00e7\u00e3o ambiental. \u201cExiste todo um ciclo que se aproveita dessas a\u00e7\u00f5es. Ao utilizarmos menos \u00e1gua, temos v\u00e1rios ganhos adicionais. Por exemplo: menos recursos qu\u00edmicos ser\u00e3o necess\u00e1rios para tratar essa \u00e1gua, e menor \u00e9 o gasto energ\u00e9tico para levar a \u00e1gua at\u00e9 a empresa\u201d, explica o coordenador.<\/p>\n<p>Uma das medidas adotadas para reduzir o uso de \u00e1gua foi a automa\u00e7\u00e3o de tanques. Isso evita o transbordo e, em consequ\u00eancia, o desperd\u00edcio. Tamb\u00e9m foram instalados novos alarmes nos pain\u00e9is de controle para os operadores aprimorarem o monitoramento do uso de \u00e1gua e evitarem qualquer desperd\u00edcio, al\u00e9m de ferramentas de gest\u00e3o online de controle do uso.<\/p>\n<p>&nbsp;<\/p>\n<h2>Reaproveitamento de res\u00edduos<\/h2>\n<p>A empresa se destacou ainda em outros resultados ambientais, como reaproveitamento de res\u00edduos e na redu\u00e7\u00e3o do uso de g\u00e1s natural nos processos fabris. Em 2022, a Veracel obteve 100% de reaproveitamento de res\u00edduos durante quatro meses: junho, setembro, outubro e novembro. No consolidado dos \u00faltimos dez anos \u2013 considerando o per\u00edodo 2012 para 2022, &#8211; j\u00e1 alcan\u00e7ou resultados anuais de reciclagem entorno de 99%, aumentando o seu \u00edndice de reciclagem de res\u00edduos em aproximadamente 29%.<\/p>\n<p>\u201cNo ano passado, foi encontrada mais uma op\u00e7\u00e3o de reciclagem de res\u00edduos. Dessa vez foi viabilizada a utiliza\u00e7\u00e3o do res\u00edduo de areia da caldeira de biomassa para a fabrica\u00e7\u00e3o de argamassa, assegurando a sustentabilidade dos n\u00edveis de reciclagem alcan\u00e7ados\u201d, \u00a0destaca Matos.<\/p>\n<p>&nbsp;<\/p>\n<h2>Redu\u00e7\u00e3o de emiss\u00e3o de gases<\/h2>\n<p>Outra conquista relevante para a Veracel no ano passado foi a conclus\u00e3o de um projeto para reduzir a emiss\u00e3o de gases de efeito estufa, por meio da diminui\u00e7\u00e3o do uso do g\u00e1s natural, um combust\u00edvel de origem f\u00f3ssil. Equipes internas se desafiaram para aumentar o consumo de hidrog\u00eanio e metanol como combust\u00edveis auxiliares, reduzindo assim o uso de g\u00e1s natural. \u201cO g\u00e1s hidrog\u00eanio j\u00e1 \u00e9 gerado dentro da f\u00e1brica, no processo de produ\u00e7\u00e3o de di\u00f3xido de cloro\u201d, explica Ronisson Lima, Coordenador de Forno Caustifica\u00e7\u00e3o. \u201cJ\u00e1 o metanol, derivado da madeira e, portanto, de origem org\u00e2nica, \u00e9 destilado e purificado na \u00e1rea da evapora\u00e7\u00e3o, a partir da \u00e1gua dos licores gerados no processo de produ\u00e7\u00e3o da celulose\u201d, complementa Lima.<\/p>\n<p>Em 2022, a redu\u00e7\u00e3o de g\u00e1s natural acumulada nos processos fabris chegou a 13% desde o in\u00edcio das opera\u00e7\u00f5es, um total equivalente a 6 milh\u00f5es de metros c\u00fabicos que deixaram de ser queimados. Com isso, deixaram de ser emitidas para a atmosfera 12.400 tCO2eq (toneladas de CO2 equivalente). A meta para esse ano \u00e9 atingir uma redu\u00e7\u00e3o adicional de 1% do consumo anual de g\u00e1s.<\/p>\n<p>&nbsp;<\/p>\n<h2>Fontes de energias alternativas<\/h2>\n<p>Atualmente, a matriz energ\u00e9tica da f\u00e1brica da Veracel \u00e9 composta por apenas 4,99% de combust\u00edvel f\u00f3ssil \u2013 os 95,01% restantes s\u00e3o combust\u00edveis n\u00e3o f\u00f3sseis provenientes de fontes alternativas de biomassa. Deste total de combust\u00edveis f\u00f3sseis, 4,36% contemplam o uso de g\u00e1s natural no forno de Cal e 0,63% contemplam o uso de \u00f3leo BPF que \u00e9 queimado apenas nos momentos de parada e partida da f\u00e1brica. A companhia tamb\u00e9m segue estudando fontes alternativas de biomassa, como o uso de \u00f3leo ecol\u00f3gico, fibra do coco e cascas de cupua\u00e7u, tanto para produ\u00e7\u00e3o energ\u00e9tica, como para amplia\u00e7\u00e3o da reciclagem, minimizando o impacto de poss\u00edveis passivos ambientais, al\u00e9m de gerar novos neg\u00f3cios para os produtores locais, promovendo a economia circular da regi\u00e3o.<\/p>\n<p>&nbsp;<\/p>\n<p><a href=\"https:\/\/www.veracel.com.br\/sustentabilidade\/operacoes-sustentaveis\/\">Conhe\u00e7a como funcionam as opera\u00e7\u00f5es sustent\u00e1veis da Veracel Celulose<\/a><\/p>\n<p><a href=\"https:\/\/www.veracel.com.br\/veracel-reduz-emissao-de-co2-na-producao-de-celulose\/\">Confira como a Veracel Celulose reduziu a emiss\u00e3o de gases de efeito estufa<\/a><\/p>\n","protected":false},"excerpt":{"rendered":"<p>Empresa alcan\u00e7a em 2022 o recorde de 20,5 metros c\u00fabicos de \u00e1gua por tonelada de celulose produzida, al\u00e9m de somar bons resultados de reaproveitamento de res\u00edduos e de redu\u00e7\u00e3o do uso de g\u00e1s natural no processo produtivo &nbsp; A Veracel, ind\u00fastria de celulose da regi\u00e3o sul da Bahia, alcan\u00e7ou, em 2022, o menor \u00edndice m\u00e9dio [&hellip;]<\/p>\n","protected":false},"author":2,"featured_media":27785,"comment_status":"open","ping_status":"open","sticky":false,"template":"","format":"standard","meta":{"_acf_changed":false,"footnotes":"","_links_to":"","_links_to_target":""},"categories":[211,332],"tags":[],"class_list":["post-27773","post","type-post","status-publish","format-standard","has-post-thumbnail","hentry","category-noticias","category-sustentabilidade-veracel"],"acf":[],"yoast_head":"<!-- This site is optimized with the Yoast SEO Premium plugin v26.7 (Yoast SEO v27.4) - https:\/\/yoast.com\/product\/yoast-seo-premium-wordpress\/ -->\n<title>Veracel tem menor \u00edndice de uso de \u00e1gua para produzir celulose\u00a0<\/title>\n<meta name=\"description\" content=\"Veracel Celulose bate o seu recorde com menor \u00edndice de \u00e1gua para produ\u00e7\u00e3o da celulose. al\u00e9m de reaproveitamento de res\u00edduos.\" \/>\n<meta name=\"robots\" content=\"index, follow, max-snippet:-1, max-image-preview:large, max-video-preview:-1\" \/>\n<link rel=\"canonical\" href=\"https:\/\/www.veracel.com.br\/veracel-atinge-seu-menor-indice-de-uso-de-agua-para-a-fabricacao-de-celulose\/\" \/>\n<meta property=\"og:locale\" content=\"en_US\" \/>\n<meta property=\"og:type\" content=\"article\" \/>\n<meta property=\"og:title\" content=\"Veracel atinge seu menor \u00edndice de uso de \u00e1gua para a fabrica\u00e7\u00e3o de celulose\u00a0\" \/>\n<meta property=\"og:description\" content=\"Veracel Celulose bate o seu recorde com menor \u00edndice de \u00e1gua para produ\u00e7\u00e3o da celulose. al\u00e9m de reaproveitamento de res\u00edduos.\" \/>\n<meta property=\"og:url\" content=\"https:\/\/www.veracel.com.br\/veracel-atinge-seu-menor-indice-de-uso-de-agua-para-a-fabricacao-de-celulose\/\" \/>\n<meta property=\"og:site_name\" content=\"Veracel Celulose\" \/>\n<meta property=\"article:published_time\" content=\"2023-01-24T17:17:32+00:00\" \/>\n<meta property=\"article:modified_time\" content=\"2023-01-30T11:00:55+00:00\" \/>\n<meta property=\"og:image\" content=\"https:\/\/www.veracel.com.br\/wp-content\/uploads\/2023\/01\/veracel-celulose-reduz-indice-de-agua-no-processo-industrial.jpg\" \/>\n\t<meta property=\"og:image:width\" content=\"800\" \/>\n\t<meta property=\"og:image:height\" content=\"533\" \/>\n\t<meta property=\"og:image:type\" content=\"image\/jpeg\" \/>\n<meta name=\"author\" content=\"saulo\" \/>\n<meta name=\"twitter:card\" content=\"summary_large_image\" \/>\n<meta name=\"twitter:label1\" content=\"Written by\" \/>\n\t<meta name=\"twitter:data1\" content=\"saulo\" \/>\n\t<meta name=\"twitter:label2\" content=\"Est. reading time\" \/>\n\t<meta name=\"twitter:data2\" content=\"5 minutes\" \/>\n<script type=\"application\/ld+json\" class=\"yoast-schema-graph\">{\"@context\":\"https:\\\/\\\/schema.org\",\"@graph\":[{\"@type\":\"WebPage\",\"@id\":\"https:\\\/\\\/www.veracel.com.br\\\/veracel-atinge-seu-menor-indice-de-uso-de-agua-para-a-fabricacao-de-celulose\\\/\",\"url\":\"https:\\\/\\\/www.veracel.com.br\\\/veracel-atinge-seu-menor-indice-de-uso-de-agua-para-a-fabricacao-de-celulose\\\/\",\"name\":\"Veracel tem menor \u00edndice de uso de \u00e1gua para produzir celulose\u00a0\",\"isPartOf\":{\"@id\":\"https:\\\/\\\/www.veracel.com.br\\\/#website\"},\"primaryImageOfPage\":{\"@id\":\"https:\\\/\\\/www.veracel.com.br\\\/veracel-atinge-seu-menor-indice-de-uso-de-agua-para-a-fabricacao-de-celulose\\\/#primaryimage\"},\"image\":{\"@id\":\"https:\\\/\\\/www.veracel.com.br\\\/veracel-atinge-seu-menor-indice-de-uso-de-agua-para-a-fabricacao-de-celulose\\\/#primaryimage\"},\"thumbnailUrl\":\"https:\\\/\\\/www.veracel.com.br\\\/wp-content\\\/uploads\\\/2023\\\/01\\\/veracel-celulose-reduz-indice-de-agua-no-processo-industrial.jpg\",\"datePublished\":\"2023-01-24T17:17:32+00:00\",\"dateModified\":\"2023-01-30T11:00:55+00:00\",\"description\":\"Veracel Celulose bate o seu recorde com menor \u00edndice de \u00e1gua para produ\u00e7\u00e3o da celulose. al\u00e9m de reaproveitamento de res\u00edduos.\",\"breadcrumb\":{\"@id\":\"https:\\\/\\\/www.veracel.com.br\\\/veracel-atinge-seu-menor-indice-de-uso-de-agua-para-a-fabricacao-de-celulose\\\/#breadcrumb\"},\"inLanguage\":\"en-US\",\"potentialAction\":[{\"@type\":\"ReadAction\",\"target\":[\"https:\\\/\\\/www.veracel.com.br\\\/veracel-atinge-seu-menor-indice-de-uso-de-agua-para-a-fabricacao-de-celulose\\\/\"]}]},{\"@type\":\"ImageObject\",\"inLanguage\":\"en-US\",\"@id\":\"https:\\\/\\\/www.veracel.com.br\\\/veracel-atinge-seu-menor-indice-de-uso-de-agua-para-a-fabricacao-de-celulose\\\/#primaryimage\",\"url\":\"https:\\\/\\\/www.veracel.com.br\\\/wp-content\\\/uploads\\\/2023\\\/01\\\/veracel-celulose-reduz-indice-de-agua-no-processo-industrial.jpg\",\"contentUrl\":\"https:\\\/\\\/www.veracel.com.br\\\/wp-content\\\/uploads\\\/2023\\\/01\\\/veracel-celulose-reduz-indice-de-agua-no-processo-industrial.jpg\",\"width\":800,\"height\":533,\"caption\":\"Unidade fabril da Veracel. Eunapolis\\\/BA.\"},{\"@type\":\"BreadcrumbList\",\"@id\":\"https:\\\/\\\/www.veracel.com.br\\\/veracel-atinge-seu-menor-indice-de-uso-de-agua-para-a-fabricacao-de-celulose\\\/#breadcrumb\",\"itemListElement\":[{\"@type\":\"ListItem\",\"position\":1,\"name\":\"Home\",\"item\":\"https:\\\/\\\/www.veracel.com.br\\\/\"},{\"@type\":\"ListItem\",\"position\":2,\"name\":\"Not\u00edcias\",\"item\":\"https:\\\/\\\/www.veracel.com.br\\\/noticias\\\/\"},{\"@type\":\"ListItem\",\"position\":3,\"name\":\"Veracel atinge seu menor \u00edndice de uso de \u00e1gua para a fabrica\u00e7\u00e3o de celulose\u00a0\"}]},{\"@type\":\"WebSite\",\"@id\":\"https:\\\/\\\/www.veracel.com.br\\\/#website\",\"url\":\"https:\\\/\\\/www.veracel.com.br\\\/\",\"name\":\"Veracel Celulose\",\"description\":\"Quando crescemos juntos vamos muito mais longe\",\"publisher\":{\"@id\":\"https:\\\/\\\/www.veracel.com.br\\\/#organization\"},\"potentialAction\":[{\"@type\":\"SearchAction\",\"target\":{\"@type\":\"EntryPoint\",\"urlTemplate\":\"https:\\\/\\\/www.veracel.com.br\\\/?s={search_term_string}\"},\"query-input\":{\"@type\":\"PropertyValueSpecification\",\"valueRequired\":true,\"valueName\":\"search_term_string\"}}],\"inLanguage\":\"en-US\"},{\"@type\":\"Organization\",\"@id\":\"https:\\\/\\\/www.veracel.com.br\\\/#organization\",\"name\":\"Veracel Celulose\",\"url\":\"https:\\\/\\\/www.veracel.com.br\\\/\",\"logo\":{\"@type\":\"ImageObject\",\"inLanguage\":\"en-US\",\"@id\":\"https:\\\/\\\/www.veracel.com.br\\\/#\\\/schema\\\/logo\\\/image\\\/\",\"url\":\"https:\\\/\\\/www.veracel.com.br\\\/wp-content\\\/uploads\\\/2024\\\/08\\\/Ativo-1.png\",\"contentUrl\":\"https:\\\/\\\/www.veracel.com.br\\\/wp-content\\\/uploads\\\/2024\\\/08\\\/Ativo-1.png\",\"width\":400,\"height\":121,\"caption\":\"Veracel Celulose\"},\"image\":{\"@id\":\"https:\\\/\\\/www.veracel.com.br\\\/#\\\/schema\\\/logo\\\/image\\\/\"},\"sameAs\":[\"https:\\\/\\\/www.instagram.com\\\/veracelcelulose\",\"https:\\\/\\\/www.linkedin.com\\\/company\\\/veracelcelulose\\\/\",\"https:\\\/\\\/www.youtube.com\\\/user\\\/CanalVeracel\"]}]}<\/script>\n<!-- \/ Yoast SEO Premium plugin. -->","yoast_head_json":{"title":"Veracel tem menor \u00edndice de uso de \u00e1gua para produzir celulose\u00a0","description":"Veracel Celulose bate o seu recorde com menor \u00edndice de \u00e1gua para produ\u00e7\u00e3o da celulose. al\u00e9m de reaproveitamento de res\u00edduos.","robots":{"index":"index","follow":"follow","max-snippet":"max-snippet:-1","max-image-preview":"max-image-preview:large","max-video-preview":"max-video-preview:-1"},"canonical":"https:\/\/www.veracel.com.br\/veracel-atinge-seu-menor-indice-de-uso-de-agua-para-a-fabricacao-de-celulose\/","og_locale":"en_US","og_type":"article","og_title":"Veracel atinge seu menor \u00edndice de uso de \u00e1gua para a fabrica\u00e7\u00e3o de celulose\u00a0","og_description":"Veracel Celulose bate o seu recorde com menor \u00edndice de \u00e1gua para produ\u00e7\u00e3o da celulose. al\u00e9m de reaproveitamento de res\u00edduos.","og_url":"https:\/\/www.veracel.com.br\/veracel-atinge-seu-menor-indice-de-uso-de-agua-para-a-fabricacao-de-celulose\/","og_site_name":"Veracel Celulose","article_published_time":"2023-01-24T17:17:32+00:00","article_modified_time":"2023-01-30T11:00:55+00:00","og_image":[{"width":800,"height":533,"url":"https:\/\/www.veracel.com.br\/wp-content\/uploads\/2023\/01\/veracel-celulose-reduz-indice-de-agua-no-processo-industrial.jpg","type":"image\/jpeg"}],"author":"saulo","twitter_card":"summary_large_image","twitter_misc":{"Written by":"saulo","Est. reading time":"5 minutes"},"schema":{"@context":"https:\/\/schema.org","@graph":[{"@type":"WebPage","@id":"https:\/\/www.veracel.com.br\/veracel-atinge-seu-menor-indice-de-uso-de-agua-para-a-fabricacao-de-celulose\/","url":"https:\/\/www.veracel.com.br\/veracel-atinge-seu-menor-indice-de-uso-de-agua-para-a-fabricacao-de-celulose\/","name":"Veracel tem menor \u00edndice de uso de \u00e1gua para produzir celulose\u00a0","isPartOf":{"@id":"https:\/\/www.veracel.com.br\/#website"},"primaryImageOfPage":{"@id":"https:\/\/www.veracel.com.br\/veracel-atinge-seu-menor-indice-de-uso-de-agua-para-a-fabricacao-de-celulose\/#primaryimage"},"image":{"@id":"https:\/\/www.veracel.com.br\/veracel-atinge-seu-menor-indice-de-uso-de-agua-para-a-fabricacao-de-celulose\/#primaryimage"},"thumbnailUrl":"https:\/\/www.veracel.com.br\/wp-content\/uploads\/2023\/01\/veracel-celulose-reduz-indice-de-agua-no-processo-industrial.jpg","datePublished":"2023-01-24T17:17:32+00:00","dateModified":"2023-01-30T11:00:55+00:00","description":"Veracel Celulose bate o seu recorde com menor \u00edndice de \u00e1gua para produ\u00e7\u00e3o da celulose. al\u00e9m de reaproveitamento de res\u00edduos.","breadcrumb":{"@id":"https:\/\/www.veracel.com.br\/veracel-atinge-seu-menor-indice-de-uso-de-agua-para-a-fabricacao-de-celulose\/#breadcrumb"},"inLanguage":"en-US","potentialAction":[{"@type":"ReadAction","target":["https:\/\/www.veracel.com.br\/veracel-atinge-seu-menor-indice-de-uso-de-agua-para-a-fabricacao-de-celulose\/"]}]},{"@type":"ImageObject","inLanguage":"en-US","@id":"https:\/\/www.veracel.com.br\/veracel-atinge-seu-menor-indice-de-uso-de-agua-para-a-fabricacao-de-celulose\/#primaryimage","url":"https:\/\/www.veracel.com.br\/wp-content\/uploads\/2023\/01\/veracel-celulose-reduz-indice-de-agua-no-processo-industrial.jpg","contentUrl":"https:\/\/www.veracel.com.br\/wp-content\/uploads\/2023\/01\/veracel-celulose-reduz-indice-de-agua-no-processo-industrial.jpg","width":800,"height":533,"caption":"Unidade fabril da Veracel. Eunapolis\/BA."},{"@type":"BreadcrumbList","@id":"https:\/\/www.veracel.com.br\/veracel-atinge-seu-menor-indice-de-uso-de-agua-para-a-fabricacao-de-celulose\/#breadcrumb","itemListElement":[{"@type":"ListItem","position":1,"name":"Home","item":"https:\/\/www.veracel.com.br\/"},{"@type":"ListItem","position":2,"name":"Not\u00edcias","item":"https:\/\/www.veracel.com.br\/noticias\/"},{"@type":"ListItem","position":3,"name":"Veracel atinge seu menor \u00edndice de uso de \u00e1gua para a fabrica\u00e7\u00e3o de celulose\u00a0"}]},{"@type":"WebSite","@id":"https:\/\/www.veracel.com.br\/#website","url":"https:\/\/www.veracel.com.br\/","name":"Veracel Celulose","description":"Quando crescemos juntos vamos muito mais longe","publisher":{"@id":"https:\/\/www.veracel.com.br\/#organization"},"potentialAction":[{"@type":"SearchAction","target":{"@type":"EntryPoint","urlTemplate":"https:\/\/www.veracel.com.br\/?s={search_term_string}"},"query-input":{"@type":"PropertyValueSpecification","valueRequired":true,"valueName":"search_term_string"}}],"inLanguage":"en-US"},{"@type":"Organization","@id":"https:\/\/www.veracel.com.br\/#organization","name":"Veracel Celulose","url":"https:\/\/www.veracel.com.br\/","logo":{"@type":"ImageObject","inLanguage":"en-US","@id":"https:\/\/www.veracel.com.br\/#\/schema\/logo\/image\/","url":"https:\/\/www.veracel.com.br\/wp-content\/uploads\/2024\/08\/Ativo-1.png","contentUrl":"https:\/\/www.veracel.com.br\/wp-content\/uploads\/2024\/08\/Ativo-1.png","width":400,"height":121,"caption":"Veracel Celulose"},"image":{"@id":"https:\/\/www.veracel.com.br\/#\/schema\/logo\/image\/"},"sameAs":["https:\/\/www.instagram.com\/veracelcelulose","https:\/\/www.linkedin.com\/company\/veracelcelulose\/","https:\/\/www.youtube.com\/user\/CanalVeracel"]}]}},"_links":{"self":[{"href":"https:\/\/www.veracel.com.br\/en\/wp-json\/wp\/v2\/posts\/27773","targetHints":{"allow":["GET"]}}],"collection":[{"href":"https:\/\/www.veracel.com.br\/en\/wp-json\/wp\/v2\/posts"}],"about":[{"href":"https:\/\/www.veracel.com.br\/en\/wp-json\/wp\/v2\/types\/post"}],"author":[{"embeddable":true,"href":"https:\/\/www.veracel.com.br\/en\/wp-json\/wp\/v2\/users\/2"}],"replies":[{"embeddable":true,"href":"https:\/\/www.veracel.com.br\/en\/wp-json\/wp\/v2\/comments?post=27773"}],"version-history":[{"count":3,"href":"https:\/\/www.veracel.com.br\/en\/wp-json\/wp\/v2\/posts\/27773\/revisions"}],"predecessor-version":[{"id":28543,"href":"https:\/\/www.veracel.com.br\/en\/wp-json\/wp\/v2\/posts\/27773\/revisions\/28543"}],"wp:featuredmedia":[{"embeddable":true,"href":"https:\/\/www.veracel.com.br\/en\/wp-json\/wp\/v2\/media\/27785"}],"wp:attachment":[{"href":"https:\/\/www.veracel.com.br\/en\/wp-json\/wp\/v2\/media?parent=27773"}],"wp:term":[{"taxonomy":"category","embeddable":true,"href":"https:\/\/www.veracel.com.br\/en\/wp-json\/wp\/v2\/categories?post=27773"},{"taxonomy":"post_tag","embeddable":true,"href":"https:\/\/www.veracel.com.br\/en\/wp-json\/wp\/v2\/tags?post=27773"}],"curies":[{"name":"wp","href":"https:\/\/api.w.org\/{rel}","templated":true}]}}