{"id":29052,"date":"2023-02-28T17:43:12","date_gmt":"2023-02-28T20:43:12","guid":{"rendered":"https:\/\/www.veracel.com.br\/?p=29052"},"modified":"2023-03-01T14:34:59","modified_gmt":"2023-03-01T17:34:59","slug":"parada-geral-2023-veracel-celulose","status":"publish","type":"post","link":"https:\/\/www.veracel.com.br\/en\/parada-geral-2023-veracel-celulose\/","title":{"rendered":"Parada Geral 2023 da Veracel ser\u00e1 realizada de 1\u00ba a 19 de mar\u00e7o"},"content":{"rendered":"<p><em>A Parada Geral \u00e9 uma das iniciativas que contribuem para a produtividade industrial. A manuten\u00e7\u00e3o preventiva das estruturas tem foco na seguran\u00e7a dos processos fabris, \u00e9 fundamental para fortalecer ainda mais a estabilidade e confiabilidade da f\u00e1brica. Al\u00e9m disso, tem um importante papel de fomento \u00e0 economia local. A Veracel Celulose prev\u00ea alcan\u00e7ar no segundo semestre a produ\u00e7\u00e3o hist\u00f3rica de 20 milh\u00f5es de toneladas de celulose.\u00a0<\/em><\/p>\n<p>&nbsp;<\/p>\n<p>A Veracel Celulose, ind\u00fastria com sede em Eun\u00e1polis (BA), realiza entre os dias 1\u00ba e 19 de mar\u00e7o a edi\u00e7\u00e3o 2023 da Parada Geral (PG) de suas atividades industriais. Durante esse per\u00edodo, as opera\u00e7\u00f5es da f\u00e1brica s\u00e3o interrompidas para o reparo, a manuten\u00e7\u00e3o e o ajuste preventivo dos diversos maquin\u00e1rios. A Parada Geral tem como foco a seguran\u00e7a dos processos fabris e, como consequ\u00eancia, a estabilidade da f\u00e1brica, sua produtividade, al\u00e9m de melhorias no processo e inova\u00e7\u00f5es. A Veracel prev\u00ea alcan\u00e7ar no segundo semestre a produ\u00e7\u00e3o hist\u00f3rica de 20 milh\u00f5es de toneladas de celulose, e a Parada \u00e9 uma das iniciativas que contribuem para a produtividade industrial.<\/p>\n<p>&nbsp;<\/p>\n<h2>Parada Geral tem foco na seguran\u00e7a e produtividade<\/h2>\n<p>\u201cA Parada Geral faz parte da atua\u00e7\u00e3o cont\u00ednua da Veracel Celulose na preven\u00e7\u00e3o e na seguran\u00e7a dos seus colaboradores e de suas estruturas. Ela integra nosso esfor\u00e7o no fortalecimento permanente da confiabilidade dos nossos equipamentos fabris, por meio da melhoria constante. Al\u00e9m de mais seguros, buscamos, com essa a\u00e7\u00e3o, gerar ganhos com confiabilidade e produtividade\u201d, comenta o diretor industrial da empresa, Ari Medeiros.<\/p>\n<p>A Parada gera ainda um importante efeito positivo para a atividade econ\u00f4mica em todo o territ\u00f3rio de atua\u00e7\u00e3o da companhia, na regi\u00e3o Sul da Bahia, com a cria\u00e7\u00e3o de milhares de empregos tempor\u00e1rios e o fortalecimento da cadeia local de servi\u00e7os, principalmente nos setores de alimenta\u00e7\u00e3o, hospedagem e transporte.<\/p>\n<p>A PG de 2023 ser\u00e1 a mais abrangente j\u00e1 realizada pela Veracel, em n\u00famero de pessoas envolvidas, atividades realizadas e per\u00edodo de dura\u00e7\u00e3o. Ao todo, ser\u00e3o mobilizados 2.903 trabalhadores tempor\u00e1rios, que v\u00e3o atuar na f\u00e1brica para realizar todas as atividades previstas. Ser\u00e3o 318 trabalhadores a mais do que o n\u00famero de pessoas que atuou na Parada Geral anterior, realizada em 2021.<\/p>\n<p>&nbsp;<\/p>\n<h2>Parada Geral movimenta economia local<\/h2>\n<p>A Veracel Celulose e as empresas parceiras envolvidas t\u00eam como foco a contrata\u00e7\u00e3o de m\u00e3o de obra local. Do total de trabalhadores que atuar\u00e3o na PG, 557 s\u00e3o da regi\u00e3o \u2013 das cidades de Eun\u00e1polis, Itapebi, Itagimirim e Belmonte \u2013 e o conjunto dessas contrata\u00e7\u00f5es locais representa um montante financeiro direto de mais de R$ 10 milh\u00f5es.<\/p>\n<p>As equipes envolvidas na PG ficar\u00e3o hospedadas nas cidades de Eun\u00e1polis, Porto Seguro, Itapebi, Itagimirim, Belmonte e Santa Cruz Cabr\u00e1lia. Haver\u00e1 um total de aproximadamente 1,4 mil pessoas hospedadas nesses munic\u00edpios.<\/p>\n<p>Um dos principais destaques na edi\u00e7\u00e3o 2023 da Parada Geral ser\u00e1 a lavagem da caldeira de recupera\u00e7\u00e3o qu\u00edmica. Ela \u00e9 a estrutura utilizada para a fabrica\u00e7\u00e3o de celulose e que gera energia, aproveitada no pr\u00f3prio processo de fabrica\u00e7\u00e3o. O objetivo dessa a\u00e7\u00e3o \u00e9 garantir maior seguran\u00e7a do equipamento, das pessoas envolvidas no seu uso e, de forma secund\u00e1ria, gerar ganhos de performance. Esse processo in\u00e9dito na caldeira \u00e9 apenas uma entre diversas atividades que ser\u00e3o realizadas neste ano nos equipamentos utilizados em todas as fases do processo de produ\u00e7\u00e3o da celulose.<\/p>\n<p>&nbsp;<\/p>\n<h2>Medidas de seguran\u00e7a na Parada Geral da Veracel Celulose<\/h2>\n<p>A PG \u00e9 um evento previsto na NR13 (Norma Regulamentadora), que estabelece a obrigatoriedade na manuten\u00e7\u00e3o de equipamentos.<\/p>\n<p>Para realizar a Parada Geral de 2023, a Veracel adotou medidas de prote\u00e7\u00e3o contra a Covid-19. Ser\u00e1 obrigat\u00f3rio o uso de m\u00e1scaras cobrindo a boca e nariz para utiliza\u00e7\u00e3o de transportes da empresa e em situa\u00e7\u00f5es de aproxima\u00e7\u00e3o menor que 1,5 m entre duas ou mais pessoas, al\u00e9m ser imprescind\u00edvel ter o esquema vacinal completo para atuar na PG e testagem Covid em um per\u00edodo m\u00e1ximo de 72 h antes do acesso.<\/p>\n<p>&nbsp;<\/p>\n<p><a href=\"https:\/\/www.veracel.com.br\/sustentabilidade\/operacoes-sustentaveis\/\">Conhe\u00e7a mais sobre as opera\u00e7\u00f5es sustent\u00e1veis da Veracel Celulose.<\/a><\/p>\n<p><a href=\"https:\/\/www.veracel.com.br\/fale-conosco\/\">D\u00favidas? Ente em contato com a gente!<\/a><\/p>\n","protected":false},"excerpt":{"rendered":"<p>A Parada Geral \u00e9 uma das iniciativas que contribuem para a produtividade industrial. A manuten\u00e7\u00e3o preventiva das estruturas tem foco na seguran\u00e7a dos processos fabris, \u00e9 fundamental para fortalecer ainda mais a estabilidade e confiabilidade da f\u00e1brica. Al\u00e9m disso, tem um importante papel de fomento \u00e0 economia local. A Veracel Celulose prev\u00ea alcan\u00e7ar no segundo [&hellip;]<\/p>\n","protected":false},"author":2,"featured_media":29053,"comment_status":"open","ping_status":"open","sticky":false,"template":"","format":"standard","meta":{"_acf_changed":false,"footnotes":"","_links_to":"","_links_to_target":""},"categories":[271,211],"tags":[],"class_list":["post-29052","post","type-post","status-publish","format-standard","has-post-thumbnail","hentry","category-a-veracel","category-noticias"],"acf":[],"yoast_head":"<!-- This site is optimized with the Yoast SEO Premium plugin v26.7 (Yoast SEO v27.4) - https:\/\/yoast.com\/product\/yoast-seo-premium-wordpress\/ -->\n<title>Parada Geral 2023 da Veracel Celulose de 1\u00ba a 19 de mar\u00e7o<\/title>\n<meta name=\"description\" content=\"Parada Geral 2023 da Veracel Celulose tem foco na seguran\u00e7a e produtividade e ser\u00e1 realizada entre de 1\u00ba a 19 de mar\u00e7o\" \/>\n<meta name=\"robots\" content=\"index, follow, max-snippet:-1, max-image-preview:large, max-video-preview:-1\" \/>\n<link rel=\"canonical\" href=\"https:\/\/www.veracel.com.br\/parada-geral-2023-veracel-celulose\/\" \/>\n<meta property=\"og:locale\" content=\"en_US\" \/>\n<meta property=\"og:type\" content=\"article\" \/>\n<meta property=\"og:title\" content=\"Parada Geral 2023 da Veracel ser\u00e1 realizada de 1\u00ba a 19 de mar\u00e7o\" \/>\n<meta property=\"og:description\" content=\"Parada Geral 2023 da Veracel Celulose tem foco na seguran\u00e7a e produtividade e ser\u00e1 realizada entre de 1\u00ba a 19 de mar\u00e7o\" \/>\n<meta property=\"og:url\" content=\"https:\/\/www.veracel.com.br\/parada-geral-2023-veracel-celulose\/\" \/>\n<meta property=\"og:site_name\" content=\"Veracel Celulose\" \/>\n<meta property=\"article:published_time\" content=\"2023-02-28T20:43:12+00:00\" \/>\n<meta property=\"article:modified_time\" content=\"2023-03-01T17:34:59+00:00\" \/>\n<meta property=\"og:image\" content=\"https:\/\/www.veracel.com.br\/wp-content\/uploads\/2023\/02\/parada-geral-2023-veracel-celulose.jpg\" \/>\n\t<meta property=\"og:image:width\" content=\"800\" \/>\n\t<meta property=\"og:image:height\" content=\"533\" \/>\n\t<meta property=\"og:image:type\" content=\"image\/jpeg\" \/>\n<meta name=\"author\" content=\"saulo\" \/>\n<meta name=\"twitter:card\" content=\"summary_large_image\" \/>\n<meta name=\"twitter:label1\" content=\"Written by\" \/>\n\t<meta name=\"twitter:data1\" content=\"saulo\" \/>\n\t<meta name=\"twitter:label2\" content=\"Est. reading time\" \/>\n\t<meta name=\"twitter:data2\" content=\"4 minutes\" \/>\n<script type=\"application\/ld+json\" class=\"yoast-schema-graph\">{\"@context\":\"https:\\\/\\\/schema.org\",\"@graph\":[{\"@type\":\"WebPage\",\"@id\":\"https:\\\/\\\/www.veracel.com.br\\\/parada-geral-2023-veracel-celulose\\\/\",\"url\":\"https:\\\/\\\/www.veracel.com.br\\\/parada-geral-2023-veracel-celulose\\\/\",\"name\":\"Parada Geral 2023 da Veracel Celulose de 1\u00ba a 19 de mar\u00e7o\",\"isPartOf\":{\"@id\":\"https:\\\/\\\/www.veracel.com.br\\\/#website\"},\"primaryImageOfPage\":{\"@id\":\"https:\\\/\\\/www.veracel.com.br\\\/parada-geral-2023-veracel-celulose\\\/#primaryimage\"},\"image\":{\"@id\":\"https:\\\/\\\/www.veracel.com.br\\\/parada-geral-2023-veracel-celulose\\\/#primaryimage\"},\"thumbnailUrl\":\"https:\\\/\\\/www.veracel.com.br\\\/wp-content\\\/uploads\\\/2023\\\/02\\\/parada-geral-2023-veracel-celulose.jpg\",\"datePublished\":\"2023-02-28T20:43:12+00:00\",\"dateModified\":\"2023-03-01T17:34:59+00:00\",\"description\":\"Parada Geral 2023 da Veracel Celulose tem foco na seguran\u00e7a e produtividade e ser\u00e1 realizada entre de 1\u00ba a 19 de mar\u00e7o\",\"breadcrumb\":{\"@id\":\"https:\\\/\\\/www.veracel.com.br\\\/parada-geral-2023-veracel-celulose\\\/#breadcrumb\"},\"inLanguage\":\"en-US\",\"potentialAction\":[{\"@type\":\"ReadAction\",\"target\":[\"https:\\\/\\\/www.veracel.com.br\\\/parada-geral-2023-veracel-celulose\\\/\"]}]},{\"@type\":\"ImageObject\",\"inLanguage\":\"en-US\",\"@id\":\"https:\\\/\\\/www.veracel.com.br\\\/parada-geral-2023-veracel-celulose\\\/#primaryimage\",\"url\":\"https:\\\/\\\/www.veracel.com.br\\\/wp-content\\\/uploads\\\/2023\\\/02\\\/parada-geral-2023-veracel-celulose.jpg\",\"contentUrl\":\"https:\\\/\\\/www.veracel.com.br\\\/wp-content\\\/uploads\\\/2023\\\/02\\\/parada-geral-2023-veracel-celulose.jpg\",\"width\":800,\"height\":533,\"caption\":\"Unidade fabril da Veracel. Eunapolis\\\/BA.\"},{\"@type\":\"BreadcrumbList\",\"@id\":\"https:\\\/\\\/www.veracel.com.br\\\/parada-geral-2023-veracel-celulose\\\/#breadcrumb\",\"itemListElement\":[{\"@type\":\"ListItem\",\"position\":1,\"name\":\"Home\",\"item\":\"https:\\\/\\\/www.veracel.com.br\\\/\"},{\"@type\":\"ListItem\",\"position\":2,\"name\":\"A Veracel\",\"item\":\"https:\\\/\\\/www.veracel.com.br\\\/a-veracel\\\/\"},{\"@type\":\"ListItem\",\"position\":3,\"name\":\"Parada Geral 2023 da Veracel ser\u00e1 realizada de 1\u00ba a 19 de mar\u00e7o\"}]},{\"@type\":\"WebSite\",\"@id\":\"https:\\\/\\\/www.veracel.com.br\\\/#website\",\"url\":\"https:\\\/\\\/www.veracel.com.br\\\/\",\"name\":\"Veracel Celulose\",\"description\":\"Quando crescemos juntos vamos muito mais longe\",\"publisher\":{\"@id\":\"https:\\\/\\\/www.veracel.com.br\\\/#organization\"},\"potentialAction\":[{\"@type\":\"SearchAction\",\"target\":{\"@type\":\"EntryPoint\",\"urlTemplate\":\"https:\\\/\\\/www.veracel.com.br\\\/?s={search_term_string}\"},\"query-input\":{\"@type\":\"PropertyValueSpecification\",\"valueRequired\":true,\"valueName\":\"search_term_string\"}}],\"inLanguage\":\"en-US\"},{\"@type\":\"Organization\",\"@id\":\"https:\\\/\\\/www.veracel.com.br\\\/#organization\",\"name\":\"Veracel Celulose\",\"url\":\"https:\\\/\\\/www.veracel.com.br\\\/\",\"logo\":{\"@type\":\"ImageObject\",\"inLanguage\":\"en-US\",\"@id\":\"https:\\\/\\\/www.veracel.com.br\\\/#\\\/schema\\\/logo\\\/image\\\/\",\"url\":\"https:\\\/\\\/www.veracel.com.br\\\/wp-content\\\/uploads\\\/2024\\\/08\\\/Ativo-1.png\",\"contentUrl\":\"https:\\\/\\\/www.veracel.com.br\\\/wp-content\\\/uploads\\\/2024\\\/08\\\/Ativo-1.png\",\"width\":400,\"height\":121,\"caption\":\"Veracel Celulose\"},\"image\":{\"@id\":\"https:\\\/\\\/www.veracel.com.br\\\/#\\\/schema\\\/logo\\\/image\\\/\"},\"sameAs\":[\"https:\\\/\\\/www.instagram.com\\\/veracelcelulose\",\"https:\\\/\\\/www.linkedin.com\\\/company\\\/veracelcelulose\\\/\",\"https:\\\/\\\/www.youtube.com\\\/user\\\/CanalVeracel\"]}]}<\/script>\n<!-- \/ Yoast SEO Premium plugin. -->","yoast_head_json":{"title":"Parada Geral 2023 da Veracel Celulose de 1\u00ba a 19 de mar\u00e7o","description":"Parada Geral 2023 da Veracel Celulose tem foco na seguran\u00e7a e produtividade e ser\u00e1 realizada entre de 1\u00ba a 19 de mar\u00e7o","robots":{"index":"index","follow":"follow","max-snippet":"max-snippet:-1","max-image-preview":"max-image-preview:large","max-video-preview":"max-video-preview:-1"},"canonical":"https:\/\/www.veracel.com.br\/parada-geral-2023-veracel-celulose\/","og_locale":"en_US","og_type":"article","og_title":"Parada Geral 2023 da Veracel ser\u00e1 realizada de 1\u00ba a 19 de mar\u00e7o","og_description":"Parada Geral 2023 da Veracel Celulose tem foco na seguran\u00e7a e produtividade e ser\u00e1 realizada entre de 1\u00ba a 19 de mar\u00e7o","og_url":"https:\/\/www.veracel.com.br\/parada-geral-2023-veracel-celulose\/","og_site_name":"Veracel Celulose","article_published_time":"2023-02-28T20:43:12+00:00","article_modified_time":"2023-03-01T17:34:59+00:00","og_image":[{"width":800,"height":533,"url":"https:\/\/www.veracel.com.br\/wp-content\/uploads\/2023\/02\/parada-geral-2023-veracel-celulose.jpg","type":"image\/jpeg"}],"author":"saulo","twitter_card":"summary_large_image","twitter_misc":{"Written by":"saulo","Est. reading time":"4 minutes"},"schema":{"@context":"https:\/\/schema.org","@graph":[{"@type":"WebPage","@id":"https:\/\/www.veracel.com.br\/parada-geral-2023-veracel-celulose\/","url":"https:\/\/www.veracel.com.br\/parada-geral-2023-veracel-celulose\/","name":"Parada Geral 2023 da Veracel Celulose de 1\u00ba a 19 de mar\u00e7o","isPartOf":{"@id":"https:\/\/www.veracel.com.br\/#website"},"primaryImageOfPage":{"@id":"https:\/\/www.veracel.com.br\/parada-geral-2023-veracel-celulose\/#primaryimage"},"image":{"@id":"https:\/\/www.veracel.com.br\/parada-geral-2023-veracel-celulose\/#primaryimage"},"thumbnailUrl":"https:\/\/www.veracel.com.br\/wp-content\/uploads\/2023\/02\/parada-geral-2023-veracel-celulose.jpg","datePublished":"2023-02-28T20:43:12+00:00","dateModified":"2023-03-01T17:34:59+00:00","description":"Parada Geral 2023 da Veracel Celulose tem foco na seguran\u00e7a e produtividade e ser\u00e1 realizada entre de 1\u00ba a 19 de mar\u00e7o","breadcrumb":{"@id":"https:\/\/www.veracel.com.br\/parada-geral-2023-veracel-celulose\/#breadcrumb"},"inLanguage":"en-US","potentialAction":[{"@type":"ReadAction","target":["https:\/\/www.veracel.com.br\/parada-geral-2023-veracel-celulose\/"]}]},{"@type":"ImageObject","inLanguage":"en-US","@id":"https:\/\/www.veracel.com.br\/parada-geral-2023-veracel-celulose\/#primaryimage","url":"https:\/\/www.veracel.com.br\/wp-content\/uploads\/2023\/02\/parada-geral-2023-veracel-celulose.jpg","contentUrl":"https:\/\/www.veracel.com.br\/wp-content\/uploads\/2023\/02\/parada-geral-2023-veracel-celulose.jpg","width":800,"height":533,"caption":"Unidade fabril da Veracel. Eunapolis\/BA."},{"@type":"BreadcrumbList","@id":"https:\/\/www.veracel.com.br\/parada-geral-2023-veracel-celulose\/#breadcrumb","itemListElement":[{"@type":"ListItem","position":1,"name":"Home","item":"https:\/\/www.veracel.com.br\/"},{"@type":"ListItem","position":2,"name":"A Veracel","item":"https:\/\/www.veracel.com.br\/a-veracel\/"},{"@type":"ListItem","position":3,"name":"Parada Geral 2023 da Veracel ser\u00e1 realizada de 1\u00ba a 19 de mar\u00e7o"}]},{"@type":"WebSite","@id":"https:\/\/www.veracel.com.br\/#website","url":"https:\/\/www.veracel.com.br\/","name":"Veracel Celulose","description":"Quando crescemos juntos vamos muito mais longe","publisher":{"@id":"https:\/\/www.veracel.com.br\/#organization"},"potentialAction":[{"@type":"SearchAction","target":{"@type":"EntryPoint","urlTemplate":"https:\/\/www.veracel.com.br\/?s={search_term_string}"},"query-input":{"@type":"PropertyValueSpecification","valueRequired":true,"valueName":"search_term_string"}}],"inLanguage":"en-US"},{"@type":"Organization","@id":"https:\/\/www.veracel.com.br\/#organization","name":"Veracel Celulose","url":"https:\/\/www.veracel.com.br\/","logo":{"@type":"ImageObject","inLanguage":"en-US","@id":"https:\/\/www.veracel.com.br\/#\/schema\/logo\/image\/","url":"https:\/\/www.veracel.com.br\/wp-content\/uploads\/2024\/08\/Ativo-1.png","contentUrl":"https:\/\/www.veracel.com.br\/wp-content\/uploads\/2024\/08\/Ativo-1.png","width":400,"height":121,"caption":"Veracel Celulose"},"image":{"@id":"https:\/\/www.veracel.com.br\/#\/schema\/logo\/image\/"},"sameAs":["https:\/\/www.instagram.com\/veracelcelulose","https:\/\/www.linkedin.com\/company\/veracelcelulose\/","https:\/\/www.youtube.com\/user\/CanalVeracel"]}]}},"_links":{"self":[{"href":"https:\/\/www.veracel.com.br\/en\/wp-json\/wp\/v2\/posts\/29052","targetHints":{"allow":["GET"]}}],"collection":[{"href":"https:\/\/www.veracel.com.br\/en\/wp-json\/wp\/v2\/posts"}],"about":[{"href":"https:\/\/www.veracel.com.br\/en\/wp-json\/wp\/v2\/types\/post"}],"author":[{"embeddable":true,"href":"https:\/\/www.veracel.com.br\/en\/wp-json\/wp\/v2\/users\/2"}],"replies":[{"embeddable":true,"href":"https:\/\/www.veracel.com.br\/en\/wp-json\/wp\/v2\/comments?post=29052"}],"version-history":[{"count":3,"href":"https:\/\/www.veracel.com.br\/en\/wp-json\/wp\/v2\/posts\/29052\/revisions"}],"predecessor-version":[{"id":29060,"href":"https:\/\/www.veracel.com.br\/en\/wp-json\/wp\/v2\/posts\/29052\/revisions\/29060"}],"wp:featuredmedia":[{"embeddable":true,"href":"https:\/\/www.veracel.com.br\/en\/wp-json\/wp\/v2\/media\/29053"}],"wp:attachment":[{"href":"https:\/\/www.veracel.com.br\/en\/wp-json\/wp\/v2\/media?parent=29052"}],"wp:term":[{"taxonomy":"category","embeddable":true,"href":"https:\/\/www.veracel.com.br\/en\/wp-json\/wp\/v2\/categories?post=29052"},{"taxonomy":"post_tag","embeddable":true,"href":"https:\/\/www.veracel.com.br\/en\/wp-json\/wp\/v2\/tags?post=29052"}],"curies":[{"name":"wp","href":"https:\/\/api.w.org\/{rel}","templated":true}]}}