{"id":29143,"date":"2023-03-13T15:53:54","date_gmt":"2023-03-13T18:53:54","guid":{"rendered":"https:\/\/www.veracel.com.br\/?p=29143"},"modified":"2023-03-13T15:53:54","modified_gmt":"2023-03-13T18:53:54","slug":"parada-geral-2023-inicia-inedita-lavagem-quimica-da-caldeira-de-recuperacao","status":"publish","type":"post","link":"https:\/\/www.veracel.com.br\/en\/parada-geral-2023-inicia-inedita-lavagem-quimica-da-caldeira-de-recuperacao\/","title":{"rendered":"Parada Geral 2023 inicia in\u00e9dita lavagem qu\u00edmica da caldeira de recupera\u00e7\u00e3o\u00a0"},"content":{"rendered":"<p><em>A manuten\u00e7\u00e3o preventiva do equipamento tem o objetivo de trazer mais seguran\u00e7a aos colaboradores que operam o equipamento, al\u00e9m de gerar ganhos de performance para toda a planta industrial. Empresa prev\u00ea alcan\u00e7ar no segundo semestre a produ\u00e7\u00e3o hist\u00f3rica acumulada de 20 milh\u00f5es de toneladas de celulose<\/em><\/p>\n<p>&nbsp;<\/p>\n<p>Um dos principais objetivos da Veracel Celulose ao realizar sua Parada Geral \u00e9 garantir a seguran\u00e7a de seus colaboradores e de suas estruturas fabris. Um dos destaques da edi\u00e7\u00e3o deste ano \u00e9 a lavagem qu\u00edmica da caldeira de recupera\u00e7\u00e3o, que acontece pela primeira vez desde o in\u00edcio das opera\u00e7\u00f5es da f\u00e1brica, em 2005. A a\u00e7\u00e3o come\u00e7ou no \u00faltimo s\u00e1bado, dia 11.<\/p>\n<p>&nbsp;<\/p>\n<h2>Mais seguran\u00e7a e produtividade<\/h2>\n<p>Esse equipamento \u00e9 utilizado para a gera\u00e7\u00e3o de vapor, por meio da queima do licor preto, subproduto do processo de fabrica\u00e7\u00e3o de celulose e para a produ\u00e7\u00e3o de vapor destinado \u00e0 gera\u00e7\u00e3o de energia el\u00e9trica. \u00c9 tamb\u00e9m onde acontece o processo de recupera\u00e7\u00e3o de qu\u00edmicos. Por defini\u00e7\u00e3o, conforme Norma Regulamentadora do Minist\u00e9rio do Trabalho e Emprego \u2013 a NR 13 \u2013 caldeiras a vapor s\u00e3o equipamentos destinados a produzir e a acumular vapor sob press\u00e3o superior \u00e0 atmosf\u00e9rica.<\/p>\n<p>\u201cEsse processo \u00e9 apenas uma entre diversas atividades que est\u00e3o sendo realizadas este ano nos equipamentos utilizados em todas as fases do processo de produ\u00e7\u00e3o da celulose. A limpeza qu\u00edmica \u00e9 feita com componentes qu\u00edmicos especiais, realizada por equipe t\u00e9cnica altamente especializada, refer\u00eancia nesse tipo de servi\u00e7o, inclusive em outros pa\u00edses. Al\u00e9m de aumentar a seguran\u00e7a das pessoas envolvidas na opera\u00e7\u00e3o, as atividades gerar\u00e3o ganhos de produtividade para a empresa\u201d, enfatiza o gerente de Recupera\u00e7\u00e3o e Utilidades da Veracel, Saulo Godoy Pignaton.<\/p>\n<p>&nbsp;<\/p>\n<figure id=\"attachment_29148\" aria-describedby=\"caption-attachment-29148\" style=\"width: 800px\" class=\"wp-caption alignnone\"><img fetchpriority=\"high\" decoding=\"async\" class=\"wp-image-29148 size-large\" src=\"https:\/\/www.veracel.com.br\/wp-content\/uploads\/2023\/03\/parada-geral-veracel-celulose-lavagem-caldeira-de-recuperacao-1-1024x683.png\" alt=\"Lavagem da Caldeira de Recupera\u00e7\u00e3o na Parada Geral da Veracel Celulose 2023\" width=\"800\" height=\"534\" srcset=\"https:\/\/www.veracel.com.br\/wp-content\/uploads\/2023\/03\/parada-geral-veracel-celulose-lavagem-caldeira-de-recuperacao-1-1024x683.png 1024w, https:\/\/www.veracel.com.br\/wp-content\/uploads\/2023\/03\/parada-geral-veracel-celulose-lavagem-caldeira-de-recuperacao-1-300x200.png 300w, https:\/\/www.veracel.com.br\/wp-content\/uploads\/2023\/03\/parada-geral-veracel-celulose-lavagem-caldeira-de-recuperacao-1-768x512.png 768w, https:\/\/www.veracel.com.br\/wp-content\/uploads\/2023\/03\/parada-geral-veracel-celulose-lavagem-caldeira-de-recuperacao-1-1536x1024.png 1536w, https:\/\/www.veracel.com.br\/wp-content\/uploads\/2023\/03\/parada-geral-veracel-celulose-lavagem-caldeira-de-recuperacao-1.png 1620w\" sizes=\"(max-width: 800px) 100vw, 800px\" \/><figcaption id=\"caption-attachment-29148\" class=\"wp-caption-text\"><em>Objetivo da lavagem \u00e9 garantir a seguran\u00e7a preventiva dos empregados e das estruturas fabris da empresa.<\/em><\/figcaption><\/figure>\n<p>&nbsp;<\/p>\n<h2>Mais sobre a Parada Geral 2023<\/h2>\n<p>A Parada Geral das atividades industriais 2023 est\u00e1 sendo realizada de 1\u00ba a 19 de mar\u00e7o, sendo a mais extensa j\u00e1 organizada pela empresa. Durante esse per\u00edodo, as opera\u00e7\u00f5es da f\u00e1brica s\u00e3o interrompidas para o reparo, a manuten\u00e7\u00e3o e o ajuste preventivo dos diversos maquin\u00e1rios. A Parada Geral tem como foco a seguran\u00e7a dos processos fabris e, como consequ\u00eancia, a estabilidade da f\u00e1brica, sua produtividade, al\u00e9m de melhorias no processo. A Veracel Celulose prev\u00ea alcan\u00e7ar no segundo semestre a produ\u00e7\u00e3o acumulada de 20 milh\u00f5es de toneladas de celulose, e a Parada \u00e9 uma das iniciativas que contribuem para a produtividade industrial.<\/p>\n<p>&nbsp;<\/p>\n<h2>Parada Geral movimenta a economia local<\/h2>\n<p>A Parada Geral gera ainda um importante efeito positivo para a atividade econ\u00f4mica em todo o territ\u00f3rio de atua\u00e7\u00e3o da companhia, na regi\u00e3o Sul da Bahia, com a cria\u00e7\u00e3o de milhares de empregos tempor\u00e1rios e o fortalecimento da cadeia local de servi\u00e7os, principalmente nos setores de alimenta\u00e7\u00e3o, hospedagem e transporte.<\/p>\n<p>Ao todo, foram mobilizados 2.903 trabalhadores tempor\u00e1rios, que est\u00e3o atuando na f\u00e1brica para realizar todas as atividades previstas &#8212; s\u00e3o 318 trabalhadores a mais do que o n\u00famero de pessoas que atuou na Parada Geral anterior, realizada em 2021.<\/p>\n<p>A Veracel e as empresas parceiras envolvidas t\u00eam como foco a contrata\u00e7\u00e3o de m\u00e3o de obra local. Do total de trabalhadores atuando na PG, 557 s\u00e3o da regi\u00e3o \u2013 das cidades de Eun\u00e1polis, Itapebi, Itagimirim e Belmonte. O conjunto das contrata\u00e7\u00f5es e servi\u00e7os locais representa um montante financeiro direto de mais de R$ 10 milh\u00f5es.<\/p>\n<p>As equipes envolvidas na PG est\u00e3o hospedadas nas cidades de Eun\u00e1polis, Porto Seguro, Itapebi, Itagimirim, Belmonte e Santa Cruz Cabr\u00e1lia, num total de aproximadamente 1,4 mil pessoas hospedadas nesses munic\u00edpios.<\/p>\n<p>&nbsp;<\/p>\n<p><a href=\"https:\/\/www.veracel.com.br\/parada-geral-2023-veracel-celulose\/\">Saiba mais sobre a Parada Geral 2023 da Veracel Celulose\u00a0<\/a><\/p>\n<p><a href=\"https:\/\/www.veracel.com.br\/sustentabilidade\/operacoes-sustentaveis\/\">Conhe\u00e7a sobre as opera\u00e7\u00f5es sustent\u00e1veis da Veracel Celulose<\/a><\/p>\n<p>&nbsp;<\/p>\n","protected":false},"excerpt":{"rendered":"<p>A manuten\u00e7\u00e3o preventiva do equipamento tem o objetivo de trazer mais seguran\u00e7a aos colaboradores que operam o equipamento, al\u00e9m de gerar ganhos de performance para toda a planta industrial. Empresa prev\u00ea alcan\u00e7ar no segundo semestre a produ\u00e7\u00e3o hist\u00f3rica acumulada de 20 milh\u00f5es de toneladas de celulose &nbsp; Um dos principais objetivos da Veracel Celulose ao [&hellip;]<\/p>\n","protected":false},"author":2,"featured_media":29146,"comment_status":"open","ping_status":"open","sticky":false,"template":"","format":"standard","meta":{"_acf_changed":false,"footnotes":"","_links_to":"","_links_to_target":""},"categories":[271,211],"tags":[],"class_list":["post-29143","post","type-post","status-publish","format-standard","has-post-thumbnail","hentry","category-a-veracel","category-noticias"],"acf":[],"yoast_head":"<!-- This site is optimized with the Yoast SEO Premium plugin v26.7 (Yoast SEO v27.4) - https:\/\/yoast.com\/product\/yoast-seo-premium-wordpress\/ -->\n<title>Lavagem qu\u00edmica da caldeira de recupera\u00e7\u00e3o\u00a0na Parada Geral<\/title>\n<meta name=\"description\" content=\"A lavagem qu\u00edmica da caldeira de recupera\u00e7\u00e3o acontece pela primeira vez desde o in\u00edcio das opera\u00e7\u00f5es da f\u00e1brica da Veracel Celulose em 2005\" \/>\n<meta name=\"robots\" content=\"index, follow, max-snippet:-1, max-image-preview:large, max-video-preview:-1\" \/>\n<link rel=\"canonical\" href=\"https:\/\/www.veracel.com.br\/parada-geral-2023-inicia-inedita-lavagem-quimica-da-caldeira-de-recuperacao\/\" \/>\n<meta property=\"og:locale\" content=\"en_US\" \/>\n<meta property=\"og:type\" content=\"article\" \/>\n<meta property=\"og:title\" content=\"Parada Geral 2023 inicia in\u00e9dita lavagem qu\u00edmica da caldeira de recupera\u00e7\u00e3o\u00a0\" \/>\n<meta property=\"og:description\" content=\"A lavagem qu\u00edmica da caldeira de recupera\u00e7\u00e3o acontece pela primeira vez desde o in\u00edcio das opera\u00e7\u00f5es da f\u00e1brica da Veracel Celulose em 2005\" \/>\n<meta property=\"og:url\" content=\"https:\/\/www.veracel.com.br\/parada-geral-2023-inicia-inedita-lavagem-quimica-da-caldeira-de-recuperacao\/\" \/>\n<meta property=\"og:site_name\" content=\"Veracel Celulose\" \/>\n<meta property=\"article:published_time\" content=\"2023-03-13T18:53:54+00:00\" \/>\n<meta property=\"og:image\" content=\"https:\/\/www.veracel.com.br\/wp-content\/uploads\/2023\/03\/parada-geral-veracel-celulose-lavagem-caldeira-de-recuperacao.jpg\" \/>\n\t<meta property=\"og:image:width\" content=\"800\" \/>\n\t<meta property=\"og:image:height\" content=\"450\" \/>\n\t<meta property=\"og:image:type\" content=\"image\/jpeg\" \/>\n<meta name=\"author\" content=\"saulo\" \/>\n<meta name=\"twitter:card\" content=\"summary_large_image\" \/>\n<meta name=\"twitter:label1\" content=\"Written by\" \/>\n\t<meta name=\"twitter:data1\" content=\"saulo\" \/>\n\t<meta name=\"twitter:label2\" content=\"Est. reading time\" \/>\n\t<meta name=\"twitter:data2\" content=\"4 minutes\" \/>\n<script type=\"application\/ld+json\" class=\"yoast-schema-graph\">{\"@context\":\"https:\\\/\\\/schema.org\",\"@graph\":[{\"@type\":\"WebPage\",\"@id\":\"https:\\\/\\\/www.veracel.com.br\\\/parada-geral-2023-inicia-inedita-lavagem-quimica-da-caldeira-de-recuperacao\\\/\",\"url\":\"https:\\\/\\\/www.veracel.com.br\\\/parada-geral-2023-inicia-inedita-lavagem-quimica-da-caldeira-de-recuperacao\\\/\",\"name\":\"Lavagem qu\u00edmica da caldeira de recupera\u00e7\u00e3o\u00a0na Parada Geral\",\"isPartOf\":{\"@id\":\"https:\\\/\\\/www.veracel.com.br\\\/#website\"},\"primaryImageOfPage\":{\"@id\":\"https:\\\/\\\/www.veracel.com.br\\\/parada-geral-2023-inicia-inedita-lavagem-quimica-da-caldeira-de-recuperacao\\\/#primaryimage\"},\"image\":{\"@id\":\"https:\\\/\\\/www.veracel.com.br\\\/parada-geral-2023-inicia-inedita-lavagem-quimica-da-caldeira-de-recuperacao\\\/#primaryimage\"},\"thumbnailUrl\":\"https:\\\/\\\/www.veracel.com.br\\\/wp-content\\\/uploads\\\/2023\\\/03\\\/parada-geral-veracel-celulose-lavagem-caldeira-de-recuperacao.jpg\",\"datePublished\":\"2023-03-13T18:53:54+00:00\",\"description\":\"A lavagem qu\u00edmica da caldeira de recupera\u00e7\u00e3o acontece pela primeira vez desde o in\u00edcio das opera\u00e7\u00f5es da f\u00e1brica da Veracel Celulose em 2005\",\"breadcrumb\":{\"@id\":\"https:\\\/\\\/www.veracel.com.br\\\/parada-geral-2023-inicia-inedita-lavagem-quimica-da-caldeira-de-recuperacao\\\/#breadcrumb\"},\"inLanguage\":\"en-US\",\"potentialAction\":[{\"@type\":\"ReadAction\",\"target\":[\"https:\\\/\\\/www.veracel.com.br\\\/parada-geral-2023-inicia-inedita-lavagem-quimica-da-caldeira-de-recuperacao\\\/\"]}]},{\"@type\":\"ImageObject\",\"inLanguage\":\"en-US\",\"@id\":\"https:\\\/\\\/www.veracel.com.br\\\/parada-geral-2023-inicia-inedita-lavagem-quimica-da-caldeira-de-recuperacao\\\/#primaryimage\",\"url\":\"https:\\\/\\\/www.veracel.com.br\\\/wp-content\\\/uploads\\\/2023\\\/03\\\/parada-geral-veracel-celulose-lavagem-caldeira-de-recuperacao.jpg\",\"contentUrl\":\"https:\\\/\\\/www.veracel.com.br\\\/wp-content\\\/uploads\\\/2023\\\/03\\\/parada-geral-veracel-celulose-lavagem-caldeira-de-recuperacao.jpg\",\"width\":800,\"height\":450,\"caption\":\"Lavagem da Caldeira de Recupera\u00e7\u00e3o na Parada Geral da Veracel Celulose 2023\"},{\"@type\":\"BreadcrumbList\",\"@id\":\"https:\\\/\\\/www.veracel.com.br\\\/parada-geral-2023-inicia-inedita-lavagem-quimica-da-caldeira-de-recuperacao\\\/#breadcrumb\",\"itemListElement\":[{\"@type\":\"ListItem\",\"position\":1,\"name\":\"Home\",\"item\":\"https:\\\/\\\/www.veracel.com.br\\\/\"},{\"@type\":\"ListItem\",\"position\":2,\"name\":\"Not\u00edcias\",\"item\":\"https:\\\/\\\/www.veracel.com.br\\\/noticias\\\/\"},{\"@type\":\"ListItem\",\"position\":3,\"name\":\"Parada Geral 2023 inicia in\u00e9dita lavagem qu\u00edmica da caldeira de recupera\u00e7\u00e3o\u00a0\"}]},{\"@type\":\"WebSite\",\"@id\":\"https:\\\/\\\/www.veracel.com.br\\\/#website\",\"url\":\"https:\\\/\\\/www.veracel.com.br\\\/\",\"name\":\"Veracel Celulose\",\"description\":\"Quando crescemos juntos vamos muito mais longe\",\"publisher\":{\"@id\":\"https:\\\/\\\/www.veracel.com.br\\\/#organization\"},\"potentialAction\":[{\"@type\":\"SearchAction\",\"target\":{\"@type\":\"EntryPoint\",\"urlTemplate\":\"https:\\\/\\\/www.veracel.com.br\\\/?s={search_term_string}\"},\"query-input\":{\"@type\":\"PropertyValueSpecification\",\"valueRequired\":true,\"valueName\":\"search_term_string\"}}],\"inLanguage\":\"en-US\"},{\"@type\":\"Organization\",\"@id\":\"https:\\\/\\\/www.veracel.com.br\\\/#organization\",\"name\":\"Veracel Celulose\",\"url\":\"https:\\\/\\\/www.veracel.com.br\\\/\",\"logo\":{\"@type\":\"ImageObject\",\"inLanguage\":\"en-US\",\"@id\":\"https:\\\/\\\/www.veracel.com.br\\\/#\\\/schema\\\/logo\\\/image\\\/\",\"url\":\"https:\\\/\\\/www.veracel.com.br\\\/wp-content\\\/uploads\\\/2024\\\/08\\\/Ativo-1.png\",\"contentUrl\":\"https:\\\/\\\/www.veracel.com.br\\\/wp-content\\\/uploads\\\/2024\\\/08\\\/Ativo-1.png\",\"width\":400,\"height\":121,\"caption\":\"Veracel Celulose\"},\"image\":{\"@id\":\"https:\\\/\\\/www.veracel.com.br\\\/#\\\/schema\\\/logo\\\/image\\\/\"},\"sameAs\":[\"https:\\\/\\\/www.instagram.com\\\/veracelcelulose\",\"https:\\\/\\\/www.linkedin.com\\\/company\\\/veracelcelulose\\\/\",\"https:\\\/\\\/www.youtube.com\\\/user\\\/CanalVeracel\"]}]}<\/script>\n<!-- \/ Yoast SEO Premium plugin. -->","yoast_head_json":{"title":"Lavagem qu\u00edmica da caldeira de recupera\u00e7\u00e3o\u00a0na Parada Geral","description":"A lavagem qu\u00edmica da caldeira de recupera\u00e7\u00e3o acontece pela primeira vez desde o in\u00edcio das opera\u00e7\u00f5es da f\u00e1brica da Veracel Celulose em 2005","robots":{"index":"index","follow":"follow","max-snippet":"max-snippet:-1","max-image-preview":"max-image-preview:large","max-video-preview":"max-video-preview:-1"},"canonical":"https:\/\/www.veracel.com.br\/parada-geral-2023-inicia-inedita-lavagem-quimica-da-caldeira-de-recuperacao\/","og_locale":"en_US","og_type":"article","og_title":"Parada Geral 2023 inicia in\u00e9dita lavagem qu\u00edmica da caldeira de recupera\u00e7\u00e3o\u00a0","og_description":"A lavagem qu\u00edmica da caldeira de recupera\u00e7\u00e3o acontece pela primeira vez desde o in\u00edcio das opera\u00e7\u00f5es da f\u00e1brica da Veracel Celulose em 2005","og_url":"https:\/\/www.veracel.com.br\/parada-geral-2023-inicia-inedita-lavagem-quimica-da-caldeira-de-recuperacao\/","og_site_name":"Veracel Celulose","article_published_time":"2023-03-13T18:53:54+00:00","og_image":[{"width":800,"height":450,"url":"https:\/\/www.veracel.com.br\/wp-content\/uploads\/2023\/03\/parada-geral-veracel-celulose-lavagem-caldeira-de-recuperacao.jpg","type":"image\/jpeg"}],"author":"saulo","twitter_card":"summary_large_image","twitter_misc":{"Written by":"saulo","Est. reading time":"4 minutes"},"schema":{"@context":"https:\/\/schema.org","@graph":[{"@type":"WebPage","@id":"https:\/\/www.veracel.com.br\/parada-geral-2023-inicia-inedita-lavagem-quimica-da-caldeira-de-recuperacao\/","url":"https:\/\/www.veracel.com.br\/parada-geral-2023-inicia-inedita-lavagem-quimica-da-caldeira-de-recuperacao\/","name":"Lavagem qu\u00edmica da caldeira de recupera\u00e7\u00e3o\u00a0na Parada Geral","isPartOf":{"@id":"https:\/\/www.veracel.com.br\/#website"},"primaryImageOfPage":{"@id":"https:\/\/www.veracel.com.br\/parada-geral-2023-inicia-inedita-lavagem-quimica-da-caldeira-de-recuperacao\/#primaryimage"},"image":{"@id":"https:\/\/www.veracel.com.br\/parada-geral-2023-inicia-inedita-lavagem-quimica-da-caldeira-de-recuperacao\/#primaryimage"},"thumbnailUrl":"https:\/\/www.veracel.com.br\/wp-content\/uploads\/2023\/03\/parada-geral-veracel-celulose-lavagem-caldeira-de-recuperacao.jpg","datePublished":"2023-03-13T18:53:54+00:00","description":"A lavagem qu\u00edmica da caldeira de recupera\u00e7\u00e3o acontece pela primeira vez desde o in\u00edcio das opera\u00e7\u00f5es da f\u00e1brica da Veracel Celulose em 2005","breadcrumb":{"@id":"https:\/\/www.veracel.com.br\/parada-geral-2023-inicia-inedita-lavagem-quimica-da-caldeira-de-recuperacao\/#breadcrumb"},"inLanguage":"en-US","potentialAction":[{"@type":"ReadAction","target":["https:\/\/www.veracel.com.br\/parada-geral-2023-inicia-inedita-lavagem-quimica-da-caldeira-de-recuperacao\/"]}]},{"@type":"ImageObject","inLanguage":"en-US","@id":"https:\/\/www.veracel.com.br\/parada-geral-2023-inicia-inedita-lavagem-quimica-da-caldeira-de-recuperacao\/#primaryimage","url":"https:\/\/www.veracel.com.br\/wp-content\/uploads\/2023\/03\/parada-geral-veracel-celulose-lavagem-caldeira-de-recuperacao.jpg","contentUrl":"https:\/\/www.veracel.com.br\/wp-content\/uploads\/2023\/03\/parada-geral-veracel-celulose-lavagem-caldeira-de-recuperacao.jpg","width":800,"height":450,"caption":"Lavagem da Caldeira de Recupera\u00e7\u00e3o na Parada Geral da Veracel Celulose 2023"},{"@type":"BreadcrumbList","@id":"https:\/\/www.veracel.com.br\/parada-geral-2023-inicia-inedita-lavagem-quimica-da-caldeira-de-recuperacao\/#breadcrumb","itemListElement":[{"@type":"ListItem","position":1,"name":"Home","item":"https:\/\/www.veracel.com.br\/"},{"@type":"ListItem","position":2,"name":"Not\u00edcias","item":"https:\/\/www.veracel.com.br\/noticias\/"},{"@type":"ListItem","position":3,"name":"Parada Geral 2023 inicia in\u00e9dita lavagem qu\u00edmica da caldeira de recupera\u00e7\u00e3o\u00a0"}]},{"@type":"WebSite","@id":"https:\/\/www.veracel.com.br\/#website","url":"https:\/\/www.veracel.com.br\/","name":"Veracel Celulose","description":"Quando crescemos juntos vamos muito mais longe","publisher":{"@id":"https:\/\/www.veracel.com.br\/#organization"},"potentialAction":[{"@type":"SearchAction","target":{"@type":"EntryPoint","urlTemplate":"https:\/\/www.veracel.com.br\/?s={search_term_string}"},"query-input":{"@type":"PropertyValueSpecification","valueRequired":true,"valueName":"search_term_string"}}],"inLanguage":"en-US"},{"@type":"Organization","@id":"https:\/\/www.veracel.com.br\/#organization","name":"Veracel Celulose","url":"https:\/\/www.veracel.com.br\/","logo":{"@type":"ImageObject","inLanguage":"en-US","@id":"https:\/\/www.veracel.com.br\/#\/schema\/logo\/image\/","url":"https:\/\/www.veracel.com.br\/wp-content\/uploads\/2024\/08\/Ativo-1.png","contentUrl":"https:\/\/www.veracel.com.br\/wp-content\/uploads\/2024\/08\/Ativo-1.png","width":400,"height":121,"caption":"Veracel Celulose"},"image":{"@id":"https:\/\/www.veracel.com.br\/#\/schema\/logo\/image\/"},"sameAs":["https:\/\/www.instagram.com\/veracelcelulose","https:\/\/www.linkedin.com\/company\/veracelcelulose\/","https:\/\/www.youtube.com\/user\/CanalVeracel"]}]}},"_links":{"self":[{"href":"https:\/\/www.veracel.com.br\/en\/wp-json\/wp\/v2\/posts\/29143","targetHints":{"allow":["GET"]}}],"collection":[{"href":"https:\/\/www.veracel.com.br\/en\/wp-json\/wp\/v2\/posts"}],"about":[{"href":"https:\/\/www.veracel.com.br\/en\/wp-json\/wp\/v2\/types\/post"}],"author":[{"embeddable":true,"href":"https:\/\/www.veracel.com.br\/en\/wp-json\/wp\/v2\/users\/2"}],"replies":[{"embeddable":true,"href":"https:\/\/www.veracel.com.br\/en\/wp-json\/wp\/v2\/comments?post=29143"}],"version-history":[{"count":1,"href":"https:\/\/www.veracel.com.br\/en\/wp-json\/wp\/v2\/posts\/29143\/revisions"}],"predecessor-version":[{"id":29150,"href":"https:\/\/www.veracel.com.br\/en\/wp-json\/wp\/v2\/posts\/29143\/revisions\/29150"}],"wp:featuredmedia":[{"embeddable":true,"href":"https:\/\/www.veracel.com.br\/en\/wp-json\/wp\/v2\/media\/29146"}],"wp:attachment":[{"href":"https:\/\/www.veracel.com.br\/en\/wp-json\/wp\/v2\/media?parent=29143"}],"wp:term":[{"taxonomy":"category","embeddable":true,"href":"https:\/\/www.veracel.com.br\/en\/wp-json\/wp\/v2\/categories?post=29143"},{"taxonomy":"post_tag","embeddable":true,"href":"https:\/\/www.veracel.com.br\/en\/wp-json\/wp\/v2\/tags?post=29143"}],"curies":[{"name":"wp","href":"https:\/\/api.w.org\/{rel}","templated":true}]}}