{"id":29222,"date":"2023-03-21T16:48:50","date_gmt":"2023-03-21T19:48:50","guid":{"rendered":"https:\/\/www.veracel.com.br\/?p=29222"},"modified":"2023-03-21T17:32:34","modified_gmt":"2023-03-21T20:32:34","slug":"termina-a-parada-geral-2023-da-veracel-celulose","status":"publish","type":"post","link":"https:\/\/www.veracel.com.br\/en\/termina-a-parada-geral-2023-da-veracel-celulose\/","title":{"rendered":"Termina a Parada Geral 2023 da Veracel\u00a0Celulose"},"content":{"rendered":"<p><em>Durante 19 dias, a empresa realizou a sua mais abrangente manuten\u00e7\u00e3o preventiva, em n\u00famero de pessoas envolvidas, atividades realizadas e per\u00edodo de dura\u00e7\u00e3o. A Parada Geral, fundamental para fortalecer ainda mais a estabilidade e a confiabilidade da f\u00e1brica da companhia, tamb\u00e9m impulsiona a economia local.\u00a0<\/em><\/p>\n<p><em>Nesta edi\u00e7\u00e3o, a PG gerou mais de R$ 10 milh\u00f5es para a regi\u00e3o, com a contrata\u00e7\u00e3o de 3,1 mil trabalhadores e o impulsionamento de servi\u00e7os, como hotelaria, transporte e alimenta\u00e7\u00e3o.<\/em><\/p>\n<p>&nbsp;<\/p>\n<p>Foi conclu\u00edda a Parada Geral (PG) de 2023 da Veracel Celulose. Durante 19 dias &#8211; desde 1\u00ba de mar\u00e7o &#8211; a empresa, interrompeu suas atividades de f\u00e1brica para realizar a manuten\u00e7\u00e3o e o ajuste preventivo de diversos equipamentos, conforme prev\u00ea a NR13 (Norma Regulamentadora), que estabelece a obrigatoriedade na manuten\u00e7\u00e3o preventiva das Caldeiras de Recupera\u00e7\u00e3o e Vasos de Press\u00e3o, entre outras atividades em equipamentos, a cada 15 meses.<\/p>\n<p>&nbsp;<\/p>\n<h2>Foco na seguran\u00e7a e produtividade<\/h2>\n<p>A Parada Geral tem como foco a seguran\u00e7a dos processos fabris e, como consequ\u00eancia, a estabilidade da f\u00e1brica, sua produtividade, al\u00e9m de melhorias no processo e inova\u00e7\u00f5es. A empresa prev\u00ea alcan\u00e7ar no segundo semestre a produ\u00e7\u00e3o hist\u00f3rica de 20 milh\u00f5es de toneladas de celulose, e a Parada \u00e9 uma das iniciativas que contribuem para a produtividade industrial.<\/p>\n<p>\u201cEstamos concluindo com sucesso a Parada Geral mais abrangente j\u00e1 realizada na Veracel\u201d, afirma Caio Zanardo, diretor-presidente da Veracel Celulose. \u201cTivemos uma mobiliza\u00e7\u00e3o enorme, com o maior n\u00famero de processos j\u00e1 realizados e tamb\u00e9m com o mais longo per\u00edodo de dura\u00e7\u00e3o de uma PG. Estamos muito orgulhosos com os resultados desse trabalho, que amplia ainda mais a qualidade da entrega de nossa produ\u00e7\u00e3o e a seguran\u00e7a para nossas pessoas. A PG faz parte da nossa estrat\u00e9gia de produzir celulose de forma segura, sustent\u00e1vel e competitiva, da Bahia para o mundo\u201d, complementa Zanardo.<\/p>\n<p>&nbsp;<\/p>\n<h2>N\u00fameros da Parada Geral 2023 da Veracel Celulose<\/h2>\n<p>A Parada Geral de 2023 somou 40 projetos e mais de 2.700 atividades executadas. Aproximadamente 3.100 trabalhadores tempor\u00e1rios participaram &#8211; foram 500 contratados a mais, na compara\u00e7\u00e3o com o n\u00famero de trabalhadores da \u00faltima edi\u00e7\u00e3o, realizada em 2021. O pico de atua\u00e7\u00e3o foi em 8 de mar\u00e7o, com 2.957 pessoas trabalhando no mesmo dia. No total, a PG representou mais de 400 mil horas de trabalho.<\/p>\n<p>&nbsp;<\/p>\n<p><img fetchpriority=\"high\" decoding=\"async\" class=\"alignnone wp-image-29223 size-full\" src=\"https:\/\/www.veracel.com.br\/wp-content\/uploads\/2023\/03\/termina-parada-geral-veracel-2023-2.jpg\" alt=\"F\u00e1brica da Veracel Celulose na Parada Geral 2023\" width=\"1200\" height=\"800\" srcset=\"https:\/\/www.veracel.com.br\/wp-content\/uploads\/2023\/03\/termina-parada-geral-veracel-2023-2.jpg 1200w, https:\/\/www.veracel.com.br\/wp-content\/uploads\/2023\/03\/termina-parada-geral-veracel-2023-2-300x200.jpg 300w, https:\/\/www.veracel.com.br\/wp-content\/uploads\/2023\/03\/termina-parada-geral-veracel-2023-2-1024x683.jpg 1024w, https:\/\/www.veracel.com.br\/wp-content\/uploads\/2023\/03\/termina-parada-geral-veracel-2023-2-768x512.jpg 768w\" sizes=\"(max-width: 1200px) 100vw, 1200px\" \/><\/p>\n<p>&nbsp;<\/p>\n<h2>Gera\u00e7\u00e3o de emprego e renda para o territ\u00f3rio<\/h2>\n<p>Assim como em edi\u00e7\u00f5es anteriores, a Veracel e as empresas parceiras envolvidas tiveram como foco a contrata\u00e7\u00e3o de m\u00e3o de obra local. Do total de trabalhadores, 557 foram da regi\u00e3o \u2013 das cidades de Eun\u00e1polis, Itapebi, Itagimirim e Belmonte.<\/p>\n<p>Luis Oliveira, que j\u00e1 atua nas PGs h\u00e1 mais de 15 anos, n\u00e3o apenas trabalhou diretamente na Parada como tamb\u00e9m empregou 40 pessoas de sua empresa nesta edi\u00e7\u00e3o. \u201cA Parada Geral \u00e9 uma oportunidade de trabalho na minha cidade, Itapebi. Muita gente deixa de sair de l\u00e1 esperando para trabalhar aqui durante a PG. Ela \u00e9 muito importante para a regi\u00e3o\u201d, conta ele.<\/p>\n<p>Anderson Barbosa, gerente da Eman Servi\u00e7os Industriais, com sede em Barrol\u00e2ndia, distrito de Belmonte, tamb\u00e9m faz parte das mais de 70 empresas contratadas para o evento. Ele conta que sua companhia j\u00e1 participou de 12 PGs e, desta vez, houve recorde no n\u00famero de contrata\u00e7\u00f5es. \u201cEsta foi a maior Parada em n\u00fameros de dias e contrata\u00e7\u00f5es na Eman. Tivemos mais de 160 colaboradores locais contratados, especialmente para os servi\u00e7os de montagem de andaimes\u201d, destaca Barbosa.<\/p>\n<p>O conjunto das contrata\u00e7\u00f5es e dos servi\u00e7os locais representou um montante financeiro direto de mais de R$ 10 milh\u00f5es. O impulsionamento da economia local tamb\u00e9m contemplou setores como o de hospedagem, transporte e alimenta\u00e7\u00e3o. Nesta PG, foram mais de 1,4 mil pessoas hospedadas em cidades da regi\u00e3o.<\/p>\n<p>\u201cDurante a PG, o nosso movimento se torna muito mais intenso. Acredito que, em m\u00e9dia, o faturamento aumentou 70%\u201d, destaca Fabiana Souza, dona da Pousada e Restaurante do Dinei, em Barrol\u00e2ndia. Segundo Fabiana, todos os apartamentos da pousada ficaram ocupados no per\u00edodo.<\/p>\n<p>&nbsp;<\/p>\n<h2>Destaque para a lavagem qu\u00edmica da caldeira de recupera\u00e7\u00e3o<\/h2>\n<p>Entre as diversas atividades realizadas neste ano, o destaque foi a lavagem qu\u00edmica da caldeira de recupera\u00e7\u00e3o. Pela primeira vez, desde o in\u00edcio das opera\u00e7\u00f5es, em 2005, a a\u00e7\u00e3o, considerada de alt\u00edssima especializa\u00e7\u00e3o, foi executada. A atividade ocorre, em m\u00e9dia, a cada 15 anos. A caldeira de recupera\u00e7\u00e3o \u00e9 utilizada para a gera\u00e7\u00e3o de vapor, por meio da queima do licor preto, subproduto do processo de fabrica\u00e7\u00e3o de celulose, e para a produ\u00e7\u00e3o de vapor destinado \u00e0 gera\u00e7\u00e3o de energia el\u00e9trica.<\/p>\n<p>&nbsp;<\/p>\n<p><a href=\"https:\/\/www.veracel.com.br\/parada-geral-2023-inicia-inedita-lavagem-quimica-da-caldeira-de-recuperacao\/\">Saiba mais sobre a lavagem in\u00e9dita da caldeira de recupera\u00e7\u00e3o<\/a><\/p>\n<p><a href=\"https:\/\/www.veracel.com.br\/sustentabilidade\/operacoes-sustentaveis\/\">Conhe\u00e7a sobre as opera\u00e7\u00f5es sustent\u00e1veis da Veracel Celulose<\/a><\/p>\n<p>&nbsp;<\/p>\n","protected":false},"excerpt":{"rendered":"<p>Durante 19 dias, a empresa realizou a sua mais abrangente manuten\u00e7\u00e3o preventiva, em n\u00famero de pessoas envolvidas, atividades realizadas e per\u00edodo de dura\u00e7\u00e3o. A Parada Geral, fundamental para fortalecer ainda mais a estabilidade e a confiabilidade da f\u00e1brica da companhia, tamb\u00e9m impulsiona a economia local.\u00a0 Nesta edi\u00e7\u00e3o, a PG gerou mais de R$ 10 milh\u00f5es [&hellip;]<\/p>\n","protected":false},"author":2,"featured_media":29225,"comment_status":"open","ping_status":"open","sticky":false,"template":"","format":"standard","meta":{"_acf_changed":false,"footnotes":"","_links_to":"","_links_to_target":""},"categories":[271,211],"tags":[],"class_list":["post-29222","post","type-post","status-publish","format-standard","has-post-thumbnail","hentry","category-a-veracel","category-noticias"],"acf":[],"yoast_head":"<!-- This site is optimized with the Yoast SEO Premium plugin v26.7 (Yoast SEO v27.4) - https:\/\/yoast.com\/product\/yoast-seo-premium-wordpress\/ -->\n<title>Termina a Parada Geral 2023 da Veracel\u00a0Celulose<\/title>\n<meta name=\"description\" content=\"Com a participa\u00e7\u00e3o de mais de 3 mil pessoas, termina a Parada Geral 2023 da Veracel Celulose movimentando a economia da regi\u00e3o.\" \/>\n<meta name=\"robots\" content=\"index, follow, max-snippet:-1, max-image-preview:large, max-video-preview:-1\" \/>\n<link rel=\"canonical\" href=\"https:\/\/www.veracel.com.br\/termina-a-parada-geral-2023-da-veracel-celulose\/\" \/>\n<meta property=\"og:locale\" content=\"en_US\" \/>\n<meta property=\"og:type\" content=\"article\" \/>\n<meta property=\"og:title\" content=\"Termina a Parada Geral 2023 da Veracel\u00a0Celulose\" \/>\n<meta property=\"og:description\" content=\"Com a participa\u00e7\u00e3o de mais de 3 mil pessoas, termina a Parada Geral 2023 da Veracel Celulose movimentando a economia da regi\u00e3o.\" \/>\n<meta property=\"og:url\" content=\"https:\/\/www.veracel.com.br\/termina-a-parada-geral-2023-da-veracel-celulose\/\" \/>\n<meta property=\"og:site_name\" content=\"Veracel Celulose\" \/>\n<meta property=\"article:published_time\" content=\"2023-03-21T19:48:50+00:00\" \/>\n<meta property=\"article:modified_time\" content=\"2023-03-21T20:32:34+00:00\" \/>\n<meta property=\"og:image\" content=\"https:\/\/www.veracel.com.br\/wp-content\/uploads\/2023\/03\/termina-parada-geral-veracel-2023.jpg\" \/>\n\t<meta property=\"og:image:width\" content=\"1200\" \/>\n\t<meta property=\"og:image:height\" content=\"800\" \/>\n\t<meta property=\"og:image:type\" content=\"image\/jpeg\" \/>\n<meta name=\"author\" content=\"saulo\" \/>\n<meta name=\"twitter:card\" content=\"summary_large_image\" \/>\n<meta name=\"twitter:label1\" content=\"Written by\" \/>\n\t<meta name=\"twitter:data1\" content=\"saulo\" \/>\n\t<meta name=\"twitter:label2\" content=\"Est. reading time\" \/>\n\t<meta name=\"twitter:data2\" content=\"5 minutes\" \/>\n<script type=\"application\/ld+json\" class=\"yoast-schema-graph\">{\"@context\":\"https:\\\/\\\/schema.org\",\"@graph\":[{\"@type\":\"WebPage\",\"@id\":\"https:\\\/\\\/www.veracel.com.br\\\/termina-a-parada-geral-2023-da-veracel-celulose\\\/\",\"url\":\"https:\\\/\\\/www.veracel.com.br\\\/termina-a-parada-geral-2023-da-veracel-celulose\\\/\",\"name\":\"Termina a Parada Geral 2023 da Veracel\u00a0Celulose\",\"isPartOf\":{\"@id\":\"https:\\\/\\\/www.veracel.com.br\\\/#website\"},\"primaryImageOfPage\":{\"@id\":\"https:\\\/\\\/www.veracel.com.br\\\/termina-a-parada-geral-2023-da-veracel-celulose\\\/#primaryimage\"},\"image\":{\"@id\":\"https:\\\/\\\/www.veracel.com.br\\\/termina-a-parada-geral-2023-da-veracel-celulose\\\/#primaryimage\"},\"thumbnailUrl\":\"https:\\\/\\\/www.veracel.com.br\\\/wp-content\\\/uploads\\\/2023\\\/03\\\/termina-parada-geral-veracel-2023.jpg\",\"datePublished\":\"2023-03-21T19:48:50+00:00\",\"dateModified\":\"2023-03-21T20:32:34+00:00\",\"description\":\"Com a participa\u00e7\u00e3o de mais de 3 mil pessoas, termina a Parada Geral 2023 da Veracel Celulose movimentando a economia da regi\u00e3o.\",\"breadcrumb\":{\"@id\":\"https:\\\/\\\/www.veracel.com.br\\\/termina-a-parada-geral-2023-da-veracel-celulose\\\/#breadcrumb\"},\"inLanguage\":\"en-US\",\"potentialAction\":[{\"@type\":\"ReadAction\",\"target\":[\"https:\\\/\\\/www.veracel.com.br\\\/termina-a-parada-geral-2023-da-veracel-celulose\\\/\"]}]},{\"@type\":\"ImageObject\",\"inLanguage\":\"en-US\",\"@id\":\"https:\\\/\\\/www.veracel.com.br\\\/termina-a-parada-geral-2023-da-veracel-celulose\\\/#primaryimage\",\"url\":\"https:\\\/\\\/www.veracel.com.br\\\/wp-content\\\/uploads\\\/2023\\\/03\\\/termina-parada-geral-veracel-2023.jpg\",\"contentUrl\":\"https:\\\/\\\/www.veracel.com.br\\\/wp-content\\\/uploads\\\/2023\\\/03\\\/termina-parada-geral-veracel-2023.jpg\",\"width\":1200,\"height\":800,\"caption\":\"F\u00e1brica da Veracel Celulose na Parada Geral 2023\"},{\"@type\":\"BreadcrumbList\",\"@id\":\"https:\\\/\\\/www.veracel.com.br\\\/termina-a-parada-geral-2023-da-veracel-celulose\\\/#breadcrumb\",\"itemListElement\":[{\"@type\":\"ListItem\",\"position\":1,\"name\":\"Home\",\"item\":\"https:\\\/\\\/www.veracel.com.br\\\/\"},{\"@type\":\"ListItem\",\"position\":2,\"name\":\"A Veracel\",\"item\":\"https:\\\/\\\/www.veracel.com.br\\\/a-veracel\\\/\"},{\"@type\":\"ListItem\",\"position\":3,\"name\":\"Termina a Parada Geral 2023 da Veracel\u00a0Celulose\"}]},{\"@type\":\"WebSite\",\"@id\":\"https:\\\/\\\/www.veracel.com.br\\\/#website\",\"url\":\"https:\\\/\\\/www.veracel.com.br\\\/\",\"name\":\"Veracel Celulose\",\"description\":\"Quando crescemos juntos vamos muito mais longe\",\"publisher\":{\"@id\":\"https:\\\/\\\/www.veracel.com.br\\\/#organization\"},\"potentialAction\":[{\"@type\":\"SearchAction\",\"target\":{\"@type\":\"EntryPoint\",\"urlTemplate\":\"https:\\\/\\\/www.veracel.com.br\\\/?s={search_term_string}\"},\"query-input\":{\"@type\":\"PropertyValueSpecification\",\"valueRequired\":true,\"valueName\":\"search_term_string\"}}],\"inLanguage\":\"en-US\"},{\"@type\":\"Organization\",\"@id\":\"https:\\\/\\\/www.veracel.com.br\\\/#organization\",\"name\":\"Veracel Celulose\",\"url\":\"https:\\\/\\\/www.veracel.com.br\\\/\",\"logo\":{\"@type\":\"ImageObject\",\"inLanguage\":\"en-US\",\"@id\":\"https:\\\/\\\/www.veracel.com.br\\\/#\\\/schema\\\/logo\\\/image\\\/\",\"url\":\"https:\\\/\\\/www.veracel.com.br\\\/wp-content\\\/uploads\\\/2024\\\/08\\\/Ativo-1.png\",\"contentUrl\":\"https:\\\/\\\/www.veracel.com.br\\\/wp-content\\\/uploads\\\/2024\\\/08\\\/Ativo-1.png\",\"width\":400,\"height\":121,\"caption\":\"Veracel Celulose\"},\"image\":{\"@id\":\"https:\\\/\\\/www.veracel.com.br\\\/#\\\/schema\\\/logo\\\/image\\\/\"},\"sameAs\":[\"https:\\\/\\\/www.instagram.com\\\/veracelcelulose\",\"https:\\\/\\\/www.linkedin.com\\\/company\\\/veracelcelulose\\\/\",\"https:\\\/\\\/www.youtube.com\\\/user\\\/CanalVeracel\"]}]}<\/script>\n<!-- \/ Yoast SEO Premium plugin. -->","yoast_head_json":{"title":"Termina a Parada Geral 2023 da Veracel\u00a0Celulose","description":"Com a participa\u00e7\u00e3o de mais de 3 mil pessoas, termina a Parada Geral 2023 da Veracel Celulose movimentando a economia da regi\u00e3o.","robots":{"index":"index","follow":"follow","max-snippet":"max-snippet:-1","max-image-preview":"max-image-preview:large","max-video-preview":"max-video-preview:-1"},"canonical":"https:\/\/www.veracel.com.br\/termina-a-parada-geral-2023-da-veracel-celulose\/","og_locale":"en_US","og_type":"article","og_title":"Termina a Parada Geral 2023 da Veracel\u00a0Celulose","og_description":"Com a participa\u00e7\u00e3o de mais de 3 mil pessoas, termina a Parada Geral 2023 da Veracel Celulose movimentando a economia da regi\u00e3o.","og_url":"https:\/\/www.veracel.com.br\/termina-a-parada-geral-2023-da-veracel-celulose\/","og_site_name":"Veracel Celulose","article_published_time":"2023-03-21T19:48:50+00:00","article_modified_time":"2023-03-21T20:32:34+00:00","og_image":[{"width":1200,"height":800,"url":"https:\/\/www.veracel.com.br\/wp-content\/uploads\/2023\/03\/termina-parada-geral-veracel-2023.jpg","type":"image\/jpeg"}],"author":"saulo","twitter_card":"summary_large_image","twitter_misc":{"Written by":"saulo","Est. reading time":"5 minutes"},"schema":{"@context":"https:\/\/schema.org","@graph":[{"@type":"WebPage","@id":"https:\/\/www.veracel.com.br\/termina-a-parada-geral-2023-da-veracel-celulose\/","url":"https:\/\/www.veracel.com.br\/termina-a-parada-geral-2023-da-veracel-celulose\/","name":"Termina a Parada Geral 2023 da Veracel\u00a0Celulose","isPartOf":{"@id":"https:\/\/www.veracel.com.br\/#website"},"primaryImageOfPage":{"@id":"https:\/\/www.veracel.com.br\/termina-a-parada-geral-2023-da-veracel-celulose\/#primaryimage"},"image":{"@id":"https:\/\/www.veracel.com.br\/termina-a-parada-geral-2023-da-veracel-celulose\/#primaryimage"},"thumbnailUrl":"https:\/\/www.veracel.com.br\/wp-content\/uploads\/2023\/03\/termina-parada-geral-veracel-2023.jpg","datePublished":"2023-03-21T19:48:50+00:00","dateModified":"2023-03-21T20:32:34+00:00","description":"Com a participa\u00e7\u00e3o de mais de 3 mil pessoas, termina a Parada Geral 2023 da Veracel Celulose movimentando a economia da regi\u00e3o.","breadcrumb":{"@id":"https:\/\/www.veracel.com.br\/termina-a-parada-geral-2023-da-veracel-celulose\/#breadcrumb"},"inLanguage":"en-US","potentialAction":[{"@type":"ReadAction","target":["https:\/\/www.veracel.com.br\/termina-a-parada-geral-2023-da-veracel-celulose\/"]}]},{"@type":"ImageObject","inLanguage":"en-US","@id":"https:\/\/www.veracel.com.br\/termina-a-parada-geral-2023-da-veracel-celulose\/#primaryimage","url":"https:\/\/www.veracel.com.br\/wp-content\/uploads\/2023\/03\/termina-parada-geral-veracel-2023.jpg","contentUrl":"https:\/\/www.veracel.com.br\/wp-content\/uploads\/2023\/03\/termina-parada-geral-veracel-2023.jpg","width":1200,"height":800,"caption":"F\u00e1brica da Veracel Celulose na Parada Geral 2023"},{"@type":"BreadcrumbList","@id":"https:\/\/www.veracel.com.br\/termina-a-parada-geral-2023-da-veracel-celulose\/#breadcrumb","itemListElement":[{"@type":"ListItem","position":1,"name":"Home","item":"https:\/\/www.veracel.com.br\/"},{"@type":"ListItem","position":2,"name":"A Veracel","item":"https:\/\/www.veracel.com.br\/a-veracel\/"},{"@type":"ListItem","position":3,"name":"Termina a Parada Geral 2023 da Veracel\u00a0Celulose"}]},{"@type":"WebSite","@id":"https:\/\/www.veracel.com.br\/#website","url":"https:\/\/www.veracel.com.br\/","name":"Veracel Celulose","description":"Quando crescemos juntos vamos muito mais longe","publisher":{"@id":"https:\/\/www.veracel.com.br\/#organization"},"potentialAction":[{"@type":"SearchAction","target":{"@type":"EntryPoint","urlTemplate":"https:\/\/www.veracel.com.br\/?s={search_term_string}"},"query-input":{"@type":"PropertyValueSpecification","valueRequired":true,"valueName":"search_term_string"}}],"inLanguage":"en-US"},{"@type":"Organization","@id":"https:\/\/www.veracel.com.br\/#organization","name":"Veracel Celulose","url":"https:\/\/www.veracel.com.br\/","logo":{"@type":"ImageObject","inLanguage":"en-US","@id":"https:\/\/www.veracel.com.br\/#\/schema\/logo\/image\/","url":"https:\/\/www.veracel.com.br\/wp-content\/uploads\/2024\/08\/Ativo-1.png","contentUrl":"https:\/\/www.veracel.com.br\/wp-content\/uploads\/2024\/08\/Ativo-1.png","width":400,"height":121,"caption":"Veracel Celulose"},"image":{"@id":"https:\/\/www.veracel.com.br\/#\/schema\/logo\/image\/"},"sameAs":["https:\/\/www.instagram.com\/veracelcelulose","https:\/\/www.linkedin.com\/company\/veracelcelulose\/","https:\/\/www.youtube.com\/user\/CanalVeracel"]}]}},"_links":{"self":[{"href":"https:\/\/www.veracel.com.br\/en\/wp-json\/wp\/v2\/posts\/29222","targetHints":{"allow":["GET"]}}],"collection":[{"href":"https:\/\/www.veracel.com.br\/en\/wp-json\/wp\/v2\/posts"}],"about":[{"href":"https:\/\/www.veracel.com.br\/en\/wp-json\/wp\/v2\/types\/post"}],"author":[{"embeddable":true,"href":"https:\/\/www.veracel.com.br\/en\/wp-json\/wp\/v2\/users\/2"}],"replies":[{"embeddable":true,"href":"https:\/\/www.veracel.com.br\/en\/wp-json\/wp\/v2\/comments?post=29222"}],"version-history":[{"count":2,"href":"https:\/\/www.veracel.com.br\/en\/wp-json\/wp\/v2\/posts\/29222\/revisions"}],"predecessor-version":[{"id":29228,"href":"https:\/\/www.veracel.com.br\/en\/wp-json\/wp\/v2\/posts\/29222\/revisions\/29228"}],"wp:featuredmedia":[{"embeddable":true,"href":"https:\/\/www.veracel.com.br\/en\/wp-json\/wp\/v2\/media\/29225"}],"wp:attachment":[{"href":"https:\/\/www.veracel.com.br\/en\/wp-json\/wp\/v2\/media?parent=29222"}],"wp:term":[{"taxonomy":"category","embeddable":true,"href":"https:\/\/www.veracel.com.br\/en\/wp-json\/wp\/v2\/categories?post=29222"},{"taxonomy":"post_tag","embeddable":true,"href":"https:\/\/www.veracel.com.br\/en\/wp-json\/wp\/v2\/tags?post=29222"}],"curies":[{"name":"wp","href":"https:\/\/api.w.org\/{rel}","templated":true}]}}