{"id":29245,"date":"2023-03-22T17:21:56","date_gmt":"2023-03-22T20:21:56","guid":{"rendered":"https:\/\/www.veracel.com.br\/?p=29245"},"modified":"2023-03-22T22:23:16","modified_gmt":"2023-03-23T01:23:16","slug":"monitoramento-de-bacias-hidrograficas-feito-pela-veracel-alia-protecao-do-meio-ambiente-e-eficiencia","status":"publish","type":"post","link":"https:\/\/www.veracel.com.br\/en\/monitoramento-de-bacias-hidrograficas-feito-pela-veracel-alia-protecao-do-meio-ambiente-e-eficiencia\/","title":{"rendered":"Monitoramento de bacias hidrogr\u00e1ficas feito pela Veracel alia prote\u00e7\u00e3o do meio ambiente e efici\u00eancia"},"content":{"rendered":"<p><em>Em 16 anos, n\u00e3o foram identificados, na microbacia com manejo de floresta plantada, efeitos significativos do manejo florestal na quantidade ou na qualidade da \u00e1gua, em rela\u00e7\u00e3o ao observado na microbacia de \u00e1rea natural. O resultado \u00e9 um \u00f3timo indicador de que o manejo sustent\u00e1vel de florestas da Veracel Celulose est\u00e1 ocorrendo de forma efetiva, preservando o solo, prevenindo eros\u00f5es e respeitando as \u00e1reas de preserva\u00e7\u00e3o<\/em><\/p>\n<p>&nbsp;<\/p>\n<p>O Dia Mundial da \u00c1gua, celebrado na data de hoje, foi criado em 1992 pela Organiza\u00e7\u00e3o das Na\u00e7\u00f5es Unidas (ONU), como forma de ampliar a discuss\u00e3o sobre a import\u00e2ncia desse elemento e sobre os riscos de sua escassez, que se tornam cada dia maiores. Para al\u00e9m da reflex\u00e3o, a oportunidade incentiva a valoriza\u00e7\u00e3o de exemplos positivos no tratamento dos recursos h\u00eddricos.<\/p>\n<p>A Veracel Celulose re\u00fane um conjunto de boas pr\u00e1ticas com rela\u00e7\u00e3o ao uso da \u00e1gua, em diferentes etapas de sua produ\u00e7\u00e3o. Entre essas iniciativas, a empresa realiza, h\u00e1 16 anos, o monitoramento de microbacias hidrogr\u00e1ficas representativas em sua \u00e1rea de atua\u00e7\u00e3o. Isso permite avaliar a qualidade do manejo florestal realizado pela Veracel, com a produ\u00e7\u00e3o de eucaliptos para a produ\u00e7\u00e3o de celulose, sobre a quantidade e a qualidade da \u00e1gua.<\/p>\n<p>Esse monitoramento \u00e9 realizado pela equipe t\u00e9cnica da Veracel em parceria com o Programa Cooperativo de Monitoramento e Modelagem em Microbacias Hidrogr\u00e1ficas (PROMAB), um programa cooperativo entre empresas do setor florestal que monitora diversas microbacias localizadas no Brasil e no Uruguai. Desde o in\u00edcio dos mapeamentos, em 2005, os resultados n\u00e3o evidenciaram efeitos significativos aos cursos d\u2019\u00e1gua monitorados, tanto em quantidade, como em qualidade da \u00e1gua.<\/p>\n<p>&nbsp;<\/p>\n<h2>Sustentabilidade da produ\u00e7\u00e3o de florestas de eucalipto<\/h2>\n<p>O resultado \u00e9 um \u00f3timo indicador de que o manejo sustent\u00e1vel de florestas da Veracel est\u00e1 ocorrendo de forma efetiva, preservando o solo, prevenindo eros\u00f5es e respeitando as \u00e1reas de preserva\u00e7\u00e3o. As quatro microbacias monitoradas pela empresa representam 83% das unidades hidrol\u00f3gicas sob influ\u00eancia do manejo de florestas plantadas de eucalipto da Veracel Celulose.<\/p>\n<p>\u201cEssa iniciativa da empresa demonstra que, com investimento, \u00e9 poss\u00edvel aliar a produtividade \u00e0 prote\u00e7\u00e3o ambiental\u201d, afirma Beatriz Gonsalez, Analista de Ecofisiologia e Hidrologia da companhia. \u201cO monitoramento contribui para a produ\u00e7\u00e3o de florestas de eucalipto equilibradas com a disponibilidade de recursos naturais\u201d, complementa a analista.\u00a0 \u201cA partir dele, podemos identificar se, em algum momento, o manejo atual dever\u00e1 sofrer altera\u00e7\u00f5es. Isso permite manter a sustentabilidade da produ\u00e7\u00e3o de florestas em nossa regi\u00e3o, considerando poss\u00edveis altera\u00e7\u00f5es clim\u00e1ticas e mudan\u00e7as no uso do solo\u201d, destaca Gonsalez.<\/p>\n<p>&nbsp;<\/p>\n<h2>Preserva\u00e7\u00e3o dos cursos d\u2018\u00e1gua<\/h2>\n<p>De maneira indireta, o monitoramento contribui para a preserva\u00e7\u00e3o da flora e da fauna nativa, pois, a partir dos dados obtidos, \u00e9 poss\u00edvel assegurar que est\u00e3o preservados os cursos d\u2019\u00e1gua que fazem parte do ecossistema de diversas esp\u00e9cies.<\/p>\n<p>O trabalho de monitoramento tamb\u00e9m contempla preven\u00e7\u00e3o. Em parceria com o PROMAB, foi desenvolvido um \u00edndice de resili\u00eancia hidrol\u00f3gica para sinalizar quais trechos, em toda a extens\u00e3o de atua\u00e7\u00e3o da Veracel, est\u00e3o sob maior press\u00e3o de manejo, em fun\u00e7\u00e3o de caracter\u00edsticas espec\u00edficas de solo, relevo, ocupa\u00e7\u00e3o por vegeta\u00e7\u00e3o nativa e disponibilidade h\u00eddrica, por exemplo. \u201cDessa forma, podemos direcionar a\u00e7\u00f5es, de forma antecipada, para esses locais de maior sensibilidade hidrol\u00f3gica. Isso evita que, em condi\u00e7\u00f5es adversas, o manejo exer\u00e7a press\u00e3o indesejada sobre os recursos h\u00eddricos\u201d, complementa a analista.<\/p>\n<p>&nbsp;<\/p>\n<h2>Redu\u00e7\u00e3o do uso de \u00e1gua na produ\u00e7\u00e3o industrial<\/h2>\n<p>Como resultado de diferentes iniciativas, o ano de 2022 registrou uma conquista hist\u00f3rica para a produ\u00e7\u00e3o industrial da Veracel: menor \u00edndice m\u00e9dio anual de uso de \u00e1gua de sua hist\u00f3ria. O valor foi de 20,5 m\u00b3\/tsa, ou seja, 20,5 metros c\u00fabicos de \u00e1gua por tonelada de celulose produzida. Nos anos anteriores, o melhor resultado havia sido 22,2 m\u00b3\/tsa. Ao longo dos \u00faltimos cinco anos, a empresa reduziu em 18% o uso m\u00e9dio espec\u00edfico de \u00e1gua da f\u00e1brica.<\/p>\n<p>Para os anos seguintes, a meta da companhia \u00e9 reduzir o uso espec\u00edfico de \u00e1gua para valores abaixo de 18 m\u00b3\/tsa. Entre algumas das medidas j\u00e1 contempladas nos \u00faltimos anos, a Veracel Celulose passou a trabalhar na automatiza\u00e7\u00e3o de tanques para evitar o transbordo de l\u00edquido, al\u00e9m de instalar novos alarmes nos pain\u00e9is de controle para aprimorar o controle e uso de \u00e1gua, e de implementar ferramentas de gest\u00e3o online de controle do uso.<\/p>\n<p><a href=\"https:\/\/www.veracel.com.br\/veracel-atinge-seu-menor-indice-de-uso-de-agua-para-a-fabricacao-de-celulose\/\">Saiba mais sobre como a Veracel atingiu seu menor \u00edndice de uso de \u00e1gua para produzir celulose<\/a><br \/>\n<a href=\"https:\/\/www.veracel.com.br\/sustentabilidade\/nossa-guia\/\">Conhe\u00e7a outras iniciativas que fazem da sustentabilidade a nossa guia<\/a><\/p>\n","protected":false},"excerpt":{"rendered":"<p>Em 16 anos, n\u00e3o foram identificados, na microbacia com manejo de floresta plantada, efeitos significativos do manejo florestal na quantidade ou na qualidade da \u00e1gua, em rela\u00e7\u00e3o ao observado na microbacia de \u00e1rea natural. O resultado \u00e9 um \u00f3timo indicador de que o manejo sustent\u00e1vel de florestas da Veracel Celulose est\u00e1 ocorrendo de forma efetiva, [&hellip;]<\/p>\n","protected":false},"author":2,"featured_media":29246,"comment_status":"open","ping_status":"open","sticky":false,"template":"","format":"standard","meta":{"_acf_changed":false,"footnotes":"","_links_to":"","_links_to_target":""},"categories":[211,332],"tags":[],"class_list":["post-29245","post","type-post","status-publish","format-standard","has-post-thumbnail","hentry","category-noticias","category-sustentabilidade-veracel"],"acf":[],"yoast_head":"<!-- This site is optimized with the Yoast SEO Premium plugin v26.7 (Yoast SEO v27.4) - https:\/\/yoast.com\/product\/yoast-seo-premium-wordpress\/ -->\n<title>Monitoramento de bacias hidrogr\u00e1ficas Veracel Celulose<\/title>\n<meta name=\"description\" content=\"Monitoramento de bacias hidrogr\u00e1ficas indica efetividade no manejo florestal realizado pela Veracel Celulose\" \/>\n<meta name=\"robots\" content=\"index, follow, max-snippet:-1, max-image-preview:large, max-video-preview:-1\" \/>\n<link rel=\"canonical\" href=\"https:\/\/www.veracel.com.br\/monitoramento-de-bacias-hidrograficas-feito-pela-veracel-alia-protecao-do-meio-ambiente-e-eficiencia\/\" \/>\n<meta property=\"og:locale\" content=\"en_US\" \/>\n<meta property=\"og:type\" content=\"article\" \/>\n<meta property=\"og:title\" content=\"Monitoramento de bacias hidrogr\u00e1ficas feito pela Veracel alia prote\u00e7\u00e3o do meio ambiente e efici\u00eancia\" \/>\n<meta property=\"og:description\" content=\"Monitoramento de bacias hidrogr\u00e1ficas indica efetividade no manejo florestal realizado pela Veracel Celulose\" \/>\n<meta property=\"og:url\" content=\"https:\/\/www.veracel.com.br\/monitoramento-de-bacias-hidrograficas-feito-pela-veracel-alia-protecao-do-meio-ambiente-e-eficiencia\/\" \/>\n<meta property=\"og:site_name\" content=\"Veracel Celulose\" \/>\n<meta property=\"article:published_time\" content=\"2023-03-22T20:21:56+00:00\" \/>\n<meta property=\"article:modified_time\" content=\"2023-03-23T01:23:16+00:00\" \/>\n<meta property=\"og:image\" content=\"https:\/\/www.veracel.com.br\/wp-content\/uploads\/2023\/03\/monitoramento-bacias-hidrograficas-veracel-celulose.jpg\" \/>\n\t<meta property=\"og:image:width\" content=\"1200\" \/>\n\t<meta property=\"og:image:height\" content=\"800\" \/>\n\t<meta property=\"og:image:type\" content=\"image\/jpeg\" \/>\n<meta name=\"author\" content=\"saulo\" \/>\n<meta name=\"twitter:card\" content=\"summary_large_image\" \/>\n<meta name=\"twitter:label1\" content=\"Written by\" \/>\n\t<meta name=\"twitter:data1\" content=\"saulo\" \/>\n\t<meta name=\"twitter:label2\" content=\"Est. reading time\" \/>\n\t<meta name=\"twitter:data2\" content=\"4 minutes\" \/>\n<script type=\"application\/ld+json\" class=\"yoast-schema-graph\">{\"@context\":\"https:\\\/\\\/schema.org\",\"@graph\":[{\"@type\":\"WebPage\",\"@id\":\"https:\\\/\\\/www.veracel.com.br\\\/monitoramento-de-bacias-hidrograficas-feito-pela-veracel-alia-protecao-do-meio-ambiente-e-eficiencia\\\/\",\"url\":\"https:\\\/\\\/www.veracel.com.br\\\/monitoramento-de-bacias-hidrograficas-feito-pela-veracel-alia-protecao-do-meio-ambiente-e-eficiencia\\\/\",\"name\":\"Monitoramento de bacias hidrogr\u00e1ficas Veracel Celulose\",\"isPartOf\":{\"@id\":\"https:\\\/\\\/www.veracel.com.br\\\/#website\"},\"primaryImageOfPage\":{\"@id\":\"https:\\\/\\\/www.veracel.com.br\\\/monitoramento-de-bacias-hidrograficas-feito-pela-veracel-alia-protecao-do-meio-ambiente-e-eficiencia\\\/#primaryimage\"},\"image\":{\"@id\":\"https:\\\/\\\/www.veracel.com.br\\\/monitoramento-de-bacias-hidrograficas-feito-pela-veracel-alia-protecao-do-meio-ambiente-e-eficiencia\\\/#primaryimage\"},\"thumbnailUrl\":\"https:\\\/\\\/www.veracel.com.br\\\/wp-content\\\/uploads\\\/2023\\\/03\\\/monitoramento-bacias-hidrograficas-veracel-celulose.jpg\",\"datePublished\":\"2023-03-22T20:21:56+00:00\",\"dateModified\":\"2023-03-23T01:23:16+00:00\",\"description\":\"Monitoramento de bacias hidrogr\u00e1ficas indica efetividade no manejo florestal realizado pela Veracel Celulose\",\"breadcrumb\":{\"@id\":\"https:\\\/\\\/www.veracel.com.br\\\/monitoramento-de-bacias-hidrograficas-feito-pela-veracel-alia-protecao-do-meio-ambiente-e-eficiencia\\\/#breadcrumb\"},\"inLanguage\":\"en-US\",\"potentialAction\":[{\"@type\":\"ReadAction\",\"target\":[\"https:\\\/\\\/www.veracel.com.br\\\/monitoramento-de-bacias-hidrograficas-feito-pela-veracel-alia-protecao-do-meio-ambiente-e-eficiencia\\\/\"]}]},{\"@type\":\"ImageObject\",\"inLanguage\":\"en-US\",\"@id\":\"https:\\\/\\\/www.veracel.com.br\\\/monitoramento-de-bacias-hidrograficas-feito-pela-veracel-alia-protecao-do-meio-ambiente-e-eficiencia\\\/#primaryimage\",\"url\":\"https:\\\/\\\/www.veracel.com.br\\\/wp-content\\\/uploads\\\/2023\\\/03\\\/monitoramento-bacias-hidrograficas-veracel-celulose.jpg\",\"contentUrl\":\"https:\\\/\\\/www.veracel.com.br\\\/wp-content\\\/uploads\\\/2023\\\/03\\\/monitoramento-bacias-hidrograficas-veracel-celulose.jpg\",\"width\":1200,\"height\":800,\"caption\":\"Monitoramento de Bacias Hidrogr\u00e1ficas\"},{\"@type\":\"BreadcrumbList\",\"@id\":\"https:\\\/\\\/www.veracel.com.br\\\/monitoramento-de-bacias-hidrograficas-feito-pela-veracel-alia-protecao-do-meio-ambiente-e-eficiencia\\\/#breadcrumb\",\"itemListElement\":[{\"@type\":\"ListItem\",\"position\":1,\"name\":\"Home\",\"item\":\"https:\\\/\\\/www.veracel.com.br\\\/\"},{\"@type\":\"ListItem\",\"position\":2,\"name\":\"Not\u00edcias\",\"item\":\"https:\\\/\\\/www.veracel.com.br\\\/noticias\\\/\"},{\"@type\":\"ListItem\",\"position\":3,\"name\":\"Monitoramento de bacias hidrogr\u00e1ficas feito pela Veracel alia prote\u00e7\u00e3o do meio ambiente e efici\u00eancia\"}]},{\"@type\":\"WebSite\",\"@id\":\"https:\\\/\\\/www.veracel.com.br\\\/#website\",\"url\":\"https:\\\/\\\/www.veracel.com.br\\\/\",\"name\":\"Veracel Celulose\",\"description\":\"Quando crescemos juntos vamos muito mais longe\",\"publisher\":{\"@id\":\"https:\\\/\\\/www.veracel.com.br\\\/#organization\"},\"potentialAction\":[{\"@type\":\"SearchAction\",\"target\":{\"@type\":\"EntryPoint\",\"urlTemplate\":\"https:\\\/\\\/www.veracel.com.br\\\/?s={search_term_string}\"},\"query-input\":{\"@type\":\"PropertyValueSpecification\",\"valueRequired\":true,\"valueName\":\"search_term_string\"}}],\"inLanguage\":\"en-US\"},{\"@type\":\"Organization\",\"@id\":\"https:\\\/\\\/www.veracel.com.br\\\/#organization\",\"name\":\"Veracel Celulose\",\"url\":\"https:\\\/\\\/www.veracel.com.br\\\/\",\"logo\":{\"@type\":\"ImageObject\",\"inLanguage\":\"en-US\",\"@id\":\"https:\\\/\\\/www.veracel.com.br\\\/#\\\/schema\\\/logo\\\/image\\\/\",\"url\":\"https:\\\/\\\/www.veracel.com.br\\\/wp-content\\\/uploads\\\/2024\\\/08\\\/Ativo-1.png\",\"contentUrl\":\"https:\\\/\\\/www.veracel.com.br\\\/wp-content\\\/uploads\\\/2024\\\/08\\\/Ativo-1.png\",\"width\":400,\"height\":121,\"caption\":\"Veracel Celulose\"},\"image\":{\"@id\":\"https:\\\/\\\/www.veracel.com.br\\\/#\\\/schema\\\/logo\\\/image\\\/\"},\"sameAs\":[\"https:\\\/\\\/www.instagram.com\\\/veracelcelulose\",\"https:\\\/\\\/www.linkedin.com\\\/company\\\/veracelcelulose\\\/\",\"https:\\\/\\\/www.youtube.com\\\/user\\\/CanalVeracel\"]}]}<\/script>\n<!-- \/ Yoast SEO Premium plugin. -->","yoast_head_json":{"title":"Monitoramento de bacias hidrogr\u00e1ficas Veracel Celulose","description":"Monitoramento de bacias hidrogr\u00e1ficas indica efetividade no manejo florestal realizado pela Veracel Celulose","robots":{"index":"index","follow":"follow","max-snippet":"max-snippet:-1","max-image-preview":"max-image-preview:large","max-video-preview":"max-video-preview:-1"},"canonical":"https:\/\/www.veracel.com.br\/monitoramento-de-bacias-hidrograficas-feito-pela-veracel-alia-protecao-do-meio-ambiente-e-eficiencia\/","og_locale":"en_US","og_type":"article","og_title":"Monitoramento de bacias hidrogr\u00e1ficas feito pela Veracel alia prote\u00e7\u00e3o do meio ambiente e efici\u00eancia","og_description":"Monitoramento de bacias hidrogr\u00e1ficas indica efetividade no manejo florestal realizado pela Veracel Celulose","og_url":"https:\/\/www.veracel.com.br\/monitoramento-de-bacias-hidrograficas-feito-pela-veracel-alia-protecao-do-meio-ambiente-e-eficiencia\/","og_site_name":"Veracel Celulose","article_published_time":"2023-03-22T20:21:56+00:00","article_modified_time":"2023-03-23T01:23:16+00:00","og_image":[{"width":1200,"height":800,"url":"https:\/\/www.veracel.com.br\/wp-content\/uploads\/2023\/03\/monitoramento-bacias-hidrograficas-veracel-celulose.jpg","type":"image\/jpeg"}],"author":"saulo","twitter_card":"summary_large_image","twitter_misc":{"Written by":"saulo","Est. reading time":"4 minutes"},"schema":{"@context":"https:\/\/schema.org","@graph":[{"@type":"WebPage","@id":"https:\/\/www.veracel.com.br\/monitoramento-de-bacias-hidrograficas-feito-pela-veracel-alia-protecao-do-meio-ambiente-e-eficiencia\/","url":"https:\/\/www.veracel.com.br\/monitoramento-de-bacias-hidrograficas-feito-pela-veracel-alia-protecao-do-meio-ambiente-e-eficiencia\/","name":"Monitoramento de bacias hidrogr\u00e1ficas Veracel Celulose","isPartOf":{"@id":"https:\/\/www.veracel.com.br\/#website"},"primaryImageOfPage":{"@id":"https:\/\/www.veracel.com.br\/monitoramento-de-bacias-hidrograficas-feito-pela-veracel-alia-protecao-do-meio-ambiente-e-eficiencia\/#primaryimage"},"image":{"@id":"https:\/\/www.veracel.com.br\/monitoramento-de-bacias-hidrograficas-feito-pela-veracel-alia-protecao-do-meio-ambiente-e-eficiencia\/#primaryimage"},"thumbnailUrl":"https:\/\/www.veracel.com.br\/wp-content\/uploads\/2023\/03\/monitoramento-bacias-hidrograficas-veracel-celulose.jpg","datePublished":"2023-03-22T20:21:56+00:00","dateModified":"2023-03-23T01:23:16+00:00","description":"Monitoramento de bacias hidrogr\u00e1ficas indica efetividade no manejo florestal realizado pela Veracel Celulose","breadcrumb":{"@id":"https:\/\/www.veracel.com.br\/monitoramento-de-bacias-hidrograficas-feito-pela-veracel-alia-protecao-do-meio-ambiente-e-eficiencia\/#breadcrumb"},"inLanguage":"en-US","potentialAction":[{"@type":"ReadAction","target":["https:\/\/www.veracel.com.br\/monitoramento-de-bacias-hidrograficas-feito-pela-veracel-alia-protecao-do-meio-ambiente-e-eficiencia\/"]}]},{"@type":"ImageObject","inLanguage":"en-US","@id":"https:\/\/www.veracel.com.br\/monitoramento-de-bacias-hidrograficas-feito-pela-veracel-alia-protecao-do-meio-ambiente-e-eficiencia\/#primaryimage","url":"https:\/\/www.veracel.com.br\/wp-content\/uploads\/2023\/03\/monitoramento-bacias-hidrograficas-veracel-celulose.jpg","contentUrl":"https:\/\/www.veracel.com.br\/wp-content\/uploads\/2023\/03\/monitoramento-bacias-hidrograficas-veracel-celulose.jpg","width":1200,"height":800,"caption":"Monitoramento de Bacias Hidrogr\u00e1ficas"},{"@type":"BreadcrumbList","@id":"https:\/\/www.veracel.com.br\/monitoramento-de-bacias-hidrograficas-feito-pela-veracel-alia-protecao-do-meio-ambiente-e-eficiencia\/#breadcrumb","itemListElement":[{"@type":"ListItem","position":1,"name":"Home","item":"https:\/\/www.veracel.com.br\/"},{"@type":"ListItem","position":2,"name":"Not\u00edcias","item":"https:\/\/www.veracel.com.br\/noticias\/"},{"@type":"ListItem","position":3,"name":"Monitoramento de bacias hidrogr\u00e1ficas feito pela Veracel alia prote\u00e7\u00e3o do meio ambiente e efici\u00eancia"}]},{"@type":"WebSite","@id":"https:\/\/www.veracel.com.br\/#website","url":"https:\/\/www.veracel.com.br\/","name":"Veracel Celulose","description":"Quando crescemos juntos vamos muito mais longe","publisher":{"@id":"https:\/\/www.veracel.com.br\/#organization"},"potentialAction":[{"@type":"SearchAction","target":{"@type":"EntryPoint","urlTemplate":"https:\/\/www.veracel.com.br\/?s={search_term_string}"},"query-input":{"@type":"PropertyValueSpecification","valueRequired":true,"valueName":"search_term_string"}}],"inLanguage":"en-US"},{"@type":"Organization","@id":"https:\/\/www.veracel.com.br\/#organization","name":"Veracel Celulose","url":"https:\/\/www.veracel.com.br\/","logo":{"@type":"ImageObject","inLanguage":"en-US","@id":"https:\/\/www.veracel.com.br\/#\/schema\/logo\/image\/","url":"https:\/\/www.veracel.com.br\/wp-content\/uploads\/2024\/08\/Ativo-1.png","contentUrl":"https:\/\/www.veracel.com.br\/wp-content\/uploads\/2024\/08\/Ativo-1.png","width":400,"height":121,"caption":"Veracel Celulose"},"image":{"@id":"https:\/\/www.veracel.com.br\/#\/schema\/logo\/image\/"},"sameAs":["https:\/\/www.instagram.com\/veracelcelulose","https:\/\/www.linkedin.com\/company\/veracelcelulose\/","https:\/\/www.youtube.com\/user\/CanalVeracel"]}]}},"_links":{"self":[{"href":"https:\/\/www.veracel.com.br\/en\/wp-json\/wp\/v2\/posts\/29245","targetHints":{"allow":["GET"]}}],"collection":[{"href":"https:\/\/www.veracel.com.br\/en\/wp-json\/wp\/v2\/posts"}],"about":[{"href":"https:\/\/www.veracel.com.br\/en\/wp-json\/wp\/v2\/types\/post"}],"author":[{"embeddable":true,"href":"https:\/\/www.veracel.com.br\/en\/wp-json\/wp\/v2\/users\/2"}],"replies":[{"embeddable":true,"href":"https:\/\/www.veracel.com.br\/en\/wp-json\/wp\/v2\/comments?post=29245"}],"version-history":[{"count":2,"href":"https:\/\/www.veracel.com.br\/en\/wp-json\/wp\/v2\/posts\/29245\/revisions"}],"predecessor-version":[{"id":29260,"href":"https:\/\/www.veracel.com.br\/en\/wp-json\/wp\/v2\/posts\/29245\/revisions\/29260"}],"wp:featuredmedia":[{"embeddable":true,"href":"https:\/\/www.veracel.com.br\/en\/wp-json\/wp\/v2\/media\/29246"}],"wp:attachment":[{"href":"https:\/\/www.veracel.com.br\/en\/wp-json\/wp\/v2\/media?parent=29245"}],"wp:term":[{"taxonomy":"category","embeddable":true,"href":"https:\/\/www.veracel.com.br\/en\/wp-json\/wp\/v2\/categories?post=29245"},{"taxonomy":"post_tag","embeddable":true,"href":"https:\/\/www.veracel.com.br\/en\/wp-json\/wp\/v2\/tags?post=29245"}],"curies":[{"name":"wp","href":"https:\/\/api.w.org\/{rel}","templated":true}]}}