{"id":29462,"date":"2023-04-07T22:00:53","date_gmt":"2023-04-08T01:00:53","guid":{"rendered":"https:\/\/www.veracel.com.br\/?p=29462"},"modified":"2023-04-07T22:00:53","modified_gmt":"2023-04-08T01:00:53","slug":"dois-anos-do-programa-amigos-da-fauna-crescem-os-registros-de-animais-silvestres-na-regiao-da-veracel","status":"publish","type":"post","link":"https:\/\/www.veracel.com.br\/en\/dois-anos-do-programa-amigos-da-fauna-crescem-os-registros-de-animais-silvestres-na-regiao-da-veracel\/","title":{"rendered":"Dois anos do programa Amigos da Fauna: crescem os registros de animais silvestres na regi\u00e3o da Veracel\u00a0"},"content":{"rendered":"<p><em>Para fortalecer a conscientiza\u00e7\u00e3o ambiental, o programa Amigos da Fauna incentiva a comunidade a registrar animais vistos na \u00e1rea da Veracel Celulose, na Costa do Descobrimento, na Bahia. No \u00faltimo ano, foram 217 imagens, 241% a mais do que no per\u00edodo anterior. Um ter\u00e7o dos animais estava em planta\u00e7\u00f5es de eucalipto, comprovando a import\u00e2ncia dessas planta\u00e7\u00f5es para a conserva\u00e7\u00e3o da fauna.<\/em><\/p>\n<p>&nbsp;<\/p>\n<p>No pr\u00f3ximo s\u00e1bado (8), o programa <strong>Amigos da Fauna<\/strong>, realizado pela <strong>Veracel Celulose<\/strong> completa dois anos. O programa incentiva que colaboradores e parceiros da Veracel, assim como moradores da regi\u00e3o, registrem fotos e v\u00eddeos de animais presentes na natureza. O aumento do n\u00famero de imagens enviadas comprova o sucesso da iniciativa. Em 2022, foram 217 fotos, 241% a mais do que no ano anterior.<\/p>\n<p>Antes da cria\u00e7\u00e3o do Programa, eram feitos somente registros da fauna que chamasse a aten\u00e7\u00e3o, como de pregui\u00e7as, quatis e algumas aves. Depois da cria\u00e7\u00e3o dessa iniciativa, as pessoas come\u00e7aram a ter um olhar diferente para a fauna local.<\/p>\n<p>&nbsp;<\/p>\n<h2>Registros de fauna da regi\u00e3o no Instagram<\/h2>\n<p>\u201cO Amigos da Fauna traz informa\u00e7\u00e3o sobre a diversidade de fauna existente na nossa regi\u00e3o, que est\u00e1 inserida na Mata Atl\u00e2ntica. Al\u00e9m de catalogarmos os registros, promovemos mensalmente uma publica\u00e7\u00e3o no Instagram com algum animal que ocorre localmente, apresentando suas caracter\u00edsticas e mostrando tamb\u00e9m uma a\u00e7\u00e3o que as pessoas podem fazer para ajudar na conserva\u00e7\u00e3o daquela esp\u00e9cie\u201d, conta Ludimila Campostrin, analista ambiental da Veracel.<\/p>\n<p>Desses registros, 33% \u2013 um em cada tr\u00eas \u2013 foram feitos em \u00e1reas de eucalipto. Isso confirma que a fauna usa as planta\u00e7\u00f5es para circular entre os fragmentos de mata nativa, ou seja, as \u00e1reas de eucalipto funcionam como corredores. A modalidade de plantio adotada pela Veracel Celulose \u2013 em mosaico, com eucaliptos nos plat\u00f4s, de modo entremeado com os vales de floresta nativa \u2013 gera maiores oportunidades de conserva\u00e7\u00e3o ambiental.<\/p>\n<p>As florestas de eucalipto comprovam ser um caminho importante para a conserva\u00e7\u00e3o da fauna e da flora. Um estudo publicado pela Ind\u00fastria Brasileira de \u00c1rvores (IB\u00c1) revelou que as \u00e1reas das empresas associadas \u00e0 entidade j\u00e1 somam 6 milh\u00f5es de hectares (o equivalente ao estado do Rio de Janeiro), e que, nesses espa\u00e7os, j\u00e1 foram observadas 2,8 mil esp\u00e9cies de fauna.<\/p>\n<p>&nbsp;<\/p>\n<h2>\nRegistros do programa Amigos da Fauna<\/h2>\n<p>Os registros do Amigos da Fauna s\u00e3o de diferentes grupos, com destaque para as cobras (com 35 fotos\/v\u00eddeos); insetos, como gafanhotos e bicho-pau (23 registros); e aves, como seriema e coruja-buraqueira (23 registros). Algumas das esp\u00e9cies registradas s\u00e3o raras, como o gato-maracaj\u00e1 (<em>Leopardus wiedii<\/em>), a pregui\u00e7a-de-coleira (<em>Bradypus torquatus<\/em>) e a jupar\u00e1 (<em>Potos flavus<\/em>). Em janeiro deste ano, foi avistado na RPPN (Reserva Particular do Patrim\u00f4nio Natural) Esta\u00e7\u00e3o Veracel um beija-flor de plumagem branca do g\u00eanero <em>Chlorestes<\/em>. Esse tipo de plumagem \u00e9 extremamente raro entre os beija-flores. Isso mostra a import\u00e2ncia de \u00e1reas de preserva\u00e7\u00e3o para promover a sobreviv\u00eancia dessas esp\u00e9cies.<\/p>\n<p>O Amigos da Fauna demonstra que \u00e9 poss\u00edvel promover a harmonia entre a atividade econ\u00f4mica e a conserva\u00e7\u00e3o ambiental. \u201cValorizar a vida, seja ela de quem for, faz parte do nosso jeito de ser na Veracel Celulose. Para cada hectare de eucalipto plantado, destinamos um hectare para a preserva\u00e7\u00e3o da mata Atl\u00e2ntica\u201d, explica Virginia Camargos, coordenadora de Estrat\u00e9gia Ambiental e Gest\u00e3o Integrada da Veracel. Em 200 mil hectares de \u00e1rea da companhia, cerca de 100 mil s\u00e3o de plantio de eucalipto, e 100 mil s\u00e3o de \u00e1reas destinadas \u00e0 vegeta\u00e7\u00e3o nativa.<\/p>\n<p>&nbsp;<\/p>\n<h2>\nFa\u00e7a parte do programa Amigos da Fauna<\/h2>\n<p>A Veracel Celulose mant\u00e9m tamb\u00e9m a Esta\u00e7\u00e3o Veracel, com 6.069 hectares, a maior RPPN de Mata Atl\u00e2ntica do Nordeste, que, em 2023, completar\u00e1 25 anos.<\/p>\n<p>Para fazer parte da interatividade que o programa Amigos da Fauna traz, os interessados podem postar em suas redes sociais a foto do animal silvestre registrado em seu ambiente natural, marcando o perfil <a href=\"https:\/\/www.instagram.com\/veracelcelulose\/\" target=\"_blank\" rel=\"noopener\">@veracelcelulose<\/a> e usando a #AmigosdaFauna.<\/p>\n<p>&nbsp;<\/p>\n<p><a href=\"https:\/\/www.veracel.com.br\/sustentabilidade\/amigos-da-fauna\/\">Saiba mais sobre alguns animais em destaque do programa Amigos da Fauna<\/a><\/p>\n<p><a href=\"https:\/\/www.veracel.com.br\/rppn-estacao-veracel\/\">Conhe\u00e7a mais sobre a RPPN Esta\u00e7\u00e3o Veracel<\/a><\/p>\n","protected":false},"excerpt":{"rendered":"<p>Para fortalecer a conscientiza\u00e7\u00e3o ambiental, o programa Amigos da Fauna incentiva a comunidade a registrar animais vistos na \u00e1rea da Veracel Celulose, na Costa do Descobrimento, na Bahia. No \u00faltimo ano, foram 217 imagens, 241% a mais do que no per\u00edodo anterior. Um ter\u00e7o dos animais estava em planta\u00e7\u00f5es de eucalipto, comprovando a import\u00e2ncia dessas [&hellip;]<\/p>\n","protected":false},"author":2,"featured_media":29463,"comment_status":"open","ping_status":"open","sticky":false,"template":"","format":"standard","meta":{"_acf_changed":false,"footnotes":"","_links_to":"","_links_to_target":""},"categories":[271,211],"tags":[],"class_list":["post-29462","post","type-post","status-publish","format-standard","has-post-thumbnail","hentry","category-a-veracel","category-noticias"],"acf":[],"yoast_head":"<!-- This site is optimized with the Yoast SEO Premium plugin v26.7 (Yoast SEO v27.4) - https:\/\/yoast.com\/product\/yoast-seo-premium-wordpress\/ -->\n<title>Dois anos do programa Amigos da Fauna da Veracel Celulose<\/title>\n<meta name=\"description\" content=\"Programa Amigos da Fauna completa dois anos incentivando a comunidade a registrar animais vistos na regi\u00e3o da Veracel Celulose\" \/>\n<meta name=\"robots\" content=\"index, follow, max-snippet:-1, max-image-preview:large, max-video-preview:-1\" \/>\n<link rel=\"canonical\" href=\"https:\/\/www.veracel.com.br\/dois-anos-do-programa-amigos-da-fauna-crescem-os-registros-de-animais-silvestres-na-regiao-da-veracel\/\" \/>\n<meta property=\"og:locale\" content=\"en_US\" \/>\n<meta property=\"og:type\" content=\"article\" \/>\n<meta property=\"og:title\" content=\"Dois anos do programa Amigos da Fauna: crescem os registros de animais silvestres na regi\u00e3o da Veracel\u00a0\" \/>\n<meta property=\"og:description\" content=\"Programa Amigos da Fauna completa dois anos incentivando a comunidade a registrar animais vistos na regi\u00e3o da Veracel Celulose\" \/>\n<meta property=\"og:url\" content=\"https:\/\/www.veracel.com.br\/dois-anos-do-programa-amigos-da-fauna-crescem-os-registros-de-animais-silvestres-na-regiao-da-veracel\/\" \/>\n<meta property=\"og:site_name\" content=\"Veracel Celulose\" \/>\n<meta property=\"article:published_time\" content=\"2023-04-08T01:00:53+00:00\" \/>\n<meta property=\"og:image\" content=\"https:\/\/www.veracel.com.br\/wp-content\/uploads\/2023\/04\/amigos-da-fauna-veracel-celulose-completa-2-anos.jpg\" \/>\n\t<meta property=\"og:image:width\" content=\"800\" \/>\n\t<meta property=\"og:image:height\" content=\"533\" \/>\n\t<meta property=\"og:image:type\" content=\"image\/jpeg\" \/>\n<meta name=\"author\" content=\"saulo\" \/>\n<meta name=\"twitter:card\" content=\"summary_large_image\" \/>\n<meta name=\"twitter:label1\" content=\"Written by\" \/>\n\t<meta name=\"twitter:data1\" content=\"saulo\" \/>\n\t<meta name=\"twitter:label2\" content=\"Est. reading time\" \/>\n\t<meta name=\"twitter:data2\" content=\"4 minutes\" \/>\n<script type=\"application\/ld+json\" class=\"yoast-schema-graph\">{\"@context\":\"https:\\\/\\\/schema.org\",\"@graph\":[{\"@type\":\"WebPage\",\"@id\":\"https:\\\/\\\/www.veracel.com.br\\\/dois-anos-do-programa-amigos-da-fauna-crescem-os-registros-de-animais-silvestres-na-regiao-da-veracel\\\/\",\"url\":\"https:\\\/\\\/www.veracel.com.br\\\/dois-anos-do-programa-amigos-da-fauna-crescem-os-registros-de-animais-silvestres-na-regiao-da-veracel\\\/\",\"name\":\"Dois anos do programa Amigos da Fauna da Veracel Celulose\",\"isPartOf\":{\"@id\":\"https:\\\/\\\/www.veracel.com.br\\\/#website\"},\"primaryImageOfPage\":{\"@id\":\"https:\\\/\\\/www.veracel.com.br\\\/dois-anos-do-programa-amigos-da-fauna-crescem-os-registros-de-animais-silvestres-na-regiao-da-veracel\\\/#primaryimage\"},\"image\":{\"@id\":\"https:\\\/\\\/www.veracel.com.br\\\/dois-anos-do-programa-amigos-da-fauna-crescem-os-registros-de-animais-silvestres-na-regiao-da-veracel\\\/#primaryimage\"},\"thumbnailUrl\":\"https:\\\/\\\/www.veracel.com.br\\\/wp-content\\\/uploads\\\/2023\\\/04\\\/amigos-da-fauna-veracel-celulose-completa-2-anos.jpg\",\"datePublished\":\"2023-04-08T01:00:53+00:00\",\"description\":\"Programa Amigos da Fauna completa dois anos incentivando a comunidade a registrar animais vistos na regi\u00e3o da Veracel Celulose\",\"breadcrumb\":{\"@id\":\"https:\\\/\\\/www.veracel.com.br\\\/dois-anos-do-programa-amigos-da-fauna-crescem-os-registros-de-animais-silvestres-na-regiao-da-veracel\\\/#breadcrumb\"},\"inLanguage\":\"en-US\",\"potentialAction\":[{\"@type\":\"ReadAction\",\"target\":[\"https:\\\/\\\/www.veracel.com.br\\\/dois-anos-do-programa-amigos-da-fauna-crescem-os-registros-de-animais-silvestres-na-regiao-da-veracel\\\/\"]}]},{\"@type\":\"ImageObject\",\"inLanguage\":\"en-US\",\"@id\":\"https:\\\/\\\/www.veracel.com.br\\\/dois-anos-do-programa-amigos-da-fauna-crescem-os-registros-de-animais-silvestres-na-regiao-da-veracel\\\/#primaryimage\",\"url\":\"https:\\\/\\\/www.veracel.com.br\\\/wp-content\\\/uploads\\\/2023\\\/04\\\/amigos-da-fauna-veracel-celulose-completa-2-anos.jpg\",\"contentUrl\":\"https:\\\/\\\/www.veracel.com.br\\\/wp-content\\\/uploads\\\/2023\\\/04\\\/amigos-da-fauna-veracel-celulose-completa-2-anos.jpg\",\"width\":800,\"height\":533,\"caption\":\"Programa Amigos da Fauna Veracel Celulose\"},{\"@type\":\"BreadcrumbList\",\"@id\":\"https:\\\/\\\/www.veracel.com.br\\\/dois-anos-do-programa-amigos-da-fauna-crescem-os-registros-de-animais-silvestres-na-regiao-da-veracel\\\/#breadcrumb\",\"itemListElement\":[{\"@type\":\"ListItem\",\"position\":1,\"name\":\"Home\",\"item\":\"https:\\\/\\\/www.veracel.com.br\\\/\"},{\"@type\":\"ListItem\",\"position\":2,\"name\":\"A Veracel\",\"item\":\"https:\\\/\\\/www.veracel.com.br\\\/a-veracel\\\/\"},{\"@type\":\"ListItem\",\"position\":3,\"name\":\"Dois anos do programa Amigos da Fauna: crescem os registros de animais silvestres na regi\u00e3o da Veracel\u00a0\"}]},{\"@type\":\"WebSite\",\"@id\":\"https:\\\/\\\/www.veracel.com.br\\\/#website\",\"url\":\"https:\\\/\\\/www.veracel.com.br\\\/\",\"name\":\"Veracel Celulose\",\"description\":\"Quando crescemos juntos vamos muito mais longe\",\"publisher\":{\"@id\":\"https:\\\/\\\/www.veracel.com.br\\\/#organization\"},\"potentialAction\":[{\"@type\":\"SearchAction\",\"target\":{\"@type\":\"EntryPoint\",\"urlTemplate\":\"https:\\\/\\\/www.veracel.com.br\\\/?s={search_term_string}\"},\"query-input\":{\"@type\":\"PropertyValueSpecification\",\"valueRequired\":true,\"valueName\":\"search_term_string\"}}],\"inLanguage\":\"en-US\"},{\"@type\":\"Organization\",\"@id\":\"https:\\\/\\\/www.veracel.com.br\\\/#organization\",\"name\":\"Veracel Celulose\",\"url\":\"https:\\\/\\\/www.veracel.com.br\\\/\",\"logo\":{\"@type\":\"ImageObject\",\"inLanguage\":\"en-US\",\"@id\":\"https:\\\/\\\/www.veracel.com.br\\\/#\\\/schema\\\/logo\\\/image\\\/\",\"url\":\"https:\\\/\\\/www.veracel.com.br\\\/wp-content\\\/uploads\\\/2024\\\/08\\\/Ativo-1.png\",\"contentUrl\":\"https:\\\/\\\/www.veracel.com.br\\\/wp-content\\\/uploads\\\/2024\\\/08\\\/Ativo-1.png\",\"width\":400,\"height\":121,\"caption\":\"Veracel Celulose\"},\"image\":{\"@id\":\"https:\\\/\\\/www.veracel.com.br\\\/#\\\/schema\\\/logo\\\/image\\\/\"},\"sameAs\":[\"https:\\\/\\\/www.instagram.com\\\/veracelcelulose\",\"https:\\\/\\\/www.linkedin.com\\\/company\\\/veracelcelulose\\\/\",\"https:\\\/\\\/www.youtube.com\\\/user\\\/CanalVeracel\"]}]}<\/script>\n<!-- \/ Yoast SEO Premium plugin. -->","yoast_head_json":{"title":"Dois anos do programa Amigos da Fauna da Veracel Celulose","description":"Programa Amigos da Fauna completa dois anos incentivando a comunidade a registrar animais vistos na regi\u00e3o da Veracel Celulose","robots":{"index":"index","follow":"follow","max-snippet":"max-snippet:-1","max-image-preview":"max-image-preview:large","max-video-preview":"max-video-preview:-1"},"canonical":"https:\/\/www.veracel.com.br\/dois-anos-do-programa-amigos-da-fauna-crescem-os-registros-de-animais-silvestres-na-regiao-da-veracel\/","og_locale":"en_US","og_type":"article","og_title":"Dois anos do programa Amigos da Fauna: crescem os registros de animais silvestres na regi\u00e3o da Veracel\u00a0","og_description":"Programa Amigos da Fauna completa dois anos incentivando a comunidade a registrar animais vistos na regi\u00e3o da Veracel Celulose","og_url":"https:\/\/www.veracel.com.br\/dois-anos-do-programa-amigos-da-fauna-crescem-os-registros-de-animais-silvestres-na-regiao-da-veracel\/","og_site_name":"Veracel Celulose","article_published_time":"2023-04-08T01:00:53+00:00","og_image":[{"width":800,"height":533,"url":"https:\/\/www.veracel.com.br\/wp-content\/uploads\/2023\/04\/amigos-da-fauna-veracel-celulose-completa-2-anos.jpg","type":"image\/jpeg"}],"author":"saulo","twitter_card":"summary_large_image","twitter_misc":{"Written by":"saulo","Est. reading time":"4 minutes"},"schema":{"@context":"https:\/\/schema.org","@graph":[{"@type":"WebPage","@id":"https:\/\/www.veracel.com.br\/dois-anos-do-programa-amigos-da-fauna-crescem-os-registros-de-animais-silvestres-na-regiao-da-veracel\/","url":"https:\/\/www.veracel.com.br\/dois-anos-do-programa-amigos-da-fauna-crescem-os-registros-de-animais-silvestres-na-regiao-da-veracel\/","name":"Dois anos do programa Amigos da Fauna da Veracel Celulose","isPartOf":{"@id":"https:\/\/www.veracel.com.br\/#website"},"primaryImageOfPage":{"@id":"https:\/\/www.veracel.com.br\/dois-anos-do-programa-amigos-da-fauna-crescem-os-registros-de-animais-silvestres-na-regiao-da-veracel\/#primaryimage"},"image":{"@id":"https:\/\/www.veracel.com.br\/dois-anos-do-programa-amigos-da-fauna-crescem-os-registros-de-animais-silvestres-na-regiao-da-veracel\/#primaryimage"},"thumbnailUrl":"https:\/\/www.veracel.com.br\/wp-content\/uploads\/2023\/04\/amigos-da-fauna-veracel-celulose-completa-2-anos.jpg","datePublished":"2023-04-08T01:00:53+00:00","description":"Programa Amigos da Fauna completa dois anos incentivando a comunidade a registrar animais vistos na regi\u00e3o da Veracel Celulose","breadcrumb":{"@id":"https:\/\/www.veracel.com.br\/dois-anos-do-programa-amigos-da-fauna-crescem-os-registros-de-animais-silvestres-na-regiao-da-veracel\/#breadcrumb"},"inLanguage":"en-US","potentialAction":[{"@type":"ReadAction","target":["https:\/\/www.veracel.com.br\/dois-anos-do-programa-amigos-da-fauna-crescem-os-registros-de-animais-silvestres-na-regiao-da-veracel\/"]}]},{"@type":"ImageObject","inLanguage":"en-US","@id":"https:\/\/www.veracel.com.br\/dois-anos-do-programa-amigos-da-fauna-crescem-os-registros-de-animais-silvestres-na-regiao-da-veracel\/#primaryimage","url":"https:\/\/www.veracel.com.br\/wp-content\/uploads\/2023\/04\/amigos-da-fauna-veracel-celulose-completa-2-anos.jpg","contentUrl":"https:\/\/www.veracel.com.br\/wp-content\/uploads\/2023\/04\/amigos-da-fauna-veracel-celulose-completa-2-anos.jpg","width":800,"height":533,"caption":"Programa Amigos da Fauna Veracel Celulose"},{"@type":"BreadcrumbList","@id":"https:\/\/www.veracel.com.br\/dois-anos-do-programa-amigos-da-fauna-crescem-os-registros-de-animais-silvestres-na-regiao-da-veracel\/#breadcrumb","itemListElement":[{"@type":"ListItem","position":1,"name":"Home","item":"https:\/\/www.veracel.com.br\/"},{"@type":"ListItem","position":2,"name":"A Veracel","item":"https:\/\/www.veracel.com.br\/a-veracel\/"},{"@type":"ListItem","position":3,"name":"Dois anos do programa Amigos da Fauna: crescem os registros de animais silvestres na regi\u00e3o da Veracel\u00a0"}]},{"@type":"WebSite","@id":"https:\/\/www.veracel.com.br\/#website","url":"https:\/\/www.veracel.com.br\/","name":"Veracel Celulose","description":"Quando crescemos juntos vamos muito mais longe","publisher":{"@id":"https:\/\/www.veracel.com.br\/#organization"},"potentialAction":[{"@type":"SearchAction","target":{"@type":"EntryPoint","urlTemplate":"https:\/\/www.veracel.com.br\/?s={search_term_string}"},"query-input":{"@type":"PropertyValueSpecification","valueRequired":true,"valueName":"search_term_string"}}],"inLanguage":"en-US"},{"@type":"Organization","@id":"https:\/\/www.veracel.com.br\/#organization","name":"Veracel Celulose","url":"https:\/\/www.veracel.com.br\/","logo":{"@type":"ImageObject","inLanguage":"en-US","@id":"https:\/\/www.veracel.com.br\/#\/schema\/logo\/image\/","url":"https:\/\/www.veracel.com.br\/wp-content\/uploads\/2024\/08\/Ativo-1.png","contentUrl":"https:\/\/www.veracel.com.br\/wp-content\/uploads\/2024\/08\/Ativo-1.png","width":400,"height":121,"caption":"Veracel Celulose"},"image":{"@id":"https:\/\/www.veracel.com.br\/#\/schema\/logo\/image\/"},"sameAs":["https:\/\/www.instagram.com\/veracelcelulose","https:\/\/www.linkedin.com\/company\/veracelcelulose\/","https:\/\/www.youtube.com\/user\/CanalVeracel"]}]}},"_links":{"self":[{"href":"https:\/\/www.veracel.com.br\/en\/wp-json\/wp\/v2\/posts\/29462","targetHints":{"allow":["GET"]}}],"collection":[{"href":"https:\/\/www.veracel.com.br\/en\/wp-json\/wp\/v2\/posts"}],"about":[{"href":"https:\/\/www.veracel.com.br\/en\/wp-json\/wp\/v2\/types\/post"}],"author":[{"embeddable":true,"href":"https:\/\/www.veracel.com.br\/en\/wp-json\/wp\/v2\/users\/2"}],"replies":[{"embeddable":true,"href":"https:\/\/www.veracel.com.br\/en\/wp-json\/wp\/v2\/comments?post=29462"}],"version-history":[{"count":1,"href":"https:\/\/www.veracel.com.br\/en\/wp-json\/wp\/v2\/posts\/29462\/revisions"}],"predecessor-version":[{"id":29465,"href":"https:\/\/www.veracel.com.br\/en\/wp-json\/wp\/v2\/posts\/29462\/revisions\/29465"}],"wp:featuredmedia":[{"embeddable":true,"href":"https:\/\/www.veracel.com.br\/en\/wp-json\/wp\/v2\/media\/29463"}],"wp:attachment":[{"href":"https:\/\/www.veracel.com.br\/en\/wp-json\/wp\/v2\/media?parent=29462"}],"wp:term":[{"taxonomy":"category","embeddable":true,"href":"https:\/\/www.veracel.com.br\/en\/wp-json\/wp\/v2\/categories?post=29462"},{"taxonomy":"post_tag","embeddable":true,"href":"https:\/\/www.veracel.com.br\/en\/wp-json\/wp\/v2\/tags?post=29462"}],"curies":[{"name":"wp","href":"https:\/\/api.w.org\/{rel}","templated":true}]}}