{"id":31231,"date":"2023-07-14T12:23:49","date_gmt":"2023-07-14T15:23:49","guid":{"rendered":"https:\/\/www.veracel.com.br\/?p=31231"},"modified":"2023-07-14T12:27:05","modified_gmt":"2023-07-14T15:27:05","slug":"veracel-celulose-comemora-32-anos-de-historia","status":"publish","type":"post","link":"https:\/\/www.veracel.com.br\/en\/veracel-celulose-comemora-32-anos-de-historia\/","title":{"rendered":"Veracel Celulose comemora 32 anos de hist\u00f3ria\u00a0"},"content":{"rendered":"<p><em>No ano em que ir\u00e1 atingir o marco de 20 milh\u00f5es de toneladas de celulose produzidas, a Veracel Celulose celebra seu anivers\u00e1rio destacando sua trajet\u00f3ria de seguran\u00e7a, competitividade e sustentabilidade\u00a0<\/em><\/p>\n<p>&nbsp;<\/p>\n<p>A Veracel Celulose est\u00e1 celebrando 32 anos de hist\u00f3ria em 15 de julho. A empresa deve atingir ainda neste ano a marca de 20 milh\u00f5es de toneladas de celulose produzidas da Bahia para o mundo, al\u00e9m de ter constru\u00eddo um legado de contribui\u00e7\u00e3o para o desenvolvimento da regi\u00e3o Sul da Bahia.<\/p>\n<p>\u201cSomos protagonistas de solu\u00e7\u00f5es inovadoras e sustent\u00e1veis do nosso neg\u00f3cio, compartilhando valor com o territ\u00f3rio onde atuamos\u201d, destaca o diretor presidente da empresa, Caio Zanardo. \u201cProduzimos celulose com compromisso com as pessoas e com o meio ambiente. Nosso prop\u00f3sito fala muito sobre n\u00f3s! Somos respons\u00e1veis, inspiramos pessoas e valorizamos a vida\u201d, complementa o executivo.<\/p>\n<p>&nbsp;<\/p>\n<h2>Apoio ao desenvolvimento regional<\/h2>\n<p>Para apoiar o desenvolvimento do territ\u00f3rio e otimizar o processo produtivo, a Veracel Celulose ir\u00e1 entregar a BA-658, uma nova rodovia constru\u00edda em parceria com o governo do estado da Bahia, que teve um investimento de cerca de R$ 100 milh\u00f5es feito pela empresa. A nova estrada traz mais competitividade para o neg\u00f3cio e diversos benef\u00edcios para a popula\u00e7\u00e3o, como a facilita\u00e7\u00e3o de acesso a servi\u00e7os e melhorias para a cadeia log\u00edstica de diversos setores produtivos da regi\u00e3o.<\/p>\n<p>Com muito orgulho de ser uma empresa baiana, somente em 2022, 50,25% das compras da Veracel Celulose foram realizadas dentro do estado, sendo 19,6% delas nos munic\u00edpios onde a empresa atua. Essa iniciativa se traduziu em um total de R$ 34,5 milh\u00f5es em compras e contrata\u00e7\u00f5es locais. Al\u00e9m disso, a empresa tem o compromisso de fortalecer a cadeia de suprimentos local com o desenvolvimento de fornecedores.<\/p>\n<p>&nbsp;<\/p>\n<h2>Gera\u00e7\u00e3o de empregos e renda<\/h2>\n<p>A Veracel Celulose impulsiona a gera\u00e7\u00e3o de empregos e renda na regi\u00e3o. S\u00e3o mais de 3 mil pessoas envolvidas diretamente na opera\u00e7\u00e3o da empresa, o que beneficia cerca de 12 mil residentes nas comunidades locais. Al\u00e9m disso, h\u00e1 cinco anos consecutivos a companhia \u00e9 destaque no ranking Great Place to Work (GPTW) como uma das Melhores Empresas para se Trabalhar do estado da Bahia.<\/p>\n<p>&nbsp;<\/p>\n<h2>20 milh\u00f5es de toneladas de celulose<\/h2>\n<p>Neste ano, a Veracel ter\u00e1 ainda mais um importante marco para celebrar: ser\u00e3o 20 milh\u00f5es de toneladas de celulose produzidas desde o in\u00edcio de suas opera\u00e7\u00f5es industriais, em 2005. \u201cEsse n\u00famero demonstra o quanto somos uma empresa importante para o setor e como nossa estrat\u00e9gia tem sido consistente. N\u00f3 nos mantemos competitivos, e nossa f\u00e1brica \u00e9 um ativo de classe mundial\u201d, destaca ainda Zanardo. Somente em 2022, foram investidos R\uff04 20 milh\u00f5es em projetos de transforma\u00e7\u00e3o digital em todas as \u00e1reas da empresa e, para 2023, devem ser mais R$ 100 milh\u00f5es em melhorias tecnol\u00f3gicas de sua f\u00e1brica.<\/p>\n<p>&nbsp;<\/p>\n<h2>Parceria com produtores florestais<\/h2>\n<p>Al\u00e9m da inova\u00e7\u00e3o, outra aposta da Veracel tem sido na amplia\u00e7\u00e3o das parcerias com produtores rurais para plantio de eucalipto em suas propriedades, fortalecendo a companhia e gerando renda. \u201cPara alavancar ainda mais nossa competitividade, estamos empenhados em aumentar nossa base florestal, em parceria com produtores rurais da regi\u00e3o onde atuamos. Nossa meta \u00e9 manter essa base sustent\u00e1vel, consumindo menos recursos, de forma a garantir a perpetuidade da Veracel\u201d, complementa ainda o diretor presidente da empresa.<\/p>\n<p>&nbsp;<\/p>\n<h2>Sustentabilidade<\/h2>\n<p>Como uma empresa de base florestal preocupada com a sustentabilidade e o meio ambiente, a Veracel Celulose atua na conserva\u00e7\u00e3o ambiental por meio de diversas a\u00e7\u00f5es. Os plantios de eucalipto formam um mosaico com a mata nativa, servindo de abrigo e passagem para a fauna e conectando os fragmentos naturais dispersos no territ\u00f3rio. A atual configura\u00e7\u00e3o de plantio que intercala o eucalipto com a mata nativa cria a propor\u00e7\u00e3o de um hectare de \u00e1rea natural\u00a0 protegida pela empresa para cada hectare de eucalipto.<\/p>\n<p>Em 2023, a companhia celebra tamb\u00e9m os 25 anos da Reserva Particular do Patrim\u00f4nio Natural (RPPN) Esta\u00e7\u00e3o Veracel \u2013 a maior reserva particular de Mata Atl\u00e2ntica do Nordeste brasileiro. Com mais de 6 mil hectares de \u00e1rea de conserva\u00e7\u00e3o no Sul da Bahia, a RPPN est\u00e1 entre as 20 \u00e1reas do mundo com maior n\u00famero de esp\u00e9cies animais e arb\u00f3reas.<\/p>\n<p>&nbsp;<\/p>\n<p><a href=\"https:\/\/www.veracel.com.br\/sustentabilidade\/operacoes-sustentaveis\/\">Conhe\u00e7a mais sobre a produ\u00e7\u00e3o sustent\u00e1vel de celulose da Veracel<\/a><\/p>\n<p><a href=\"https:\/\/www.veracel.com.br\/rppn-estacao-veracel\/\">Saiba mais sobre a Reserva Particular do Patrim\u00f4nio Natural Esta\u00e7\u00e3o Veracel<\/a><\/p>\n<p><a href=\"https:\/\/www.veracel.com.br\/plante-eucalipto-com-a-veracel-celulose\/\">Confira o Programa Alian\u00e7a de parceria com produtores florestais\u00a0<\/a><\/p>\n","protected":false},"excerpt":{"rendered":"<p>No ano em que ir\u00e1 atingir o marco de 20 milh\u00f5es de toneladas de celulose produzidas, a Veracel Celulose celebra seu anivers\u00e1rio destacando sua trajet\u00f3ria de seguran\u00e7a, competitividade e sustentabilidade\u00a0 &nbsp; A Veracel Celulose est\u00e1 celebrando 32 anos de hist\u00f3ria em 15 de julho. A empresa deve atingir ainda neste ano a marca de 20 [&hellip;]<\/p>\n","protected":false},"author":2,"featured_media":31232,"comment_status":"open","ping_status":"open","sticky":false,"template":"","format":"standard","meta":{"_acf_changed":false,"footnotes":"","_links_to":"","_links_to_target":""},"categories":[271,211],"tags":[],"class_list":["post-31231","post","type-post","status-publish","format-standard","has-post-thumbnail","hentry","category-a-veracel","category-noticias"],"acf":[],"yoast_head":"<!-- This site is optimized with the Yoast SEO Premium plugin v26.7 (Yoast SEO v27.4) - https:\/\/yoast.com\/product\/yoast-seo-premium-wordpress\/ -->\n<title>32 Anos de Veracel: seguran\u00e7a, competitividade e sustentabilidade\u00a0<\/title>\n<meta name=\"description\" content=\"Veracel Celulose celebra seu anivers\u00e1rio destacando sua trajet\u00f3ria de seguran\u00e7a, competitividade e sustentabilidade\u00a0\" \/>\n<meta name=\"robots\" content=\"index, follow, max-snippet:-1, max-image-preview:large, max-video-preview:-1\" \/>\n<link rel=\"canonical\" href=\"https:\/\/www.veracel.com.br\/veracel-celulose-comemora-32-anos-de-historia\/\" \/>\n<meta property=\"og:locale\" content=\"en_US\" \/>\n<meta property=\"og:type\" content=\"article\" \/>\n<meta property=\"og:title\" content=\"Veracel Celulose comemora 32 anos de hist\u00f3ria\u00a0\" \/>\n<meta property=\"og:description\" content=\"Veracel Celulose celebra seu anivers\u00e1rio destacando sua trajet\u00f3ria de seguran\u00e7a, competitividade e sustentabilidade\u00a0\" \/>\n<meta property=\"og:url\" content=\"https:\/\/www.veracel.com.br\/veracel-celulose-comemora-32-anos-de-historia\/\" \/>\n<meta property=\"og:site_name\" content=\"Veracel Celulose\" \/>\n<meta property=\"article:published_time\" content=\"2023-07-14T15:23:49+00:00\" \/>\n<meta property=\"article:modified_time\" content=\"2023-07-14T15:27:05+00:00\" \/>\n<meta property=\"og:image\" content=\"https:\/\/www.veracel.com.br\/wp-content\/uploads\/2023\/07\/32-anos-veracel-celulose.jpg\" \/>\n\t<meta property=\"og:image:width\" content=\"762\" \/>\n\t<meta property=\"og:image:height\" content=\"450\" \/>\n\t<meta property=\"og:image:type\" content=\"image\/jpeg\" \/>\n<meta name=\"author\" content=\"saulo\" \/>\n<meta name=\"twitter:card\" content=\"summary_large_image\" \/>\n<meta name=\"twitter:label1\" content=\"Written by\" \/>\n\t<meta name=\"twitter:data1\" content=\"saulo\" \/>\n\t<meta name=\"twitter:label2\" content=\"Est. reading time\" \/>\n\t<meta name=\"twitter:data2\" content=\"4 minutes\" \/>\n<script type=\"application\/ld+json\" class=\"yoast-schema-graph\">{\"@context\":\"https:\\\/\\\/schema.org\",\"@graph\":[{\"@type\":\"WebPage\",\"@id\":\"https:\\\/\\\/www.veracel.com.br\\\/veracel-celulose-comemora-32-anos-de-historia\\\/\",\"url\":\"https:\\\/\\\/www.veracel.com.br\\\/veracel-celulose-comemora-32-anos-de-historia\\\/\",\"name\":\"32 Anos de Veracel: seguran\u00e7a, competitividade e sustentabilidade\u00a0\",\"isPartOf\":{\"@id\":\"https:\\\/\\\/www.veracel.com.br\\\/#website\"},\"primaryImageOfPage\":{\"@id\":\"https:\\\/\\\/www.veracel.com.br\\\/veracel-celulose-comemora-32-anos-de-historia\\\/#primaryimage\"},\"image\":{\"@id\":\"https:\\\/\\\/www.veracel.com.br\\\/veracel-celulose-comemora-32-anos-de-historia\\\/#primaryimage\"},\"thumbnailUrl\":\"https:\\\/\\\/www.veracel.com.br\\\/wp-content\\\/uploads\\\/2023\\\/07\\\/32-anos-veracel-celulose.jpg\",\"datePublished\":\"2023-07-14T15:23:49+00:00\",\"dateModified\":\"2023-07-14T15:27:05+00:00\",\"description\":\"Veracel Celulose celebra seu anivers\u00e1rio destacando sua trajet\u00f3ria de seguran\u00e7a, competitividade e sustentabilidade\u00a0\",\"breadcrumb\":{\"@id\":\"https:\\\/\\\/www.veracel.com.br\\\/veracel-celulose-comemora-32-anos-de-historia\\\/#breadcrumb\"},\"inLanguage\":\"en-US\",\"potentialAction\":[{\"@type\":\"ReadAction\",\"target\":[\"https:\\\/\\\/www.veracel.com.br\\\/veracel-celulose-comemora-32-anos-de-historia\\\/\"]}]},{\"@type\":\"ImageObject\",\"inLanguage\":\"en-US\",\"@id\":\"https:\\\/\\\/www.veracel.com.br\\\/veracel-celulose-comemora-32-anos-de-historia\\\/#primaryimage\",\"url\":\"https:\\\/\\\/www.veracel.com.br\\\/wp-content\\\/uploads\\\/2023\\\/07\\\/32-anos-veracel-celulose.jpg\",\"contentUrl\":\"https:\\\/\\\/www.veracel.com.br\\\/wp-content\\\/uploads\\\/2023\\\/07\\\/32-anos-veracel-celulose.jpg\",\"width\":762,\"height\":450,\"caption\":\"32 anos Veracel Celulose\"},{\"@type\":\"BreadcrumbList\",\"@id\":\"https:\\\/\\\/www.veracel.com.br\\\/veracel-celulose-comemora-32-anos-de-historia\\\/#breadcrumb\",\"itemListElement\":[{\"@type\":\"ListItem\",\"position\":1,\"name\":\"Home\",\"item\":\"https:\\\/\\\/www.veracel.com.br\\\/\"},{\"@type\":\"ListItem\",\"position\":2,\"name\":\"A Veracel\",\"item\":\"https:\\\/\\\/www.veracel.com.br\\\/a-veracel\\\/\"},{\"@type\":\"ListItem\",\"position\":3,\"name\":\"Veracel Celulose comemora 32 anos de hist\u00f3ria\u00a0\"}]},{\"@type\":\"WebSite\",\"@id\":\"https:\\\/\\\/www.veracel.com.br\\\/#website\",\"url\":\"https:\\\/\\\/www.veracel.com.br\\\/\",\"name\":\"Veracel Celulose\",\"description\":\"Quando crescemos juntos vamos muito mais longe\",\"publisher\":{\"@id\":\"https:\\\/\\\/www.veracel.com.br\\\/#organization\"},\"potentialAction\":[{\"@type\":\"SearchAction\",\"target\":{\"@type\":\"EntryPoint\",\"urlTemplate\":\"https:\\\/\\\/www.veracel.com.br\\\/?s={search_term_string}\"},\"query-input\":{\"@type\":\"PropertyValueSpecification\",\"valueRequired\":true,\"valueName\":\"search_term_string\"}}],\"inLanguage\":\"en-US\"},{\"@type\":\"Organization\",\"@id\":\"https:\\\/\\\/www.veracel.com.br\\\/#organization\",\"name\":\"Veracel Celulose\",\"url\":\"https:\\\/\\\/www.veracel.com.br\\\/\",\"logo\":{\"@type\":\"ImageObject\",\"inLanguage\":\"en-US\",\"@id\":\"https:\\\/\\\/www.veracel.com.br\\\/#\\\/schema\\\/logo\\\/image\\\/\",\"url\":\"https:\\\/\\\/www.veracel.com.br\\\/wp-content\\\/uploads\\\/2024\\\/08\\\/Ativo-1.png\",\"contentUrl\":\"https:\\\/\\\/www.veracel.com.br\\\/wp-content\\\/uploads\\\/2024\\\/08\\\/Ativo-1.png\",\"width\":400,\"height\":121,\"caption\":\"Veracel Celulose\"},\"image\":{\"@id\":\"https:\\\/\\\/www.veracel.com.br\\\/#\\\/schema\\\/logo\\\/image\\\/\"},\"sameAs\":[\"https:\\\/\\\/www.instagram.com\\\/veracelcelulose\",\"https:\\\/\\\/www.linkedin.com\\\/company\\\/veracelcelulose\\\/\",\"https:\\\/\\\/www.youtube.com\\\/user\\\/CanalVeracel\"]}]}<\/script>\n<!-- \/ Yoast SEO Premium plugin. -->","yoast_head_json":{"title":"32 Anos de Veracel: seguran\u00e7a, competitividade e sustentabilidade\u00a0","description":"Veracel Celulose celebra seu anivers\u00e1rio destacando sua trajet\u00f3ria de seguran\u00e7a, competitividade e sustentabilidade\u00a0","robots":{"index":"index","follow":"follow","max-snippet":"max-snippet:-1","max-image-preview":"max-image-preview:large","max-video-preview":"max-video-preview:-1"},"canonical":"https:\/\/www.veracel.com.br\/veracel-celulose-comemora-32-anos-de-historia\/","og_locale":"en_US","og_type":"article","og_title":"Veracel Celulose comemora 32 anos de hist\u00f3ria\u00a0","og_description":"Veracel Celulose celebra seu anivers\u00e1rio destacando sua trajet\u00f3ria de seguran\u00e7a, competitividade e sustentabilidade\u00a0","og_url":"https:\/\/www.veracel.com.br\/veracel-celulose-comemora-32-anos-de-historia\/","og_site_name":"Veracel Celulose","article_published_time":"2023-07-14T15:23:49+00:00","article_modified_time":"2023-07-14T15:27:05+00:00","og_image":[{"width":762,"height":450,"url":"https:\/\/www.veracel.com.br\/wp-content\/uploads\/2023\/07\/32-anos-veracel-celulose.jpg","type":"image\/jpeg"}],"author":"saulo","twitter_card":"summary_large_image","twitter_misc":{"Written by":"saulo","Est. reading time":"4 minutes"},"schema":{"@context":"https:\/\/schema.org","@graph":[{"@type":"WebPage","@id":"https:\/\/www.veracel.com.br\/veracel-celulose-comemora-32-anos-de-historia\/","url":"https:\/\/www.veracel.com.br\/veracel-celulose-comemora-32-anos-de-historia\/","name":"32 Anos de Veracel: seguran\u00e7a, competitividade e sustentabilidade\u00a0","isPartOf":{"@id":"https:\/\/www.veracel.com.br\/#website"},"primaryImageOfPage":{"@id":"https:\/\/www.veracel.com.br\/veracel-celulose-comemora-32-anos-de-historia\/#primaryimage"},"image":{"@id":"https:\/\/www.veracel.com.br\/veracel-celulose-comemora-32-anos-de-historia\/#primaryimage"},"thumbnailUrl":"https:\/\/www.veracel.com.br\/wp-content\/uploads\/2023\/07\/32-anos-veracel-celulose.jpg","datePublished":"2023-07-14T15:23:49+00:00","dateModified":"2023-07-14T15:27:05+00:00","description":"Veracel Celulose celebra seu anivers\u00e1rio destacando sua trajet\u00f3ria de seguran\u00e7a, competitividade e sustentabilidade\u00a0","breadcrumb":{"@id":"https:\/\/www.veracel.com.br\/veracel-celulose-comemora-32-anos-de-historia\/#breadcrumb"},"inLanguage":"en-US","potentialAction":[{"@type":"ReadAction","target":["https:\/\/www.veracel.com.br\/veracel-celulose-comemora-32-anos-de-historia\/"]}]},{"@type":"ImageObject","inLanguage":"en-US","@id":"https:\/\/www.veracel.com.br\/veracel-celulose-comemora-32-anos-de-historia\/#primaryimage","url":"https:\/\/www.veracel.com.br\/wp-content\/uploads\/2023\/07\/32-anos-veracel-celulose.jpg","contentUrl":"https:\/\/www.veracel.com.br\/wp-content\/uploads\/2023\/07\/32-anos-veracel-celulose.jpg","width":762,"height":450,"caption":"32 anos Veracel Celulose"},{"@type":"BreadcrumbList","@id":"https:\/\/www.veracel.com.br\/veracel-celulose-comemora-32-anos-de-historia\/#breadcrumb","itemListElement":[{"@type":"ListItem","position":1,"name":"Home","item":"https:\/\/www.veracel.com.br\/"},{"@type":"ListItem","position":2,"name":"A Veracel","item":"https:\/\/www.veracel.com.br\/a-veracel\/"},{"@type":"ListItem","position":3,"name":"Veracel Celulose comemora 32 anos de hist\u00f3ria\u00a0"}]},{"@type":"WebSite","@id":"https:\/\/www.veracel.com.br\/#website","url":"https:\/\/www.veracel.com.br\/","name":"Veracel Celulose","description":"Quando crescemos juntos vamos muito mais longe","publisher":{"@id":"https:\/\/www.veracel.com.br\/#organization"},"potentialAction":[{"@type":"SearchAction","target":{"@type":"EntryPoint","urlTemplate":"https:\/\/www.veracel.com.br\/?s={search_term_string}"},"query-input":{"@type":"PropertyValueSpecification","valueRequired":true,"valueName":"search_term_string"}}],"inLanguage":"en-US"},{"@type":"Organization","@id":"https:\/\/www.veracel.com.br\/#organization","name":"Veracel Celulose","url":"https:\/\/www.veracel.com.br\/","logo":{"@type":"ImageObject","inLanguage":"en-US","@id":"https:\/\/www.veracel.com.br\/#\/schema\/logo\/image\/","url":"https:\/\/www.veracel.com.br\/wp-content\/uploads\/2024\/08\/Ativo-1.png","contentUrl":"https:\/\/www.veracel.com.br\/wp-content\/uploads\/2024\/08\/Ativo-1.png","width":400,"height":121,"caption":"Veracel Celulose"},"image":{"@id":"https:\/\/www.veracel.com.br\/#\/schema\/logo\/image\/"},"sameAs":["https:\/\/www.instagram.com\/veracelcelulose","https:\/\/www.linkedin.com\/company\/veracelcelulose\/","https:\/\/www.youtube.com\/user\/CanalVeracel"]}]}},"_links":{"self":[{"href":"https:\/\/www.veracel.com.br\/en\/wp-json\/wp\/v2\/posts\/31231","targetHints":{"allow":["GET"]}}],"collection":[{"href":"https:\/\/www.veracel.com.br\/en\/wp-json\/wp\/v2\/posts"}],"about":[{"href":"https:\/\/www.veracel.com.br\/en\/wp-json\/wp\/v2\/types\/post"}],"author":[{"embeddable":true,"href":"https:\/\/www.veracel.com.br\/en\/wp-json\/wp\/v2\/users\/2"}],"replies":[{"embeddable":true,"href":"https:\/\/www.veracel.com.br\/en\/wp-json\/wp\/v2\/comments?post=31231"}],"version-history":[{"count":2,"href":"https:\/\/www.veracel.com.br\/en\/wp-json\/wp\/v2\/posts\/31231\/revisions"}],"predecessor-version":[{"id":31235,"href":"https:\/\/www.veracel.com.br\/en\/wp-json\/wp\/v2\/posts\/31231\/revisions\/31235"}],"wp:featuredmedia":[{"embeddable":true,"href":"https:\/\/www.veracel.com.br\/en\/wp-json\/wp\/v2\/media\/31232"}],"wp:attachment":[{"href":"https:\/\/www.veracel.com.br\/en\/wp-json\/wp\/v2\/media?parent=31231"}],"wp:term":[{"taxonomy":"category","embeddable":true,"href":"https:\/\/www.veracel.com.br\/en\/wp-json\/wp\/v2\/categories?post=31231"},{"taxonomy":"post_tag","embeddable":true,"href":"https:\/\/www.veracel.com.br\/en\/wp-json\/wp\/v2\/tags?post=31231"}],"curies":[{"name":"wp","href":"https:\/\/api.w.org\/{rel}","templated":true}]}}