{"id":31304,"date":"2023-07-25T16:49:25","date_gmt":"2023-07-25T19:49:25","guid":{"rendered":"https:\/\/www.veracel.com.br\/?p=31304"},"modified":"2023-07-25T16:49:25","modified_gmt":"2023-07-25T19:49:25","slug":"seguranca-no-transito-veracel-celulose-destaca-cuidados-com-o-transporte-de-madeira","status":"publish","type":"post","link":"https:\/\/www.veracel.com.br\/en\/seguranca-no-transito-veracel-celulose-destaca-cuidados-com-o-transporte-de-madeira\/","title":{"rendered":"Seguran\u00e7a no tr\u00e2nsito: Veracel Celulose destaca cuidados com o transporte de madeira"},"content":{"rendered":"<p><em>A Veracel Celulose realiza diversas a\u00e7\u00f5es em prol da seguran\u00e7a, que \u00e9 uma premissa em todas as suas \u00e1reas de atua\u00e7\u00e3o<\/em><\/p>\n<p>&nbsp;<\/p>\n<p>Para a Veracel, seguran\u00e7a no tr\u00e2nsito \u00e9 fundamental, al\u00e9m da busca constante por projetos que possam reduzir as viagens entre suas \u00e1reas florestal e industrial. Por isso, a companhia realiza, em parceria com as autoridades respons\u00e1veis, a\u00e7\u00f5es para a preven\u00e7\u00e3o de acidentes e melhorias nas estradas dos 11 munic\u00edpios onde opera, na regi\u00e3o Sul da Bahia. A empresa tamb\u00e9m est\u00e1 sempre investindo em solu\u00e7\u00f5es que buscam reduzir o n\u00famero das viagens necess\u00e1rias para a sua opera\u00e7\u00e3o, o que tamb\u00e9m contribui com o meio ambiente, por meio da redu\u00e7\u00e3o de emiss\u00f5es de carbono na atmosfera.<\/p>\n<p>&nbsp;<\/p>\n<h2>Seguran\u00e7a no tr\u00e2nsito em primeiro lugar<\/h2>\n<p>O primeiro cuidado da companhia \u00e9 com a seguran\u00e7a no tr\u00e2nsito. Para isso, a Veracel Celulose realiza o monitoramento, em tempo real, de seus 116 ve\u00edculos leves e de sua frota de 170 carretas que transportam a madeira e a celulose produzidas.<\/p>\n<p>A empresa conta tamb\u00e9m com o controle de telemetria de ve\u00edculos. Esse monitoramento identifica comportamentos de risco e sinais de fadiga por meio de uma c\u00e2mera instalada na cabine voltada para o condutor e de uma segunda c\u00e2mera, que registra o movimento da rodovia.<\/p>\n<p>Caso a c\u00e2mera de fadiga registre algum movimento facial com indicativo de cansa\u00e7o, um alerta sonoro \u00e9 emitido para o condutor na cabine do ve\u00edculo, e simultaneamente para uma central de monitoramento da empresa de transporte. O condutor \u00e9 acionado por celular ou r\u00e1dio pela central, sendo orientado para que realize a parada do ve\u00edculo em local seguro, relate a condi\u00e7\u00e3o de condu\u00e7\u00e3o, realize alongamentos ou descanse por um per\u00edodo.<\/p>\n<p>&nbsp;<\/p>\n<h2>Ferramentas e treinamentos para maior seguran\u00e7a no tr\u00e2nsito<\/h2>\n<p>\u201cAl\u00e9m do monitoramento da frota, realizamos reciclagens constantes nos treinamentos voltados para a condu\u00e7\u00e3o segura. Tamb\u00e9m enviamos alertas de seguran\u00e7a para todos os condutores, por meio de grupos de mensagens, e trabalhamos com um rotograma falado na frota, alertando condutores sobre os pontos de aten\u00e7\u00e3o de cada rota. Fazemos ainda o controle de peso em campo, com balan\u00e7as de grua\u201d, conta Alberto Nascimento, coordenador de Log\u00edstica de Madeira da Veracel. O rotograma \u00e9 uma ferramenta que permite que as empresas e os condutores planejem a rota mais adequada para cada viagem, levando em conta diversos fatores, como dist\u00e2ncia, tempo estimado, pontos de parada, restri\u00e7\u00f5es legais e riscos envolvidos.<\/p>\n<p>\u201cA JSL, empresa parceira na opera\u00e7\u00e3o, tamb\u00e9m possui uma sala especialmente criada para que motoristas iniciem a jornada com seguran\u00e7a e aten\u00e7\u00e3o. Essa sala tem luz mais intensa, espa\u00e7os para exerc\u00edcios e orienta\u00e7\u00f5es para alongamentos,\u201d complementa Nascimento.<\/p>\n<p>As carretas realizam o transporte da madeira entre as unidades de colheita na Bahia e em Minas Gerais, e a f\u00e1brica da companhia, localizada em Eun\u00e1polis (BA). J\u00e1 a celulose \u00e9 transportada at\u00e9 o terminal mar\u00edtimo, localizado em Belmonte (BA).<\/p>\n<p>Para os ve\u00edculos leves, a telemetria monitora o comportamento do condutor e verifica, por exemplo, se o motorista realiza freadas bruscas e qual a velocidade utilizada.\u00a0 A ferramenta sinaliza ainda o posicionamento do ve\u00edculo via GPS (parado ou em movimento) e informa\u00e7\u00f5es como: KM rodado, velocidade, regras violadas e at\u00e9 mesmo a identifica\u00e7\u00e3o dos motoristas, funcionalidade que est\u00e1 em fase de implementa\u00e7\u00e3o.<\/p>\n<p>Anualmente, no m\u00eas de setembro, a Veracel Celulose realiza a Semana Nacional do Tr\u00e2nsito. Neste ano, a iniciativa est\u00e1 programada para 18 a 22 de setembro. A a\u00e7\u00e3o \u00e9 realizada conforme o calend\u00e1rio do governo federal sobre o assunto e tem como objetivo estimular, em todo o Brasil, a conscientiza\u00e7\u00e3o sobre boas pr\u00e1ticas de conduta no tr\u00e1fego para promover a seguran\u00e7a e evitar acidentes.<\/p>\n<p>&nbsp;<\/p>\n<p><a href=\"https:\/\/www.veracel.com.br\/nosso-jeito\/\">Saiba mais sobre o jeito de ser da Veracel Celulose<\/a><\/p>\n<p><a href=\"https:\/\/www.veracel.com.br\/sustentabilidade\/operacoes-sustentaveis\/\">Conhe\u00e7a as nossas opera\u00e7\u00f5es sustent\u00e1veis<\/a><\/p>\n","protected":false},"excerpt":{"rendered":"<p>A Veracel Celulose realiza diversas a\u00e7\u00f5es em prol da seguran\u00e7a, que \u00e9 uma premissa em todas as suas \u00e1reas de atua\u00e7\u00e3o &nbsp; Para a Veracel, seguran\u00e7a no tr\u00e2nsito \u00e9 fundamental, al\u00e9m da busca constante por projetos que possam reduzir as viagens entre suas \u00e1reas florestal e industrial. Por isso, a companhia realiza, em parceria com [&hellip;]<\/p>\n","protected":false},"author":2,"featured_media":31305,"comment_status":"open","ping_status":"open","sticky":false,"template":"","format":"standard","meta":{"_acf_changed":false,"footnotes":"","_links_to":"","_links_to_target":""},"categories":[271,211],"tags":[],"class_list":["post-31304","post","type-post","status-publish","format-standard","has-post-thumbnail","hentry","category-a-veracel","category-noticias"],"acf":[],"yoast_head":"<!-- This site is optimized with the Yoast SEO Premium plugin v26.7 (Yoast SEO v27.4) - https:\/\/yoast.com\/product\/yoast-seo-premium-wordpress\/ -->\n<title>Seguran\u00e7a no tr\u00e2nsito: Veracel Celulose destaca cuidados com o transporte de madeira - Veracel Celulose<\/title>\n<meta name=\"description\" content=\"Veracel Celulose destaca cuidados adotados em prol da seguran\u00e7a no tr\u00e2nsito com o transporte de madeira\" \/>\n<meta name=\"robots\" content=\"index, follow, max-snippet:-1, max-image-preview:large, max-video-preview:-1\" \/>\n<link rel=\"canonical\" href=\"https:\/\/www.veracel.com.br\/seguranca-no-transito-veracel-celulose-destaca-cuidados-com-o-transporte-de-madeira\/\" \/>\n<meta property=\"og:locale\" content=\"en_US\" \/>\n<meta property=\"og:type\" content=\"article\" \/>\n<meta property=\"og:title\" content=\"Seguran\u00e7a no tr\u00e2nsito: Veracel Celulose destaca cuidados com o transporte de madeira\" \/>\n<meta property=\"og:description\" content=\"Veracel Celulose destaca cuidados adotados em prol da seguran\u00e7a no tr\u00e2nsito com o transporte de madeira\" \/>\n<meta property=\"og:url\" content=\"https:\/\/www.veracel.com.br\/seguranca-no-transito-veracel-celulose-destaca-cuidados-com-o-transporte-de-madeira\/\" \/>\n<meta property=\"og:site_name\" content=\"Veracel Celulose\" \/>\n<meta property=\"article:published_time\" content=\"2023-07-25T19:49:25+00:00\" \/>\n<meta property=\"og:image\" content=\"https:\/\/www.veracel.com.br\/wp-content\/uploads\/2023\/07\/seguranca-no-transito-veracel.jpg\" \/>\n\t<meta property=\"og:image:width\" content=\"800\" \/>\n\t<meta property=\"og:image:height\" content=\"404\" \/>\n\t<meta property=\"og:image:type\" content=\"image\/jpeg\" \/>\n<meta name=\"author\" content=\"saulo\" \/>\n<meta name=\"twitter:card\" content=\"summary_large_image\" \/>\n<meta name=\"twitter:label1\" content=\"Written by\" \/>\n\t<meta name=\"twitter:data1\" content=\"saulo\" \/>\n\t<meta name=\"twitter:label2\" content=\"Est. reading time\" \/>\n\t<meta name=\"twitter:data2\" content=\"4 minutes\" \/>\n<script type=\"application\/ld+json\" class=\"yoast-schema-graph\">{\"@context\":\"https:\\\/\\\/schema.org\",\"@graph\":[{\"@type\":\"WebPage\",\"@id\":\"https:\\\/\\\/www.veracel.com.br\\\/seguranca-no-transito-veracel-celulose-destaca-cuidados-com-o-transporte-de-madeira\\\/\",\"url\":\"https:\\\/\\\/www.veracel.com.br\\\/seguranca-no-transito-veracel-celulose-destaca-cuidados-com-o-transporte-de-madeira\\\/\",\"name\":\"Seguran\u00e7a no tr\u00e2nsito: Veracel Celulose destaca cuidados com o transporte de madeira - Veracel Celulose\",\"isPartOf\":{\"@id\":\"https:\\\/\\\/www.veracel.com.br\\\/#website\"},\"primaryImageOfPage\":{\"@id\":\"https:\\\/\\\/www.veracel.com.br\\\/seguranca-no-transito-veracel-celulose-destaca-cuidados-com-o-transporte-de-madeira\\\/#primaryimage\"},\"image\":{\"@id\":\"https:\\\/\\\/www.veracel.com.br\\\/seguranca-no-transito-veracel-celulose-destaca-cuidados-com-o-transporte-de-madeira\\\/#primaryimage\"},\"thumbnailUrl\":\"https:\\\/\\\/www.veracel.com.br\\\/wp-content\\\/uploads\\\/2023\\\/07\\\/seguranca-no-transito-veracel.jpg\",\"datePublished\":\"2023-07-25T19:49:25+00:00\",\"description\":\"Veracel Celulose destaca cuidados adotados em prol da seguran\u00e7a no tr\u00e2nsito com o transporte de madeira\",\"breadcrumb\":{\"@id\":\"https:\\\/\\\/www.veracel.com.br\\\/seguranca-no-transito-veracel-celulose-destaca-cuidados-com-o-transporte-de-madeira\\\/#breadcrumb\"},\"inLanguage\":\"en-US\",\"potentialAction\":[{\"@type\":\"ReadAction\",\"target\":[\"https:\\\/\\\/www.veracel.com.br\\\/seguranca-no-transito-veracel-celulose-destaca-cuidados-com-o-transporte-de-madeira\\\/\"]}]},{\"@type\":\"ImageObject\",\"inLanguage\":\"en-US\",\"@id\":\"https:\\\/\\\/www.veracel.com.br\\\/seguranca-no-transito-veracel-celulose-destaca-cuidados-com-o-transporte-de-madeira\\\/#primaryimage\",\"url\":\"https:\\\/\\\/www.veracel.com.br\\\/wp-content\\\/uploads\\\/2023\\\/07\\\/seguranca-no-transito-veracel.jpg\",\"contentUrl\":\"https:\\\/\\\/www.veracel.com.br\\\/wp-content\\\/uploads\\\/2023\\\/07\\\/seguranca-no-transito-veracel.jpg\",\"width\":800,\"height\":404,\"caption\":\"seguran\u00e7a-no-transito\"},{\"@type\":\"BreadcrumbList\",\"@id\":\"https:\\\/\\\/www.veracel.com.br\\\/seguranca-no-transito-veracel-celulose-destaca-cuidados-com-o-transporte-de-madeira\\\/#breadcrumb\",\"itemListElement\":[{\"@type\":\"ListItem\",\"position\":1,\"name\":\"Home\",\"item\":\"https:\\\/\\\/www.veracel.com.br\\\/\"},{\"@type\":\"ListItem\",\"position\":2,\"name\":\"A Veracel\",\"item\":\"https:\\\/\\\/www.veracel.com.br\\\/a-veracel\\\/\"},{\"@type\":\"ListItem\",\"position\":3,\"name\":\"Seguran\u00e7a no tr\u00e2nsito: Veracel Celulose destaca cuidados com o transporte de madeira\"}]},{\"@type\":\"WebSite\",\"@id\":\"https:\\\/\\\/www.veracel.com.br\\\/#website\",\"url\":\"https:\\\/\\\/www.veracel.com.br\\\/\",\"name\":\"Veracel Celulose\",\"description\":\"Quando crescemos juntos vamos muito mais longe\",\"publisher\":{\"@id\":\"https:\\\/\\\/www.veracel.com.br\\\/#organization\"},\"potentialAction\":[{\"@type\":\"SearchAction\",\"target\":{\"@type\":\"EntryPoint\",\"urlTemplate\":\"https:\\\/\\\/www.veracel.com.br\\\/?s={search_term_string}\"},\"query-input\":{\"@type\":\"PropertyValueSpecification\",\"valueRequired\":true,\"valueName\":\"search_term_string\"}}],\"inLanguage\":\"en-US\"},{\"@type\":\"Organization\",\"@id\":\"https:\\\/\\\/www.veracel.com.br\\\/#organization\",\"name\":\"Veracel Celulose\",\"url\":\"https:\\\/\\\/www.veracel.com.br\\\/\",\"logo\":{\"@type\":\"ImageObject\",\"inLanguage\":\"en-US\",\"@id\":\"https:\\\/\\\/www.veracel.com.br\\\/#\\\/schema\\\/logo\\\/image\\\/\",\"url\":\"https:\\\/\\\/www.veracel.com.br\\\/wp-content\\\/uploads\\\/2024\\\/08\\\/Ativo-1.png\",\"contentUrl\":\"https:\\\/\\\/www.veracel.com.br\\\/wp-content\\\/uploads\\\/2024\\\/08\\\/Ativo-1.png\",\"width\":400,\"height\":121,\"caption\":\"Veracel Celulose\"},\"image\":{\"@id\":\"https:\\\/\\\/www.veracel.com.br\\\/#\\\/schema\\\/logo\\\/image\\\/\"},\"sameAs\":[\"https:\\\/\\\/www.instagram.com\\\/veracelcelulose\",\"https:\\\/\\\/www.linkedin.com\\\/company\\\/veracelcelulose\\\/\",\"https:\\\/\\\/www.youtube.com\\\/user\\\/CanalVeracel\"]}]}<\/script>\n<!-- \/ Yoast SEO Premium plugin. -->","yoast_head_json":{"title":"Seguran\u00e7a no tr\u00e2nsito: Veracel Celulose destaca cuidados com o transporte de madeira - Veracel Celulose","description":"Veracel Celulose destaca cuidados adotados em prol da seguran\u00e7a no tr\u00e2nsito com o transporte de madeira","robots":{"index":"index","follow":"follow","max-snippet":"max-snippet:-1","max-image-preview":"max-image-preview:large","max-video-preview":"max-video-preview:-1"},"canonical":"https:\/\/www.veracel.com.br\/seguranca-no-transito-veracel-celulose-destaca-cuidados-com-o-transporte-de-madeira\/","og_locale":"en_US","og_type":"article","og_title":"Seguran\u00e7a no tr\u00e2nsito: Veracel Celulose destaca cuidados com o transporte de madeira","og_description":"Veracel Celulose destaca cuidados adotados em prol da seguran\u00e7a no tr\u00e2nsito com o transporte de madeira","og_url":"https:\/\/www.veracel.com.br\/seguranca-no-transito-veracel-celulose-destaca-cuidados-com-o-transporte-de-madeira\/","og_site_name":"Veracel Celulose","article_published_time":"2023-07-25T19:49:25+00:00","og_image":[{"width":800,"height":404,"url":"https:\/\/www.veracel.com.br\/wp-content\/uploads\/2023\/07\/seguranca-no-transito-veracel.jpg","type":"image\/jpeg"}],"author":"saulo","twitter_card":"summary_large_image","twitter_misc":{"Written by":"saulo","Est. reading time":"4 minutes"},"schema":{"@context":"https:\/\/schema.org","@graph":[{"@type":"WebPage","@id":"https:\/\/www.veracel.com.br\/seguranca-no-transito-veracel-celulose-destaca-cuidados-com-o-transporte-de-madeira\/","url":"https:\/\/www.veracel.com.br\/seguranca-no-transito-veracel-celulose-destaca-cuidados-com-o-transporte-de-madeira\/","name":"Seguran\u00e7a no tr\u00e2nsito: Veracel Celulose destaca cuidados com o transporte de madeira - Veracel Celulose","isPartOf":{"@id":"https:\/\/www.veracel.com.br\/#website"},"primaryImageOfPage":{"@id":"https:\/\/www.veracel.com.br\/seguranca-no-transito-veracel-celulose-destaca-cuidados-com-o-transporte-de-madeira\/#primaryimage"},"image":{"@id":"https:\/\/www.veracel.com.br\/seguranca-no-transito-veracel-celulose-destaca-cuidados-com-o-transporte-de-madeira\/#primaryimage"},"thumbnailUrl":"https:\/\/www.veracel.com.br\/wp-content\/uploads\/2023\/07\/seguranca-no-transito-veracel.jpg","datePublished":"2023-07-25T19:49:25+00:00","description":"Veracel Celulose destaca cuidados adotados em prol da seguran\u00e7a no tr\u00e2nsito com o transporte de madeira","breadcrumb":{"@id":"https:\/\/www.veracel.com.br\/seguranca-no-transito-veracel-celulose-destaca-cuidados-com-o-transporte-de-madeira\/#breadcrumb"},"inLanguage":"en-US","potentialAction":[{"@type":"ReadAction","target":["https:\/\/www.veracel.com.br\/seguranca-no-transito-veracel-celulose-destaca-cuidados-com-o-transporte-de-madeira\/"]}]},{"@type":"ImageObject","inLanguage":"en-US","@id":"https:\/\/www.veracel.com.br\/seguranca-no-transito-veracel-celulose-destaca-cuidados-com-o-transporte-de-madeira\/#primaryimage","url":"https:\/\/www.veracel.com.br\/wp-content\/uploads\/2023\/07\/seguranca-no-transito-veracel.jpg","contentUrl":"https:\/\/www.veracel.com.br\/wp-content\/uploads\/2023\/07\/seguranca-no-transito-veracel.jpg","width":800,"height":404,"caption":"seguran\u00e7a-no-transito"},{"@type":"BreadcrumbList","@id":"https:\/\/www.veracel.com.br\/seguranca-no-transito-veracel-celulose-destaca-cuidados-com-o-transporte-de-madeira\/#breadcrumb","itemListElement":[{"@type":"ListItem","position":1,"name":"Home","item":"https:\/\/www.veracel.com.br\/"},{"@type":"ListItem","position":2,"name":"A Veracel","item":"https:\/\/www.veracel.com.br\/a-veracel\/"},{"@type":"ListItem","position":3,"name":"Seguran\u00e7a no tr\u00e2nsito: Veracel Celulose destaca cuidados com o transporte de madeira"}]},{"@type":"WebSite","@id":"https:\/\/www.veracel.com.br\/#website","url":"https:\/\/www.veracel.com.br\/","name":"Veracel Celulose","description":"Quando crescemos juntos vamos muito mais longe","publisher":{"@id":"https:\/\/www.veracel.com.br\/#organization"},"potentialAction":[{"@type":"SearchAction","target":{"@type":"EntryPoint","urlTemplate":"https:\/\/www.veracel.com.br\/?s={search_term_string}"},"query-input":{"@type":"PropertyValueSpecification","valueRequired":true,"valueName":"search_term_string"}}],"inLanguage":"en-US"},{"@type":"Organization","@id":"https:\/\/www.veracel.com.br\/#organization","name":"Veracel Celulose","url":"https:\/\/www.veracel.com.br\/","logo":{"@type":"ImageObject","inLanguage":"en-US","@id":"https:\/\/www.veracel.com.br\/#\/schema\/logo\/image\/","url":"https:\/\/www.veracel.com.br\/wp-content\/uploads\/2024\/08\/Ativo-1.png","contentUrl":"https:\/\/www.veracel.com.br\/wp-content\/uploads\/2024\/08\/Ativo-1.png","width":400,"height":121,"caption":"Veracel Celulose"},"image":{"@id":"https:\/\/www.veracel.com.br\/#\/schema\/logo\/image\/"},"sameAs":["https:\/\/www.instagram.com\/veracelcelulose","https:\/\/www.linkedin.com\/company\/veracelcelulose\/","https:\/\/www.youtube.com\/user\/CanalVeracel"]}]}},"_links":{"self":[{"href":"https:\/\/www.veracel.com.br\/en\/wp-json\/wp\/v2\/posts\/31304","targetHints":{"allow":["GET"]}}],"collection":[{"href":"https:\/\/www.veracel.com.br\/en\/wp-json\/wp\/v2\/posts"}],"about":[{"href":"https:\/\/www.veracel.com.br\/en\/wp-json\/wp\/v2\/types\/post"}],"author":[{"embeddable":true,"href":"https:\/\/www.veracel.com.br\/en\/wp-json\/wp\/v2\/users\/2"}],"replies":[{"embeddable":true,"href":"https:\/\/www.veracel.com.br\/en\/wp-json\/wp\/v2\/comments?post=31304"}],"version-history":[{"count":1,"href":"https:\/\/www.veracel.com.br\/en\/wp-json\/wp\/v2\/posts\/31304\/revisions"}],"predecessor-version":[{"id":31307,"href":"https:\/\/www.veracel.com.br\/en\/wp-json\/wp\/v2\/posts\/31304\/revisions\/31307"}],"wp:featuredmedia":[{"embeddable":true,"href":"https:\/\/www.veracel.com.br\/en\/wp-json\/wp\/v2\/media\/31305"}],"wp:attachment":[{"href":"https:\/\/www.veracel.com.br\/en\/wp-json\/wp\/v2\/media?parent=31304"}],"wp:term":[{"taxonomy":"category","embeddable":true,"href":"https:\/\/www.veracel.com.br\/en\/wp-json\/wp\/v2\/categories?post=31304"},{"taxonomy":"post_tag","embeddable":true,"href":"https:\/\/www.veracel.com.br\/en\/wp-json\/wp\/v2\/tags?post=31304"}],"curies":[{"name":"wp","href":"https:\/\/api.w.org\/{rel}","templated":true}]}}