{"id":31406,"date":"2023-08-02T16:18:45","date_gmt":"2023-08-02T19:18:45","guid":{"rendered":"https:\/\/www.veracel.com.br\/?p=31406"},"modified":"2023-08-02T16:20:04","modified_gmt":"2023-08-02T19:20:04","slug":"luiz-tapia-assume-como-novo-diretor-de-sustentabilidade-e-relacoes-corporativas-da-veracel-celulose","status":"publish","type":"post","link":"https:\/\/www.veracel.com.br\/en\/luiz-tapia-assume-como-novo-diretor-de-sustentabilidade-e-relacoes-corporativas-da-veracel-celulose\/","title":{"rendered":"Luiz Tapia assume como novo Diretor de Sustentabilidade e Rela\u00e7\u00f5es Corporativas da Veracel Celulose"},"content":{"rendered":"<p><em>O executivo Luiz Tapia possui mais de 12 anos de atua\u00e7\u00e3o na companhia e sua chegada tem sido planejada desde o \u00faltimo m\u00eas de maio, de forma a garantir a continuidade de todas as a\u00e7\u00f5es da \u00e1rea<\/em><\/p>\n<p>A Diretoria de Sustentabilidade e Rela\u00e7\u00f5es Corporativas da Veracel Celulose tem novo diretor. Luiz Tapia, executivo que j\u00e1 atua h\u00e1 mais de 12 anos na empresa, assumiu oficialmente o cargo, ap\u00f3s um per\u00edodo de transi\u00e7\u00e3o planejada para a aposentadoria de Renato Gomes Carneiro, que esteve na empresa por 14 anos.<\/p>\n<p>\u201c\u00c9 com grande entusiasmo que assumo o desafio de fortalecer o legado socioambiental da Veracel no territ\u00f3rio juntamente com nossa competente equipe. Respeito, di\u00e1logo, parceria e compromisso norteiam as nossas a\u00e7\u00f5es&#8221;, destaca Tapia.<\/p>\n<p>A transi\u00e7\u00e3o da Diretoria vem ocorrendo desde maio, com o objetivo de garantir a plena continuidade de todas as iniciativas da \u00e1rea, como as parcerias com movimentos sociais, comunidades ind\u00edgenas e grupos produtivos, incluindo apicultores, marisqueiras e comunidades de pescadores. A nova gest\u00e3o deve manter a linha de atua\u00e7\u00e3o definida pela companhia, sem quaisquer impactos aos projetos em andamento.<\/p>\n<p>Tapia come\u00e7ou sua trajet\u00f3ria na Veracel Celulose em 2011, como Coordenador de Sistemas Certificados, cargo que ocupou at\u00e9 2019, quando assumiu a Ger\u00eancia de Meio Ambiente e Gest\u00e3o Integrada, tendo ampla experi\u00eancia na empresa e forte conhecimento das a\u00e7\u00f5es da Diretoria.<\/p>\n<p>Formado em Administra\u00e7\u00e3o de Empresas pela Faculdade de Educa\u00e7\u00e3o e Ci\u00eancias Gerenciais (UNOPEC), o executivo possui especializa\u00e7\u00e3o em Sistemas de Qualidade pela Universidade Estadual de Campinas (UNICAMP). O novo diretor da Veracel Celulose tamb\u00e9m teve passagem pelo setor de pain\u00e9is de madeira, tendo estado \u00e0 frente da \u00e1rea de qualidade de uma grande empresa do setor por quase 10 anos.<\/p>\n<p>&nbsp;<\/p>\n<p><a href=\"https:\/\/www.veracel.com.br\/nosso-jeito\/\">Saiba mais sobre o jeito de ser Veracel Celulose<\/a><\/p>\n<p><a href=\"https:\/\/www.veracel.com.br\/sustentabilidade\/operacoes-sustentaveis\/\">Conhe\u00e7a as opera\u00e7\u00f5es sustent\u00e1veis da Veracel<\/a><\/p>\n<p>&nbsp;<\/p>\n<p>&nbsp;<\/p>\n","protected":false},"excerpt":{"rendered":"<p>O executivo Luiz Tapia possui mais de 12 anos de atua\u00e7\u00e3o na companhia e sua chegada tem sido planejada desde o \u00faltimo m\u00eas de maio, de forma a garantir a continuidade de todas as a\u00e7\u00f5es da \u00e1rea A Diretoria de Sustentabilidade e Rela\u00e7\u00f5es Corporativas da Veracel Celulose tem novo diretor. Luiz Tapia, executivo que j\u00e1 [&hellip;]<\/p>\n","protected":false},"author":2,"featured_media":31407,"comment_status":"open","ping_status":"open","sticky":false,"template":"","format":"standard","meta":{"_acf_changed":false,"footnotes":"","_links_to":"","_links_to_target":""},"categories":[271,211],"tags":[],"class_list":["post-31406","post","type-post","status-publish","format-standard","has-post-thumbnail","hentry","category-a-veracel","category-noticias"],"acf":[],"yoast_head":"<!-- This site is optimized with the Yoast SEO Premium plugin v26.7 (Yoast SEO v27.4) - https:\/\/yoast.com\/product\/yoast-seo-premium-wordpress\/ -->\n<title>Luiz Tapia assume como novo Diretor da Veracel Celulose<\/title>\n<meta name=\"description\" content=\"Luiz Tapia assume como novo Diretor de Sustentabilidade e Rela\u00e7\u00f5es Corporativas da Veracel Celulose\" \/>\n<meta name=\"robots\" content=\"index, follow, max-snippet:-1, max-image-preview:large, max-video-preview:-1\" \/>\n<link rel=\"canonical\" href=\"https:\/\/www.veracel.com.br\/luiz-tapia-assume-como-novo-diretor-de-sustentabilidade-e-relacoes-corporativas-da-veracel-celulose\/\" \/>\n<meta property=\"og:locale\" content=\"en_US\" \/>\n<meta property=\"og:type\" content=\"article\" \/>\n<meta property=\"og:title\" content=\"Luiz Tapia assume como novo Diretor de Sustentabilidade e Rela\u00e7\u00f5es Corporativas da Veracel Celulose\" \/>\n<meta property=\"og:description\" content=\"Luiz Tapia assume como novo Diretor de Sustentabilidade e Rela\u00e7\u00f5es Corporativas da Veracel Celulose\" \/>\n<meta property=\"og:url\" content=\"https:\/\/www.veracel.com.br\/luiz-tapia-assume-como-novo-diretor-de-sustentabilidade-e-relacoes-corporativas-da-veracel-celulose\/\" \/>\n<meta property=\"og:site_name\" content=\"Veracel Celulose\" \/>\n<meta property=\"article:published_time\" content=\"2023-08-02T19:18:45+00:00\" \/>\n<meta property=\"article:modified_time\" content=\"2023-08-02T19:20:04+00:00\" \/>\n<meta property=\"og:image\" content=\"https:\/\/www.veracel.com.br\/wp-content\/uploads\/2023\/08\/luiz-tapia-diretor-sustentabilidade-veracel-celulose.jpg\" \/>\n\t<meta property=\"og:image:width\" content=\"1053\" \/>\n\t<meta property=\"og:image:height\" content=\"800\" \/>\n\t<meta property=\"og:image:type\" content=\"image\/jpeg\" \/>\n<meta name=\"author\" content=\"saulo\" \/>\n<meta name=\"twitter:card\" content=\"summary_large_image\" \/>\n<meta name=\"twitter:label1\" content=\"Written by\" \/>\n\t<meta name=\"twitter:data1\" content=\"saulo\" \/>\n\t<meta name=\"twitter:label2\" content=\"Est. reading time\" \/>\n\t<meta name=\"twitter:data2\" content=\"2 minutes\" \/>\n<script type=\"application\/ld+json\" class=\"yoast-schema-graph\">{\"@context\":\"https:\\\/\\\/schema.org\",\"@graph\":[{\"@type\":\"WebPage\",\"@id\":\"https:\\\/\\\/www.veracel.com.br\\\/luiz-tapia-assume-como-novo-diretor-de-sustentabilidade-e-relacoes-corporativas-da-veracel-celulose\\\/\",\"url\":\"https:\\\/\\\/www.veracel.com.br\\\/luiz-tapia-assume-como-novo-diretor-de-sustentabilidade-e-relacoes-corporativas-da-veracel-celulose\\\/\",\"name\":\"Luiz Tapia assume como novo Diretor da Veracel Celulose\",\"isPartOf\":{\"@id\":\"https:\\\/\\\/www.veracel.com.br\\\/#website\"},\"primaryImageOfPage\":{\"@id\":\"https:\\\/\\\/www.veracel.com.br\\\/luiz-tapia-assume-como-novo-diretor-de-sustentabilidade-e-relacoes-corporativas-da-veracel-celulose\\\/#primaryimage\"},\"image\":{\"@id\":\"https:\\\/\\\/www.veracel.com.br\\\/luiz-tapia-assume-como-novo-diretor-de-sustentabilidade-e-relacoes-corporativas-da-veracel-celulose\\\/#primaryimage\"},\"thumbnailUrl\":\"https:\\\/\\\/www.veracel.com.br\\\/wp-content\\\/uploads\\\/2023\\\/08\\\/luiz-tapia-diretor-sustentabilidade-veracel-celulose.jpg\",\"datePublished\":\"2023-08-02T19:18:45+00:00\",\"dateModified\":\"2023-08-02T19:20:04+00:00\",\"description\":\"Luiz Tapia assume como novo Diretor de Sustentabilidade e Rela\u00e7\u00f5es Corporativas da Veracel Celulose\",\"breadcrumb\":{\"@id\":\"https:\\\/\\\/www.veracel.com.br\\\/luiz-tapia-assume-como-novo-diretor-de-sustentabilidade-e-relacoes-corporativas-da-veracel-celulose\\\/#breadcrumb\"},\"inLanguage\":\"en-US\",\"potentialAction\":[{\"@type\":\"ReadAction\",\"target\":[\"https:\\\/\\\/www.veracel.com.br\\\/luiz-tapia-assume-como-novo-diretor-de-sustentabilidade-e-relacoes-corporativas-da-veracel-celulose\\\/\"]}]},{\"@type\":\"ImageObject\",\"inLanguage\":\"en-US\",\"@id\":\"https:\\\/\\\/www.veracel.com.br\\\/luiz-tapia-assume-como-novo-diretor-de-sustentabilidade-e-relacoes-corporativas-da-veracel-celulose\\\/#primaryimage\",\"url\":\"https:\\\/\\\/www.veracel.com.br\\\/wp-content\\\/uploads\\\/2023\\\/08\\\/luiz-tapia-diretor-sustentabilidade-veracel-celulose.jpg\",\"contentUrl\":\"https:\\\/\\\/www.veracel.com.br\\\/wp-content\\\/uploads\\\/2023\\\/08\\\/luiz-tapia-diretor-sustentabilidade-veracel-celulose.jpg\",\"width\":1053,\"height\":800},{\"@type\":\"BreadcrumbList\",\"@id\":\"https:\\\/\\\/www.veracel.com.br\\\/luiz-tapia-assume-como-novo-diretor-de-sustentabilidade-e-relacoes-corporativas-da-veracel-celulose\\\/#breadcrumb\",\"itemListElement\":[{\"@type\":\"ListItem\",\"position\":1,\"name\":\"Home\",\"item\":\"https:\\\/\\\/www.veracel.com.br\\\/\"},{\"@type\":\"ListItem\",\"position\":2,\"name\":\"A Veracel\",\"item\":\"https:\\\/\\\/www.veracel.com.br\\\/a-veracel\\\/\"},{\"@type\":\"ListItem\",\"position\":3,\"name\":\"Luiz Tapia assume como novo Diretor de Sustentabilidade e Rela\u00e7\u00f5es Corporativas da Veracel Celulose\"}]},{\"@type\":\"WebSite\",\"@id\":\"https:\\\/\\\/www.veracel.com.br\\\/#website\",\"url\":\"https:\\\/\\\/www.veracel.com.br\\\/\",\"name\":\"Veracel Celulose\",\"description\":\"Quando crescemos juntos vamos muito mais longe\",\"publisher\":{\"@id\":\"https:\\\/\\\/www.veracel.com.br\\\/#organization\"},\"potentialAction\":[{\"@type\":\"SearchAction\",\"target\":{\"@type\":\"EntryPoint\",\"urlTemplate\":\"https:\\\/\\\/www.veracel.com.br\\\/?s={search_term_string}\"},\"query-input\":{\"@type\":\"PropertyValueSpecification\",\"valueRequired\":true,\"valueName\":\"search_term_string\"}}],\"inLanguage\":\"en-US\"},{\"@type\":\"Organization\",\"@id\":\"https:\\\/\\\/www.veracel.com.br\\\/#organization\",\"name\":\"Veracel Celulose\",\"url\":\"https:\\\/\\\/www.veracel.com.br\\\/\",\"logo\":{\"@type\":\"ImageObject\",\"inLanguage\":\"en-US\",\"@id\":\"https:\\\/\\\/www.veracel.com.br\\\/#\\\/schema\\\/logo\\\/image\\\/\",\"url\":\"https:\\\/\\\/www.veracel.com.br\\\/wp-content\\\/uploads\\\/2024\\\/08\\\/Ativo-1.png\",\"contentUrl\":\"https:\\\/\\\/www.veracel.com.br\\\/wp-content\\\/uploads\\\/2024\\\/08\\\/Ativo-1.png\",\"width\":400,\"height\":121,\"caption\":\"Veracel Celulose\"},\"image\":{\"@id\":\"https:\\\/\\\/www.veracel.com.br\\\/#\\\/schema\\\/logo\\\/image\\\/\"},\"sameAs\":[\"https:\\\/\\\/www.instagram.com\\\/veracelcelulose\",\"https:\\\/\\\/www.linkedin.com\\\/company\\\/veracelcelulose\\\/\",\"https:\\\/\\\/www.youtube.com\\\/user\\\/CanalVeracel\"]}]}<\/script>\n<!-- \/ Yoast SEO Premium plugin. -->","yoast_head_json":{"title":"Luiz Tapia assume como novo Diretor da Veracel Celulose","description":"Luiz Tapia assume como novo Diretor de Sustentabilidade e Rela\u00e7\u00f5es Corporativas da Veracel Celulose","robots":{"index":"index","follow":"follow","max-snippet":"max-snippet:-1","max-image-preview":"max-image-preview:large","max-video-preview":"max-video-preview:-1"},"canonical":"https:\/\/www.veracel.com.br\/luiz-tapia-assume-como-novo-diretor-de-sustentabilidade-e-relacoes-corporativas-da-veracel-celulose\/","og_locale":"en_US","og_type":"article","og_title":"Luiz Tapia assume como novo Diretor de Sustentabilidade e Rela\u00e7\u00f5es Corporativas da Veracel Celulose","og_description":"Luiz Tapia assume como novo Diretor de Sustentabilidade e Rela\u00e7\u00f5es Corporativas da Veracel Celulose","og_url":"https:\/\/www.veracel.com.br\/luiz-tapia-assume-como-novo-diretor-de-sustentabilidade-e-relacoes-corporativas-da-veracel-celulose\/","og_site_name":"Veracel Celulose","article_published_time":"2023-08-02T19:18:45+00:00","article_modified_time":"2023-08-02T19:20:04+00:00","og_image":[{"width":1053,"height":800,"url":"https:\/\/www.veracel.com.br\/wp-content\/uploads\/2023\/08\/luiz-tapia-diretor-sustentabilidade-veracel-celulose.jpg","type":"image\/jpeg"}],"author":"saulo","twitter_card":"summary_large_image","twitter_misc":{"Written by":"saulo","Est. reading time":"2 minutes"},"schema":{"@context":"https:\/\/schema.org","@graph":[{"@type":"WebPage","@id":"https:\/\/www.veracel.com.br\/luiz-tapia-assume-como-novo-diretor-de-sustentabilidade-e-relacoes-corporativas-da-veracel-celulose\/","url":"https:\/\/www.veracel.com.br\/luiz-tapia-assume-como-novo-diretor-de-sustentabilidade-e-relacoes-corporativas-da-veracel-celulose\/","name":"Luiz Tapia assume como novo Diretor da Veracel Celulose","isPartOf":{"@id":"https:\/\/www.veracel.com.br\/#website"},"primaryImageOfPage":{"@id":"https:\/\/www.veracel.com.br\/luiz-tapia-assume-como-novo-diretor-de-sustentabilidade-e-relacoes-corporativas-da-veracel-celulose\/#primaryimage"},"image":{"@id":"https:\/\/www.veracel.com.br\/luiz-tapia-assume-como-novo-diretor-de-sustentabilidade-e-relacoes-corporativas-da-veracel-celulose\/#primaryimage"},"thumbnailUrl":"https:\/\/www.veracel.com.br\/wp-content\/uploads\/2023\/08\/luiz-tapia-diretor-sustentabilidade-veracel-celulose.jpg","datePublished":"2023-08-02T19:18:45+00:00","dateModified":"2023-08-02T19:20:04+00:00","description":"Luiz Tapia assume como novo Diretor de Sustentabilidade e Rela\u00e7\u00f5es Corporativas da Veracel Celulose","breadcrumb":{"@id":"https:\/\/www.veracel.com.br\/luiz-tapia-assume-como-novo-diretor-de-sustentabilidade-e-relacoes-corporativas-da-veracel-celulose\/#breadcrumb"},"inLanguage":"en-US","potentialAction":[{"@type":"ReadAction","target":["https:\/\/www.veracel.com.br\/luiz-tapia-assume-como-novo-diretor-de-sustentabilidade-e-relacoes-corporativas-da-veracel-celulose\/"]}]},{"@type":"ImageObject","inLanguage":"en-US","@id":"https:\/\/www.veracel.com.br\/luiz-tapia-assume-como-novo-diretor-de-sustentabilidade-e-relacoes-corporativas-da-veracel-celulose\/#primaryimage","url":"https:\/\/www.veracel.com.br\/wp-content\/uploads\/2023\/08\/luiz-tapia-diretor-sustentabilidade-veracel-celulose.jpg","contentUrl":"https:\/\/www.veracel.com.br\/wp-content\/uploads\/2023\/08\/luiz-tapia-diretor-sustentabilidade-veracel-celulose.jpg","width":1053,"height":800},{"@type":"BreadcrumbList","@id":"https:\/\/www.veracel.com.br\/luiz-tapia-assume-como-novo-diretor-de-sustentabilidade-e-relacoes-corporativas-da-veracel-celulose\/#breadcrumb","itemListElement":[{"@type":"ListItem","position":1,"name":"Home","item":"https:\/\/www.veracel.com.br\/"},{"@type":"ListItem","position":2,"name":"A Veracel","item":"https:\/\/www.veracel.com.br\/a-veracel\/"},{"@type":"ListItem","position":3,"name":"Luiz Tapia assume como novo Diretor de Sustentabilidade e Rela\u00e7\u00f5es Corporativas da Veracel Celulose"}]},{"@type":"WebSite","@id":"https:\/\/www.veracel.com.br\/#website","url":"https:\/\/www.veracel.com.br\/","name":"Veracel Celulose","description":"Quando crescemos juntos vamos muito mais longe","publisher":{"@id":"https:\/\/www.veracel.com.br\/#organization"},"potentialAction":[{"@type":"SearchAction","target":{"@type":"EntryPoint","urlTemplate":"https:\/\/www.veracel.com.br\/?s={search_term_string}"},"query-input":{"@type":"PropertyValueSpecification","valueRequired":true,"valueName":"search_term_string"}}],"inLanguage":"en-US"},{"@type":"Organization","@id":"https:\/\/www.veracel.com.br\/#organization","name":"Veracel Celulose","url":"https:\/\/www.veracel.com.br\/","logo":{"@type":"ImageObject","inLanguage":"en-US","@id":"https:\/\/www.veracel.com.br\/#\/schema\/logo\/image\/","url":"https:\/\/www.veracel.com.br\/wp-content\/uploads\/2024\/08\/Ativo-1.png","contentUrl":"https:\/\/www.veracel.com.br\/wp-content\/uploads\/2024\/08\/Ativo-1.png","width":400,"height":121,"caption":"Veracel Celulose"},"image":{"@id":"https:\/\/www.veracel.com.br\/#\/schema\/logo\/image\/"},"sameAs":["https:\/\/www.instagram.com\/veracelcelulose","https:\/\/www.linkedin.com\/company\/veracelcelulose\/","https:\/\/www.youtube.com\/user\/CanalVeracel"]}]}},"_links":{"self":[{"href":"https:\/\/www.veracel.com.br\/en\/wp-json\/wp\/v2\/posts\/31406","targetHints":{"allow":["GET"]}}],"collection":[{"href":"https:\/\/www.veracel.com.br\/en\/wp-json\/wp\/v2\/posts"}],"about":[{"href":"https:\/\/www.veracel.com.br\/en\/wp-json\/wp\/v2\/types\/post"}],"author":[{"embeddable":true,"href":"https:\/\/www.veracel.com.br\/en\/wp-json\/wp\/v2\/users\/2"}],"replies":[{"embeddable":true,"href":"https:\/\/www.veracel.com.br\/en\/wp-json\/wp\/v2\/comments?post=31406"}],"version-history":[{"count":2,"href":"https:\/\/www.veracel.com.br\/en\/wp-json\/wp\/v2\/posts\/31406\/revisions"}],"predecessor-version":[{"id":31410,"href":"https:\/\/www.veracel.com.br\/en\/wp-json\/wp\/v2\/posts\/31406\/revisions\/31410"}],"wp:featuredmedia":[{"embeddable":true,"href":"https:\/\/www.veracel.com.br\/en\/wp-json\/wp\/v2\/media\/31407"}],"wp:attachment":[{"href":"https:\/\/www.veracel.com.br\/en\/wp-json\/wp\/v2\/media?parent=31406"}],"wp:term":[{"taxonomy":"category","embeddable":true,"href":"https:\/\/www.veracel.com.br\/en\/wp-json\/wp\/v2\/categories?post=31406"},{"taxonomy":"post_tag","embeddable":true,"href":"https:\/\/www.veracel.com.br\/en\/wp-json\/wp\/v2\/tags?post=31406"}],"curies":[{"name":"wp","href":"https:\/\/api.w.org\/{rel}","templated":true}]}}