{"id":31427,"date":"2023-08-04T16:32:17","date_gmt":"2023-08-04T19:32:17","guid":{"rendered":"https:\/\/www.veracel.com.br\/?p=31427"},"modified":"2023-08-04T16:39:17","modified_gmt":"2023-08-04T19:39:17","slug":"arvores-e-tecnologia-uma-combinacao-de-sucesso-na-producao-de-celulose","status":"publish","type":"post","link":"https:\/\/www.veracel.com.br\/en\/arvores-e-tecnologia-uma-combinacao-de-sucesso-na-producao-de-celulose\/","title":{"rendered":"\u00c1rvores e tecnologia: uma combina\u00e7\u00e3o de sucesso na produ\u00e7\u00e3o de celulose"},"content":{"rendered":"<p>Em 2022, o Brasil se consolidou como o maior exportador de celulose do mundo. A produ\u00e7\u00e3o nacional atingiu 25 milh\u00f5es de toneladas, uma alta de 10,9% em compara\u00e7\u00e3o com 2021, enquanto as exporta\u00e7\u00f5es alcan\u00e7aram 19,1 milh\u00f5es de toneladas, um salto de 22%, segundo dados da Ind\u00fastria Brasileira de \u00c1rvores (Ib\u00e1).<\/p>\n<p>Com esse desempenho, o pa\u00eds amplia a dist\u00e2ncia em rela\u00e7\u00e3o ao Canad\u00e1, segundo colocado no ranking da FAO (Organiza\u00e7\u00e3o das Na\u00e7\u00f5es Unidas para Alimenta\u00e7\u00e3o e Agricultura) dos maiores exportadores de celulose. Em 2021, os canadenses embarcaram 8 milh\u00f5es de toneladas da fibra para outros pa\u00edses, seguido dos Estados Unidos, com 6,83 milh\u00f5es de toneladas.<\/p>\n<p>Com um resultado t\u00e3o expressivo j\u00e1 alcan\u00e7ado, o desafio do setor nesse momento \u00e9 encontrar formas de manter esse desenvolvimento para os pr\u00f3ximos anos. Al\u00e9m da expans\u00e3o florestal sustent\u00e1vel, a outra resposta para essa quest\u00e3o pode soar estranha quando falamos de florestas, mas \u00e9 a tecnologia a nossa maior aliada na busca por esse objetivo.<\/p>\n<p>&nbsp;<\/p>\n<h2>Transforma\u00e7\u00e3o digital na produ\u00e7\u00e3o de celulose<\/h2>\n<p>Aliar tecnologia e plantio \u00e9 uma tend\u00eancia que veio para ficar e que deve se expandir cada vez mais. Na Veracel Celulose, por exemplo, investimos cerca de R$ 20 milh\u00f5es em transforma\u00e7\u00e3o digital em 2022. Dentro desse movimento, levamos inova\u00e7\u00e3o e automa\u00e7\u00e3o para dentro da floresta e estamos ampliando ainda mais nossas margens de produ\u00e7\u00e3o, al\u00e9m de reduzir custos e manter os mais altos padr\u00f5es de sustentabilidade.<\/p>\n<p>As possibilidades de tecnologias que podem ser aplicadas nas florestas s\u00e3o in\u00fameras e at\u00e9 mesmo a t\u00e3o controversa Intelig\u00eancia Artificial j\u00e1 se mostrou uma importante aliada para o setor florestal. O uso da tecnologia em softwares nos permite aplicar desde m\u00e9todos controlados de plantio, manejo, colheita e controle de pragas at\u00e9 a avalia\u00e7\u00e3o do solo e a recomenda\u00e7\u00e3o gen\u00e9tica de qual esp\u00e9cie (clone) de eucalipto \u00e9 a mais indicada para cada uma das \u00e1reas de plantio da empresa.<\/p>\n<p>Para o setor de base florestal, que lida com muitos hectares de florestas em diversas localidades \u2013 a Veracel Celulose, por exemplo, tem atua\u00e7\u00e3o em 11 munic\u00edpios diferentes -, esse tipo de tecnologia \u00e9 fundamental para evitarmos perdas de produ\u00e7\u00e3o.<\/p>\n<p>&nbsp;<\/p>\n<h2>Intelig\u00eancia de dados aliada a produtividade de celulose<\/h2>\n<p>Com a tecnologia e o uso inteligente de dados, conseguimos entender de forma mais precisa o comportamento do eucalipto diante das mudan\u00e7as clim\u00e1ticas e podemos trabalhar a varia\u00e7\u00e3o gen\u00e9tica das \u00e1rvores, plantando mudas que se adaptem melhor \u00e0s condi\u00e7\u00f5es locais de clima ou que sejam mais resistentes a pragas comuns na nossa regi\u00e3o.<\/p>\n<p>Os resultados falam por si s\u00f3. Com essa tecnologia, a Veracel Celulose conseguiu uma ader\u00eancia de 96% entre o planejado e o executado pela ferramenta (Ver\u00f3tima) ao longo de 2022. Isso demonstra o quanto as recomenda\u00e7\u00f5es do algoritmo foram precisas para que a equipe de manejo florestal pudesse avaliar as melhores op\u00e7\u00f5es de plantio e ampliar a expectativa de produtividade da produ\u00e7\u00e3o de eucalipto da empresa.<\/p>\n<p>&nbsp;<\/p>\n<h2>Uso de drones no cultivo de celulose<\/h2>\n<p>Outra tecnologia de sucesso e que requer baixo investimento \u00e9 o uso de drones nas planta\u00e7\u00f5es. Podendo ser utilizado para in\u00fameras fun\u00e7\u00f5es, na Veracel essa ferramenta \u00e9 uma importante aliada para o monitoramento do estoque de madeira, para medir o aproveitamento da colheita e para complementar a estrat\u00e9gia terrestre de libera\u00e7\u00e3o de inimigos naturais (parasitoides e predadores) da lagarta desfolhadora.<\/p>\n<p>No in\u00edcio deste ano, implantamos tamb\u00e9m o monitoramento autom\u00e1tico de m\u00e1quinas da \u00e1rea florestal. Esse sistema realiza, de forma eletr\u00f4nica, o apontamento da produ\u00e7\u00e3o de cada m\u00e1quina, com detalhamento de capacidade, paradas, entre outras informa\u00e7\u00f5es. Todos esses processos melhoram a gest\u00e3o e a efici\u00eancia operacional do nosso trabalho. O projeto traz a confiabilidade dos dados e a velocidade de transmiss\u00e3o dessas informa\u00e7\u00f5es entre o campo e o escrit\u00f3rio. Isso tamb\u00e9m resulta em tomadas de decis\u00f5es mais assertivas.<\/p>\n<p>&nbsp;<\/p>\n<h2>Desafios nas aplica\u00e7\u00f5es tecnol\u00f3gicas<\/h2>\n<p>Mas nem tudo s\u00e3o flores. As aplica\u00e7\u00f5es tecnol\u00f3gicas em \u00e1reas florestais no Brasil ainda possuem amplo espa\u00e7o para desenvolvimento e enfrentam um grande desafio: nessas \u00e1reas, a internet e os celulares geralmente n\u00e3o funcionam bem.<\/p>\n<p>No momento, a resposta para essa dificuldade tem sido pensar em solu\u00e7\u00f5es offline. Aplicamos sistemas que, no campo, n\u00e3o necessitam de conex\u00e3o, mas que, quando conectados \u00e0 internet, compilam os dados de forma precisa e autom\u00e1tica. Esses sistemas de leitura de dados ampliam a confiabilidade para a tomada de decis\u00e3o e ainda aumentam a efici\u00eancia das equipes na produ\u00e7\u00e3o de relat\u00f3rios.<\/p>\n<p>Ao aliar tecnologia e processos sustent\u00e1veis, o setor florestal brasileiro pode seguir com expectativas positivas, tanto para nos mantermos na posi\u00e7\u00e3o de lideran\u00e7a na produ\u00e7\u00e3o mundial de celulose quanto para buscarmos ainda mais inova\u00e7\u00e3o e competitividade para as pr\u00e1ticas atuais de manejo florestal sustent\u00e1vel.<\/p>\n<p>&nbsp;<\/p>\n<p><em>Marcio Veiga \u00e9 Diretor Florestal da Veracel Celulose.<\/em><\/p>\n<p>&nbsp;<\/p>\n<p><a href=\"https:\/\/www.veracel.com.br\/sustentabilidade\/operacoes-sustentaveis\/\">Conhe\u00e7a mais sobre a produ\u00e7\u00e3o sustent\u00e1vel de celulose da Veracel<\/a><\/p>\n<p><a href=\"https:\/\/www.veracel.com.br\/sustentabilidade\/nossa-guia\/\">Veja como a sustentabilidade \u00e9 a guia das a\u00e7\u00f5es da Veracel Celulose<\/a><\/p>\n","protected":false},"excerpt":{"rendered":"<p>Em 2022, o Brasil se consolidou como o maior exportador de celulose do mundo. A produ\u00e7\u00e3o nacional atingiu 25 milh\u00f5es de toneladas, uma alta de 10,9% em compara\u00e7\u00e3o com 2021, enquanto as exporta\u00e7\u00f5es alcan\u00e7aram 19,1 milh\u00f5es de toneladas, um salto de 22%, segundo dados da Ind\u00fastria Brasileira de \u00c1rvores (Ib\u00e1). Com esse desempenho, o pa\u00eds [&hellip;]<\/p>\n","protected":false},"author":2,"featured_media":31428,"comment_status":"open","ping_status":"open","sticky":false,"template":"","format":"standard","meta":{"_acf_changed":false,"footnotes":"","_links_to":"","_links_to_target":""},"categories":[271,211],"tags":[],"class_list":["post-31427","post","type-post","status-publish","format-standard","has-post-thumbnail","hentry","category-a-veracel","category-noticias"],"acf":[],"yoast_head":"<!-- This site is optimized with the Yoast SEO Premium plugin v26.7 (Yoast SEO v27.4) - https:\/\/yoast.com\/product\/yoast-seo-premium-wordpress\/ -->\n<title>\u00c1rvores e tecnologia: uma combina\u00e7\u00e3o de sucesso na produ\u00e7\u00e3o de celulose - Veracel Celulose<\/title>\n<meta name=\"description\" content=\"O Brasil se consolidou como o maior exportador de celulose do mundo, aliando tecnologia e sustentabilidade nas opera\u00e7\u00f5es\" \/>\n<meta name=\"robots\" content=\"index, follow, max-snippet:-1, max-image-preview:large, max-video-preview:-1\" \/>\n<link rel=\"canonical\" href=\"https:\/\/www.veracel.com.br\/arvores-e-tecnologia-uma-combinacao-de-sucesso-na-producao-de-celulose\/\" \/>\n<meta property=\"og:locale\" content=\"en_US\" \/>\n<meta property=\"og:type\" content=\"article\" \/>\n<meta property=\"og:title\" content=\"\u00c1rvores e tecnologia: uma combina\u00e7\u00e3o de sucesso na produ\u00e7\u00e3o de celulose\" \/>\n<meta property=\"og:description\" content=\"O Brasil se consolidou como o maior exportador de celulose do mundo, aliando tecnologia e sustentabilidade nas opera\u00e7\u00f5es\" \/>\n<meta property=\"og:url\" content=\"https:\/\/www.veracel.com.br\/arvores-e-tecnologia-uma-combinacao-de-sucesso-na-producao-de-celulose\/\" \/>\n<meta property=\"og:site_name\" content=\"Veracel Celulose\" \/>\n<meta property=\"article:published_time\" content=\"2023-08-04T19:32:17+00:00\" \/>\n<meta property=\"article:modified_time\" content=\"2023-08-04T19:39:17+00:00\" \/>\n<meta property=\"og:image\" content=\"https:\/\/www.veracel.com.br\/wp-content\/uploads\/2023\/08\/veracel-exportacao-celulose-brasil.jpg\" \/>\n\t<meta property=\"og:image:width\" content=\"1200\" \/>\n\t<meta property=\"og:image:height\" content=\"800\" \/>\n\t<meta property=\"og:image:type\" content=\"image\/jpeg\" \/>\n<meta name=\"author\" content=\"saulo\" \/>\n<meta name=\"twitter:card\" content=\"summary_large_image\" \/>\n<meta name=\"twitter:label1\" content=\"Written by\" \/>\n\t<meta name=\"twitter:data1\" content=\"saulo\" \/>\n\t<meta name=\"twitter:label2\" content=\"Est. reading time\" \/>\n\t<meta name=\"twitter:data2\" content=\"5 minutes\" \/>\n<script type=\"application\/ld+json\" class=\"yoast-schema-graph\">{\"@context\":\"https:\\\/\\\/schema.org\",\"@graph\":[{\"@type\":\"WebPage\",\"@id\":\"https:\\\/\\\/www.veracel.com.br\\\/arvores-e-tecnologia-uma-combinacao-de-sucesso-na-producao-de-celulose\\\/\",\"url\":\"https:\\\/\\\/www.veracel.com.br\\\/arvores-e-tecnologia-uma-combinacao-de-sucesso-na-producao-de-celulose\\\/\",\"name\":\"\u00c1rvores e tecnologia: uma combina\u00e7\u00e3o de sucesso na produ\u00e7\u00e3o de celulose - Veracel Celulose\",\"isPartOf\":{\"@id\":\"https:\\\/\\\/www.veracel.com.br\\\/#website\"},\"primaryImageOfPage\":{\"@id\":\"https:\\\/\\\/www.veracel.com.br\\\/arvores-e-tecnologia-uma-combinacao-de-sucesso-na-producao-de-celulose\\\/#primaryimage\"},\"image\":{\"@id\":\"https:\\\/\\\/www.veracel.com.br\\\/arvores-e-tecnologia-uma-combinacao-de-sucesso-na-producao-de-celulose\\\/#primaryimage\"},\"thumbnailUrl\":\"https:\\\/\\\/www.veracel.com.br\\\/wp-content\\\/uploads\\\/2023\\\/08\\\/veracel-exportacao-celulose-brasil.jpg\",\"datePublished\":\"2023-08-04T19:32:17+00:00\",\"dateModified\":\"2023-08-04T19:39:17+00:00\",\"description\":\"O Brasil se consolidou como o maior exportador de celulose do mundo, aliando tecnologia e sustentabilidade nas opera\u00e7\u00f5es\",\"breadcrumb\":{\"@id\":\"https:\\\/\\\/www.veracel.com.br\\\/arvores-e-tecnologia-uma-combinacao-de-sucesso-na-producao-de-celulose\\\/#breadcrumb\"},\"inLanguage\":\"en-US\",\"potentialAction\":[{\"@type\":\"ReadAction\",\"target\":[\"https:\\\/\\\/www.veracel.com.br\\\/arvores-e-tecnologia-uma-combinacao-de-sucesso-na-producao-de-celulose\\\/\"]}]},{\"@type\":\"ImageObject\",\"inLanguage\":\"en-US\",\"@id\":\"https:\\\/\\\/www.veracel.com.br\\\/arvores-e-tecnologia-uma-combinacao-de-sucesso-na-producao-de-celulose\\\/#primaryimage\",\"url\":\"https:\\\/\\\/www.veracel.com.br\\\/wp-content\\\/uploads\\\/2023\\\/08\\\/veracel-exportacao-celulose-brasil.jpg\",\"contentUrl\":\"https:\\\/\\\/www.veracel.com.br\\\/wp-content\\\/uploads\\\/2023\\\/08\\\/veracel-exportacao-celulose-brasil.jpg\",\"width\":1200,\"height\":800},{\"@type\":\"BreadcrumbList\",\"@id\":\"https:\\\/\\\/www.veracel.com.br\\\/arvores-e-tecnologia-uma-combinacao-de-sucesso-na-producao-de-celulose\\\/#breadcrumb\",\"itemListElement\":[{\"@type\":\"ListItem\",\"position\":1,\"name\":\"Home\",\"item\":\"https:\\\/\\\/www.veracel.com.br\\\/\"},{\"@type\":\"ListItem\",\"position\":2,\"name\":\"A Veracel\",\"item\":\"https:\\\/\\\/www.veracel.com.br\\\/a-veracel\\\/\"},{\"@type\":\"ListItem\",\"position\":3,\"name\":\"\u00c1rvores e tecnologia: uma combina\u00e7\u00e3o de sucesso na produ\u00e7\u00e3o de celulose\"}]},{\"@type\":\"WebSite\",\"@id\":\"https:\\\/\\\/www.veracel.com.br\\\/#website\",\"url\":\"https:\\\/\\\/www.veracel.com.br\\\/\",\"name\":\"Veracel Celulose\",\"description\":\"Quando crescemos juntos vamos muito mais longe\",\"publisher\":{\"@id\":\"https:\\\/\\\/www.veracel.com.br\\\/#organization\"},\"potentialAction\":[{\"@type\":\"SearchAction\",\"target\":{\"@type\":\"EntryPoint\",\"urlTemplate\":\"https:\\\/\\\/www.veracel.com.br\\\/?s={search_term_string}\"},\"query-input\":{\"@type\":\"PropertyValueSpecification\",\"valueRequired\":true,\"valueName\":\"search_term_string\"}}],\"inLanguage\":\"en-US\"},{\"@type\":\"Organization\",\"@id\":\"https:\\\/\\\/www.veracel.com.br\\\/#organization\",\"name\":\"Veracel Celulose\",\"url\":\"https:\\\/\\\/www.veracel.com.br\\\/\",\"logo\":{\"@type\":\"ImageObject\",\"inLanguage\":\"en-US\",\"@id\":\"https:\\\/\\\/www.veracel.com.br\\\/#\\\/schema\\\/logo\\\/image\\\/\",\"url\":\"https:\\\/\\\/www.veracel.com.br\\\/wp-content\\\/uploads\\\/2024\\\/08\\\/Ativo-1.png\",\"contentUrl\":\"https:\\\/\\\/www.veracel.com.br\\\/wp-content\\\/uploads\\\/2024\\\/08\\\/Ativo-1.png\",\"width\":400,\"height\":121,\"caption\":\"Veracel Celulose\"},\"image\":{\"@id\":\"https:\\\/\\\/www.veracel.com.br\\\/#\\\/schema\\\/logo\\\/image\\\/\"},\"sameAs\":[\"https:\\\/\\\/www.instagram.com\\\/veracelcelulose\",\"https:\\\/\\\/www.linkedin.com\\\/company\\\/veracelcelulose\\\/\",\"https:\\\/\\\/www.youtube.com\\\/user\\\/CanalVeracel\"]}]}<\/script>\n<!-- \/ Yoast SEO Premium plugin. -->","yoast_head_json":{"title":"\u00c1rvores e tecnologia: uma combina\u00e7\u00e3o de sucesso na produ\u00e7\u00e3o de celulose - Veracel Celulose","description":"O Brasil se consolidou como o maior exportador de celulose do mundo, aliando tecnologia e sustentabilidade nas opera\u00e7\u00f5es","robots":{"index":"index","follow":"follow","max-snippet":"max-snippet:-1","max-image-preview":"max-image-preview:large","max-video-preview":"max-video-preview:-1"},"canonical":"https:\/\/www.veracel.com.br\/arvores-e-tecnologia-uma-combinacao-de-sucesso-na-producao-de-celulose\/","og_locale":"en_US","og_type":"article","og_title":"\u00c1rvores e tecnologia: uma combina\u00e7\u00e3o de sucesso na produ\u00e7\u00e3o de celulose","og_description":"O Brasil se consolidou como o maior exportador de celulose do mundo, aliando tecnologia e sustentabilidade nas opera\u00e7\u00f5es","og_url":"https:\/\/www.veracel.com.br\/arvores-e-tecnologia-uma-combinacao-de-sucesso-na-producao-de-celulose\/","og_site_name":"Veracel Celulose","article_published_time":"2023-08-04T19:32:17+00:00","article_modified_time":"2023-08-04T19:39:17+00:00","og_image":[{"width":1200,"height":800,"url":"https:\/\/www.veracel.com.br\/wp-content\/uploads\/2023\/08\/veracel-exportacao-celulose-brasil.jpg","type":"image\/jpeg"}],"author":"saulo","twitter_card":"summary_large_image","twitter_misc":{"Written by":"saulo","Est. reading time":"5 minutes"},"schema":{"@context":"https:\/\/schema.org","@graph":[{"@type":"WebPage","@id":"https:\/\/www.veracel.com.br\/arvores-e-tecnologia-uma-combinacao-de-sucesso-na-producao-de-celulose\/","url":"https:\/\/www.veracel.com.br\/arvores-e-tecnologia-uma-combinacao-de-sucesso-na-producao-de-celulose\/","name":"\u00c1rvores e tecnologia: uma combina\u00e7\u00e3o de sucesso na produ\u00e7\u00e3o de celulose - Veracel Celulose","isPartOf":{"@id":"https:\/\/www.veracel.com.br\/#website"},"primaryImageOfPage":{"@id":"https:\/\/www.veracel.com.br\/arvores-e-tecnologia-uma-combinacao-de-sucesso-na-producao-de-celulose\/#primaryimage"},"image":{"@id":"https:\/\/www.veracel.com.br\/arvores-e-tecnologia-uma-combinacao-de-sucesso-na-producao-de-celulose\/#primaryimage"},"thumbnailUrl":"https:\/\/www.veracel.com.br\/wp-content\/uploads\/2023\/08\/veracel-exportacao-celulose-brasil.jpg","datePublished":"2023-08-04T19:32:17+00:00","dateModified":"2023-08-04T19:39:17+00:00","description":"O Brasil se consolidou como o maior exportador de celulose do mundo, aliando tecnologia e sustentabilidade nas opera\u00e7\u00f5es","breadcrumb":{"@id":"https:\/\/www.veracel.com.br\/arvores-e-tecnologia-uma-combinacao-de-sucesso-na-producao-de-celulose\/#breadcrumb"},"inLanguage":"en-US","potentialAction":[{"@type":"ReadAction","target":["https:\/\/www.veracel.com.br\/arvores-e-tecnologia-uma-combinacao-de-sucesso-na-producao-de-celulose\/"]}]},{"@type":"ImageObject","inLanguage":"en-US","@id":"https:\/\/www.veracel.com.br\/arvores-e-tecnologia-uma-combinacao-de-sucesso-na-producao-de-celulose\/#primaryimage","url":"https:\/\/www.veracel.com.br\/wp-content\/uploads\/2023\/08\/veracel-exportacao-celulose-brasil.jpg","contentUrl":"https:\/\/www.veracel.com.br\/wp-content\/uploads\/2023\/08\/veracel-exportacao-celulose-brasil.jpg","width":1200,"height":800},{"@type":"BreadcrumbList","@id":"https:\/\/www.veracel.com.br\/arvores-e-tecnologia-uma-combinacao-de-sucesso-na-producao-de-celulose\/#breadcrumb","itemListElement":[{"@type":"ListItem","position":1,"name":"Home","item":"https:\/\/www.veracel.com.br\/"},{"@type":"ListItem","position":2,"name":"A Veracel","item":"https:\/\/www.veracel.com.br\/a-veracel\/"},{"@type":"ListItem","position":3,"name":"\u00c1rvores e tecnologia: uma combina\u00e7\u00e3o de sucesso na produ\u00e7\u00e3o de celulose"}]},{"@type":"WebSite","@id":"https:\/\/www.veracel.com.br\/#website","url":"https:\/\/www.veracel.com.br\/","name":"Veracel Celulose","description":"Quando crescemos juntos vamos muito mais longe","publisher":{"@id":"https:\/\/www.veracel.com.br\/#organization"},"potentialAction":[{"@type":"SearchAction","target":{"@type":"EntryPoint","urlTemplate":"https:\/\/www.veracel.com.br\/?s={search_term_string}"},"query-input":{"@type":"PropertyValueSpecification","valueRequired":true,"valueName":"search_term_string"}}],"inLanguage":"en-US"},{"@type":"Organization","@id":"https:\/\/www.veracel.com.br\/#organization","name":"Veracel Celulose","url":"https:\/\/www.veracel.com.br\/","logo":{"@type":"ImageObject","inLanguage":"en-US","@id":"https:\/\/www.veracel.com.br\/#\/schema\/logo\/image\/","url":"https:\/\/www.veracel.com.br\/wp-content\/uploads\/2024\/08\/Ativo-1.png","contentUrl":"https:\/\/www.veracel.com.br\/wp-content\/uploads\/2024\/08\/Ativo-1.png","width":400,"height":121,"caption":"Veracel Celulose"},"image":{"@id":"https:\/\/www.veracel.com.br\/#\/schema\/logo\/image\/"},"sameAs":["https:\/\/www.instagram.com\/veracelcelulose","https:\/\/www.linkedin.com\/company\/veracelcelulose\/","https:\/\/www.youtube.com\/user\/CanalVeracel"]}]}},"_links":{"self":[{"href":"https:\/\/www.veracel.com.br\/en\/wp-json\/wp\/v2\/posts\/31427","targetHints":{"allow":["GET"]}}],"collection":[{"href":"https:\/\/www.veracel.com.br\/en\/wp-json\/wp\/v2\/posts"}],"about":[{"href":"https:\/\/www.veracel.com.br\/en\/wp-json\/wp\/v2\/types\/post"}],"author":[{"embeddable":true,"href":"https:\/\/www.veracel.com.br\/en\/wp-json\/wp\/v2\/users\/2"}],"replies":[{"embeddable":true,"href":"https:\/\/www.veracel.com.br\/en\/wp-json\/wp\/v2\/comments?post=31427"}],"version-history":[{"count":2,"href":"https:\/\/www.veracel.com.br\/en\/wp-json\/wp\/v2\/posts\/31427\/revisions"}],"predecessor-version":[{"id":31431,"href":"https:\/\/www.veracel.com.br\/en\/wp-json\/wp\/v2\/posts\/31427\/revisions\/31431"}],"wp:featuredmedia":[{"embeddable":true,"href":"https:\/\/www.veracel.com.br\/en\/wp-json\/wp\/v2\/media\/31428"}],"wp:attachment":[{"href":"https:\/\/www.veracel.com.br\/en\/wp-json\/wp\/v2\/media?parent=31427"}],"wp:term":[{"taxonomy":"category","embeddable":true,"href":"https:\/\/www.veracel.com.br\/en\/wp-json\/wp\/v2\/categories?post=31427"},{"taxonomy":"post_tag","embeddable":true,"href":"https:\/\/www.veracel.com.br\/en\/wp-json\/wp\/v2\/tags?post=31427"}],"curies":[{"name":"wp","href":"https:\/\/api.w.org\/{rel}","templated":true}]}}