{"id":31521,"date":"2023-08-23T17:36:12","date_gmt":"2023-08-23T20:36:12","guid":{"rendered":"https:\/\/www.veracel.com.br\/?p=31521"},"modified":"2023-08-23T17:45:43","modified_gmt":"2023-08-23T20:45:43","slug":"semana-interna-de-prevencao-de-acidentes-de-trabalho","status":"publish","type":"post","link":"https:\/\/www.veracel.com.br\/en\/semana-interna-de-prevencao-de-acidentes-de-trabalho\/","title":{"rendered":"Semana Interna de Preven\u00e7\u00e3o de Acidentes de Trabalho"},"content":{"rendered":"<p><em>Com o tema \u201cSomos solu\u00e7\u00e3o e, juntos, transforma\u00e7\u00e3o\u201d, a edi\u00e7\u00e3o deste ano traz palestras e momentos de reflex\u00e3o e de descontra\u00e7\u00e3o para tratar de temas relacionados \u00e0 seguran\u00e7a e sa\u00fade com os mais de 3 mil colaboradores da companhia<\/em><\/p>\n<p>&nbsp;<\/p>\n<p>A Veracel Celulose come\u00e7ou dia 21 mais uma edi\u00e7\u00e3o de sua Semana Interna de Preven\u00e7\u00e3o de Acidentes de Trabalho \u2013 a SIPAT. O evento interno segue at\u00e9 o dia 25 de agosto com uma programa\u00e7\u00e3o especial de atividades relacionadas \u00e0 seguran\u00e7a e \u00e0 sa\u00fade. As atividades v\u00e3o envolver todos os colaboradores da companhia, pr\u00f3prios e parceiros, na f\u00e1brica, no escrit\u00f3rio, na Reserva Particular do Patrim\u00f4nio Natural (RPPN) Esta\u00e7\u00e3o Veracel, no N\u00facleo Florestal e no Terminal Mar\u00edtimo de Belmonte.<\/p>\n<p>A SIPAT \u00e9 um momento de reflex\u00f5es para os funcion\u00e1rios da empresa sobre o cuidado consigo mesmo e com o outro, sempre de maneira conectada ao cumprimento de procedimentos e \u00e0 manuten\u00e7\u00e3o de um ambiente de trabalho seguro.<\/p>\n<p>&nbsp;<\/p>\n<h2>Seguran\u00e7a, sa\u00fade e bem-estar para todo o territ\u00f3rio<\/h2>\n<p>\u201cApesar de ser um evento interno, tratar de seguran\u00e7a e sa\u00fade para mais de 3 mil colaboradores envolvidos diretamente na nossa opera\u00e7\u00e3o significa falar para quase 9 mil pessoas que residem em nossa regi\u00e3o, se considerarmos que cada colaborador reside em uma casa com outras tr\u00eas pessoas\u201d, explica Carla Medeiros, atual presidente da CIPA. \u201cPor isso, refor\u00e7ar as premissas de seguran\u00e7a, sa\u00fade e bem-estar da Veracel tem um impacto positivo para todo nosso territ\u00f3rio\u201d, complementa Medeiros.<\/p>\n<p>A companhia realizou a programa\u00e7\u00e3o do evento priorizando os fornecedores locais, de forma alinhada com sua estrat\u00e9gia de apoiar a gera\u00e7\u00e3o de renda e o desenvolvimento do Sul da Bahia.<\/p>\n<p>&nbsp;<\/p>\n<h2>Programa\u00e7\u00e3o de valor<\/h2>\n<p>A SIPAT 2023 ter\u00e1 a \u201cFeira da SIPAT\u201d, evento em que toda a equipe, incluindo colaboradores parceiros, poder\u00e1 checar como est\u00e1 sua sa\u00fade, testar sua percep\u00e7\u00e3o de risco, aprender sobre primeiros socorros e participar de desafios e gincanas em equipe.<\/p>\n<p>Durante a Semana, a Veracel Celulose tamb\u00e9m vai disponibilizar uma plataforma para que os times possam acessar conte\u00fados din\u00e2micos e interativos sobre sa\u00fade, bem-estar e seguran\u00e7a. Al\u00e9m disso, repetindo o sucesso de edi\u00e7\u00f5es anteriores, ser\u00e1 realizado ainda um Concurso de Par\u00f3dias para conscientizar as pessoas sobre esses temas de forma leve e divertida.<\/p>\n<p>Na programa\u00e7\u00e3o da SIPAT est\u00e3o previstas as seguintes palestras: Momento de abertura com a Professora Lucia Helena Galv\u00e3o, trazendo uma reflex\u00e3o sobre o tema \u201cSomos solu\u00e7\u00e3o e, juntos, transforma\u00e7\u00e3o\u201d; \u201cSeguran\u00e7a Psicol\u00f3gica\u201d, com a psic\u00f3loga Michele Pessin, e \u201cSeguran\u00e7a: um compromisso di\u00e1rio e uma responsabilidade de todos\u201d, com o psic\u00f3logo Jivago Macedo. Todas as palestras tamb\u00e9m ser\u00e3o transmitidas de forma online para os funcion\u00e1rios em home office. Na \u00e1rea de colheita, haver\u00e1 interven\u00e7\u00f5es nas atividades da \u00e1rea, organizadas pelo palestrante Julim Soares, com diversos temas relacionados \u00e0 sa\u00fade e seguran\u00e7a.<\/p>\n<p>&nbsp;<\/p>\n<p><a href=\"https:\/\/www.veracel.com.br\/nosso-jeito\/\">Saiba mais sobre o jeito de ser Veracel Celulose.<\/a><\/p>\n<p><a href=\"https:\/\/www.veracel.com.br\/vagas\/\">Quer fazer parte do nosso time? Acesse a p\u00e1gina de carreiras.<\/a><\/p>\n","protected":false},"excerpt":{"rendered":"<p>Com o tema \u201cSomos solu\u00e7\u00e3o e, juntos, transforma\u00e7\u00e3o\u201d, a edi\u00e7\u00e3o deste ano traz palestras e momentos de reflex\u00e3o e de descontra\u00e7\u00e3o para tratar de temas relacionados \u00e0 seguran\u00e7a e sa\u00fade com os mais de 3 mil colaboradores da companhia &nbsp; A Veracel Celulose come\u00e7ou dia 21 mais uma edi\u00e7\u00e3o de sua Semana Interna de Preven\u00e7\u00e3o [&hellip;]<\/p>\n","protected":false},"author":2,"featured_media":31522,"comment_status":"open","ping_status":"open","sticky":false,"template":"","format":"standard","meta":{"_acf_changed":false,"footnotes":"","_links_to":"","_links_to_target":""},"categories":[271,211],"tags":[],"class_list":["post-31521","post","type-post","status-publish","format-standard","has-post-thumbnail","hentry","category-a-veracel","category-noticias"],"acf":[],"yoast_head":"<!-- This site is optimized with the Yoast SEO Premium plugin v26.7 (Yoast SEO v27.4) - https:\/\/yoast.com\/product\/yoast-seo-premium-wordpress\/ -->\n<title>Sa\u00fade, seguran\u00e7a e bem-estar na SIPAT 2023 da Veracel Celulose<\/title>\n<meta name=\"description\" content=\"A SIPAT, Semana Interna de Preven\u00e7\u00e3o de Acidentes de Trabalho da Veracel Celulose 2023 tem o tema \u201cSomos solu\u00e7\u00e3o e, juntos, transforma\u00e7\u00e3o\u201d.\" \/>\n<meta name=\"robots\" content=\"index, follow, max-snippet:-1, max-image-preview:large, max-video-preview:-1\" \/>\n<link rel=\"canonical\" href=\"https:\/\/www.veracel.com.br\/semana-interna-de-prevencao-de-acidentes-de-trabalho\/\" \/>\n<meta property=\"og:locale\" content=\"en_US\" \/>\n<meta property=\"og:type\" content=\"article\" \/>\n<meta property=\"og:title\" content=\"Semana Interna de Preven\u00e7\u00e3o de Acidentes de Trabalho\" \/>\n<meta property=\"og:description\" content=\"A SIPAT, Semana Interna de Preven\u00e7\u00e3o de Acidentes de Trabalho da Veracel Celulose 2023 tem o tema \u201cSomos solu\u00e7\u00e3o e, juntos, transforma\u00e7\u00e3o\u201d.\" \/>\n<meta property=\"og:url\" content=\"https:\/\/www.veracel.com.br\/semana-interna-de-prevencao-de-acidentes-de-trabalho\/\" \/>\n<meta property=\"og:site_name\" content=\"Veracel Celulose\" \/>\n<meta property=\"article:published_time\" content=\"2023-08-23T20:36:12+00:00\" \/>\n<meta property=\"article:modified_time\" content=\"2023-08-23T20:45:43+00:00\" \/>\n<meta property=\"og:image\" content=\"https:\/\/www.veracel.com.br\/wp-content\/uploads\/2023\/08\/sipat-saude-seguranca-veracel-celulose.jpg\" \/>\n\t<meta property=\"og:image:width\" content=\"800\" \/>\n\t<meta property=\"og:image:height\" content=\"533\" \/>\n\t<meta property=\"og:image:type\" content=\"image\/jpeg\" \/>\n<meta name=\"author\" content=\"saulo\" \/>\n<meta name=\"twitter:card\" content=\"summary_large_image\" \/>\n<meta name=\"twitter:label1\" content=\"Written by\" \/>\n\t<meta name=\"twitter:data1\" content=\"saulo\" \/>\n\t<meta name=\"twitter:label2\" content=\"Est. reading time\" \/>\n\t<meta name=\"twitter:data2\" content=\"3 minutes\" \/>\n<script type=\"application\/ld+json\" class=\"yoast-schema-graph\">{\"@context\":\"https:\\\/\\\/schema.org\",\"@graph\":[{\"@type\":\"WebPage\",\"@id\":\"https:\\\/\\\/www.veracel.com.br\\\/semana-interna-de-prevencao-de-acidentes-de-trabalho\\\/\",\"url\":\"https:\\\/\\\/www.veracel.com.br\\\/semana-interna-de-prevencao-de-acidentes-de-trabalho\\\/\",\"name\":\"Sa\u00fade, seguran\u00e7a e bem-estar na SIPAT 2023 da Veracel Celulose\",\"isPartOf\":{\"@id\":\"https:\\\/\\\/www.veracel.com.br\\\/#website\"},\"primaryImageOfPage\":{\"@id\":\"https:\\\/\\\/www.veracel.com.br\\\/semana-interna-de-prevencao-de-acidentes-de-trabalho\\\/#primaryimage\"},\"image\":{\"@id\":\"https:\\\/\\\/www.veracel.com.br\\\/semana-interna-de-prevencao-de-acidentes-de-trabalho\\\/#primaryimage\"},\"thumbnailUrl\":\"https:\\\/\\\/www.veracel.com.br\\\/wp-content\\\/uploads\\\/2023\\\/08\\\/sipat-saude-seguranca-veracel-celulose.jpg\",\"datePublished\":\"2023-08-23T20:36:12+00:00\",\"dateModified\":\"2023-08-23T20:45:43+00:00\",\"description\":\"A SIPAT, Semana Interna de Preven\u00e7\u00e3o de Acidentes de Trabalho da Veracel Celulose 2023 tem o tema \u201cSomos solu\u00e7\u00e3o e, juntos, transforma\u00e7\u00e3o\u201d.\",\"breadcrumb\":{\"@id\":\"https:\\\/\\\/www.veracel.com.br\\\/semana-interna-de-prevencao-de-acidentes-de-trabalho\\\/#breadcrumb\"},\"inLanguage\":\"en-US\",\"potentialAction\":[{\"@type\":\"ReadAction\",\"target\":[\"https:\\\/\\\/www.veracel.com.br\\\/semana-interna-de-prevencao-de-acidentes-de-trabalho\\\/\"]}]},{\"@type\":\"ImageObject\",\"inLanguage\":\"en-US\",\"@id\":\"https:\\\/\\\/www.veracel.com.br\\\/semana-interna-de-prevencao-de-acidentes-de-trabalho\\\/#primaryimage\",\"url\":\"https:\\\/\\\/www.veracel.com.br\\\/wp-content\\\/uploads\\\/2023\\\/08\\\/sipat-saude-seguranca-veracel-celulose.jpg\",\"contentUrl\":\"https:\\\/\\\/www.veracel.com.br\\\/wp-content\\\/uploads\\\/2023\\\/08\\\/sipat-saude-seguranca-veracel-celulose.jpg\",\"width\":800,\"height\":533},{\"@type\":\"BreadcrumbList\",\"@id\":\"https:\\\/\\\/www.veracel.com.br\\\/semana-interna-de-prevencao-de-acidentes-de-trabalho\\\/#breadcrumb\",\"itemListElement\":[{\"@type\":\"ListItem\",\"position\":1,\"name\":\"Home\",\"item\":\"https:\\\/\\\/www.veracel.com.br\\\/\"},{\"@type\":\"ListItem\",\"position\":2,\"name\":\"A Veracel\",\"item\":\"https:\\\/\\\/www.veracel.com.br\\\/a-veracel\\\/\"},{\"@type\":\"ListItem\",\"position\":3,\"name\":\"Semana Interna de Preven\u00e7\u00e3o de Acidentes de Trabalho\"}]},{\"@type\":\"WebSite\",\"@id\":\"https:\\\/\\\/www.veracel.com.br\\\/#website\",\"url\":\"https:\\\/\\\/www.veracel.com.br\\\/\",\"name\":\"Veracel Celulose\",\"description\":\"Quando crescemos juntos vamos muito mais longe\",\"publisher\":{\"@id\":\"https:\\\/\\\/www.veracel.com.br\\\/#organization\"},\"potentialAction\":[{\"@type\":\"SearchAction\",\"target\":{\"@type\":\"EntryPoint\",\"urlTemplate\":\"https:\\\/\\\/www.veracel.com.br\\\/?s={search_term_string}\"},\"query-input\":{\"@type\":\"PropertyValueSpecification\",\"valueRequired\":true,\"valueName\":\"search_term_string\"}}],\"inLanguage\":\"en-US\"},{\"@type\":\"Organization\",\"@id\":\"https:\\\/\\\/www.veracel.com.br\\\/#organization\",\"name\":\"Veracel Celulose\",\"url\":\"https:\\\/\\\/www.veracel.com.br\\\/\",\"logo\":{\"@type\":\"ImageObject\",\"inLanguage\":\"en-US\",\"@id\":\"https:\\\/\\\/www.veracel.com.br\\\/#\\\/schema\\\/logo\\\/image\\\/\",\"url\":\"https:\\\/\\\/www.veracel.com.br\\\/wp-content\\\/uploads\\\/2024\\\/08\\\/Ativo-1.png\",\"contentUrl\":\"https:\\\/\\\/www.veracel.com.br\\\/wp-content\\\/uploads\\\/2024\\\/08\\\/Ativo-1.png\",\"width\":400,\"height\":121,\"caption\":\"Veracel Celulose\"},\"image\":{\"@id\":\"https:\\\/\\\/www.veracel.com.br\\\/#\\\/schema\\\/logo\\\/image\\\/\"},\"sameAs\":[\"https:\\\/\\\/www.instagram.com\\\/veracelcelulose\",\"https:\\\/\\\/www.linkedin.com\\\/company\\\/veracelcelulose\\\/\",\"https:\\\/\\\/www.youtube.com\\\/user\\\/CanalVeracel\"]}]}<\/script>\n<!-- \/ Yoast SEO Premium plugin. -->","yoast_head_json":{"title":"Sa\u00fade, seguran\u00e7a e bem-estar na SIPAT 2023 da Veracel Celulose","description":"A SIPAT, Semana Interna de Preven\u00e7\u00e3o de Acidentes de Trabalho da Veracel Celulose 2023 tem o tema \u201cSomos solu\u00e7\u00e3o e, juntos, transforma\u00e7\u00e3o\u201d.","robots":{"index":"index","follow":"follow","max-snippet":"max-snippet:-1","max-image-preview":"max-image-preview:large","max-video-preview":"max-video-preview:-1"},"canonical":"https:\/\/www.veracel.com.br\/semana-interna-de-prevencao-de-acidentes-de-trabalho\/","og_locale":"en_US","og_type":"article","og_title":"Semana Interna de Preven\u00e7\u00e3o de Acidentes de Trabalho","og_description":"A SIPAT, Semana Interna de Preven\u00e7\u00e3o de Acidentes de Trabalho da Veracel Celulose 2023 tem o tema \u201cSomos solu\u00e7\u00e3o e, juntos, transforma\u00e7\u00e3o\u201d.","og_url":"https:\/\/www.veracel.com.br\/semana-interna-de-prevencao-de-acidentes-de-trabalho\/","og_site_name":"Veracel Celulose","article_published_time":"2023-08-23T20:36:12+00:00","article_modified_time":"2023-08-23T20:45:43+00:00","og_image":[{"width":800,"height":533,"url":"https:\/\/www.veracel.com.br\/wp-content\/uploads\/2023\/08\/sipat-saude-seguranca-veracel-celulose.jpg","type":"image\/jpeg"}],"author":"saulo","twitter_card":"summary_large_image","twitter_misc":{"Written by":"saulo","Est. reading time":"3 minutes"},"schema":{"@context":"https:\/\/schema.org","@graph":[{"@type":"WebPage","@id":"https:\/\/www.veracel.com.br\/semana-interna-de-prevencao-de-acidentes-de-trabalho\/","url":"https:\/\/www.veracel.com.br\/semana-interna-de-prevencao-de-acidentes-de-trabalho\/","name":"Sa\u00fade, seguran\u00e7a e bem-estar na SIPAT 2023 da Veracel Celulose","isPartOf":{"@id":"https:\/\/www.veracel.com.br\/#website"},"primaryImageOfPage":{"@id":"https:\/\/www.veracel.com.br\/semana-interna-de-prevencao-de-acidentes-de-trabalho\/#primaryimage"},"image":{"@id":"https:\/\/www.veracel.com.br\/semana-interna-de-prevencao-de-acidentes-de-trabalho\/#primaryimage"},"thumbnailUrl":"https:\/\/www.veracel.com.br\/wp-content\/uploads\/2023\/08\/sipat-saude-seguranca-veracel-celulose.jpg","datePublished":"2023-08-23T20:36:12+00:00","dateModified":"2023-08-23T20:45:43+00:00","description":"A SIPAT, Semana Interna de Preven\u00e7\u00e3o de Acidentes de Trabalho da Veracel Celulose 2023 tem o tema \u201cSomos solu\u00e7\u00e3o e, juntos, transforma\u00e7\u00e3o\u201d.","breadcrumb":{"@id":"https:\/\/www.veracel.com.br\/semana-interna-de-prevencao-de-acidentes-de-trabalho\/#breadcrumb"},"inLanguage":"en-US","potentialAction":[{"@type":"ReadAction","target":["https:\/\/www.veracel.com.br\/semana-interna-de-prevencao-de-acidentes-de-trabalho\/"]}]},{"@type":"ImageObject","inLanguage":"en-US","@id":"https:\/\/www.veracel.com.br\/semana-interna-de-prevencao-de-acidentes-de-trabalho\/#primaryimage","url":"https:\/\/www.veracel.com.br\/wp-content\/uploads\/2023\/08\/sipat-saude-seguranca-veracel-celulose.jpg","contentUrl":"https:\/\/www.veracel.com.br\/wp-content\/uploads\/2023\/08\/sipat-saude-seguranca-veracel-celulose.jpg","width":800,"height":533},{"@type":"BreadcrumbList","@id":"https:\/\/www.veracel.com.br\/semana-interna-de-prevencao-de-acidentes-de-trabalho\/#breadcrumb","itemListElement":[{"@type":"ListItem","position":1,"name":"Home","item":"https:\/\/www.veracel.com.br\/"},{"@type":"ListItem","position":2,"name":"A Veracel","item":"https:\/\/www.veracel.com.br\/a-veracel\/"},{"@type":"ListItem","position":3,"name":"Semana Interna de Preven\u00e7\u00e3o de Acidentes de Trabalho"}]},{"@type":"WebSite","@id":"https:\/\/www.veracel.com.br\/#website","url":"https:\/\/www.veracel.com.br\/","name":"Veracel Celulose","description":"Quando crescemos juntos vamos muito mais longe","publisher":{"@id":"https:\/\/www.veracel.com.br\/#organization"},"potentialAction":[{"@type":"SearchAction","target":{"@type":"EntryPoint","urlTemplate":"https:\/\/www.veracel.com.br\/?s={search_term_string}"},"query-input":{"@type":"PropertyValueSpecification","valueRequired":true,"valueName":"search_term_string"}}],"inLanguage":"en-US"},{"@type":"Organization","@id":"https:\/\/www.veracel.com.br\/#organization","name":"Veracel Celulose","url":"https:\/\/www.veracel.com.br\/","logo":{"@type":"ImageObject","inLanguage":"en-US","@id":"https:\/\/www.veracel.com.br\/#\/schema\/logo\/image\/","url":"https:\/\/www.veracel.com.br\/wp-content\/uploads\/2024\/08\/Ativo-1.png","contentUrl":"https:\/\/www.veracel.com.br\/wp-content\/uploads\/2024\/08\/Ativo-1.png","width":400,"height":121,"caption":"Veracel Celulose"},"image":{"@id":"https:\/\/www.veracel.com.br\/#\/schema\/logo\/image\/"},"sameAs":["https:\/\/www.instagram.com\/veracelcelulose","https:\/\/www.linkedin.com\/company\/veracelcelulose\/","https:\/\/www.youtube.com\/user\/CanalVeracel"]}]}},"_links":{"self":[{"href":"https:\/\/www.veracel.com.br\/en\/wp-json\/wp\/v2\/posts\/31521","targetHints":{"allow":["GET"]}}],"collection":[{"href":"https:\/\/www.veracel.com.br\/en\/wp-json\/wp\/v2\/posts"}],"about":[{"href":"https:\/\/www.veracel.com.br\/en\/wp-json\/wp\/v2\/types\/post"}],"author":[{"embeddable":true,"href":"https:\/\/www.veracel.com.br\/en\/wp-json\/wp\/v2\/users\/2"}],"replies":[{"embeddable":true,"href":"https:\/\/www.veracel.com.br\/en\/wp-json\/wp\/v2\/comments?post=31521"}],"version-history":[{"count":3,"href":"https:\/\/www.veracel.com.br\/en\/wp-json\/wp\/v2\/posts\/31521\/revisions"}],"predecessor-version":[{"id":31528,"href":"https:\/\/www.veracel.com.br\/en\/wp-json\/wp\/v2\/posts\/31521\/revisions\/31528"}],"wp:featuredmedia":[{"embeddable":true,"href":"https:\/\/www.veracel.com.br\/en\/wp-json\/wp\/v2\/media\/31522"}],"wp:attachment":[{"href":"https:\/\/www.veracel.com.br\/en\/wp-json\/wp\/v2\/media?parent=31521"}],"wp:term":[{"taxonomy":"category","embeddable":true,"href":"https:\/\/www.veracel.com.br\/en\/wp-json\/wp\/v2\/categories?post=31521"},{"taxonomy":"post_tag","embeddable":true,"href":"https:\/\/www.veracel.com.br\/en\/wp-json\/wp\/v2\/tags?post=31521"}],"curies":[{"name":"wp","href":"https:\/\/api.w.org\/{rel}","templated":true}]}}