{"id":31714,"date":"2023-09-18T11:50:07","date_gmt":"2023-09-18T14:50:07","guid":{"rendered":"https:\/\/www.veracel.com.br\/?p=31714"},"modified":"2023-09-18T11:58:05","modified_gmt":"2023-09-18T14:58:05","slug":"seguranca-no-transito-veracel-reforca-cuidados-com-motoristas","status":"publish","type":"post","link":"https:\/\/www.veracel.com.br\/en\/seguranca-no-transito-veracel-reforca-cuidados-com-motoristas\/","title":{"rendered":"Seguran\u00e7a no tr\u00e2nsito: Veracel refor\u00e7a cuidados com motoristas\u00a0"},"content":{"rendered":"<p><i>Companhia realiza a Semana Nacional do Tr\u00e2nsito para refor\u00e7ar os cuidados com a seguran\u00e7a e destacar as iniciativas da empresa para a prote\u00e7\u00e3o dos condutores que atuam pela companhia<\/i><\/p>\n<p>&nbsp;<\/p>\n<p>S\u00e1bado (16), foi comemorado o Dia Nacional do Caminhoneiro e, a partir de hoje, segunda (18), a Veracel Celulose iniciar\u00e1 uma semana de atividades voltadas \u00e0 tem\u00e1tica de seguran\u00e7a no tr\u00e2nsito, premissa t\u00e3o importante para estes profissionais. A Semana Nacional do Tr\u00e2nsito \u00e9 uma iniciativa do governo federal e serve como ponto de reflex\u00e3o para a pr\u00e1tica de boas condutas no tr\u00e2nsito. Seguindo a campanha nacional, a Veracel adota como mensagem \u201cNo tr\u00e2nsito, escolha a vida!\u201d em ativa\u00e7\u00f5es com os motoristas at\u00e9 o dia 22 de setembro.<\/p>\n<p>As atividades propostas pela empresa envolvem di\u00e1logos sobre seguran\u00e7a e palestras com os funcion\u00e1rios e as empresas parceiras da companhia para a sensibiliza\u00e7\u00e3o e o engajamento do tema. Os conte\u00fados ser\u00e3o comunicados de forma f\u00edsica e digital nos canais internos da empresa nas regi\u00f5es onde atua, no sul da Bahia e no norte de Minas Gerais.<\/p>\n<p>\u201cDentro da Veracel Celulose, o conceito de seguran\u00e7a \u00e9 um valor que nos guia desde a execu\u00e7\u00e3o de tarefas mais simples at\u00e9 os servi\u00e7os mais complexos. No que diz respeito ao tr\u00e2nsito, buscamos realizar a\u00e7\u00f5es de preven\u00e7\u00e3o que apoiem os motoristas a buscar cada vez mais seguran\u00e7a em suas viagens\u201d, comenta Alberto Nascimento, coordenador de Log\u00edstica de Madeira da companhia.<u><\/u><u><\/u><\/p>\n<p>Uma das iniciativas da empresa para a seguran\u00e7a nas estradas \u00e9 o monitoramento em tempo real de todos os ve\u00edculos de sua frota. Atualmente, a Veracel possui 116 ve\u00edculos leves e 170 carretas que transportam madeira e celulose. O sistema de monitoramento alerta os motoristas sobre limites de velocidade e, caso esteja acima do permitido, a ferramenta avisa o condutor e as centrais de monitoramento, que operam 24 horas por dia.<\/p>\n<p>Al\u00e9m dessa iniciativa, a Veracel Celulose tamb\u00e9m adota um sistema com c\u00e2meras que permite identificar remotamente poss\u00edveis sinais de fadiga nos condutores. Caso seja identificado qualquer sinal de cansa\u00e7o pelas express\u00f5es faciais do condutor, um alerta sonoro \u00e9 emitido para dentro do ve\u00edculo e para a central de monitoramento da empresa de transporte. Com isso, o motorista \u00e9 acionado por celular ou r\u00e1dio, sendo orientado a parar o ve\u00edculo em local seguro, relatar como est\u00e1 se sentindo, realizar alongamentos ou descansar por um per\u00edodo.<\/p>\n<p>Outra frente de atua\u00e7\u00e3o da Veracel para a preven\u00e7\u00e3o de acidentes s\u00e3o os treinamentos realizados com os condutores para orienta\u00e7\u00f5es de dire\u00e7\u00e3o segura, al\u00e9m de trabalhar com um rotograma que alerta em tempo real sobre os pontos de aten\u00e7\u00e3o de cada rota.<\/p>\n<p>\u201cA Semana Nacional do Tr\u00e2nsito \u00e9 uma oportunidade importante para refor\u00e7armos essas iniciativas e demais orienta\u00e7\u00f5es de apoio que agregam valor e seguran\u00e7a ao dia a dia dos motoristas\u201d, finaliza Nascimento.<\/p>\n<p>&nbsp;<\/p>\n<p><a href=\"https:\/\/www.veracel.com.br\/sustentabilidade\/operacoes-sustentaveis\/\">Saiba mais sobre as opera\u00e7\u00f5es sustent\u00e1veis da Veracel Celulose<\/a><\/p>\n","protected":false},"excerpt":{"rendered":"<p>Companhia realiza a Semana Nacional do Tr\u00e2nsito para refor\u00e7ar os cuidados com a seguran\u00e7a e destacar as iniciativas da empresa para a prote\u00e7\u00e3o dos condutores que atuam pela companhia &nbsp; S\u00e1bado (16), foi comemorado o Dia Nacional do Caminhoneiro e, a partir de hoje, segunda (18), a Veracel Celulose iniciar\u00e1 uma semana de atividades voltadas [&hellip;]<\/p>\n","protected":false},"author":2,"featured_media":31715,"comment_status":"open","ping_status":"open","sticky":false,"template":"","format":"standard","meta":{"_acf_changed":false,"footnotes":"","_links_to":"","_links_to_target":""},"categories":[271,211],"tags":[],"class_list":["post-31714","post","type-post","status-publish","format-standard","has-post-thumbnail","hentry","category-a-veracel","category-noticias"],"acf":[],"yoast_head":"<!-- This site is optimized with the Yoast SEO Premium plugin v26.7 (Yoast SEO v27.4) - https:\/\/yoast.com\/product\/yoast-seo-premium-wordpress\/ -->\n<title>Seguran\u00e7a no tr\u00e2nsito: Veracel refor\u00e7a cuidados com motoristas\u00a0<\/title>\n<meta name=\"description\" content=\"Veracel realiza a Semana Nacional do Tr\u00e2nsito para refor\u00e7ar os cuidados com a seguran\u00e7a e as iniciativas para prote\u00e7\u00e3o dos condutores\" \/>\n<meta name=\"robots\" content=\"index, follow, max-snippet:-1, max-image-preview:large, max-video-preview:-1\" \/>\n<link rel=\"canonical\" href=\"https:\/\/www.veracel.com.br\/seguranca-no-transito-veracel-reforca-cuidados-com-motoristas\/\" \/>\n<meta property=\"og:locale\" content=\"en_US\" \/>\n<meta property=\"og:type\" content=\"article\" \/>\n<meta property=\"og:title\" content=\"Seguran\u00e7a no tr\u00e2nsito: Veracel refor\u00e7a cuidados com motoristas\u00a0\" \/>\n<meta property=\"og:description\" content=\"Veracel realiza a Semana Nacional do Tr\u00e2nsito para refor\u00e7ar os cuidados com a seguran\u00e7a e as iniciativas para prote\u00e7\u00e3o dos condutores\" \/>\n<meta property=\"og:url\" content=\"https:\/\/www.veracel.com.br\/seguranca-no-transito-veracel-reforca-cuidados-com-motoristas\/\" \/>\n<meta property=\"og:site_name\" content=\"Veracel Celulose\" \/>\n<meta property=\"article:published_time\" content=\"2023-09-18T14:50:07+00:00\" \/>\n<meta property=\"article:modified_time\" content=\"2023-09-18T14:58:05+00:00\" \/>\n<meta property=\"og:image\" content=\"https:\/\/www.veracel.com.br\/wp-content\/uploads\/2023\/09\/semana-nacional-do-transito-veracel.png\" \/>\n\t<meta property=\"og:image:width\" content=\"434\" \/>\n\t<meta property=\"og:image:height\" content=\"289\" \/>\n\t<meta property=\"og:image:type\" content=\"image\/png\" \/>\n<meta name=\"author\" content=\"saulo\" \/>\n<meta name=\"twitter:card\" content=\"summary_large_image\" \/>\n<meta name=\"twitter:label1\" content=\"Written by\" \/>\n\t<meta name=\"twitter:data1\" content=\"saulo\" \/>\n\t<meta name=\"twitter:label2\" content=\"Est. reading time\" \/>\n\t<meta name=\"twitter:data2\" content=\"3 minutes\" \/>\n<script type=\"application\/ld+json\" class=\"yoast-schema-graph\">{\"@context\":\"https:\\\/\\\/schema.org\",\"@graph\":[{\"@type\":\"WebPage\",\"@id\":\"https:\\\/\\\/www.veracel.com.br\\\/seguranca-no-transito-veracel-reforca-cuidados-com-motoristas\\\/\",\"url\":\"https:\\\/\\\/www.veracel.com.br\\\/seguranca-no-transito-veracel-reforca-cuidados-com-motoristas\\\/\",\"name\":\"Seguran\u00e7a no tr\u00e2nsito: Veracel refor\u00e7a cuidados com motoristas\u00a0\",\"isPartOf\":{\"@id\":\"https:\\\/\\\/www.veracel.com.br\\\/#website\"},\"primaryImageOfPage\":{\"@id\":\"https:\\\/\\\/www.veracel.com.br\\\/seguranca-no-transito-veracel-reforca-cuidados-com-motoristas\\\/#primaryimage\"},\"image\":{\"@id\":\"https:\\\/\\\/www.veracel.com.br\\\/seguranca-no-transito-veracel-reforca-cuidados-com-motoristas\\\/#primaryimage\"},\"thumbnailUrl\":\"https:\\\/\\\/www.veracel.com.br\\\/wp-content\\\/uploads\\\/2023\\\/09\\\/semana-nacional-do-transito-veracel.png\",\"datePublished\":\"2023-09-18T14:50:07+00:00\",\"dateModified\":\"2023-09-18T14:58:05+00:00\",\"description\":\"Veracel realiza a Semana Nacional do Tr\u00e2nsito para refor\u00e7ar os cuidados com a seguran\u00e7a e as iniciativas para prote\u00e7\u00e3o dos condutores\",\"breadcrumb\":{\"@id\":\"https:\\\/\\\/www.veracel.com.br\\\/seguranca-no-transito-veracel-reforca-cuidados-com-motoristas\\\/#breadcrumb\"},\"inLanguage\":\"en-US\",\"potentialAction\":[{\"@type\":\"ReadAction\",\"target\":[\"https:\\\/\\\/www.veracel.com.br\\\/seguranca-no-transito-veracel-reforca-cuidados-com-motoristas\\\/\"]}]},{\"@type\":\"ImageObject\",\"inLanguage\":\"en-US\",\"@id\":\"https:\\\/\\\/www.veracel.com.br\\\/seguranca-no-transito-veracel-reforca-cuidados-com-motoristas\\\/#primaryimage\",\"url\":\"https:\\\/\\\/www.veracel.com.br\\\/wp-content\\\/uploads\\\/2023\\\/09\\\/semana-nacional-do-transito-veracel.png\",\"contentUrl\":\"https:\\\/\\\/www.veracel.com.br\\\/wp-content\\\/uploads\\\/2023\\\/09\\\/semana-nacional-do-transito-veracel.png\",\"width\":434,\"height\":289},{\"@type\":\"BreadcrumbList\",\"@id\":\"https:\\\/\\\/www.veracel.com.br\\\/seguranca-no-transito-veracel-reforca-cuidados-com-motoristas\\\/#breadcrumb\",\"itemListElement\":[{\"@type\":\"ListItem\",\"position\":1,\"name\":\"Home\",\"item\":\"https:\\\/\\\/www.veracel.com.br\\\/\"},{\"@type\":\"ListItem\",\"position\":2,\"name\":\"A Veracel\",\"item\":\"https:\\\/\\\/www.veracel.com.br\\\/a-veracel\\\/\"},{\"@type\":\"ListItem\",\"position\":3,\"name\":\"Seguran\u00e7a no tr\u00e2nsito: Veracel refor\u00e7a cuidados com motoristas\u00a0\"}]},{\"@type\":\"WebSite\",\"@id\":\"https:\\\/\\\/www.veracel.com.br\\\/#website\",\"url\":\"https:\\\/\\\/www.veracel.com.br\\\/\",\"name\":\"Veracel Celulose\",\"description\":\"Quando crescemos juntos vamos muito mais longe\",\"publisher\":{\"@id\":\"https:\\\/\\\/www.veracel.com.br\\\/#organization\"},\"potentialAction\":[{\"@type\":\"SearchAction\",\"target\":{\"@type\":\"EntryPoint\",\"urlTemplate\":\"https:\\\/\\\/www.veracel.com.br\\\/?s={search_term_string}\"},\"query-input\":{\"@type\":\"PropertyValueSpecification\",\"valueRequired\":true,\"valueName\":\"search_term_string\"}}],\"inLanguage\":\"en-US\"},{\"@type\":\"Organization\",\"@id\":\"https:\\\/\\\/www.veracel.com.br\\\/#organization\",\"name\":\"Veracel Celulose\",\"url\":\"https:\\\/\\\/www.veracel.com.br\\\/\",\"logo\":{\"@type\":\"ImageObject\",\"inLanguage\":\"en-US\",\"@id\":\"https:\\\/\\\/www.veracel.com.br\\\/#\\\/schema\\\/logo\\\/image\\\/\",\"url\":\"https:\\\/\\\/www.veracel.com.br\\\/wp-content\\\/uploads\\\/2024\\\/08\\\/Ativo-1.png\",\"contentUrl\":\"https:\\\/\\\/www.veracel.com.br\\\/wp-content\\\/uploads\\\/2024\\\/08\\\/Ativo-1.png\",\"width\":400,\"height\":121,\"caption\":\"Veracel Celulose\"},\"image\":{\"@id\":\"https:\\\/\\\/www.veracel.com.br\\\/#\\\/schema\\\/logo\\\/image\\\/\"},\"sameAs\":[\"https:\\\/\\\/www.instagram.com\\\/veracelcelulose\",\"https:\\\/\\\/www.linkedin.com\\\/company\\\/veracelcelulose\\\/\",\"https:\\\/\\\/www.youtube.com\\\/user\\\/CanalVeracel\"]}]}<\/script>\n<!-- \/ Yoast SEO Premium plugin. -->","yoast_head_json":{"title":"Seguran\u00e7a no tr\u00e2nsito: Veracel refor\u00e7a cuidados com motoristas\u00a0","description":"Veracel realiza a Semana Nacional do Tr\u00e2nsito para refor\u00e7ar os cuidados com a seguran\u00e7a e as iniciativas para prote\u00e7\u00e3o dos condutores","robots":{"index":"index","follow":"follow","max-snippet":"max-snippet:-1","max-image-preview":"max-image-preview:large","max-video-preview":"max-video-preview:-1"},"canonical":"https:\/\/www.veracel.com.br\/seguranca-no-transito-veracel-reforca-cuidados-com-motoristas\/","og_locale":"en_US","og_type":"article","og_title":"Seguran\u00e7a no tr\u00e2nsito: Veracel refor\u00e7a cuidados com motoristas\u00a0","og_description":"Veracel realiza a Semana Nacional do Tr\u00e2nsito para refor\u00e7ar os cuidados com a seguran\u00e7a e as iniciativas para prote\u00e7\u00e3o dos condutores","og_url":"https:\/\/www.veracel.com.br\/seguranca-no-transito-veracel-reforca-cuidados-com-motoristas\/","og_site_name":"Veracel Celulose","article_published_time":"2023-09-18T14:50:07+00:00","article_modified_time":"2023-09-18T14:58:05+00:00","og_image":[{"width":434,"height":289,"url":"https:\/\/www.veracel.com.br\/wp-content\/uploads\/2023\/09\/semana-nacional-do-transito-veracel.png","type":"image\/png"}],"author":"saulo","twitter_card":"summary_large_image","twitter_misc":{"Written by":"saulo","Est. reading time":"3 minutes"},"schema":{"@context":"https:\/\/schema.org","@graph":[{"@type":"WebPage","@id":"https:\/\/www.veracel.com.br\/seguranca-no-transito-veracel-reforca-cuidados-com-motoristas\/","url":"https:\/\/www.veracel.com.br\/seguranca-no-transito-veracel-reforca-cuidados-com-motoristas\/","name":"Seguran\u00e7a no tr\u00e2nsito: Veracel refor\u00e7a cuidados com motoristas\u00a0","isPartOf":{"@id":"https:\/\/www.veracel.com.br\/#website"},"primaryImageOfPage":{"@id":"https:\/\/www.veracel.com.br\/seguranca-no-transito-veracel-reforca-cuidados-com-motoristas\/#primaryimage"},"image":{"@id":"https:\/\/www.veracel.com.br\/seguranca-no-transito-veracel-reforca-cuidados-com-motoristas\/#primaryimage"},"thumbnailUrl":"https:\/\/www.veracel.com.br\/wp-content\/uploads\/2023\/09\/semana-nacional-do-transito-veracel.png","datePublished":"2023-09-18T14:50:07+00:00","dateModified":"2023-09-18T14:58:05+00:00","description":"Veracel realiza a Semana Nacional do Tr\u00e2nsito para refor\u00e7ar os cuidados com a seguran\u00e7a e as iniciativas para prote\u00e7\u00e3o dos condutores","breadcrumb":{"@id":"https:\/\/www.veracel.com.br\/seguranca-no-transito-veracel-reforca-cuidados-com-motoristas\/#breadcrumb"},"inLanguage":"en-US","potentialAction":[{"@type":"ReadAction","target":["https:\/\/www.veracel.com.br\/seguranca-no-transito-veracel-reforca-cuidados-com-motoristas\/"]}]},{"@type":"ImageObject","inLanguage":"en-US","@id":"https:\/\/www.veracel.com.br\/seguranca-no-transito-veracel-reforca-cuidados-com-motoristas\/#primaryimage","url":"https:\/\/www.veracel.com.br\/wp-content\/uploads\/2023\/09\/semana-nacional-do-transito-veracel.png","contentUrl":"https:\/\/www.veracel.com.br\/wp-content\/uploads\/2023\/09\/semana-nacional-do-transito-veracel.png","width":434,"height":289},{"@type":"BreadcrumbList","@id":"https:\/\/www.veracel.com.br\/seguranca-no-transito-veracel-reforca-cuidados-com-motoristas\/#breadcrumb","itemListElement":[{"@type":"ListItem","position":1,"name":"Home","item":"https:\/\/www.veracel.com.br\/"},{"@type":"ListItem","position":2,"name":"A Veracel","item":"https:\/\/www.veracel.com.br\/a-veracel\/"},{"@type":"ListItem","position":3,"name":"Seguran\u00e7a no tr\u00e2nsito: Veracel refor\u00e7a cuidados com motoristas\u00a0"}]},{"@type":"WebSite","@id":"https:\/\/www.veracel.com.br\/#website","url":"https:\/\/www.veracel.com.br\/","name":"Veracel Celulose","description":"Quando crescemos juntos vamos muito mais longe","publisher":{"@id":"https:\/\/www.veracel.com.br\/#organization"},"potentialAction":[{"@type":"SearchAction","target":{"@type":"EntryPoint","urlTemplate":"https:\/\/www.veracel.com.br\/?s={search_term_string}"},"query-input":{"@type":"PropertyValueSpecification","valueRequired":true,"valueName":"search_term_string"}}],"inLanguage":"en-US"},{"@type":"Organization","@id":"https:\/\/www.veracel.com.br\/#organization","name":"Veracel Celulose","url":"https:\/\/www.veracel.com.br\/","logo":{"@type":"ImageObject","inLanguage":"en-US","@id":"https:\/\/www.veracel.com.br\/#\/schema\/logo\/image\/","url":"https:\/\/www.veracel.com.br\/wp-content\/uploads\/2024\/08\/Ativo-1.png","contentUrl":"https:\/\/www.veracel.com.br\/wp-content\/uploads\/2024\/08\/Ativo-1.png","width":400,"height":121,"caption":"Veracel Celulose"},"image":{"@id":"https:\/\/www.veracel.com.br\/#\/schema\/logo\/image\/"},"sameAs":["https:\/\/www.instagram.com\/veracelcelulose","https:\/\/www.linkedin.com\/company\/veracelcelulose\/","https:\/\/www.youtube.com\/user\/CanalVeracel"]}]}},"_links":{"self":[{"href":"https:\/\/www.veracel.com.br\/en\/wp-json\/wp\/v2\/posts\/31714","targetHints":{"allow":["GET"]}}],"collection":[{"href":"https:\/\/www.veracel.com.br\/en\/wp-json\/wp\/v2\/posts"}],"about":[{"href":"https:\/\/www.veracel.com.br\/en\/wp-json\/wp\/v2\/types\/post"}],"author":[{"embeddable":true,"href":"https:\/\/www.veracel.com.br\/en\/wp-json\/wp\/v2\/users\/2"}],"replies":[{"embeddable":true,"href":"https:\/\/www.veracel.com.br\/en\/wp-json\/wp\/v2\/comments?post=31714"}],"version-history":[{"count":3,"href":"https:\/\/www.veracel.com.br\/en\/wp-json\/wp\/v2\/posts\/31714\/revisions"}],"predecessor-version":[{"id":31721,"href":"https:\/\/www.veracel.com.br\/en\/wp-json\/wp\/v2\/posts\/31714\/revisions\/31721"}],"wp:featuredmedia":[{"embeddable":true,"href":"https:\/\/www.veracel.com.br\/en\/wp-json\/wp\/v2\/media\/31715"}],"wp:attachment":[{"href":"https:\/\/www.veracel.com.br\/en\/wp-json\/wp\/v2\/media?parent=31714"}],"wp:term":[{"taxonomy":"category","embeddable":true,"href":"https:\/\/www.veracel.com.br\/en\/wp-json\/wp\/v2\/categories?post=31714"},{"taxonomy":"post_tag","embeddable":true,"href":"https:\/\/www.veracel.com.br\/en\/wp-json\/wp\/v2\/tags?post=31714"}],"curies":[{"name":"wp","href":"https:\/\/api.w.org\/{rel}","templated":true}]}}