{"id":31763,"date":"2023-09-22T17:24:31","date_gmt":"2023-09-22T20:24:31","guid":{"rendered":"https:\/\/www.veracel.com.br\/?p=31763"},"modified":"2023-09-27T17:28:20","modified_gmt":"2023-09-27T20:28:20","slug":"veracel-lanca-um-canal-de-denuncias-para-o-combate-a-violencia-contra-a-mulher","status":"publish","type":"post","link":"https:\/\/www.veracel.com.br\/en\/veracel-lanca-um-canal-de-denuncias-para-o-combate-a-violencia-contra-a-mulher\/","title":{"rendered":"Veracel lan\u00e7a um Canal de Den\u00fancias para o combate \u00e0 viol\u00eancia contra a mulher"},"content":{"rendered":"<p><em>O lan\u00e7amento do canal interno faz parte das iniciativas da companhia no combate \u00e0 misoginia e a qualquer tipo de viol\u00eancia contra a mulher<\/em><\/p>\n<p>A Veracel Celulose acaba de lan\u00e7ar um canal interno de den\u00fancias voltado exclusivamente para o combate \u00e0 viol\u00eancia contra a mulher. O atendimento ser\u00e1 feito por uma equipe feminina especializada em oferecer acolhimento \u00e0s mulheres e na atua\u00e7\u00e3o imediata no combate a qualquer forma de ass\u00e9dio no local de trabalho.<\/p>\n<p>Segundo dados da Organiza\u00e7\u00e3o Mundial da Sa\u00fade (OMS), a taxa mundial de viol\u00eancia contra a mulher \u00e9 de 27%, ou seja, quase um ter\u00e7o da popula\u00e7\u00e3o feminina \u00e9 v\u00edtima de algum tipo de viol\u00eancia. No Brasil, esse n\u00famero sobe para 33,4%, superando a m\u00e9dia de outros pa\u00edses.<\/p>\n<p>\u201cA Veracel Celulose est\u00e1 comprometida em fazer parte do processo de mudan\u00e7a deste cen\u00e1rio com a promo\u00e7\u00e3o de um ambiente de trabalho cada vez mais seguro, inclusivo e respeitoso para todas as nossas pessoas. Este novo canal demonstra nosso desejo de acolher, ouvir e agir em rela\u00e7\u00e3o a quaisquer preocupa\u00e7\u00f5es relacionadas ao ass\u00e9dio dentro de nossa corpora\u00e7\u00e3o\u201d, destaca Anderson Pinho, gerente de Compliance da empresa.<\/p>\n<p>&nbsp;<\/p>\n<h2>Iniciativas em prol da equidade de g\u00eanero<\/h2>\n<p>Por meio do novo canal, a empresa garante a op\u00e7\u00e3o pela confidencialidade das den\u00fancias, um processo de investiga\u00e7\u00e3o justo e imparcial, a prote\u00e7\u00e3o contra retalia\u00e7\u00f5es e o acesso f\u00e1cil para a realiza\u00e7\u00e3o dos contatos, que poder\u00e3o ser feitos por telefone ou por meio de uma plataforma interna exclusiva. O canal est\u00e1 \u00e0 disposi\u00e7\u00e3o tamb\u00e9m para as colaboradoras de empresas parceiras.<\/p>\n<p>A Veracel \u00e9 signat\u00e1ria da Coaliz\u00e3o Empresarial pelo Fim da Viol\u00eancia Contra Mulheres, uma iniciativa colaborativa de mobiliza\u00e7\u00e3o e atua\u00e7\u00e3o, realizada em conjunto por diversas empresas de todo o Brasil, com o prop\u00f3sito de acolher e resgatar mulheres e meninas em situa\u00e7\u00e3o de viol\u00eancia, por meio da preven\u00e7\u00e3o e do cuidado dentro e fora das organiza\u00e7\u00f5es.<\/p>\n<p>&nbsp;<\/p>\n<h2>Educa\u00e7\u00e3o e preven\u00e7\u00e3o: \u00e9tica e respeito como cultura corporativa<\/h2>\n<p>A Veracel Celulose tamb\u00e9m investe em programas de educa\u00e7\u00e3o e conscientiza\u00e7\u00e3o para prevenir o ass\u00e9dio e promover um ambiente de respeito. Um exemplo dessas iniciativas \u00e9 a Semana da Boa Conduta, um evento interno com palestras e ativa\u00e7\u00f5es relacionadas ao C\u00f3digo de Conduta da companhia e \u00e0 \u00e9tica, pilar fundamental de atua\u00e7\u00e3o da empresa.<\/p>\n<p>As atividades promovidas na edi\u00e7\u00e3o deste ano do evento envolveram todos os colaboradores, pr\u00f3prios e parceiros, na f\u00e1brica, no escrit\u00f3rio, na Reserva Particular do Patrim\u00f4nio Natural (RPPN) Esta\u00e7\u00e3o Veracel, no N\u00facleo Florestal e no Terminal Mar\u00edtimo de Belmonte.<\/p>\n<p>&nbsp;<\/p>\n<p><a href=\"https:\/\/www.veracel.com.br\/boa-conduta\/\">Confira nossa p\u00e1gina com informa\u00e7\u00f5es sobre o Nosso Jeito, dentro de fora da empresa.<\/a><\/p>\n<p><a href=\"https:\/\/www.veracel.com.br\/nosso-jeito\/\">Saiba mais sobre o nosso prop\u00f3sito e como levamos celulose da Bahia para o Mundo com sustentabilidade.<\/a><\/p>\n<p>&nbsp;<\/p>\n","protected":false},"excerpt":{"rendered":"<p>O lan\u00e7amento do canal interno faz parte das iniciativas da companhia no combate \u00e0 misoginia e a qualquer tipo de viol\u00eancia contra a mulher A Veracel Celulose acaba de lan\u00e7ar um canal interno de den\u00fancias voltado exclusivamente para o combate \u00e0 viol\u00eancia contra a mulher. O atendimento ser\u00e1 feito por uma equipe feminina especializada em [&hellip;]<\/p>\n","protected":false},"author":2,"featured_media":31764,"comment_status":"open","ping_status":"open","sticky":false,"template":"","format":"standard","meta":{"_acf_changed":false,"footnotes":"","_links_to":"","_links_to_target":""},"categories":[271,211],"tags":[],"class_list":["post-31763","post","type-post","status-publish","format-standard","has-post-thumbnail","hentry","category-a-veracel","category-noticias"],"acf":[],"yoast_head":"<!-- This site is optimized with the Yoast SEO Premium plugin v26.7 (Yoast SEO v27.4) - https:\/\/yoast.com\/product\/yoast-seo-premium-wordpress\/ -->\n<title>Combate \u00e0 Viol\u00eancia contra a Mulher na Veracel Celulose<\/title>\n<meta name=\"description\" content=\"Veracel Celulose lan\u00e7a canal de den\u00fancias exclusivo contra misoginia e a qualquer tipo de viol\u00eancia contra a mulher\" \/>\n<meta name=\"robots\" content=\"index, follow, max-snippet:-1, max-image-preview:large, max-video-preview:-1\" \/>\n<link rel=\"canonical\" href=\"https:\/\/www.veracel.com.br\/veracel-lanca-um-canal-de-denuncias-para-o-combate-a-violencia-contra-a-mulher\/\" \/>\n<meta property=\"og:locale\" content=\"en_US\" \/>\n<meta property=\"og:type\" content=\"article\" \/>\n<meta property=\"og:title\" content=\"Veracel lan\u00e7a um Canal de Den\u00fancias para o combate \u00e0 viol\u00eancia contra a mulher\" \/>\n<meta property=\"og:description\" content=\"Veracel Celulose lan\u00e7a canal de den\u00fancias exclusivo contra misoginia e a qualquer tipo de viol\u00eancia contra a mulher\" \/>\n<meta property=\"og:url\" content=\"https:\/\/www.veracel.com.br\/veracel-lanca-um-canal-de-denuncias-para-o-combate-a-violencia-contra-a-mulher\/\" \/>\n<meta property=\"og:site_name\" content=\"Veracel Celulose\" \/>\n<meta property=\"article:published_time\" content=\"2023-09-22T20:24:31+00:00\" \/>\n<meta property=\"article:modified_time\" content=\"2023-09-27T20:28:20+00:00\" \/>\n<meta property=\"og:image\" content=\"https:\/\/www.veracel.com.br\/wp-content\/uploads\/2023\/09\/combate-violencia-mulher-veracel.jpg\" \/>\n\t<meta property=\"og:image:width\" content=\"800\" \/>\n\t<meta property=\"og:image:height\" content=\"450\" \/>\n\t<meta property=\"og:image:type\" content=\"image\/jpeg\" \/>\n<meta name=\"author\" content=\"saulo\" \/>\n<meta name=\"twitter:card\" content=\"summary_large_image\" \/>\n<meta name=\"twitter:label1\" content=\"Written by\" \/>\n\t<meta name=\"twitter:data1\" content=\"saulo\" \/>\n\t<meta name=\"twitter:label2\" content=\"Est. reading time\" \/>\n\t<meta name=\"twitter:data2\" content=\"3 minutes\" \/>\n<script type=\"application\/ld+json\" class=\"yoast-schema-graph\">{\"@context\":\"https:\\\/\\\/schema.org\",\"@graph\":[{\"@type\":\"WebPage\",\"@id\":\"https:\\\/\\\/www.veracel.com.br\\\/veracel-lanca-um-canal-de-denuncias-para-o-combate-a-violencia-contra-a-mulher\\\/\",\"url\":\"https:\\\/\\\/www.veracel.com.br\\\/veracel-lanca-um-canal-de-denuncias-para-o-combate-a-violencia-contra-a-mulher\\\/\",\"name\":\"Combate \u00e0 Viol\u00eancia contra a Mulher na Veracel Celulose\",\"isPartOf\":{\"@id\":\"https:\\\/\\\/www.veracel.com.br\\\/#website\"},\"primaryImageOfPage\":{\"@id\":\"https:\\\/\\\/www.veracel.com.br\\\/veracel-lanca-um-canal-de-denuncias-para-o-combate-a-violencia-contra-a-mulher\\\/#primaryimage\"},\"image\":{\"@id\":\"https:\\\/\\\/www.veracel.com.br\\\/veracel-lanca-um-canal-de-denuncias-para-o-combate-a-violencia-contra-a-mulher\\\/#primaryimage\"},\"thumbnailUrl\":\"https:\\\/\\\/www.veracel.com.br\\\/wp-content\\\/uploads\\\/2023\\\/09\\\/combate-violencia-mulher-veracel.jpg\",\"datePublished\":\"2023-09-22T20:24:31+00:00\",\"dateModified\":\"2023-09-27T20:28:20+00:00\",\"description\":\"Veracel Celulose lan\u00e7a canal de den\u00fancias exclusivo contra misoginia e a qualquer tipo de viol\u00eancia contra a mulher\",\"breadcrumb\":{\"@id\":\"https:\\\/\\\/www.veracel.com.br\\\/veracel-lanca-um-canal-de-denuncias-para-o-combate-a-violencia-contra-a-mulher\\\/#breadcrumb\"},\"inLanguage\":\"en-US\",\"potentialAction\":[{\"@type\":\"ReadAction\",\"target\":[\"https:\\\/\\\/www.veracel.com.br\\\/veracel-lanca-um-canal-de-denuncias-para-o-combate-a-violencia-contra-a-mulher\\\/\"]}]},{\"@type\":\"ImageObject\",\"inLanguage\":\"en-US\",\"@id\":\"https:\\\/\\\/www.veracel.com.br\\\/veracel-lanca-um-canal-de-denuncias-para-o-combate-a-violencia-contra-a-mulher\\\/#primaryimage\",\"url\":\"https:\\\/\\\/www.veracel.com.br\\\/wp-content\\\/uploads\\\/2023\\\/09\\\/combate-violencia-mulher-veracel.jpg\",\"contentUrl\":\"https:\\\/\\\/www.veracel.com.br\\\/wp-content\\\/uploads\\\/2023\\\/09\\\/combate-violencia-mulher-veracel.jpg\",\"width\":800,\"height\":450,\"caption\":\"Canald e Den\u00fayncios para COmbate a Viol\u00eancia da Mulher\"},{\"@type\":\"BreadcrumbList\",\"@id\":\"https:\\\/\\\/www.veracel.com.br\\\/veracel-lanca-um-canal-de-denuncias-para-o-combate-a-violencia-contra-a-mulher\\\/#breadcrumb\",\"itemListElement\":[{\"@type\":\"ListItem\",\"position\":1,\"name\":\"Home\",\"item\":\"https:\\\/\\\/www.veracel.com.br\\\/\"},{\"@type\":\"ListItem\",\"position\":2,\"name\":\"A Veracel\",\"item\":\"https:\\\/\\\/www.veracel.com.br\\\/a-veracel\\\/\"},{\"@type\":\"ListItem\",\"position\":3,\"name\":\"Veracel lan\u00e7a um Canal de Den\u00fancias para o combate \u00e0 viol\u00eancia contra a mulher\"}]},{\"@type\":\"WebSite\",\"@id\":\"https:\\\/\\\/www.veracel.com.br\\\/#website\",\"url\":\"https:\\\/\\\/www.veracel.com.br\\\/\",\"name\":\"Veracel Celulose\",\"description\":\"Quando crescemos juntos vamos muito mais longe\",\"publisher\":{\"@id\":\"https:\\\/\\\/www.veracel.com.br\\\/#organization\"},\"potentialAction\":[{\"@type\":\"SearchAction\",\"target\":{\"@type\":\"EntryPoint\",\"urlTemplate\":\"https:\\\/\\\/www.veracel.com.br\\\/?s={search_term_string}\"},\"query-input\":{\"@type\":\"PropertyValueSpecification\",\"valueRequired\":true,\"valueName\":\"search_term_string\"}}],\"inLanguage\":\"en-US\"},{\"@type\":\"Organization\",\"@id\":\"https:\\\/\\\/www.veracel.com.br\\\/#organization\",\"name\":\"Veracel Celulose\",\"url\":\"https:\\\/\\\/www.veracel.com.br\\\/\",\"logo\":{\"@type\":\"ImageObject\",\"inLanguage\":\"en-US\",\"@id\":\"https:\\\/\\\/www.veracel.com.br\\\/#\\\/schema\\\/logo\\\/image\\\/\",\"url\":\"https:\\\/\\\/www.veracel.com.br\\\/wp-content\\\/uploads\\\/2024\\\/08\\\/Ativo-1.png\",\"contentUrl\":\"https:\\\/\\\/www.veracel.com.br\\\/wp-content\\\/uploads\\\/2024\\\/08\\\/Ativo-1.png\",\"width\":400,\"height\":121,\"caption\":\"Veracel Celulose\"},\"image\":{\"@id\":\"https:\\\/\\\/www.veracel.com.br\\\/#\\\/schema\\\/logo\\\/image\\\/\"},\"sameAs\":[\"https:\\\/\\\/www.instagram.com\\\/veracelcelulose\",\"https:\\\/\\\/www.linkedin.com\\\/company\\\/veracelcelulose\\\/\",\"https:\\\/\\\/www.youtube.com\\\/user\\\/CanalVeracel\"]}]}<\/script>\n<!-- \/ Yoast SEO Premium plugin. -->","yoast_head_json":{"title":"Combate \u00e0 Viol\u00eancia contra a Mulher na Veracel Celulose","description":"Veracel Celulose lan\u00e7a canal de den\u00fancias exclusivo contra misoginia e a qualquer tipo de viol\u00eancia contra a mulher","robots":{"index":"index","follow":"follow","max-snippet":"max-snippet:-1","max-image-preview":"max-image-preview:large","max-video-preview":"max-video-preview:-1"},"canonical":"https:\/\/www.veracel.com.br\/veracel-lanca-um-canal-de-denuncias-para-o-combate-a-violencia-contra-a-mulher\/","og_locale":"en_US","og_type":"article","og_title":"Veracel lan\u00e7a um Canal de Den\u00fancias para o combate \u00e0 viol\u00eancia contra a mulher","og_description":"Veracel Celulose lan\u00e7a canal de den\u00fancias exclusivo contra misoginia e a qualquer tipo de viol\u00eancia contra a mulher","og_url":"https:\/\/www.veracel.com.br\/veracel-lanca-um-canal-de-denuncias-para-o-combate-a-violencia-contra-a-mulher\/","og_site_name":"Veracel Celulose","article_published_time":"2023-09-22T20:24:31+00:00","article_modified_time":"2023-09-27T20:28:20+00:00","og_image":[{"width":800,"height":450,"url":"https:\/\/www.veracel.com.br\/wp-content\/uploads\/2023\/09\/combate-violencia-mulher-veracel.jpg","type":"image\/jpeg"}],"author":"saulo","twitter_card":"summary_large_image","twitter_misc":{"Written by":"saulo","Est. reading time":"3 minutes"},"schema":{"@context":"https:\/\/schema.org","@graph":[{"@type":"WebPage","@id":"https:\/\/www.veracel.com.br\/veracel-lanca-um-canal-de-denuncias-para-o-combate-a-violencia-contra-a-mulher\/","url":"https:\/\/www.veracel.com.br\/veracel-lanca-um-canal-de-denuncias-para-o-combate-a-violencia-contra-a-mulher\/","name":"Combate \u00e0 Viol\u00eancia contra a Mulher na Veracel Celulose","isPartOf":{"@id":"https:\/\/www.veracel.com.br\/#website"},"primaryImageOfPage":{"@id":"https:\/\/www.veracel.com.br\/veracel-lanca-um-canal-de-denuncias-para-o-combate-a-violencia-contra-a-mulher\/#primaryimage"},"image":{"@id":"https:\/\/www.veracel.com.br\/veracel-lanca-um-canal-de-denuncias-para-o-combate-a-violencia-contra-a-mulher\/#primaryimage"},"thumbnailUrl":"https:\/\/www.veracel.com.br\/wp-content\/uploads\/2023\/09\/combate-violencia-mulher-veracel.jpg","datePublished":"2023-09-22T20:24:31+00:00","dateModified":"2023-09-27T20:28:20+00:00","description":"Veracel Celulose lan\u00e7a canal de den\u00fancias exclusivo contra misoginia e a qualquer tipo de viol\u00eancia contra a mulher","breadcrumb":{"@id":"https:\/\/www.veracel.com.br\/veracel-lanca-um-canal-de-denuncias-para-o-combate-a-violencia-contra-a-mulher\/#breadcrumb"},"inLanguage":"en-US","potentialAction":[{"@type":"ReadAction","target":["https:\/\/www.veracel.com.br\/veracel-lanca-um-canal-de-denuncias-para-o-combate-a-violencia-contra-a-mulher\/"]}]},{"@type":"ImageObject","inLanguage":"en-US","@id":"https:\/\/www.veracel.com.br\/veracel-lanca-um-canal-de-denuncias-para-o-combate-a-violencia-contra-a-mulher\/#primaryimage","url":"https:\/\/www.veracel.com.br\/wp-content\/uploads\/2023\/09\/combate-violencia-mulher-veracel.jpg","contentUrl":"https:\/\/www.veracel.com.br\/wp-content\/uploads\/2023\/09\/combate-violencia-mulher-veracel.jpg","width":800,"height":450,"caption":"Canald e Den\u00fayncios para COmbate a Viol\u00eancia da Mulher"},{"@type":"BreadcrumbList","@id":"https:\/\/www.veracel.com.br\/veracel-lanca-um-canal-de-denuncias-para-o-combate-a-violencia-contra-a-mulher\/#breadcrumb","itemListElement":[{"@type":"ListItem","position":1,"name":"Home","item":"https:\/\/www.veracel.com.br\/"},{"@type":"ListItem","position":2,"name":"A Veracel","item":"https:\/\/www.veracel.com.br\/a-veracel\/"},{"@type":"ListItem","position":3,"name":"Veracel lan\u00e7a um Canal de Den\u00fancias para o combate \u00e0 viol\u00eancia contra a mulher"}]},{"@type":"WebSite","@id":"https:\/\/www.veracel.com.br\/#website","url":"https:\/\/www.veracel.com.br\/","name":"Veracel Celulose","description":"Quando crescemos juntos vamos muito mais longe","publisher":{"@id":"https:\/\/www.veracel.com.br\/#organization"},"potentialAction":[{"@type":"SearchAction","target":{"@type":"EntryPoint","urlTemplate":"https:\/\/www.veracel.com.br\/?s={search_term_string}"},"query-input":{"@type":"PropertyValueSpecification","valueRequired":true,"valueName":"search_term_string"}}],"inLanguage":"en-US"},{"@type":"Organization","@id":"https:\/\/www.veracel.com.br\/#organization","name":"Veracel Celulose","url":"https:\/\/www.veracel.com.br\/","logo":{"@type":"ImageObject","inLanguage":"en-US","@id":"https:\/\/www.veracel.com.br\/#\/schema\/logo\/image\/","url":"https:\/\/www.veracel.com.br\/wp-content\/uploads\/2024\/08\/Ativo-1.png","contentUrl":"https:\/\/www.veracel.com.br\/wp-content\/uploads\/2024\/08\/Ativo-1.png","width":400,"height":121,"caption":"Veracel Celulose"},"image":{"@id":"https:\/\/www.veracel.com.br\/#\/schema\/logo\/image\/"},"sameAs":["https:\/\/www.instagram.com\/veracelcelulose","https:\/\/www.linkedin.com\/company\/veracelcelulose\/","https:\/\/www.youtube.com\/user\/CanalVeracel"]}]}},"_links":{"self":[{"href":"https:\/\/www.veracel.com.br\/en\/wp-json\/wp\/v2\/posts\/31763","targetHints":{"allow":["GET"]}}],"collection":[{"href":"https:\/\/www.veracel.com.br\/en\/wp-json\/wp\/v2\/posts"}],"about":[{"href":"https:\/\/www.veracel.com.br\/en\/wp-json\/wp\/v2\/types\/post"}],"author":[{"embeddable":true,"href":"https:\/\/www.veracel.com.br\/en\/wp-json\/wp\/v2\/users\/2"}],"replies":[{"embeddable":true,"href":"https:\/\/www.veracel.com.br\/en\/wp-json\/wp\/v2\/comments?post=31763"}],"version-history":[{"count":1,"href":"https:\/\/www.veracel.com.br\/en\/wp-json\/wp\/v2\/posts\/31763\/revisions"}],"predecessor-version":[{"id":31767,"href":"https:\/\/www.veracel.com.br\/en\/wp-json\/wp\/v2\/posts\/31763\/revisions\/31767"}],"wp:featuredmedia":[{"embeddable":true,"href":"https:\/\/www.veracel.com.br\/en\/wp-json\/wp\/v2\/media\/31764"}],"wp:attachment":[{"href":"https:\/\/www.veracel.com.br\/en\/wp-json\/wp\/v2\/media?parent=31763"}],"wp:term":[{"taxonomy":"category","embeddable":true,"href":"https:\/\/www.veracel.com.br\/en\/wp-json\/wp\/v2\/categories?post=31763"},{"taxonomy":"post_tag","embeddable":true,"href":"https:\/\/www.veracel.com.br\/en\/wp-json\/wp\/v2\/tags?post=31763"}],"curies":[{"name":"wp","href":"https:\/\/api.w.org\/{rel}","templated":true}]}}