{"id":32091,"date":"2023-10-17T10:32:07","date_gmt":"2023-10-17T13:32:07","guid":{"rendered":"https:\/\/www.veracel.com.br\/?p=32091"},"modified":"2023-10-17T10:32:07","modified_gmt":"2023-10-17T13:32:07","slug":"veracel-promove-sua-primeira-corrida-de-rua-em-eunapolis","status":"publish","type":"post","link":"https:\/\/www.veracel.com.br\/en\/veracel-promove-sua-primeira-corrida-de-rua-em-eunapolis\/","title":{"rendered":"Veracel promove sua primeira corrida de rua em Eun\u00e1polis"},"content":{"rendered":"<p><i>A \u201cVera Running\u201d foi direcionada para os colaboradores da empresa e seus familiares, em uma a\u00e7\u00e3o do M\u00eas da Fam\u00edlia da empresa, e as inscri\u00e7\u00f5es tamb\u00e9m foram abertas para a comunidade<\/i><u><\/u><u><\/u><\/p>\n<p>&nbsp;<\/p>\n<p>A Veracel promoveu neste domingo (15) a corrida e caminhada de rua &#8220;Vera Running&#8221;, a primeira da hist\u00f3ria da companhia. O evento foi realizado no per\u00edmetro urbano de Eun\u00e1polis, na Bahia, e envolveu 300 pessoas da empresa, seus familiares e a comunidade.<\/p>\n<p>Os participantes puderam optar por uma caminhada de 3 km ou escolher entre as categorias de corrida de 5 km ou 10 km. Al\u00e9m disso, corredores e corredoras contribu\u00edram com 5kg de alimentos cada para doa\u00e7\u00e3o a institui\u00e7\u00f5es beneficentes da regi\u00e3o.<\/p>\n<p>\u201cN\u00e3o se tratou apenas de uma corrida. Foi uma oportunidade para unir a comunidade e nossos colaboradores, promover um estilo de vida saud\u00e1vel e causar um impacto positivo na regi\u00e3o\u201d, destaca Kityana Ramos, coordenadora de Rela\u00e7\u00f5es Trabalhistas, Recrutamento e Benef\u00edcios da Veracel.<\/p>\n<p>As premia\u00e7\u00f5es foram realizadas em duas categorias: uma para os funcion\u00e1rios da Veracel e outra para o p\u00fablico em geral.<\/p>\n<p>&nbsp;<\/p>\n<p><img fetchpriority=\"high\" decoding=\"async\" class=\"alignnone wp-image-32094 size-full\" src=\"https:\/\/www.veracel.com.br\/wp-content\/uploads\/2023\/10\/corrida-veracel-02.jpg\" alt=\"\" width=\"800\" height=\"533\" srcset=\"https:\/\/www.veracel.com.br\/wp-content\/uploads\/2023\/10\/corrida-veracel-02.jpg 800w, https:\/\/www.veracel.com.br\/wp-content\/uploads\/2023\/10\/corrida-veracel-02-300x200.jpg 300w, https:\/\/www.veracel.com.br\/wp-content\/uploads\/2023\/10\/corrida-veracel-02-768x512.jpg 768w\" sizes=\"(max-width: 800px) 100vw, 800px\" \/><\/p>\n<p><img decoding=\"async\" class=\"alignnone wp-image-32096 size-full\" src=\"https:\/\/www.veracel.com.br\/wp-content\/uploads\/2023\/10\/corrida-veracel-03.jpg\" alt=\"\" width=\"800\" height=\"533\" srcset=\"https:\/\/www.veracel.com.br\/wp-content\/uploads\/2023\/10\/corrida-veracel-03.jpg 800w, https:\/\/www.veracel.com.br\/wp-content\/uploads\/2023\/10\/corrida-veracel-03-300x200.jpg 300w, https:\/\/www.veracel.com.br\/wp-content\/uploads\/2023\/10\/corrida-veracel-03-768x512.jpg 768w\" sizes=\"(max-width: 800px) 100vw, 800px\" \/><\/p>\n","protected":false},"excerpt":{"rendered":"<p>A \u201cVera Running\u201d foi direcionada para os colaboradores da empresa e seus familiares, em uma a\u00e7\u00e3o do M\u00eas da Fam\u00edlia da empresa, e as inscri\u00e7\u00f5es tamb\u00e9m foram abertas para a comunidade &nbsp; A Veracel promoveu neste domingo (15) a corrida e caminhada de rua &#8220;Vera Running&#8221;, a primeira da hist\u00f3ria da companhia. O evento foi [&hellip;]<\/p>\n","protected":false},"author":2,"featured_media":32092,"comment_status":"open","ping_status":"open","sticky":false,"template":"","format":"standard","meta":{"_acf_changed":false,"footnotes":"","_links_to":"","_links_to_target":""},"categories":[271,211],"tags":[],"class_list":["post-32091","post","type-post","status-publish","format-standard","has-post-thumbnail","hentry","category-a-veracel","category-noticias"],"acf":[],"yoast_head":"<!-- This site is optimized with the Yoast SEO Premium plugin v26.7 (Yoast SEO v27.4) - https:\/\/yoast.com\/product\/yoast-seo-premium-wordpress\/ -->\n<title>Veracel promove sua primeira corrida de rua em Eun\u00e1polis - Veracel Celulose<\/title>\n<meta name=\"description\" content=\"A corrida da Veracel \u201cVera Running\u201d foi direcionada para os colaboradores e seus familiares, com inscri\u00e7\u00f5es abertas para a comunidade\" \/>\n<meta name=\"robots\" content=\"index, follow, max-snippet:-1, max-image-preview:large, max-video-preview:-1\" \/>\n<link rel=\"canonical\" href=\"https:\/\/www.veracel.com.br\/veracel-promove-sua-primeira-corrida-de-rua-em-eunapolis\/\" \/>\n<meta property=\"og:locale\" content=\"en_US\" \/>\n<meta property=\"og:type\" content=\"article\" \/>\n<meta property=\"og:title\" content=\"Veracel promove sua primeira corrida de rua em Eun\u00e1polis\" \/>\n<meta property=\"og:description\" content=\"A corrida da Veracel \u201cVera Running\u201d foi direcionada para os colaboradores e seus familiares, com inscri\u00e7\u00f5es abertas para a comunidade\" \/>\n<meta property=\"og:url\" content=\"https:\/\/www.veracel.com.br\/veracel-promove-sua-primeira-corrida-de-rua-em-eunapolis\/\" \/>\n<meta property=\"og:site_name\" content=\"Veracel Celulose\" \/>\n<meta property=\"article:published_time\" content=\"2023-10-17T13:32:07+00:00\" \/>\n<meta property=\"og:image\" content=\"https:\/\/www.veracel.com.br\/wp-content\/uploads\/2023\/10\/corrida-veracel-01.jpg\" \/>\n\t<meta property=\"og:image:width\" content=\"800\" \/>\n\t<meta property=\"og:image:height\" content=\"533\" \/>\n\t<meta property=\"og:image:type\" content=\"image\/jpeg\" \/>\n<meta name=\"author\" content=\"saulo\" \/>\n<meta name=\"twitter:card\" content=\"summary_large_image\" \/>\n<meta name=\"twitter:label1\" content=\"Written by\" \/>\n\t<meta name=\"twitter:data1\" content=\"saulo\" \/>\n\t<meta name=\"twitter:label2\" content=\"Est. reading time\" \/>\n\t<meta name=\"twitter:data2\" content=\"2 minutes\" \/>\n<script type=\"application\/ld+json\" class=\"yoast-schema-graph\">{\"@context\":\"https:\\\/\\\/schema.org\",\"@graph\":[{\"@type\":\"WebPage\",\"@id\":\"https:\\\/\\\/www.veracel.com.br\\\/veracel-promove-sua-primeira-corrida-de-rua-em-eunapolis\\\/\",\"url\":\"https:\\\/\\\/www.veracel.com.br\\\/veracel-promove-sua-primeira-corrida-de-rua-em-eunapolis\\\/\",\"name\":\"Veracel promove sua primeira corrida de rua em Eun\u00e1polis - Veracel Celulose\",\"isPartOf\":{\"@id\":\"https:\\\/\\\/www.veracel.com.br\\\/#website\"},\"primaryImageOfPage\":{\"@id\":\"https:\\\/\\\/www.veracel.com.br\\\/veracel-promove-sua-primeira-corrida-de-rua-em-eunapolis\\\/#primaryimage\"},\"image\":{\"@id\":\"https:\\\/\\\/www.veracel.com.br\\\/veracel-promove-sua-primeira-corrida-de-rua-em-eunapolis\\\/#primaryimage\"},\"thumbnailUrl\":\"https:\\\/\\\/www.veracel.com.br\\\/wp-content\\\/uploads\\\/2023\\\/10\\\/corrida-veracel-01.jpg\",\"datePublished\":\"2023-10-17T13:32:07+00:00\",\"description\":\"A corrida da Veracel \u201cVera Running\u201d foi direcionada para os colaboradores e seus familiares, com inscri\u00e7\u00f5es abertas para a comunidade\",\"breadcrumb\":{\"@id\":\"https:\\\/\\\/www.veracel.com.br\\\/veracel-promove-sua-primeira-corrida-de-rua-em-eunapolis\\\/#breadcrumb\"},\"inLanguage\":\"en-US\",\"potentialAction\":[{\"@type\":\"ReadAction\",\"target\":[\"https:\\\/\\\/www.veracel.com.br\\\/veracel-promove-sua-primeira-corrida-de-rua-em-eunapolis\\\/\"]}]},{\"@type\":\"ImageObject\",\"inLanguage\":\"en-US\",\"@id\":\"https:\\\/\\\/www.veracel.com.br\\\/veracel-promove-sua-primeira-corrida-de-rua-em-eunapolis\\\/#primaryimage\",\"url\":\"https:\\\/\\\/www.veracel.com.br\\\/wp-content\\\/uploads\\\/2023\\\/10\\\/corrida-veracel-01.jpg\",\"contentUrl\":\"https:\\\/\\\/www.veracel.com.br\\\/wp-content\\\/uploads\\\/2023\\\/10\\\/corrida-veracel-01.jpg\",\"width\":800,\"height\":533},{\"@type\":\"BreadcrumbList\",\"@id\":\"https:\\\/\\\/www.veracel.com.br\\\/veracel-promove-sua-primeira-corrida-de-rua-em-eunapolis\\\/#breadcrumb\",\"itemListElement\":[{\"@type\":\"ListItem\",\"position\":1,\"name\":\"Home\",\"item\":\"https:\\\/\\\/www.veracel.com.br\\\/\"},{\"@type\":\"ListItem\",\"position\":2,\"name\":\"A Veracel\",\"item\":\"https:\\\/\\\/www.veracel.com.br\\\/a-veracel\\\/\"},{\"@type\":\"ListItem\",\"position\":3,\"name\":\"Veracel promove sua primeira corrida de rua em Eun\u00e1polis\"}]},{\"@type\":\"WebSite\",\"@id\":\"https:\\\/\\\/www.veracel.com.br\\\/#website\",\"url\":\"https:\\\/\\\/www.veracel.com.br\\\/\",\"name\":\"Veracel Celulose\",\"description\":\"Quando crescemos juntos vamos muito mais longe\",\"publisher\":{\"@id\":\"https:\\\/\\\/www.veracel.com.br\\\/#organization\"},\"potentialAction\":[{\"@type\":\"SearchAction\",\"target\":{\"@type\":\"EntryPoint\",\"urlTemplate\":\"https:\\\/\\\/www.veracel.com.br\\\/?s={search_term_string}\"},\"query-input\":{\"@type\":\"PropertyValueSpecification\",\"valueRequired\":true,\"valueName\":\"search_term_string\"}}],\"inLanguage\":\"en-US\"},{\"@type\":\"Organization\",\"@id\":\"https:\\\/\\\/www.veracel.com.br\\\/#organization\",\"name\":\"Veracel Celulose\",\"url\":\"https:\\\/\\\/www.veracel.com.br\\\/\",\"logo\":{\"@type\":\"ImageObject\",\"inLanguage\":\"en-US\",\"@id\":\"https:\\\/\\\/www.veracel.com.br\\\/#\\\/schema\\\/logo\\\/image\\\/\",\"url\":\"https:\\\/\\\/www.veracel.com.br\\\/wp-content\\\/uploads\\\/2024\\\/08\\\/Ativo-1.png\",\"contentUrl\":\"https:\\\/\\\/www.veracel.com.br\\\/wp-content\\\/uploads\\\/2024\\\/08\\\/Ativo-1.png\",\"width\":400,\"height\":121,\"caption\":\"Veracel Celulose\"},\"image\":{\"@id\":\"https:\\\/\\\/www.veracel.com.br\\\/#\\\/schema\\\/logo\\\/image\\\/\"},\"sameAs\":[\"https:\\\/\\\/www.instagram.com\\\/veracelcelulose\",\"https:\\\/\\\/www.linkedin.com\\\/company\\\/veracelcelulose\\\/\",\"https:\\\/\\\/www.youtube.com\\\/user\\\/CanalVeracel\"]}]}<\/script>\n<!-- \/ Yoast SEO Premium plugin. -->","yoast_head_json":{"title":"Veracel promove sua primeira corrida de rua em Eun\u00e1polis - Veracel Celulose","description":"A corrida da Veracel \u201cVera Running\u201d foi direcionada para os colaboradores e seus familiares, com inscri\u00e7\u00f5es abertas para a comunidade","robots":{"index":"index","follow":"follow","max-snippet":"max-snippet:-1","max-image-preview":"max-image-preview:large","max-video-preview":"max-video-preview:-1"},"canonical":"https:\/\/www.veracel.com.br\/veracel-promove-sua-primeira-corrida-de-rua-em-eunapolis\/","og_locale":"en_US","og_type":"article","og_title":"Veracel promove sua primeira corrida de rua em Eun\u00e1polis","og_description":"A corrida da Veracel \u201cVera Running\u201d foi direcionada para os colaboradores e seus familiares, com inscri\u00e7\u00f5es abertas para a comunidade","og_url":"https:\/\/www.veracel.com.br\/veracel-promove-sua-primeira-corrida-de-rua-em-eunapolis\/","og_site_name":"Veracel Celulose","article_published_time":"2023-10-17T13:32:07+00:00","og_image":[{"width":800,"height":533,"url":"https:\/\/www.veracel.com.br\/wp-content\/uploads\/2023\/10\/corrida-veracel-01.jpg","type":"image\/jpeg"}],"author":"saulo","twitter_card":"summary_large_image","twitter_misc":{"Written by":"saulo","Est. reading time":"2 minutes"},"schema":{"@context":"https:\/\/schema.org","@graph":[{"@type":"WebPage","@id":"https:\/\/www.veracel.com.br\/veracel-promove-sua-primeira-corrida-de-rua-em-eunapolis\/","url":"https:\/\/www.veracel.com.br\/veracel-promove-sua-primeira-corrida-de-rua-em-eunapolis\/","name":"Veracel promove sua primeira corrida de rua em Eun\u00e1polis - Veracel Celulose","isPartOf":{"@id":"https:\/\/www.veracel.com.br\/#website"},"primaryImageOfPage":{"@id":"https:\/\/www.veracel.com.br\/veracel-promove-sua-primeira-corrida-de-rua-em-eunapolis\/#primaryimage"},"image":{"@id":"https:\/\/www.veracel.com.br\/veracel-promove-sua-primeira-corrida-de-rua-em-eunapolis\/#primaryimage"},"thumbnailUrl":"https:\/\/www.veracel.com.br\/wp-content\/uploads\/2023\/10\/corrida-veracel-01.jpg","datePublished":"2023-10-17T13:32:07+00:00","description":"A corrida da Veracel \u201cVera Running\u201d foi direcionada para os colaboradores e seus familiares, com inscri\u00e7\u00f5es abertas para a comunidade","breadcrumb":{"@id":"https:\/\/www.veracel.com.br\/veracel-promove-sua-primeira-corrida-de-rua-em-eunapolis\/#breadcrumb"},"inLanguage":"en-US","potentialAction":[{"@type":"ReadAction","target":["https:\/\/www.veracel.com.br\/veracel-promove-sua-primeira-corrida-de-rua-em-eunapolis\/"]}]},{"@type":"ImageObject","inLanguage":"en-US","@id":"https:\/\/www.veracel.com.br\/veracel-promove-sua-primeira-corrida-de-rua-em-eunapolis\/#primaryimage","url":"https:\/\/www.veracel.com.br\/wp-content\/uploads\/2023\/10\/corrida-veracel-01.jpg","contentUrl":"https:\/\/www.veracel.com.br\/wp-content\/uploads\/2023\/10\/corrida-veracel-01.jpg","width":800,"height":533},{"@type":"BreadcrumbList","@id":"https:\/\/www.veracel.com.br\/veracel-promove-sua-primeira-corrida-de-rua-em-eunapolis\/#breadcrumb","itemListElement":[{"@type":"ListItem","position":1,"name":"Home","item":"https:\/\/www.veracel.com.br\/"},{"@type":"ListItem","position":2,"name":"A Veracel","item":"https:\/\/www.veracel.com.br\/a-veracel\/"},{"@type":"ListItem","position":3,"name":"Veracel promove sua primeira corrida de rua em Eun\u00e1polis"}]},{"@type":"WebSite","@id":"https:\/\/www.veracel.com.br\/#website","url":"https:\/\/www.veracel.com.br\/","name":"Veracel Celulose","description":"Quando crescemos juntos vamos muito mais longe","publisher":{"@id":"https:\/\/www.veracel.com.br\/#organization"},"potentialAction":[{"@type":"SearchAction","target":{"@type":"EntryPoint","urlTemplate":"https:\/\/www.veracel.com.br\/?s={search_term_string}"},"query-input":{"@type":"PropertyValueSpecification","valueRequired":true,"valueName":"search_term_string"}}],"inLanguage":"en-US"},{"@type":"Organization","@id":"https:\/\/www.veracel.com.br\/#organization","name":"Veracel Celulose","url":"https:\/\/www.veracel.com.br\/","logo":{"@type":"ImageObject","inLanguage":"en-US","@id":"https:\/\/www.veracel.com.br\/#\/schema\/logo\/image\/","url":"https:\/\/www.veracel.com.br\/wp-content\/uploads\/2024\/08\/Ativo-1.png","contentUrl":"https:\/\/www.veracel.com.br\/wp-content\/uploads\/2024\/08\/Ativo-1.png","width":400,"height":121,"caption":"Veracel Celulose"},"image":{"@id":"https:\/\/www.veracel.com.br\/#\/schema\/logo\/image\/"},"sameAs":["https:\/\/www.instagram.com\/veracelcelulose","https:\/\/www.linkedin.com\/company\/veracelcelulose\/","https:\/\/www.youtube.com\/user\/CanalVeracel"]}]}},"_links":{"self":[{"href":"https:\/\/www.veracel.com.br\/en\/wp-json\/wp\/v2\/posts\/32091","targetHints":{"allow":["GET"]}}],"collection":[{"href":"https:\/\/www.veracel.com.br\/en\/wp-json\/wp\/v2\/posts"}],"about":[{"href":"https:\/\/www.veracel.com.br\/en\/wp-json\/wp\/v2\/types\/post"}],"author":[{"embeddable":true,"href":"https:\/\/www.veracel.com.br\/en\/wp-json\/wp\/v2\/users\/2"}],"replies":[{"embeddable":true,"href":"https:\/\/www.veracel.com.br\/en\/wp-json\/wp\/v2\/comments?post=32091"}],"version-history":[{"count":1,"href":"https:\/\/www.veracel.com.br\/en\/wp-json\/wp\/v2\/posts\/32091\/revisions"}],"predecessor-version":[{"id":32098,"href":"https:\/\/www.veracel.com.br\/en\/wp-json\/wp\/v2\/posts\/32091\/revisions\/32098"}],"wp:featuredmedia":[{"embeddable":true,"href":"https:\/\/www.veracel.com.br\/en\/wp-json\/wp\/v2\/media\/32092"}],"wp:attachment":[{"href":"https:\/\/www.veracel.com.br\/en\/wp-json\/wp\/v2\/media?parent=32091"}],"wp:term":[{"taxonomy":"category","embeddable":true,"href":"https:\/\/www.veracel.com.br\/en\/wp-json\/wp\/v2\/categories?post=32091"},{"taxonomy":"post_tag","embeddable":true,"href":"https:\/\/www.veracel.com.br\/en\/wp-json\/wp\/v2\/tags?post=32091"}],"curies":[{"name":"wp","href":"https:\/\/api.w.org\/{rel}","templated":true}]}}