{"id":32107,"date":"2023-10-19T17:42:56","date_gmt":"2023-10-19T20:42:56","guid":{"rendered":"https:\/\/www.veracel.com.br\/?p=32107"},"modified":"2023-10-19T17:43:28","modified_gmt":"2023-10-19T20:43:28","slug":"novas-etapas-de-inovacao-e-transformacao-digital-da-veracel","status":"publish","type":"post","link":"https:\/\/www.veracel.com.br\/en\/novas-etapas-de-inovacao-e-transformacao-digital-da-veracel\/","title":{"rendered":"Novas etapas de Inova\u00e7\u00e3o e Transforma\u00e7\u00e3o Digital da Veracel"},"content":{"rendered":"<p><em>A Veracel Celulose visa criar mais oportunidades de desenvolvimento de a\u00e7\u00f5es inovadoras transversais e coordenadas\u00a0<\/em><\/p>\n<p>&nbsp;<\/p>\n<p>No Dia da Inova\u00e7\u00e3o, celebrado nesta quinta-feira (19), a Veracel Celulose compartilha os progressos de sua jornada de transforma\u00e7\u00e3o digital e inova\u00e7\u00e3o. Nos \u00faltimos tr\u00eas anos, a companhia tem intensificado investimentos nessas \u00e1reas e trabalhado para alavancar a cultura de inova\u00e7\u00e3o, posicionando-a no centro de sua estrat\u00e9gia.<\/p>\n<p>\u201cUma cultura de inova\u00e7\u00e3o n\u00e3o \u00e9 apenas uma tend\u00eancia, mas sim um componente essencial para impulsionar o desempenho financeiro da empresa. Ela prepara os colaboradores para oferecer resultados mais \u00e1geis e atraentes, al\u00e9m de atrair talentos a um ambiente que promove colabora\u00e7\u00e3o, criatividade e autonomia\u201d, destaca Rodrigo Louzada, diretor Administrativo e Financeiro da Veracel.<\/p>\n<p>Para o processo, a Veracel Celulose criou um <strong>Comit\u00ea de Inova\u00e7\u00e3o e Transforma\u00e7\u00e3o Digital<\/strong>, que recebeu a miss\u00e3o de intensificar as a\u00e7\u00f5es de inova\u00e7\u00e3o e transforma\u00e7\u00e3o digital, contribuindo para o desenvolvimento da cultura inovadora na empresa. A empresa tamb\u00e9m contratou uma consultoria especializada para realizar um diagn\u00f3stico minucioso do est\u00e1gio de inova\u00e7\u00e3o e transforma\u00e7\u00e3o digital na companhia, identificando desafios e oportunidades.<\/p>\n<p>\u201cDesafiamos diariamente nossas equipes a enxergar os processos com o que chamamos de &#8216;lentes digitais&#8217;, e a abra\u00e7ar uma abordagem verdadeiramente inovadora em tudo que fazemos\u201d, complementa o Louzada, que passou a liderar estas iniciativas de forma transversal com as \u00e1reas, desempenhando um papel crucial na facilita\u00e7\u00e3o dessa transforma\u00e7\u00e3o.<\/p>\n<p>Agora, a equipe est\u00e1 iniciando a execu\u00e7\u00e3o de um plano para a evolu\u00e7\u00e3o cultural, com metodologias para gest\u00e3o de projetos de inova\u00e7\u00e3o, o desenvolvimento de compet\u00eancias e a\u00e7\u00f5es para fortalecer e perpetuar a cultura de inova\u00e7\u00e3o dentro da empresa.<\/p>\n<p>&nbsp;<\/p>\n<p><a href=\"https:\/\/www.veracel.com.br\/nosso-jeito\/\">Saiba mais sobre o jeito de ser Veracel Celulose.<\/a><\/p>\n<p><a href=\"https:\/\/www.veracel.com.br\/vagas\/\">Venha fazer parte do nosso time! Acesse a p\u00e1gina de carreiras.<\/a><\/p>\n","protected":false},"excerpt":{"rendered":"<p>A Veracel Celulose visa criar mais oportunidades de desenvolvimento de a\u00e7\u00f5es inovadoras transversais e coordenadas\u00a0 &nbsp; No Dia da Inova\u00e7\u00e3o, celebrado nesta quinta-feira (19), a Veracel Celulose compartilha os progressos de sua jornada de transforma\u00e7\u00e3o digital e inova\u00e7\u00e3o. Nos \u00faltimos tr\u00eas anos, a companhia tem intensificado investimentos nessas \u00e1reas e trabalhado para alavancar a cultura [&hellip;]<\/p>\n","protected":false},"author":2,"featured_media":32108,"comment_status":"open","ping_status":"open","sticky":false,"template":"","format":"standard","meta":{"_acf_changed":false,"footnotes":"","_links_to":"","_links_to_target":""},"categories":[271,211],"tags":[],"class_list":["post-32107","post","type-post","status-publish","format-standard","has-post-thumbnail","hentry","category-a-veracel","category-noticias"],"acf":[],"yoast_head":"<!-- This site is optimized with the Yoast SEO Premium plugin v26.7 (Yoast SEO v27.4) - https:\/\/yoast.com\/product\/yoast-seo-premium-wordpress\/ -->\n<title>Novas etapas de Inova\u00e7\u00e3o e Transforma\u00e7\u00e3o Digital da Veracel<\/title>\n<meta name=\"description\" content=\"Veracel Celulose compartilha os progressos de sua jornada de transforma\u00e7\u00e3o digital e propaga\u00e7\u00e3o da cultura de inova\u00e7\u00e3o.\" \/>\n<meta name=\"robots\" content=\"index, follow, max-snippet:-1, max-image-preview:large, max-video-preview:-1\" \/>\n<link rel=\"canonical\" href=\"https:\/\/www.veracel.com.br\/novas-etapas-de-inovacao-e-transformacao-digital-da-veracel\/\" \/>\n<meta property=\"og:locale\" content=\"en_US\" \/>\n<meta property=\"og:type\" content=\"article\" \/>\n<meta property=\"og:title\" content=\"Novas etapas de Inova\u00e7\u00e3o e Transforma\u00e7\u00e3o Digital da Veracel\" \/>\n<meta property=\"og:description\" content=\"Veracel Celulose compartilha os progressos de sua jornada de transforma\u00e7\u00e3o digital e propaga\u00e7\u00e3o da cultura de inova\u00e7\u00e3o.\" \/>\n<meta property=\"og:url\" content=\"https:\/\/www.veracel.com.br\/novas-etapas-de-inovacao-e-transformacao-digital-da-veracel\/\" \/>\n<meta property=\"og:site_name\" content=\"Veracel Celulose\" \/>\n<meta property=\"article:published_time\" content=\"2023-10-19T20:42:56+00:00\" \/>\n<meta property=\"article:modified_time\" content=\"2023-10-19T20:43:28+00:00\" \/>\n<meta property=\"og:image\" content=\"https:\/\/www.veracel.com.br\/wp-content\/uploads\/2023\/10\/veracel-inovacao-transformacao-digital.jpg\" \/>\n\t<meta property=\"og:image:width\" content=\"800\" \/>\n\t<meta property=\"og:image:height\" content=\"533\" \/>\n\t<meta property=\"og:image:type\" content=\"image\/jpeg\" \/>\n<meta name=\"author\" content=\"saulo\" \/>\n<meta name=\"twitter:card\" content=\"summary_large_image\" \/>\n<meta name=\"twitter:label1\" content=\"Written by\" \/>\n\t<meta name=\"twitter:data1\" content=\"saulo\" \/>\n\t<meta name=\"twitter:label2\" content=\"Est. reading time\" \/>\n\t<meta name=\"twitter:data2\" content=\"2 minutes\" \/>\n<script type=\"application\/ld+json\" class=\"yoast-schema-graph\">{\"@context\":\"https:\\\/\\\/schema.org\",\"@graph\":[{\"@type\":\"WebPage\",\"@id\":\"https:\\\/\\\/www.veracel.com.br\\\/novas-etapas-de-inovacao-e-transformacao-digital-da-veracel\\\/\",\"url\":\"https:\\\/\\\/www.veracel.com.br\\\/novas-etapas-de-inovacao-e-transformacao-digital-da-veracel\\\/\",\"name\":\"Novas etapas de Inova\u00e7\u00e3o e Transforma\u00e7\u00e3o Digital da Veracel\",\"isPartOf\":{\"@id\":\"https:\\\/\\\/www.veracel.com.br\\\/#website\"},\"primaryImageOfPage\":{\"@id\":\"https:\\\/\\\/www.veracel.com.br\\\/novas-etapas-de-inovacao-e-transformacao-digital-da-veracel\\\/#primaryimage\"},\"image\":{\"@id\":\"https:\\\/\\\/www.veracel.com.br\\\/novas-etapas-de-inovacao-e-transformacao-digital-da-veracel\\\/#primaryimage\"},\"thumbnailUrl\":\"https:\\\/\\\/www.veracel.com.br\\\/wp-content\\\/uploads\\\/2023\\\/10\\\/veracel-inovacao-transformacao-digital.jpg\",\"datePublished\":\"2023-10-19T20:42:56+00:00\",\"dateModified\":\"2023-10-19T20:43:28+00:00\",\"description\":\"Veracel Celulose compartilha os progressos de sua jornada de transforma\u00e7\u00e3o digital e propaga\u00e7\u00e3o da cultura de inova\u00e7\u00e3o.\",\"breadcrumb\":{\"@id\":\"https:\\\/\\\/www.veracel.com.br\\\/novas-etapas-de-inovacao-e-transformacao-digital-da-veracel\\\/#breadcrumb\"},\"inLanguage\":\"en-US\",\"potentialAction\":[{\"@type\":\"ReadAction\",\"target\":[\"https:\\\/\\\/www.veracel.com.br\\\/novas-etapas-de-inovacao-e-transformacao-digital-da-veracel\\\/\"]}]},{\"@type\":\"ImageObject\",\"inLanguage\":\"en-US\",\"@id\":\"https:\\\/\\\/www.veracel.com.br\\\/novas-etapas-de-inovacao-e-transformacao-digital-da-veracel\\\/#primaryimage\",\"url\":\"https:\\\/\\\/www.veracel.com.br\\\/wp-content\\\/uploads\\\/2023\\\/10\\\/veracel-inovacao-transformacao-digital.jpg\",\"contentUrl\":\"https:\\\/\\\/www.veracel.com.br\\\/wp-content\\\/uploads\\\/2023\\\/10\\\/veracel-inovacao-transformacao-digital.jpg\",\"width\":800,\"height\":533},{\"@type\":\"BreadcrumbList\",\"@id\":\"https:\\\/\\\/www.veracel.com.br\\\/novas-etapas-de-inovacao-e-transformacao-digital-da-veracel\\\/#breadcrumb\",\"itemListElement\":[{\"@type\":\"ListItem\",\"position\":1,\"name\":\"Home\",\"item\":\"https:\\\/\\\/www.veracel.com.br\\\/\"},{\"@type\":\"ListItem\",\"position\":2,\"name\":\"A Veracel\",\"item\":\"https:\\\/\\\/www.veracel.com.br\\\/a-veracel\\\/\"},{\"@type\":\"ListItem\",\"position\":3,\"name\":\"Novas etapas de Inova\u00e7\u00e3o e Transforma\u00e7\u00e3o Digital da Veracel\"}]},{\"@type\":\"WebSite\",\"@id\":\"https:\\\/\\\/www.veracel.com.br\\\/#website\",\"url\":\"https:\\\/\\\/www.veracel.com.br\\\/\",\"name\":\"Veracel Celulose\",\"description\":\"Quando crescemos juntos vamos muito mais longe\",\"publisher\":{\"@id\":\"https:\\\/\\\/www.veracel.com.br\\\/#organization\"},\"potentialAction\":[{\"@type\":\"SearchAction\",\"target\":{\"@type\":\"EntryPoint\",\"urlTemplate\":\"https:\\\/\\\/www.veracel.com.br\\\/?s={search_term_string}\"},\"query-input\":{\"@type\":\"PropertyValueSpecification\",\"valueRequired\":true,\"valueName\":\"search_term_string\"}}],\"inLanguage\":\"en-US\"},{\"@type\":\"Organization\",\"@id\":\"https:\\\/\\\/www.veracel.com.br\\\/#organization\",\"name\":\"Veracel Celulose\",\"url\":\"https:\\\/\\\/www.veracel.com.br\\\/\",\"logo\":{\"@type\":\"ImageObject\",\"inLanguage\":\"en-US\",\"@id\":\"https:\\\/\\\/www.veracel.com.br\\\/#\\\/schema\\\/logo\\\/image\\\/\",\"url\":\"https:\\\/\\\/www.veracel.com.br\\\/wp-content\\\/uploads\\\/2024\\\/08\\\/Ativo-1.png\",\"contentUrl\":\"https:\\\/\\\/www.veracel.com.br\\\/wp-content\\\/uploads\\\/2024\\\/08\\\/Ativo-1.png\",\"width\":400,\"height\":121,\"caption\":\"Veracel Celulose\"},\"image\":{\"@id\":\"https:\\\/\\\/www.veracel.com.br\\\/#\\\/schema\\\/logo\\\/image\\\/\"},\"sameAs\":[\"https:\\\/\\\/www.instagram.com\\\/veracelcelulose\",\"https:\\\/\\\/www.linkedin.com\\\/company\\\/veracelcelulose\\\/\",\"https:\\\/\\\/www.youtube.com\\\/user\\\/CanalVeracel\"]}]}<\/script>\n<!-- \/ Yoast SEO Premium plugin. -->","yoast_head_json":{"title":"Novas etapas de Inova\u00e7\u00e3o e Transforma\u00e7\u00e3o Digital da Veracel","description":"Veracel Celulose compartilha os progressos de sua jornada de transforma\u00e7\u00e3o digital e propaga\u00e7\u00e3o da cultura de inova\u00e7\u00e3o.","robots":{"index":"index","follow":"follow","max-snippet":"max-snippet:-1","max-image-preview":"max-image-preview:large","max-video-preview":"max-video-preview:-1"},"canonical":"https:\/\/www.veracel.com.br\/novas-etapas-de-inovacao-e-transformacao-digital-da-veracel\/","og_locale":"en_US","og_type":"article","og_title":"Novas etapas de Inova\u00e7\u00e3o e Transforma\u00e7\u00e3o Digital da Veracel","og_description":"Veracel Celulose compartilha os progressos de sua jornada de transforma\u00e7\u00e3o digital e propaga\u00e7\u00e3o da cultura de inova\u00e7\u00e3o.","og_url":"https:\/\/www.veracel.com.br\/novas-etapas-de-inovacao-e-transformacao-digital-da-veracel\/","og_site_name":"Veracel Celulose","article_published_time":"2023-10-19T20:42:56+00:00","article_modified_time":"2023-10-19T20:43:28+00:00","og_image":[{"width":800,"height":533,"url":"https:\/\/www.veracel.com.br\/wp-content\/uploads\/2023\/10\/veracel-inovacao-transformacao-digital.jpg","type":"image\/jpeg"}],"author":"saulo","twitter_card":"summary_large_image","twitter_misc":{"Written by":"saulo","Est. reading time":"2 minutes"},"schema":{"@context":"https:\/\/schema.org","@graph":[{"@type":"WebPage","@id":"https:\/\/www.veracel.com.br\/novas-etapas-de-inovacao-e-transformacao-digital-da-veracel\/","url":"https:\/\/www.veracel.com.br\/novas-etapas-de-inovacao-e-transformacao-digital-da-veracel\/","name":"Novas etapas de Inova\u00e7\u00e3o e Transforma\u00e7\u00e3o Digital da Veracel","isPartOf":{"@id":"https:\/\/www.veracel.com.br\/#website"},"primaryImageOfPage":{"@id":"https:\/\/www.veracel.com.br\/novas-etapas-de-inovacao-e-transformacao-digital-da-veracel\/#primaryimage"},"image":{"@id":"https:\/\/www.veracel.com.br\/novas-etapas-de-inovacao-e-transformacao-digital-da-veracel\/#primaryimage"},"thumbnailUrl":"https:\/\/www.veracel.com.br\/wp-content\/uploads\/2023\/10\/veracel-inovacao-transformacao-digital.jpg","datePublished":"2023-10-19T20:42:56+00:00","dateModified":"2023-10-19T20:43:28+00:00","description":"Veracel Celulose compartilha os progressos de sua jornada de transforma\u00e7\u00e3o digital e propaga\u00e7\u00e3o da cultura de inova\u00e7\u00e3o.","breadcrumb":{"@id":"https:\/\/www.veracel.com.br\/novas-etapas-de-inovacao-e-transformacao-digital-da-veracel\/#breadcrumb"},"inLanguage":"en-US","potentialAction":[{"@type":"ReadAction","target":["https:\/\/www.veracel.com.br\/novas-etapas-de-inovacao-e-transformacao-digital-da-veracel\/"]}]},{"@type":"ImageObject","inLanguage":"en-US","@id":"https:\/\/www.veracel.com.br\/novas-etapas-de-inovacao-e-transformacao-digital-da-veracel\/#primaryimage","url":"https:\/\/www.veracel.com.br\/wp-content\/uploads\/2023\/10\/veracel-inovacao-transformacao-digital.jpg","contentUrl":"https:\/\/www.veracel.com.br\/wp-content\/uploads\/2023\/10\/veracel-inovacao-transformacao-digital.jpg","width":800,"height":533},{"@type":"BreadcrumbList","@id":"https:\/\/www.veracel.com.br\/novas-etapas-de-inovacao-e-transformacao-digital-da-veracel\/#breadcrumb","itemListElement":[{"@type":"ListItem","position":1,"name":"Home","item":"https:\/\/www.veracel.com.br\/"},{"@type":"ListItem","position":2,"name":"A Veracel","item":"https:\/\/www.veracel.com.br\/a-veracel\/"},{"@type":"ListItem","position":3,"name":"Novas etapas de Inova\u00e7\u00e3o e Transforma\u00e7\u00e3o Digital da Veracel"}]},{"@type":"WebSite","@id":"https:\/\/www.veracel.com.br\/#website","url":"https:\/\/www.veracel.com.br\/","name":"Veracel Celulose","description":"Quando crescemos juntos vamos muito mais longe","publisher":{"@id":"https:\/\/www.veracel.com.br\/#organization"},"potentialAction":[{"@type":"SearchAction","target":{"@type":"EntryPoint","urlTemplate":"https:\/\/www.veracel.com.br\/?s={search_term_string}"},"query-input":{"@type":"PropertyValueSpecification","valueRequired":true,"valueName":"search_term_string"}}],"inLanguage":"en-US"},{"@type":"Organization","@id":"https:\/\/www.veracel.com.br\/#organization","name":"Veracel Celulose","url":"https:\/\/www.veracel.com.br\/","logo":{"@type":"ImageObject","inLanguage":"en-US","@id":"https:\/\/www.veracel.com.br\/#\/schema\/logo\/image\/","url":"https:\/\/www.veracel.com.br\/wp-content\/uploads\/2024\/08\/Ativo-1.png","contentUrl":"https:\/\/www.veracel.com.br\/wp-content\/uploads\/2024\/08\/Ativo-1.png","width":400,"height":121,"caption":"Veracel Celulose"},"image":{"@id":"https:\/\/www.veracel.com.br\/#\/schema\/logo\/image\/"},"sameAs":["https:\/\/www.instagram.com\/veracelcelulose","https:\/\/www.linkedin.com\/company\/veracelcelulose\/","https:\/\/www.youtube.com\/user\/CanalVeracel"]}]}},"_links":{"self":[{"href":"https:\/\/www.veracel.com.br\/en\/wp-json\/wp\/v2\/posts\/32107","targetHints":{"allow":["GET"]}}],"collection":[{"href":"https:\/\/www.veracel.com.br\/en\/wp-json\/wp\/v2\/posts"}],"about":[{"href":"https:\/\/www.veracel.com.br\/en\/wp-json\/wp\/v2\/types\/post"}],"author":[{"embeddable":true,"href":"https:\/\/www.veracel.com.br\/en\/wp-json\/wp\/v2\/users\/2"}],"replies":[{"embeddable":true,"href":"https:\/\/www.veracel.com.br\/en\/wp-json\/wp\/v2\/comments?post=32107"}],"version-history":[{"count":2,"href":"https:\/\/www.veracel.com.br\/en\/wp-json\/wp\/v2\/posts\/32107\/revisions"}],"predecessor-version":[{"id":32111,"href":"https:\/\/www.veracel.com.br\/en\/wp-json\/wp\/v2\/posts\/32107\/revisions\/32111"}],"wp:featuredmedia":[{"embeddable":true,"href":"https:\/\/www.veracel.com.br\/en\/wp-json\/wp\/v2\/media\/32108"}],"wp:attachment":[{"href":"https:\/\/www.veracel.com.br\/en\/wp-json\/wp\/v2\/media?parent=32107"}],"wp:term":[{"taxonomy":"category","embeddable":true,"href":"https:\/\/www.veracel.com.br\/en\/wp-json\/wp\/v2\/categories?post=32107"},{"taxonomy":"post_tag","embeddable":true,"href":"https:\/\/www.veracel.com.br\/en\/wp-json\/wp\/v2\/tags?post=32107"}],"curies":[{"name":"wp","href":"https:\/\/api.w.org\/{rel}","templated":true}]}}