{"id":32469,"date":"2023-11-01T23:50:54","date_gmt":"2023-11-02T02:50:54","guid":{"rendered":"https:\/\/www.veracel.com.br\/?p=32469"},"modified":"2023-11-01T23:50:54","modified_gmt":"2023-11-02T02:50:54","slug":"primeira-turma-de-operadoras-de-maquinas-florestais-100-feminina","status":"publish","type":"post","link":"https:\/\/www.veracel.com.br\/en\/primeira-turma-de-operadoras-de-maquinas-florestais-100-feminina\/","title":{"rendered":"Primeira turma de operadoras de m\u00e1quinas florestais 100% feminina"},"content":{"rendered":"<p><i>Em parceria com o SENAI, a companhia investiu na forma\u00e7\u00e3o de mulheres para uma fun\u00e7\u00e3o historicamente masculina, e todas as alunas foram efetivadas<\/i><\/p>\n<p>&nbsp;<\/p>\n<p>Para fomentar a inclus\u00e3o das mulheres no mercado florestal e o desenvolvimento regional do sul baiano, a Veracel Celulose abriu, em setembro do ano passado, uma capacita\u00e7\u00e3o in\u00e9dita em parceria com o SENAI Bahia: um curso exclusivo para mulheres na \u00e1rea de Opera\u00e7\u00e3o de M\u00e1quinas Florestais. Agora em outubro, a empresa ofereceu uma coloca\u00e7\u00e3o para cada uma das 20 mulheres formadas e fez hist\u00f3ria ao ter sua primeira turma de operadoras totalmente feminina.<\/p>\n<p>O curso teve dura\u00e7\u00e3o de um ano, incluindo m\u00f3dulos te\u00f3ricos ministrados por especialistas do SENAI e um per\u00edodo de est\u00e1gio na pr\u00f3pria empresa. Foram mais de 650 mulheres inscritas e, desse total, 20 selecionadas para o curso. J\u00e1 na contrata\u00e7\u00e3o, 19 aceitaram a proposta da Veracel e iniciaram suas atividades como operadoras trainee em outubro.<\/p>\n<p>A efetiva\u00e7\u00e3o do grupo ocorreu ap\u00f3s a aprova\u00e7\u00e3o de todas na prova te\u00f3rica e de um per\u00edodo de est\u00e1gio pr\u00e1tico das alunas na empresa. \u201cA entrega das operadoras foi excepcional. Esper\u00e1vamos um desenvolvimento de produtividade regular para quem est\u00e1 iniciando na fun\u00e7\u00e3o, mas todas elas superaram essas expectativas, e algumas chegaram a entregar 120% de produtividade durante o est\u00e1gio\u201d, destaca Jacks Missel, gerente de Suprimento de Madeira da Veracel.<\/p>\n<p>&nbsp;<\/p>\n<h2>Diversidade na Veracel Celulose<\/h2>\n<p>O projeto faz parte das iniciativas de diversidade da empresa, que tem objetivos em prol da equidade de g\u00eanero e da inser\u00e7\u00e3o de mais talentos femininos para o setor florestal, ainda composto majoritariamente por homens.<\/p>\n<p>Segundo dados do \u00faltimo Panorama de G\u00eanero do Setor Florestal, a presen\u00e7a feminina no setor \u00e9 de 19%, sendo que nas \u00e1reas de Colheita e Carregamento a diferen\u00e7a \u00e9 ainda maior: 97,8% da m\u00e3o de obra \u00e9 composta por homens; e 2,2%, por mulheres. A pesquisa foi realizada em 2021 pela Rede Mulher Florestal.<\/p>\n<p>Al\u00e9m dos benef\u00edcios sociais, a oferta de um curso de forma\u00e7\u00e3o pela pr\u00f3pria companhia representa uma grande vantagem na contrata\u00e7\u00e3o de profissionais. \u201cT\u00ednhamos a op\u00e7\u00e3o de ampliar o nosso estoque de m\u00e1quinas com colheita terceirizada ou apostar nas mulheres que estavam fazendo o curso. Apostamos nelas\u201d, afirma Jacks Missel.<\/p>\n<p>\u201cA contrata\u00e7\u00e3o deste grupo \u00e9 muito emblem\u00e1tica para a Veracel e representa a realiza\u00e7\u00e3o de um sonho nosso de ampliar a diversidade na \u00e1rea da colheita\u201d, ressalta Jacks Missel. \u201cEssas 19 mulheres s\u00e3o pioneiras dentro da empresa e j\u00e1 est\u00e3o deixando um legado de aprendizado para n\u00f3s como companhia, al\u00e9m de estarem abrindo novas oportunidades de trabalho para outras mulheres de nosso territ\u00f3rio que queiram trabalhar na \u00e1rea florestal\u201d, complementa o gerente.<\/p>\n<p>A Veracel estima formar mais tr\u00eas turmas de operadoras e operadores em 2024, abrindo novas oportunidades de qualifica\u00e7\u00e3o e capacita\u00e7\u00e3o de m\u00e3o de obra na regi\u00e3o Sul da Bahia. O pr\u00f3ximo curso j\u00e1 est\u00e1 em processo de sele\u00e7\u00e3o de candidatas e candidatos e deve come\u00e7ar ainda em outubro. A abertura de vagas para as pr\u00f3ximas turmas ser\u00e1 divulgada nos canais da companhia.<\/p>\n<p>Laiandra Santos, uma das contratas por meio do curso, considera a oportunidade como uma conquista para a sua vida profissional. \u201cUm passo importante na minha carreira profissional foi dado. Tenho um sentimento de realiza\u00e7\u00e3o e gratid\u00e3o. Foram meses de aprendizado e supera\u00e7\u00e3o, e essa foi uma oportunidade \u00edmpar que a Veracel me proporcionou. Minha felicidade \u00e9 sem tamanho, j\u00e1 que, al\u00e9m de concluir o curso, tamb\u00e9m fui contratada\u201d.<\/p>\n<p>A empresa soma agora 23 mulheres em cargos de operadoras de m\u00e1quinas florestais, al\u00e9m de contar com a primeira mulher mec\u00e2nica, contratada recentemente juntamente com outros sete mec\u00e2nicos. Esse grupo tamb\u00e9m fez parte da capacita\u00e7\u00e3o oferecida pela companhia em parceria com o Senai.<\/p>\n<p>&nbsp;<\/p>\n<h2>Trabalhar na Veracel<\/h2>\n<p>Os processos seletivos da companhia s\u00e3o promovidos em alinhamento com os pilares de Diversidade e Inclus\u00e3o da Veracel. Todas as vagas est\u00e3o dispon\u00edveis para pessoas com defici\u00eancia e abertas prioritariamente para mulheres e pessoas negras. As vagas em aberto podem ser consultados na <a href=\"https:\/\/www.veracel.com.br\/vagas\/\">p\u00e1gina de vagas da Veracel Celulose<\/a>.<\/p>\n<p>A empresa oferece sal\u00e1rios compat\u00edveis com o mercado, al\u00e9m de benef\u00edcios como assist\u00eancia m\u00e9dica, assist\u00eancia odontol\u00f3gica, Cesta de Natal, previd\u00eancia privada, programa de remunera\u00e7\u00e3o vari\u00e1vel, programa de treinamentos, seguro de vida e vale-alimenta\u00e7\u00e3o, entre outros.<\/p>\n<p>A Veracel Celulose \u00e9 certificada como um dos melhores lugares para trabalhar da Bahia, de acordo com a consultoria global Great Place to Work &#8211; GPTW.<\/p>\n","protected":false},"excerpt":{"rendered":"<p>Em parceria com o SENAI, a companhia investiu na forma\u00e7\u00e3o de mulheres para uma fun\u00e7\u00e3o historicamente masculina, e todas as alunas foram efetivadas &nbsp; Para fomentar a inclus\u00e3o das mulheres no mercado florestal e o desenvolvimento regional do sul baiano, a Veracel Celulose abriu, em setembro do ano passado, uma capacita\u00e7\u00e3o in\u00e9dita em parceria com [&hellip;]<\/p>\n","protected":false},"author":2,"featured_media":32470,"comment_status":"open","ping_status":"open","sticky":false,"template":"","format":"standard","meta":{"_acf_changed":false,"footnotes":"","_links_to":"","_links_to_target":""},"categories":[271,211],"tags":[],"class_list":["post-32469","post","type-post","status-publish","format-standard","has-post-thumbnail","hentry","category-a-veracel","category-noticias"],"acf":[],"yoast_head":"<!-- This site is optimized with the Yoast SEO Premium plugin v26.7 (Yoast SEO v27.4) - https:\/\/yoast.com\/product\/yoast-seo-premium-wordpress\/ -->\n<title>Primeira turma de operadoras de m\u00e1quinas florestais 100% feminina<\/title>\n<meta name=\"description\" content=\"Contrata\u00e7\u00e3o in\u00e9dita: Veracel forma e contrata sua primeira turma de operadoras de m\u00e1quinas florestais 100% feminina\" \/>\n<meta name=\"robots\" content=\"index, follow, max-snippet:-1, max-image-preview:large, max-video-preview:-1\" \/>\n<link rel=\"canonical\" href=\"https:\/\/www.veracel.com.br\/primeira-turma-de-operadoras-de-maquinas-florestais-100-feminina\/\" \/>\n<meta property=\"og:locale\" content=\"en_US\" \/>\n<meta property=\"og:type\" content=\"article\" \/>\n<meta property=\"og:title\" content=\"Primeira turma de operadoras de m\u00e1quinas florestais 100% feminina\" \/>\n<meta property=\"og:description\" content=\"Contrata\u00e7\u00e3o in\u00e9dita: Veracel forma e contrata sua primeira turma de operadoras de m\u00e1quinas florestais 100% feminina\" \/>\n<meta property=\"og:url\" content=\"https:\/\/www.veracel.com.br\/primeira-turma-de-operadoras-de-maquinas-florestais-100-feminina\/\" \/>\n<meta property=\"og:site_name\" content=\"Veracel Celulose\" \/>\n<meta property=\"article:published_time\" content=\"2023-11-02T02:50:54+00:00\" \/>\n<meta property=\"og:image\" content=\"https:\/\/www.veracel.com.br\/wp-content\/uploads\/2023\/11\/operadoras-florestais-veracel-celulose.jpg\" \/>\n\t<meta property=\"og:image:width\" content=\"800\" \/>\n\t<meta property=\"og:image:height\" content=\"450\" \/>\n\t<meta property=\"og:image:type\" content=\"image\/jpeg\" \/>\n<meta name=\"author\" content=\"saulo\" \/>\n<meta name=\"twitter:card\" content=\"summary_large_image\" \/>\n<meta name=\"twitter:label1\" content=\"Written by\" \/>\n\t<meta name=\"twitter:data1\" content=\"saulo\" \/>\n\t<meta name=\"twitter:label2\" content=\"Est. reading time\" \/>\n\t<meta name=\"twitter:data2\" content=\"4 minutes\" \/>\n<script type=\"application\/ld+json\" class=\"yoast-schema-graph\">{\"@context\":\"https:\\\/\\\/schema.org\",\"@graph\":[{\"@type\":\"WebPage\",\"@id\":\"https:\\\/\\\/www.veracel.com.br\\\/primeira-turma-de-operadoras-de-maquinas-florestais-100-feminina\\\/\",\"url\":\"https:\\\/\\\/www.veracel.com.br\\\/primeira-turma-de-operadoras-de-maquinas-florestais-100-feminina\\\/\",\"name\":\"Primeira turma de operadoras de m\u00e1quinas florestais 100% feminina\",\"isPartOf\":{\"@id\":\"https:\\\/\\\/www.veracel.com.br\\\/#website\"},\"primaryImageOfPage\":{\"@id\":\"https:\\\/\\\/www.veracel.com.br\\\/primeira-turma-de-operadoras-de-maquinas-florestais-100-feminina\\\/#primaryimage\"},\"image\":{\"@id\":\"https:\\\/\\\/www.veracel.com.br\\\/primeira-turma-de-operadoras-de-maquinas-florestais-100-feminina\\\/#primaryimage\"},\"thumbnailUrl\":\"https:\\\/\\\/www.veracel.com.br\\\/wp-content\\\/uploads\\\/2023\\\/11\\\/operadoras-florestais-veracel-celulose.jpg\",\"datePublished\":\"2023-11-02T02:50:54+00:00\",\"description\":\"Contrata\u00e7\u00e3o in\u00e9dita: Veracel forma e contrata sua primeira turma de operadoras de m\u00e1quinas florestais 100% feminina\",\"breadcrumb\":{\"@id\":\"https:\\\/\\\/www.veracel.com.br\\\/primeira-turma-de-operadoras-de-maquinas-florestais-100-feminina\\\/#breadcrumb\"},\"inLanguage\":\"en-US\",\"potentialAction\":[{\"@type\":\"ReadAction\",\"target\":[\"https:\\\/\\\/www.veracel.com.br\\\/primeira-turma-de-operadoras-de-maquinas-florestais-100-feminina\\\/\"]}]},{\"@type\":\"ImageObject\",\"inLanguage\":\"en-US\",\"@id\":\"https:\\\/\\\/www.veracel.com.br\\\/primeira-turma-de-operadoras-de-maquinas-florestais-100-feminina\\\/#primaryimage\",\"url\":\"https:\\\/\\\/www.veracel.com.br\\\/wp-content\\\/uploads\\\/2023\\\/11\\\/operadoras-florestais-veracel-celulose.jpg\",\"contentUrl\":\"https:\\\/\\\/www.veracel.com.br\\\/wp-content\\\/uploads\\\/2023\\\/11\\\/operadoras-florestais-veracel-celulose.jpg\",\"width\":800,\"height\":450},{\"@type\":\"BreadcrumbList\",\"@id\":\"https:\\\/\\\/www.veracel.com.br\\\/primeira-turma-de-operadoras-de-maquinas-florestais-100-feminina\\\/#breadcrumb\",\"itemListElement\":[{\"@type\":\"ListItem\",\"position\":1,\"name\":\"Home\",\"item\":\"https:\\\/\\\/www.veracel.com.br\\\/\"},{\"@type\":\"ListItem\",\"position\":2,\"name\":\"Not\u00edcias\",\"item\":\"https:\\\/\\\/www.veracel.com.br\\\/noticias\\\/\"},{\"@type\":\"ListItem\",\"position\":3,\"name\":\"Primeira turma de operadoras de m\u00e1quinas florestais 100% feminina\"}]},{\"@type\":\"WebSite\",\"@id\":\"https:\\\/\\\/www.veracel.com.br\\\/#website\",\"url\":\"https:\\\/\\\/www.veracel.com.br\\\/\",\"name\":\"Veracel Celulose\",\"description\":\"Quando crescemos juntos vamos muito mais longe\",\"publisher\":{\"@id\":\"https:\\\/\\\/www.veracel.com.br\\\/#organization\"},\"potentialAction\":[{\"@type\":\"SearchAction\",\"target\":{\"@type\":\"EntryPoint\",\"urlTemplate\":\"https:\\\/\\\/www.veracel.com.br\\\/?s={search_term_string}\"},\"query-input\":{\"@type\":\"PropertyValueSpecification\",\"valueRequired\":true,\"valueName\":\"search_term_string\"}}],\"inLanguage\":\"en-US\"},{\"@type\":\"Organization\",\"@id\":\"https:\\\/\\\/www.veracel.com.br\\\/#organization\",\"name\":\"Veracel Celulose\",\"url\":\"https:\\\/\\\/www.veracel.com.br\\\/\",\"logo\":{\"@type\":\"ImageObject\",\"inLanguage\":\"en-US\",\"@id\":\"https:\\\/\\\/www.veracel.com.br\\\/#\\\/schema\\\/logo\\\/image\\\/\",\"url\":\"https:\\\/\\\/www.veracel.com.br\\\/wp-content\\\/uploads\\\/2024\\\/08\\\/Ativo-1.png\",\"contentUrl\":\"https:\\\/\\\/www.veracel.com.br\\\/wp-content\\\/uploads\\\/2024\\\/08\\\/Ativo-1.png\",\"width\":400,\"height\":121,\"caption\":\"Veracel Celulose\"},\"image\":{\"@id\":\"https:\\\/\\\/www.veracel.com.br\\\/#\\\/schema\\\/logo\\\/image\\\/\"},\"sameAs\":[\"https:\\\/\\\/www.instagram.com\\\/veracelcelulose\",\"https:\\\/\\\/www.linkedin.com\\\/company\\\/veracelcelulose\\\/\",\"https:\\\/\\\/www.youtube.com\\\/user\\\/CanalVeracel\"]}]}<\/script>\n<!-- \/ Yoast SEO Premium plugin. -->","yoast_head_json":{"title":"Primeira turma de operadoras de m\u00e1quinas florestais 100% feminina","description":"Contrata\u00e7\u00e3o in\u00e9dita: Veracel forma e contrata sua primeira turma de operadoras de m\u00e1quinas florestais 100% feminina","robots":{"index":"index","follow":"follow","max-snippet":"max-snippet:-1","max-image-preview":"max-image-preview:large","max-video-preview":"max-video-preview:-1"},"canonical":"https:\/\/www.veracel.com.br\/primeira-turma-de-operadoras-de-maquinas-florestais-100-feminina\/","og_locale":"en_US","og_type":"article","og_title":"Primeira turma de operadoras de m\u00e1quinas florestais 100% feminina","og_description":"Contrata\u00e7\u00e3o in\u00e9dita: Veracel forma e contrata sua primeira turma de operadoras de m\u00e1quinas florestais 100% feminina","og_url":"https:\/\/www.veracel.com.br\/primeira-turma-de-operadoras-de-maquinas-florestais-100-feminina\/","og_site_name":"Veracel Celulose","article_published_time":"2023-11-02T02:50:54+00:00","og_image":[{"width":800,"height":450,"url":"https:\/\/www.veracel.com.br\/wp-content\/uploads\/2023\/11\/operadoras-florestais-veracel-celulose.jpg","type":"image\/jpeg"}],"author":"saulo","twitter_card":"summary_large_image","twitter_misc":{"Written by":"saulo","Est. reading time":"4 minutes"},"schema":{"@context":"https:\/\/schema.org","@graph":[{"@type":"WebPage","@id":"https:\/\/www.veracel.com.br\/primeira-turma-de-operadoras-de-maquinas-florestais-100-feminina\/","url":"https:\/\/www.veracel.com.br\/primeira-turma-de-operadoras-de-maquinas-florestais-100-feminina\/","name":"Primeira turma de operadoras de m\u00e1quinas florestais 100% feminina","isPartOf":{"@id":"https:\/\/www.veracel.com.br\/#website"},"primaryImageOfPage":{"@id":"https:\/\/www.veracel.com.br\/primeira-turma-de-operadoras-de-maquinas-florestais-100-feminina\/#primaryimage"},"image":{"@id":"https:\/\/www.veracel.com.br\/primeira-turma-de-operadoras-de-maquinas-florestais-100-feminina\/#primaryimage"},"thumbnailUrl":"https:\/\/www.veracel.com.br\/wp-content\/uploads\/2023\/11\/operadoras-florestais-veracel-celulose.jpg","datePublished":"2023-11-02T02:50:54+00:00","description":"Contrata\u00e7\u00e3o in\u00e9dita: Veracel forma e contrata sua primeira turma de operadoras de m\u00e1quinas florestais 100% feminina","breadcrumb":{"@id":"https:\/\/www.veracel.com.br\/primeira-turma-de-operadoras-de-maquinas-florestais-100-feminina\/#breadcrumb"},"inLanguage":"en-US","potentialAction":[{"@type":"ReadAction","target":["https:\/\/www.veracel.com.br\/primeira-turma-de-operadoras-de-maquinas-florestais-100-feminina\/"]}]},{"@type":"ImageObject","inLanguage":"en-US","@id":"https:\/\/www.veracel.com.br\/primeira-turma-de-operadoras-de-maquinas-florestais-100-feminina\/#primaryimage","url":"https:\/\/www.veracel.com.br\/wp-content\/uploads\/2023\/11\/operadoras-florestais-veracel-celulose.jpg","contentUrl":"https:\/\/www.veracel.com.br\/wp-content\/uploads\/2023\/11\/operadoras-florestais-veracel-celulose.jpg","width":800,"height":450},{"@type":"BreadcrumbList","@id":"https:\/\/www.veracel.com.br\/primeira-turma-de-operadoras-de-maquinas-florestais-100-feminina\/#breadcrumb","itemListElement":[{"@type":"ListItem","position":1,"name":"Home","item":"https:\/\/www.veracel.com.br\/"},{"@type":"ListItem","position":2,"name":"Not\u00edcias","item":"https:\/\/www.veracel.com.br\/noticias\/"},{"@type":"ListItem","position":3,"name":"Primeira turma de operadoras de m\u00e1quinas florestais 100% feminina"}]},{"@type":"WebSite","@id":"https:\/\/www.veracel.com.br\/#website","url":"https:\/\/www.veracel.com.br\/","name":"Veracel Celulose","description":"Quando crescemos juntos vamos muito mais longe","publisher":{"@id":"https:\/\/www.veracel.com.br\/#organization"},"potentialAction":[{"@type":"SearchAction","target":{"@type":"EntryPoint","urlTemplate":"https:\/\/www.veracel.com.br\/?s={search_term_string}"},"query-input":{"@type":"PropertyValueSpecification","valueRequired":true,"valueName":"search_term_string"}}],"inLanguage":"en-US"},{"@type":"Organization","@id":"https:\/\/www.veracel.com.br\/#organization","name":"Veracel Celulose","url":"https:\/\/www.veracel.com.br\/","logo":{"@type":"ImageObject","inLanguage":"en-US","@id":"https:\/\/www.veracel.com.br\/#\/schema\/logo\/image\/","url":"https:\/\/www.veracel.com.br\/wp-content\/uploads\/2024\/08\/Ativo-1.png","contentUrl":"https:\/\/www.veracel.com.br\/wp-content\/uploads\/2024\/08\/Ativo-1.png","width":400,"height":121,"caption":"Veracel Celulose"},"image":{"@id":"https:\/\/www.veracel.com.br\/#\/schema\/logo\/image\/"},"sameAs":["https:\/\/www.instagram.com\/veracelcelulose","https:\/\/www.linkedin.com\/company\/veracelcelulose\/","https:\/\/www.youtube.com\/user\/CanalVeracel"]}]}},"_links":{"self":[{"href":"https:\/\/www.veracel.com.br\/en\/wp-json\/wp\/v2\/posts\/32469","targetHints":{"allow":["GET"]}}],"collection":[{"href":"https:\/\/www.veracel.com.br\/en\/wp-json\/wp\/v2\/posts"}],"about":[{"href":"https:\/\/www.veracel.com.br\/en\/wp-json\/wp\/v2\/types\/post"}],"author":[{"embeddable":true,"href":"https:\/\/www.veracel.com.br\/en\/wp-json\/wp\/v2\/users\/2"}],"replies":[{"embeddable":true,"href":"https:\/\/www.veracel.com.br\/en\/wp-json\/wp\/v2\/comments?post=32469"}],"version-history":[{"count":1,"href":"https:\/\/www.veracel.com.br\/en\/wp-json\/wp\/v2\/posts\/32469\/revisions"}],"predecessor-version":[{"id":32472,"href":"https:\/\/www.veracel.com.br\/en\/wp-json\/wp\/v2\/posts\/32469\/revisions\/32472"}],"wp:featuredmedia":[{"embeddable":true,"href":"https:\/\/www.veracel.com.br\/en\/wp-json\/wp\/v2\/media\/32470"}],"wp:attachment":[{"href":"https:\/\/www.veracel.com.br\/en\/wp-json\/wp\/v2\/media?parent=32469"}],"wp:term":[{"taxonomy":"category","embeddable":true,"href":"https:\/\/www.veracel.com.br\/en\/wp-json\/wp\/v2\/categories?post=32469"},{"taxonomy":"post_tag","embeddable":true,"href":"https:\/\/www.veracel.com.br\/en\/wp-json\/wp\/v2\/tags?post=32469"}],"curies":[{"name":"wp","href":"https:\/\/api.w.org\/{rel}","templated":true}]}}