{"id":32524,"date":"2023-11-09T15:16:09","date_gmt":"2023-11-09T18:16:09","guid":{"rendered":"https:\/\/www.veracel.com.br\/?p=32524"},"modified":"2023-11-09T15:25:18","modified_gmt":"2023-11-09T18:25:18","slug":"caio-zanardo-ceo-veracel-e-premiado-como-executivo-do-ano-em-evento-do-setor","status":"publish","type":"post","link":"https:\/\/www.veracel.com.br\/en\/caio-zanardo-ceo-veracel-e-premiado-como-executivo-do-ano-em-evento-do-setor\/","title":{"rendered":"Caio Zanardo, CEO Veracel, \u00e9 premiado como Executivo do Ano em evento do setor"},"content":{"rendered":"<p><em>O executivo foi reconhecido no HDOM Summit 2023, evento de refer\u00eancia na \u00e1rea florestal, realizado nesta semana, em S\u00e3o Paulo.<\/em><\/p>\n<p>&nbsp;<\/p>\n<p>Em um cen\u00e1rio de crescente conscientiza\u00e7\u00e3o sobre a import\u00e2ncia da gest\u00e3o sustent\u00e1vel e da inova\u00e7\u00e3o no setor florestal, Caio Zanardo, CEO da Veracel Celulose, foi reconhecido como Executivo do Ano no HDOM Summit 2023, o principal evento dedicado a profissionais, gestores e investidores florestais do Brasil. A sele\u00e7\u00e3o \u00e9 resultado de uma vota\u00e7\u00e3o realizada entre os participantes do evento, que ocorreu nos dias 8 e 9 de novembro, al\u00e9m de ter sido aberta tamb\u00e9m para funcion\u00e1rios e executivos do setor.<\/p>\n<p>O reconhecimento \u00e9 um reflexo da forma como Zanardo tem gerido a empresa desde que assumiu o cargo, em 2021. Sob sua lideran\u00e7a, a Veracel Celulose tem alcan\u00e7ado marcos not\u00e1veis de inova\u00e7\u00e3o, transforma\u00e7\u00e3o digital e de busca constante por processos mais eficientes, iniciativas que t\u00eam tornado a empresa mais competitiva e sustent\u00e1vel.<\/p>\n<p>&nbsp;<\/p>\n<p><img fetchpriority=\"high\" decoding=\"async\" class=\"alignnone wp-image-32527 size-full\" src=\"https:\/\/www.veracel.com.br\/wp-content\/uploads\/2023\/11\/caio-zanardo-ceo-veracel-celulose.jpg\" alt=\"\" width=\"800\" height=\"1200\" srcset=\"https:\/\/www.veracel.com.br\/wp-content\/uploads\/2023\/11\/caio-zanardo-ceo-veracel-celulose.jpg 800w, https:\/\/www.veracel.com.br\/wp-content\/uploads\/2023\/11\/caio-zanardo-ceo-veracel-celulose-200x300.jpg 200w, https:\/\/www.veracel.com.br\/wp-content\/uploads\/2023\/11\/caio-zanardo-ceo-veracel-celulose-683x1024.jpg 683w, https:\/\/www.veracel.com.br\/wp-content\/uploads\/2023\/11\/caio-zanardo-ceo-veracel-celulose-768x1152.jpg 768w\" sizes=\"(max-width: 800px) 100vw, 800px\" \/><\/p>\n<p>&nbsp;<\/p>\n<p>&#8220;Este reconhecimento \u00e9 resultado da dedica\u00e7\u00e3o do time da Veracel Celulose que abra\u00e7a a inova\u00e7\u00e3o e que torna a empresa melhor a cada dia\u201d, destaca o executivo. \u201cEste pr\u00eamio \u00e9 uma inspira\u00e7\u00e3o para continuarmos avan\u00e7ando, inovando e promovendo pr\u00e1ticas sustent\u00e1veis em tudo o que fazemos. Sabemos do potencial do setor florestal para criar um impacto positivo duradouro para o Brasil e o mundo, e seguiremos sempre em busca desses objetivos\u201d, finaliza Zanardo.<\/p>\n<p>&nbsp;<\/p>\n<p><a href=\"https:\/\/www.veracel.com.br\/nosso-jeito\/\">Saiba mais sobre o jeito de ser Veracel Celulose.<\/a><\/p>\n<p><a href=\"https:\/\/www.veracel.com.br\/sustentabilidade\/nossa-guia\/\">Confira como a sustentabilidade \u00e9 a guia de todas as a\u00e7\u00f5es na Veracel.<\/a><\/p>\n<p>&nbsp;<\/p>\n<p>&nbsp;<\/p>\n","protected":false},"excerpt":{"rendered":"<p>O executivo foi reconhecido no HDOM Summit 2023, evento de refer\u00eancia na \u00e1rea florestal, realizado nesta semana, em S\u00e3o Paulo. &nbsp; Em um cen\u00e1rio de crescente conscientiza\u00e7\u00e3o sobre a import\u00e2ncia da gest\u00e3o sustent\u00e1vel e da inova\u00e7\u00e3o no setor florestal, Caio Zanardo, CEO da Veracel Celulose, foi reconhecido como Executivo do Ano no HDOM Summit 2023, [&hellip;]<\/p>\n","protected":false},"author":2,"featured_media":32525,"comment_status":"open","ping_status":"open","sticky":false,"template":"","format":"standard","meta":{"_acf_changed":false,"footnotes":"","_links_to":"","_links_to_target":""},"categories":[271,211],"tags":[],"class_list":["post-32524","post","type-post","status-publish","format-standard","has-post-thumbnail","hentry","category-a-veracel","category-noticias"],"acf":[],"yoast_head":"<!-- This site is optimized with the Yoast SEO Premium plugin v26.7 (Yoast SEO v27.4) - https:\/\/yoast.com\/product\/yoast-seo-premium-wordpress\/ -->\n<title>Caio Zanardo \u00e9 premiado como Executivo do Ano<\/title>\n<meta name=\"description\" content=\"Caio Zanardo, CEO da Veracel, foi premiado no HDOM Summit 2023, evento de refer\u00eancia na \u00e1rea florestal, como executivo do ano do setor.\" \/>\n<meta name=\"robots\" content=\"index, follow, max-snippet:-1, max-image-preview:large, max-video-preview:-1\" \/>\n<link rel=\"canonical\" href=\"https:\/\/www.veracel.com.br\/caio-zanardo-ceo-veracel-e-premiado-como-executivo-do-ano-em-evento-do-setor\/\" \/>\n<meta property=\"og:locale\" content=\"en_US\" \/>\n<meta property=\"og:type\" content=\"article\" \/>\n<meta property=\"og:title\" content=\"Caio Zanardo, CEO Veracel, \u00e9 premiado como Executivo do Ano em evento do setor\" \/>\n<meta property=\"og:description\" content=\"Caio Zanardo, CEO da Veracel, foi premiado no HDOM Summit 2023, evento de refer\u00eancia na \u00e1rea florestal, como executivo do ano do setor.\" \/>\n<meta property=\"og:url\" content=\"https:\/\/www.veracel.com.br\/caio-zanardo-ceo-veracel-e-premiado-como-executivo-do-ano-em-evento-do-setor\/\" \/>\n<meta property=\"og:site_name\" content=\"Veracel Celulose\" \/>\n<meta property=\"article:published_time\" content=\"2023-11-09T18:16:09+00:00\" \/>\n<meta property=\"article:modified_time\" content=\"2023-11-09T18:25:18+00:00\" \/>\n<meta property=\"og:image\" content=\"https:\/\/www.veracel.com.br\/wp-content\/uploads\/2023\/11\/caio-zanardo-veracel-celulose-executivo-do-ano.jpg\" \/>\n\t<meta property=\"og:image:width\" content=\"585\" \/>\n\t<meta property=\"og:image:height\" content=\"379\" \/>\n\t<meta property=\"og:image:type\" content=\"image\/jpeg\" \/>\n<meta name=\"author\" content=\"saulo\" \/>\n<meta name=\"twitter:card\" content=\"summary_large_image\" \/>\n<meta name=\"twitter:label1\" content=\"Written by\" \/>\n\t<meta name=\"twitter:data1\" content=\"saulo\" \/>\n\t<meta name=\"twitter:label2\" content=\"Est. reading time\" \/>\n\t<meta name=\"twitter:data2\" content=\"2 minutes\" \/>\n<script type=\"application\/ld+json\" class=\"yoast-schema-graph\">{\"@context\":\"https:\\\/\\\/schema.org\",\"@graph\":[{\"@type\":\"WebPage\",\"@id\":\"https:\\\/\\\/www.veracel.com.br\\\/caio-zanardo-ceo-veracel-e-premiado-como-executivo-do-ano-em-evento-do-setor\\\/\",\"url\":\"https:\\\/\\\/www.veracel.com.br\\\/caio-zanardo-ceo-veracel-e-premiado-como-executivo-do-ano-em-evento-do-setor\\\/\",\"name\":\"Caio Zanardo \u00e9 premiado como Executivo do Ano\",\"isPartOf\":{\"@id\":\"https:\\\/\\\/www.veracel.com.br\\\/#website\"},\"primaryImageOfPage\":{\"@id\":\"https:\\\/\\\/www.veracel.com.br\\\/caio-zanardo-ceo-veracel-e-premiado-como-executivo-do-ano-em-evento-do-setor\\\/#primaryimage\"},\"image\":{\"@id\":\"https:\\\/\\\/www.veracel.com.br\\\/caio-zanardo-ceo-veracel-e-premiado-como-executivo-do-ano-em-evento-do-setor\\\/#primaryimage\"},\"thumbnailUrl\":\"https:\\\/\\\/www.veracel.com.br\\\/wp-content\\\/uploads\\\/2023\\\/11\\\/caio-zanardo-veracel-celulose-executivo-do-ano.jpg\",\"datePublished\":\"2023-11-09T18:16:09+00:00\",\"dateModified\":\"2023-11-09T18:25:18+00:00\",\"description\":\"Caio Zanardo, CEO da Veracel, foi premiado no HDOM Summit 2023, evento de refer\u00eancia na \u00e1rea florestal, como executivo do ano do setor.\",\"breadcrumb\":{\"@id\":\"https:\\\/\\\/www.veracel.com.br\\\/caio-zanardo-ceo-veracel-e-premiado-como-executivo-do-ano-em-evento-do-setor\\\/#breadcrumb\"},\"inLanguage\":\"en-US\",\"potentialAction\":[{\"@type\":\"ReadAction\",\"target\":[\"https:\\\/\\\/www.veracel.com.br\\\/caio-zanardo-ceo-veracel-e-premiado-como-executivo-do-ano-em-evento-do-setor\\\/\"]}]},{\"@type\":\"ImageObject\",\"inLanguage\":\"en-US\",\"@id\":\"https:\\\/\\\/www.veracel.com.br\\\/caio-zanardo-ceo-veracel-e-premiado-como-executivo-do-ano-em-evento-do-setor\\\/#primaryimage\",\"url\":\"https:\\\/\\\/www.veracel.com.br\\\/wp-content\\\/uploads\\\/2023\\\/11\\\/caio-zanardo-veracel-celulose-executivo-do-ano.jpg\",\"contentUrl\":\"https:\\\/\\\/www.veracel.com.br\\\/wp-content\\\/uploads\\\/2023\\\/11\\\/caio-zanardo-veracel-celulose-executivo-do-ano.jpg\",\"width\":585,\"height\":379},{\"@type\":\"BreadcrumbList\",\"@id\":\"https:\\\/\\\/www.veracel.com.br\\\/caio-zanardo-ceo-veracel-e-premiado-como-executivo-do-ano-em-evento-do-setor\\\/#breadcrumb\",\"itemListElement\":[{\"@type\":\"ListItem\",\"position\":1,\"name\":\"Home\",\"item\":\"https:\\\/\\\/www.veracel.com.br\\\/\"},{\"@type\":\"ListItem\",\"position\":2,\"name\":\"A Veracel\",\"item\":\"https:\\\/\\\/www.veracel.com.br\\\/a-veracel\\\/\"},{\"@type\":\"ListItem\",\"position\":3,\"name\":\"Caio Zanardo, CEO Veracel, \u00e9 premiado como Executivo do Ano em evento do setor\"}]},{\"@type\":\"WebSite\",\"@id\":\"https:\\\/\\\/www.veracel.com.br\\\/#website\",\"url\":\"https:\\\/\\\/www.veracel.com.br\\\/\",\"name\":\"Veracel Celulose\",\"description\":\"Quando crescemos juntos vamos muito mais longe\",\"publisher\":{\"@id\":\"https:\\\/\\\/www.veracel.com.br\\\/#organization\"},\"potentialAction\":[{\"@type\":\"SearchAction\",\"target\":{\"@type\":\"EntryPoint\",\"urlTemplate\":\"https:\\\/\\\/www.veracel.com.br\\\/?s={search_term_string}\"},\"query-input\":{\"@type\":\"PropertyValueSpecification\",\"valueRequired\":true,\"valueName\":\"search_term_string\"}}],\"inLanguage\":\"en-US\"},{\"@type\":\"Organization\",\"@id\":\"https:\\\/\\\/www.veracel.com.br\\\/#organization\",\"name\":\"Veracel Celulose\",\"url\":\"https:\\\/\\\/www.veracel.com.br\\\/\",\"logo\":{\"@type\":\"ImageObject\",\"inLanguage\":\"en-US\",\"@id\":\"https:\\\/\\\/www.veracel.com.br\\\/#\\\/schema\\\/logo\\\/image\\\/\",\"url\":\"https:\\\/\\\/www.veracel.com.br\\\/wp-content\\\/uploads\\\/2024\\\/08\\\/Ativo-1.png\",\"contentUrl\":\"https:\\\/\\\/www.veracel.com.br\\\/wp-content\\\/uploads\\\/2024\\\/08\\\/Ativo-1.png\",\"width\":400,\"height\":121,\"caption\":\"Veracel Celulose\"},\"image\":{\"@id\":\"https:\\\/\\\/www.veracel.com.br\\\/#\\\/schema\\\/logo\\\/image\\\/\"},\"sameAs\":[\"https:\\\/\\\/www.instagram.com\\\/veracelcelulose\",\"https:\\\/\\\/www.linkedin.com\\\/company\\\/veracelcelulose\\\/\",\"https:\\\/\\\/www.youtube.com\\\/user\\\/CanalVeracel\"]}]}<\/script>\n<!-- \/ Yoast SEO Premium plugin. -->","yoast_head_json":{"title":"Caio Zanardo \u00e9 premiado como Executivo do Ano","description":"Caio Zanardo, CEO da Veracel, foi premiado no HDOM Summit 2023, evento de refer\u00eancia na \u00e1rea florestal, como executivo do ano do setor.","robots":{"index":"index","follow":"follow","max-snippet":"max-snippet:-1","max-image-preview":"max-image-preview:large","max-video-preview":"max-video-preview:-1"},"canonical":"https:\/\/www.veracel.com.br\/caio-zanardo-ceo-veracel-e-premiado-como-executivo-do-ano-em-evento-do-setor\/","og_locale":"en_US","og_type":"article","og_title":"Caio Zanardo, CEO Veracel, \u00e9 premiado como Executivo do Ano em evento do setor","og_description":"Caio Zanardo, CEO da Veracel, foi premiado no HDOM Summit 2023, evento de refer\u00eancia na \u00e1rea florestal, como executivo do ano do setor.","og_url":"https:\/\/www.veracel.com.br\/caio-zanardo-ceo-veracel-e-premiado-como-executivo-do-ano-em-evento-do-setor\/","og_site_name":"Veracel Celulose","article_published_time":"2023-11-09T18:16:09+00:00","article_modified_time":"2023-11-09T18:25:18+00:00","og_image":[{"width":585,"height":379,"url":"https:\/\/www.veracel.com.br\/wp-content\/uploads\/2023\/11\/caio-zanardo-veracel-celulose-executivo-do-ano.jpg","type":"image\/jpeg"}],"author":"saulo","twitter_card":"summary_large_image","twitter_misc":{"Written by":"saulo","Est. reading time":"2 minutes"},"schema":{"@context":"https:\/\/schema.org","@graph":[{"@type":"WebPage","@id":"https:\/\/www.veracel.com.br\/caio-zanardo-ceo-veracel-e-premiado-como-executivo-do-ano-em-evento-do-setor\/","url":"https:\/\/www.veracel.com.br\/caio-zanardo-ceo-veracel-e-premiado-como-executivo-do-ano-em-evento-do-setor\/","name":"Caio Zanardo \u00e9 premiado como Executivo do Ano","isPartOf":{"@id":"https:\/\/www.veracel.com.br\/#website"},"primaryImageOfPage":{"@id":"https:\/\/www.veracel.com.br\/caio-zanardo-ceo-veracel-e-premiado-como-executivo-do-ano-em-evento-do-setor\/#primaryimage"},"image":{"@id":"https:\/\/www.veracel.com.br\/caio-zanardo-ceo-veracel-e-premiado-como-executivo-do-ano-em-evento-do-setor\/#primaryimage"},"thumbnailUrl":"https:\/\/www.veracel.com.br\/wp-content\/uploads\/2023\/11\/caio-zanardo-veracel-celulose-executivo-do-ano.jpg","datePublished":"2023-11-09T18:16:09+00:00","dateModified":"2023-11-09T18:25:18+00:00","description":"Caio Zanardo, CEO da Veracel, foi premiado no HDOM Summit 2023, evento de refer\u00eancia na \u00e1rea florestal, como executivo do ano do setor.","breadcrumb":{"@id":"https:\/\/www.veracel.com.br\/caio-zanardo-ceo-veracel-e-premiado-como-executivo-do-ano-em-evento-do-setor\/#breadcrumb"},"inLanguage":"en-US","potentialAction":[{"@type":"ReadAction","target":["https:\/\/www.veracel.com.br\/caio-zanardo-ceo-veracel-e-premiado-como-executivo-do-ano-em-evento-do-setor\/"]}]},{"@type":"ImageObject","inLanguage":"en-US","@id":"https:\/\/www.veracel.com.br\/caio-zanardo-ceo-veracel-e-premiado-como-executivo-do-ano-em-evento-do-setor\/#primaryimage","url":"https:\/\/www.veracel.com.br\/wp-content\/uploads\/2023\/11\/caio-zanardo-veracel-celulose-executivo-do-ano.jpg","contentUrl":"https:\/\/www.veracel.com.br\/wp-content\/uploads\/2023\/11\/caio-zanardo-veracel-celulose-executivo-do-ano.jpg","width":585,"height":379},{"@type":"BreadcrumbList","@id":"https:\/\/www.veracel.com.br\/caio-zanardo-ceo-veracel-e-premiado-como-executivo-do-ano-em-evento-do-setor\/#breadcrumb","itemListElement":[{"@type":"ListItem","position":1,"name":"Home","item":"https:\/\/www.veracel.com.br\/"},{"@type":"ListItem","position":2,"name":"A Veracel","item":"https:\/\/www.veracel.com.br\/a-veracel\/"},{"@type":"ListItem","position":3,"name":"Caio Zanardo, CEO Veracel, \u00e9 premiado como Executivo do Ano em evento do setor"}]},{"@type":"WebSite","@id":"https:\/\/www.veracel.com.br\/#website","url":"https:\/\/www.veracel.com.br\/","name":"Veracel Celulose","description":"Quando crescemos juntos vamos muito mais longe","publisher":{"@id":"https:\/\/www.veracel.com.br\/#organization"},"potentialAction":[{"@type":"SearchAction","target":{"@type":"EntryPoint","urlTemplate":"https:\/\/www.veracel.com.br\/?s={search_term_string}"},"query-input":{"@type":"PropertyValueSpecification","valueRequired":true,"valueName":"search_term_string"}}],"inLanguage":"en-US"},{"@type":"Organization","@id":"https:\/\/www.veracel.com.br\/#organization","name":"Veracel Celulose","url":"https:\/\/www.veracel.com.br\/","logo":{"@type":"ImageObject","inLanguage":"en-US","@id":"https:\/\/www.veracel.com.br\/#\/schema\/logo\/image\/","url":"https:\/\/www.veracel.com.br\/wp-content\/uploads\/2024\/08\/Ativo-1.png","contentUrl":"https:\/\/www.veracel.com.br\/wp-content\/uploads\/2024\/08\/Ativo-1.png","width":400,"height":121,"caption":"Veracel Celulose"},"image":{"@id":"https:\/\/www.veracel.com.br\/#\/schema\/logo\/image\/"},"sameAs":["https:\/\/www.instagram.com\/veracelcelulose","https:\/\/www.linkedin.com\/company\/veracelcelulose\/","https:\/\/www.youtube.com\/user\/CanalVeracel"]}]}},"_links":{"self":[{"href":"https:\/\/www.veracel.com.br\/en\/wp-json\/wp\/v2\/posts\/32524","targetHints":{"allow":["GET"]}}],"collection":[{"href":"https:\/\/www.veracel.com.br\/en\/wp-json\/wp\/v2\/posts"}],"about":[{"href":"https:\/\/www.veracel.com.br\/en\/wp-json\/wp\/v2\/types\/post"}],"author":[{"embeddable":true,"href":"https:\/\/www.veracel.com.br\/en\/wp-json\/wp\/v2\/users\/2"}],"replies":[{"embeddable":true,"href":"https:\/\/www.veracel.com.br\/en\/wp-json\/wp\/v2\/comments?post=32524"}],"version-history":[{"count":6,"href":"https:\/\/www.veracel.com.br\/en\/wp-json\/wp\/v2\/posts\/32524\/revisions"}],"predecessor-version":[{"id":32537,"href":"https:\/\/www.veracel.com.br\/en\/wp-json\/wp\/v2\/posts\/32524\/revisions\/32537"}],"wp:featuredmedia":[{"embeddable":true,"href":"https:\/\/www.veracel.com.br\/en\/wp-json\/wp\/v2\/media\/32525"}],"wp:attachment":[{"href":"https:\/\/www.veracel.com.br\/en\/wp-json\/wp\/v2\/media?parent=32524"}],"wp:term":[{"taxonomy":"category","embeddable":true,"href":"https:\/\/www.veracel.com.br\/en\/wp-json\/wp\/v2\/categories?post=32524"},{"taxonomy":"post_tag","embeddable":true,"href":"https:\/\/www.veracel.com.br\/en\/wp-json\/wp\/v2\/tags?post=32524"}],"curies":[{"name":"wp","href":"https:\/\/api.w.org\/{rel}","templated":true}]}}