{"id":32590,"date":"2023-11-14T11:33:30","date_gmt":"2023-11-14T14:33:30","guid":{"rendered":"https:\/\/www.veracel.com.br\/?p=32590"},"modified":"2023-11-14T11:36:42","modified_gmt":"2023-11-14T14:36:42","slug":"veracel-sediou-encontros-da-abtcp","status":"publish","type":"post","link":"https:\/\/www.veracel.com.br\/en\/veracel-sediou-encontros-da-abtcp\/","title":{"rendered":"Veracel sediou encontros da Associa\u00e7\u00e3o Brasileira T\u00e9cnica de Celulose e Papel (ABTCP)"},"content":{"rendered":"<p><em>Os eventos da ABTCP reuniram profissionais do setor e foram realizados na \u00faltima semana, na f\u00e1brica da Veracel, em Eun\u00e1polis<\/em><\/p>\n<p>&nbsp;<\/p>\n<p>A Veracel Celulose sediou nos \u00faltimos dias dia 8 e 9 de novembro, o &#8220;Encontro de Operadores de Linha de Fibras&#8221; e o &#8220;Encontro de Operadores de P\u00e1tio de Madeira&#8221;, realizado pela Associa\u00e7\u00e3o Brasileira T\u00e9cnica de Celulose e Papel (ABTCP). O evento contou com 90 participantes e aconteceu na sede da Veracel Celulose, em Eun\u00e1polis, Bahia.<\/p>\n<p>Durantes os dois dias, profissionais e especialistas do setor compartilharam trabalhos e discuss\u00f5es relacionadas \u00e0 produ\u00e7\u00e3o de celulose e p\u00e1tio de madeira, al\u00e9m de suas interfaces. Entre os temas, colaboradores da empresa trouxeram estudos sobre densidade da madeira, sinergia entre laborat\u00f3rio e instrumenta\u00e7\u00e3o anal\u00edtica.<\/p>\n<p>Ari Medeiros, diretor Industrial e Marcio Cavalca, gerente de Produ\u00e7\u00e3o da empresa, participaram da abertura do evento, que \u00e9 fruto da parceria entre a ABTCP e Veracel Celulose e do compromisso em promover o crescimento e a excel\u00eancia na ind\u00fastria de base florestal, com \u00eanfase em celulose no Brasil.<\/p>\n<p>&nbsp;<\/p>\n<p><a href=\"https:\/\/www.veracel.com.br\/sustentabilidade\/operacoes-sustentaveis\/\">Conhe\u00e7a o processo sustent\u00e1vel de produ\u00e7\u00e3o da celulose na Veracel.<\/a><\/p>\n<p><a href=\"https:\/\/www.veracel.com.br\/nosso-jeito\/\">Saiba mais sobre o jeito Veracel Celulose de ser.<\/a><\/p>\n","protected":false},"excerpt":{"rendered":"<p>Os eventos da ABTCP reuniram profissionais do setor e foram realizados na \u00faltima semana, na f\u00e1brica da Veracel, em Eun\u00e1polis &nbsp; A Veracel Celulose sediou nos \u00faltimos dias dia 8 e 9 de novembro, o &#8220;Encontro de Operadores de Linha de Fibras&#8221; e o &#8220;Encontro de Operadores de P\u00e1tio de Madeira&#8221;, realizado pela Associa\u00e7\u00e3o Brasileira [&hellip;]<\/p>\n","protected":false},"author":2,"featured_media":32593,"comment_status":"open","ping_status":"open","sticky":false,"template":"","format":"standard","meta":{"_acf_changed":false,"footnotes":"","_links_to":"","_links_to_target":""},"categories":[271,211],"tags":[],"class_list":["post-32590","post","type-post","status-publish","format-standard","has-post-thumbnail","hentry","category-a-veracel","category-noticias"],"acf":[],"yoast_head":"<!-- This site is optimized with the Yoast SEO Premium plugin v26.7 (Yoast SEO v27.4) - https:\/\/yoast.com\/product\/yoast-seo-premium-wordpress\/ -->\n<title>Veracel sediou encontros da Associa\u00e7\u00e3o Brasileira T\u00e9cnica de Celulose e Papel (ABTCP) - Veracel Celulose<\/title>\n<meta name=\"description\" content=\"Eventos da Associa\u00e7\u00e3o Brasileira T\u00e9cnica de Celulose e Papel (ABTCP) reuniram profissionais do setor na f\u00e1brica da Veracel Celulose.\" \/>\n<meta name=\"robots\" content=\"index, follow, max-snippet:-1, max-image-preview:large, max-video-preview:-1\" \/>\n<link rel=\"canonical\" href=\"https:\/\/www.veracel.com.br\/veracel-sediou-encontros-da-abtcp\/\" \/>\n<meta property=\"og:locale\" content=\"en_US\" \/>\n<meta property=\"og:type\" content=\"article\" \/>\n<meta property=\"og:title\" content=\"Veracel sediou encontros da Associa\u00e7\u00e3o Brasileira T\u00e9cnica de Celulose e Papel (ABTCP)\" \/>\n<meta property=\"og:description\" content=\"Eventos da Associa\u00e7\u00e3o Brasileira T\u00e9cnica de Celulose e Papel (ABTCP) reuniram profissionais do setor na f\u00e1brica da Veracel Celulose.\" \/>\n<meta property=\"og:url\" content=\"https:\/\/www.veracel.com.br\/veracel-sediou-encontros-da-abtcp\/\" \/>\n<meta property=\"og:site_name\" content=\"Veracel Celulose\" \/>\n<meta property=\"article:published_time\" content=\"2023-11-14T14:33:30+00:00\" \/>\n<meta property=\"article:modified_time\" content=\"2023-11-14T14:36:42+00:00\" \/>\n<meta property=\"og:image\" content=\"https:\/\/www.veracel.com.br\/wp-content\/uploads\/2023\/11\/encontro-abtcp-veracel-celulose.jpg\" \/>\n\t<meta property=\"og:image:width\" content=\"1663\" \/>\n\t<meta property=\"og:image:height\" content=\"1247\" \/>\n\t<meta property=\"og:image:type\" content=\"image\/jpeg\" \/>\n<meta name=\"author\" content=\"saulo\" \/>\n<meta name=\"twitter:card\" content=\"summary_large_image\" \/>\n<meta name=\"twitter:label1\" content=\"Written by\" \/>\n\t<meta name=\"twitter:data1\" content=\"saulo\" \/>\n\t<meta name=\"twitter:label2\" content=\"Est. reading time\" \/>\n\t<meta name=\"twitter:data2\" content=\"2 minutes\" \/>\n<script type=\"application\/ld+json\" class=\"yoast-schema-graph\">{\"@context\":\"https:\\\/\\\/schema.org\",\"@graph\":[{\"@type\":\"WebPage\",\"@id\":\"https:\\\/\\\/www.veracel.com.br\\\/veracel-sediou-encontros-da-abtcp\\\/\",\"url\":\"https:\\\/\\\/www.veracel.com.br\\\/veracel-sediou-encontros-da-abtcp\\\/\",\"name\":\"Veracel sediou encontros da Associa\u00e7\u00e3o Brasileira T\u00e9cnica de Celulose e Papel (ABTCP) - Veracel Celulose\",\"isPartOf\":{\"@id\":\"https:\\\/\\\/www.veracel.com.br\\\/#website\"},\"primaryImageOfPage\":{\"@id\":\"https:\\\/\\\/www.veracel.com.br\\\/veracel-sediou-encontros-da-abtcp\\\/#primaryimage\"},\"image\":{\"@id\":\"https:\\\/\\\/www.veracel.com.br\\\/veracel-sediou-encontros-da-abtcp\\\/#primaryimage\"},\"thumbnailUrl\":\"https:\\\/\\\/www.veracel.com.br\\\/wp-content\\\/uploads\\\/2023\\\/11\\\/encontro-abtcp-veracel-celulose.jpg\",\"datePublished\":\"2023-11-14T14:33:30+00:00\",\"dateModified\":\"2023-11-14T14:36:42+00:00\",\"description\":\"Eventos da Associa\u00e7\u00e3o Brasileira T\u00e9cnica de Celulose e Papel (ABTCP) reuniram profissionais do setor na f\u00e1brica da Veracel Celulose.\",\"breadcrumb\":{\"@id\":\"https:\\\/\\\/www.veracel.com.br\\\/veracel-sediou-encontros-da-abtcp\\\/#breadcrumb\"},\"inLanguage\":\"en-US\",\"potentialAction\":[{\"@type\":\"ReadAction\",\"target\":[\"https:\\\/\\\/www.veracel.com.br\\\/veracel-sediou-encontros-da-abtcp\\\/\"]}]},{\"@type\":\"ImageObject\",\"inLanguage\":\"en-US\",\"@id\":\"https:\\\/\\\/www.veracel.com.br\\\/veracel-sediou-encontros-da-abtcp\\\/#primaryimage\",\"url\":\"https:\\\/\\\/www.veracel.com.br\\\/wp-content\\\/uploads\\\/2023\\\/11\\\/encontro-abtcp-veracel-celulose.jpg\",\"contentUrl\":\"https:\\\/\\\/www.veracel.com.br\\\/wp-content\\\/uploads\\\/2023\\\/11\\\/encontro-abtcp-veracel-celulose.jpg\",\"width\":1663,\"height\":1247},{\"@type\":\"BreadcrumbList\",\"@id\":\"https:\\\/\\\/www.veracel.com.br\\\/veracel-sediou-encontros-da-abtcp\\\/#breadcrumb\",\"itemListElement\":[{\"@type\":\"ListItem\",\"position\":1,\"name\":\"Home\",\"item\":\"https:\\\/\\\/www.veracel.com.br\\\/\"},{\"@type\":\"ListItem\",\"position\":2,\"name\":\"A Veracel\",\"item\":\"https:\\\/\\\/www.veracel.com.br\\\/a-veracel\\\/\"},{\"@type\":\"ListItem\",\"position\":3,\"name\":\"Veracel sediou encontros da Associa\u00e7\u00e3o Brasileira T\u00e9cnica de Celulose e Papel (ABTCP)\"}]},{\"@type\":\"WebSite\",\"@id\":\"https:\\\/\\\/www.veracel.com.br\\\/#website\",\"url\":\"https:\\\/\\\/www.veracel.com.br\\\/\",\"name\":\"Veracel Celulose\",\"description\":\"Quando crescemos juntos vamos muito mais longe\",\"publisher\":{\"@id\":\"https:\\\/\\\/www.veracel.com.br\\\/#organization\"},\"potentialAction\":[{\"@type\":\"SearchAction\",\"target\":{\"@type\":\"EntryPoint\",\"urlTemplate\":\"https:\\\/\\\/www.veracel.com.br\\\/?s={search_term_string}\"},\"query-input\":{\"@type\":\"PropertyValueSpecification\",\"valueRequired\":true,\"valueName\":\"search_term_string\"}}],\"inLanguage\":\"en-US\"},{\"@type\":\"Organization\",\"@id\":\"https:\\\/\\\/www.veracel.com.br\\\/#organization\",\"name\":\"Veracel Celulose\",\"url\":\"https:\\\/\\\/www.veracel.com.br\\\/\",\"logo\":{\"@type\":\"ImageObject\",\"inLanguage\":\"en-US\",\"@id\":\"https:\\\/\\\/www.veracel.com.br\\\/#\\\/schema\\\/logo\\\/image\\\/\",\"url\":\"https:\\\/\\\/www.veracel.com.br\\\/wp-content\\\/uploads\\\/2024\\\/08\\\/Ativo-1.png\",\"contentUrl\":\"https:\\\/\\\/www.veracel.com.br\\\/wp-content\\\/uploads\\\/2024\\\/08\\\/Ativo-1.png\",\"width\":400,\"height\":121,\"caption\":\"Veracel Celulose\"},\"image\":{\"@id\":\"https:\\\/\\\/www.veracel.com.br\\\/#\\\/schema\\\/logo\\\/image\\\/\"},\"sameAs\":[\"https:\\\/\\\/www.instagram.com\\\/veracelcelulose\",\"https:\\\/\\\/www.linkedin.com\\\/company\\\/veracelcelulose\\\/\",\"https:\\\/\\\/www.youtube.com\\\/user\\\/CanalVeracel\"]}]}<\/script>\n<!-- \/ Yoast SEO Premium plugin. -->","yoast_head_json":{"title":"Veracel sediou encontros da Associa\u00e7\u00e3o Brasileira T\u00e9cnica de Celulose e Papel (ABTCP) - Veracel Celulose","description":"Eventos da Associa\u00e7\u00e3o Brasileira T\u00e9cnica de Celulose e Papel (ABTCP) reuniram profissionais do setor na f\u00e1brica da Veracel Celulose.","robots":{"index":"index","follow":"follow","max-snippet":"max-snippet:-1","max-image-preview":"max-image-preview:large","max-video-preview":"max-video-preview:-1"},"canonical":"https:\/\/www.veracel.com.br\/veracel-sediou-encontros-da-abtcp\/","og_locale":"en_US","og_type":"article","og_title":"Veracel sediou encontros da Associa\u00e7\u00e3o Brasileira T\u00e9cnica de Celulose e Papel (ABTCP)","og_description":"Eventos da Associa\u00e7\u00e3o Brasileira T\u00e9cnica de Celulose e Papel (ABTCP) reuniram profissionais do setor na f\u00e1brica da Veracel Celulose.","og_url":"https:\/\/www.veracel.com.br\/veracel-sediou-encontros-da-abtcp\/","og_site_name":"Veracel Celulose","article_published_time":"2023-11-14T14:33:30+00:00","article_modified_time":"2023-11-14T14:36:42+00:00","og_image":[{"width":1663,"height":1247,"url":"https:\/\/www.veracel.com.br\/wp-content\/uploads\/2023\/11\/encontro-abtcp-veracel-celulose.jpg","type":"image\/jpeg"}],"author":"saulo","twitter_card":"summary_large_image","twitter_misc":{"Written by":"saulo","Est. reading time":"2 minutes"},"schema":{"@context":"https:\/\/schema.org","@graph":[{"@type":"WebPage","@id":"https:\/\/www.veracel.com.br\/veracel-sediou-encontros-da-abtcp\/","url":"https:\/\/www.veracel.com.br\/veracel-sediou-encontros-da-abtcp\/","name":"Veracel sediou encontros da Associa\u00e7\u00e3o Brasileira T\u00e9cnica de Celulose e Papel (ABTCP) - Veracel Celulose","isPartOf":{"@id":"https:\/\/www.veracel.com.br\/#website"},"primaryImageOfPage":{"@id":"https:\/\/www.veracel.com.br\/veracel-sediou-encontros-da-abtcp\/#primaryimage"},"image":{"@id":"https:\/\/www.veracel.com.br\/veracel-sediou-encontros-da-abtcp\/#primaryimage"},"thumbnailUrl":"https:\/\/www.veracel.com.br\/wp-content\/uploads\/2023\/11\/encontro-abtcp-veracel-celulose.jpg","datePublished":"2023-11-14T14:33:30+00:00","dateModified":"2023-11-14T14:36:42+00:00","description":"Eventos da Associa\u00e7\u00e3o Brasileira T\u00e9cnica de Celulose e Papel (ABTCP) reuniram profissionais do setor na f\u00e1brica da Veracel Celulose.","breadcrumb":{"@id":"https:\/\/www.veracel.com.br\/veracel-sediou-encontros-da-abtcp\/#breadcrumb"},"inLanguage":"en-US","potentialAction":[{"@type":"ReadAction","target":["https:\/\/www.veracel.com.br\/veracel-sediou-encontros-da-abtcp\/"]}]},{"@type":"ImageObject","inLanguage":"en-US","@id":"https:\/\/www.veracel.com.br\/veracel-sediou-encontros-da-abtcp\/#primaryimage","url":"https:\/\/www.veracel.com.br\/wp-content\/uploads\/2023\/11\/encontro-abtcp-veracel-celulose.jpg","contentUrl":"https:\/\/www.veracel.com.br\/wp-content\/uploads\/2023\/11\/encontro-abtcp-veracel-celulose.jpg","width":1663,"height":1247},{"@type":"BreadcrumbList","@id":"https:\/\/www.veracel.com.br\/veracel-sediou-encontros-da-abtcp\/#breadcrumb","itemListElement":[{"@type":"ListItem","position":1,"name":"Home","item":"https:\/\/www.veracel.com.br\/"},{"@type":"ListItem","position":2,"name":"A Veracel","item":"https:\/\/www.veracel.com.br\/a-veracel\/"},{"@type":"ListItem","position":3,"name":"Veracel sediou encontros da Associa\u00e7\u00e3o Brasileira T\u00e9cnica de Celulose e Papel (ABTCP)"}]},{"@type":"WebSite","@id":"https:\/\/www.veracel.com.br\/#website","url":"https:\/\/www.veracel.com.br\/","name":"Veracel Celulose","description":"Quando crescemos juntos vamos muito mais longe","publisher":{"@id":"https:\/\/www.veracel.com.br\/#organization"},"potentialAction":[{"@type":"SearchAction","target":{"@type":"EntryPoint","urlTemplate":"https:\/\/www.veracel.com.br\/?s={search_term_string}"},"query-input":{"@type":"PropertyValueSpecification","valueRequired":true,"valueName":"search_term_string"}}],"inLanguage":"en-US"},{"@type":"Organization","@id":"https:\/\/www.veracel.com.br\/#organization","name":"Veracel Celulose","url":"https:\/\/www.veracel.com.br\/","logo":{"@type":"ImageObject","inLanguage":"en-US","@id":"https:\/\/www.veracel.com.br\/#\/schema\/logo\/image\/","url":"https:\/\/www.veracel.com.br\/wp-content\/uploads\/2024\/08\/Ativo-1.png","contentUrl":"https:\/\/www.veracel.com.br\/wp-content\/uploads\/2024\/08\/Ativo-1.png","width":400,"height":121,"caption":"Veracel Celulose"},"image":{"@id":"https:\/\/www.veracel.com.br\/#\/schema\/logo\/image\/"},"sameAs":["https:\/\/www.instagram.com\/veracelcelulose","https:\/\/www.linkedin.com\/company\/veracelcelulose\/","https:\/\/www.youtube.com\/user\/CanalVeracel"]}]}},"_links":{"self":[{"href":"https:\/\/www.veracel.com.br\/en\/wp-json\/wp\/v2\/posts\/32590","targetHints":{"allow":["GET"]}}],"collection":[{"href":"https:\/\/www.veracel.com.br\/en\/wp-json\/wp\/v2\/posts"}],"about":[{"href":"https:\/\/www.veracel.com.br\/en\/wp-json\/wp\/v2\/types\/post"}],"author":[{"embeddable":true,"href":"https:\/\/www.veracel.com.br\/en\/wp-json\/wp\/v2\/users\/2"}],"replies":[{"embeddable":true,"href":"https:\/\/www.veracel.com.br\/en\/wp-json\/wp\/v2\/comments?post=32590"}],"version-history":[{"count":4,"href":"https:\/\/www.veracel.com.br\/en\/wp-json\/wp\/v2\/posts\/32590\/revisions"}],"predecessor-version":[{"id":32598,"href":"https:\/\/www.veracel.com.br\/en\/wp-json\/wp\/v2\/posts\/32590\/revisions\/32598"}],"wp:featuredmedia":[{"embeddable":true,"href":"https:\/\/www.veracel.com.br\/en\/wp-json\/wp\/v2\/media\/32593"}],"wp:attachment":[{"href":"https:\/\/www.veracel.com.br\/en\/wp-json\/wp\/v2\/media?parent=32590"}],"wp:term":[{"taxonomy":"category","embeddable":true,"href":"https:\/\/www.veracel.com.br\/en\/wp-json\/wp\/v2\/categories?post=32590"},{"taxonomy":"post_tag","embeddable":true,"href":"https:\/\/www.veracel.com.br\/en\/wp-json\/wp\/v2\/tags?post=32590"}],"curies":[{"name":"wp","href":"https:\/\/api.w.org\/{rel}","templated":true}]}}