{"id":32599,"date":"2023-09-28T11:38:08","date_gmt":"2023-09-28T14:38:08","guid":{"rendered":"https:\/\/www.veracel.com.br\/?p=32599"},"modified":"2023-11-14T12:14:04","modified_gmt":"2023-11-14T15:14:04","slug":"veracel-fecha-primeiro-semestre-com-100-de-suas-parcerias-florestais-renovadas","status":"publish","type":"post","link":"https:\/\/www.veracel.com.br\/en\/veracel-fecha-primeiro-semestre-com-100-de-suas-parcerias-florestais-renovadas\/","title":{"rendered":"Veracel fecha primeiro semestre com 100% de suas parcerias florestais renovadas\u00a0"},"content":{"rendered":"<p><em>Companhia ainda registra mais 284 hectares de novos contratos assinados para ampliar sua base florestal<\/em><\/p>\n<p>&nbsp;<\/p>\n<p>A Veracel Celulose, por meio de sua frente de parcerias florestais, o Programa Alian\u00e7a, fechou o primeiro semestre de 2023 com renova\u00e7\u00e3o total com os parceiros que tiveram suas planta\u00e7\u00f5es de eucalipto colhidas para a companhia neste ano. Ao todo, s\u00e3o 627 hectares de parceria renovadas e mais 284 hectares de novas \u00e1reas, que chegam para ampliar a base florestal da empresa e trazer ainda mais neg\u00f3cios e desenvolvimento para a regi\u00e3o Sul da Bahia.<\/p>\n<p><strong>\u201cEstas renova\u00e7\u00f5es demonstram o quanto os produtores rurais aprovam a parceria com a Veracel, que propicia ao produtor um neg\u00f3cio seguro e com rentabilidade garantida, al\u00e9m da valoriza\u00e7\u00e3o de sua propriedade com investimentos de infraestrutura no entorno\u201d<\/strong>, destaca Jos\u00e9 Henrique do Nascimento Junior, gerente de Neg\u00f3cios Administra\u00e7\u00e3o Terras da Veracel Celulose.<\/p>\n<p>As melhorias trazidas por essas parcerias tamb\u00e9m se traduzem em desenvolvimento para a regi\u00e3o e mais oportunidades de neg\u00f3cios. Al\u00e9m disso, a expans\u00e3o da base florestal da Veracel propicia o crescimento do mercado de trabalho local. A estimativa \u00e9 de que 100 empregos novos sejam gerados para cada 1 mil hectares de eucalipto.<\/p>\n<p>No balan\u00e7o do primeiro semestre, a companhia tamb\u00e9m registrou um marco importante: a passagem das primeiras remessas de madeira pela nova ponte sobre o Rio Jequitinhonha. Uma constru\u00e7\u00e3o realizada pela empresa em parceria com o Governo do Estado e que visa a trazer mais rentabilidade, ao encurtar a dist\u00e2ncia entre as \u00e1reas de plantio e a f\u00e1brica da companhia, al\u00e9m de benef\u00edcios para toda a regi\u00e3o.<\/p>\n<p>Atualmente, a empresa tem mais de 100 mil hectares de \u00e1rea total de plantio de eucalipto. Com diferentes perfis de parcerias com produtores rurais, a Veracel Celulose possui mais de 180 contratos vigentes, sendo que alguns deles j\u00e1 t\u00eam mais de 20 anos, ou seja, tr\u00eas ciclos de plantio.<\/p>\n<p>&nbsp;<\/p>\n<h2>Nova modalidade de neg\u00f3cio para o cultivo de eucalipto<\/h2>\n<p>Desde o in\u00edcio deste ano a companhia tamb\u00e9m disp\u00f5e de uma nova modalidade de neg\u00f3cio para os produtores rurais, com a ades\u00e3o ao programa de Integra\u00e7\u00e3o Lavoura \u2013 Pecu\u00e1ria \u2013 Floresta (ILPF). A op\u00e7\u00e3o integra diferentes sistemas produtivos dentro de uma mesma \u00e1rea, diversificando as atividades econ\u00f4micas da propriedade.<\/p>\n<p>\u201cAl\u00e9m de oferecermos diversas op\u00e7\u00f5es de neg\u00f3cios e ampla assist\u00eancia t\u00e9cnica aos produtores parceiros, plantamos e colhemos com o que h\u00e1 de mais novo em tecnologias, buscando alta produtividade, de forma sempre alinhada ao cuidado com a terra, com os recursos naturais e com o meio ambiente\u201d, finaliza o gerente.<\/p>\n<p>A empresa tem como pol\u00edtica de neg\u00f3cio manter, para cada hectare de eucalipto, um hectare de Mata Atl\u00e2ntica preservada.<\/p>\n<p>&nbsp;<\/p>\n<h2>Quer plantar eucalipto com a Veracel Celulose<\/h2>\n<p>A Veracel oferece um canal espec\u00edfico para os produtores rurais interessados em parcerias pela <strong><a href=\"https:\/\/www.veracel.com.br\/plante-eucalipto-com-a-veracel-celulose\/\">p\u00e1gina do Programa Alian\u00e7a, acesse e confira!<\/a><\/strong><\/p>\n","protected":false},"excerpt":{"rendered":"<p>Companhia ainda registra mais 284 hectares de novos contratos assinados para ampliar sua base florestal &nbsp; A Veracel Celulose, por meio de sua frente de parcerias florestais, o Programa Alian\u00e7a, fechou o primeiro semestre de 2023 com renova\u00e7\u00e3o total com os parceiros que tiveram suas planta\u00e7\u00f5es de eucalipto colhidas para a companhia neste ano. Ao [&hellip;]<\/p>\n","protected":false},"author":2,"featured_media":32601,"comment_status":"open","ping_status":"open","sticky":false,"template":"","format":"standard","meta":{"_acf_changed":false,"footnotes":"","_links_to":"","_links_to_target":""},"categories":[271,211],"tags":[],"class_list":["post-32599","post","type-post","status-publish","format-standard","has-post-thumbnail","hentry","category-a-veracel","category-noticias"],"acf":[],"yoast_head":"<!-- This site is optimized with the Yoast SEO Premium plugin v26.7 (Yoast SEO v27.4) - https:\/\/yoast.com\/product\/yoast-seo-premium-wordpress\/ -->\n<title>1\u00ba semestre com 100% de parcerias florestais renovadas\u00a0<\/title>\n<meta name=\"description\" content=\"Veracel Celulose registra mais 284 hectares de novos contratos assinados para ampliar sua base florestal de eucalipto\" \/>\n<meta name=\"robots\" content=\"index, follow, max-snippet:-1, max-image-preview:large, max-video-preview:-1\" \/>\n<link rel=\"canonical\" href=\"https:\/\/www.veracel.com.br\/veracel-fecha-primeiro-semestre-com-100-de-suas-parcerias-florestais-renovadas\/\" \/>\n<meta property=\"og:locale\" content=\"en_US\" \/>\n<meta property=\"og:type\" content=\"article\" \/>\n<meta property=\"og:title\" content=\"Veracel fecha primeiro semestre com 100% de suas parcerias florestais renovadas\u00a0\" \/>\n<meta property=\"og:description\" content=\"Veracel Celulose registra mais 284 hectares de novos contratos assinados para ampliar sua base florestal de eucalipto\" \/>\n<meta property=\"og:url\" content=\"https:\/\/www.veracel.com.br\/veracel-fecha-primeiro-semestre-com-100-de-suas-parcerias-florestais-renovadas\/\" \/>\n<meta property=\"og:site_name\" content=\"Veracel Celulose\" \/>\n<meta property=\"article:published_time\" content=\"2023-09-28T14:38:08+00:00\" \/>\n<meta property=\"article:modified_time\" content=\"2023-11-14T15:14:04+00:00\" \/>\n<meta property=\"og:image\" content=\"https:\/\/www.veracel.com.br\/wp-content\/uploads\/2023\/11\/plante-eucalipto-veracel-celulose.jpg\" \/>\n\t<meta property=\"og:image:width\" content=\"800\" \/>\n\t<meta property=\"og:image:height\" content=\"533\" \/>\n\t<meta property=\"og:image:type\" content=\"image\/jpeg\" \/>\n<meta name=\"author\" content=\"saulo\" \/>\n<meta name=\"twitter:card\" content=\"summary_large_image\" \/>\n<meta name=\"twitter:label1\" content=\"Written by\" \/>\n\t<meta name=\"twitter:data1\" content=\"saulo\" \/>\n\t<meta name=\"twitter:label2\" content=\"Est. reading time\" \/>\n\t<meta name=\"twitter:data2\" content=\"3 minutes\" \/>\n<script type=\"application\/ld+json\" class=\"yoast-schema-graph\">{\"@context\":\"https:\\\/\\\/schema.org\",\"@graph\":[{\"@type\":\"WebPage\",\"@id\":\"https:\\\/\\\/www.veracel.com.br\\\/veracel-fecha-primeiro-semestre-com-100-de-suas-parcerias-florestais-renovadas\\\/\",\"url\":\"https:\\\/\\\/www.veracel.com.br\\\/veracel-fecha-primeiro-semestre-com-100-de-suas-parcerias-florestais-renovadas\\\/\",\"name\":\"1\u00ba semestre com 100% de parcerias florestais renovadas\u00a0\",\"isPartOf\":{\"@id\":\"https:\\\/\\\/www.veracel.com.br\\\/#website\"},\"primaryImageOfPage\":{\"@id\":\"https:\\\/\\\/www.veracel.com.br\\\/veracel-fecha-primeiro-semestre-com-100-de-suas-parcerias-florestais-renovadas\\\/#primaryimage\"},\"image\":{\"@id\":\"https:\\\/\\\/www.veracel.com.br\\\/veracel-fecha-primeiro-semestre-com-100-de-suas-parcerias-florestais-renovadas\\\/#primaryimage\"},\"thumbnailUrl\":\"https:\\\/\\\/www.veracel.com.br\\\/wp-content\\\/uploads\\\/2023\\\/11\\\/plante-eucalipto-veracel-celulose.jpg\",\"datePublished\":\"2023-09-28T14:38:08+00:00\",\"dateModified\":\"2023-11-14T15:14:04+00:00\",\"description\":\"Veracel Celulose registra mais 284 hectares de novos contratos assinados para ampliar sua base florestal de eucalipto\",\"breadcrumb\":{\"@id\":\"https:\\\/\\\/www.veracel.com.br\\\/veracel-fecha-primeiro-semestre-com-100-de-suas-parcerias-florestais-renovadas\\\/#breadcrumb\"},\"inLanguage\":\"en-US\",\"potentialAction\":[{\"@type\":\"ReadAction\",\"target\":[\"https:\\\/\\\/www.veracel.com.br\\\/veracel-fecha-primeiro-semestre-com-100-de-suas-parcerias-florestais-renovadas\\\/\"]}]},{\"@type\":\"ImageObject\",\"inLanguage\":\"en-US\",\"@id\":\"https:\\\/\\\/www.veracel.com.br\\\/veracel-fecha-primeiro-semestre-com-100-de-suas-parcerias-florestais-renovadas\\\/#primaryimage\",\"url\":\"https:\\\/\\\/www.veracel.com.br\\\/wp-content\\\/uploads\\\/2023\\\/11\\\/plante-eucalipto-veracel-celulose.jpg\",\"contentUrl\":\"https:\\\/\\\/www.veracel.com.br\\\/wp-content\\\/uploads\\\/2023\\\/11\\\/plante-eucalipto-veracel-celulose.jpg\",\"width\":800,\"height\":533},{\"@type\":\"BreadcrumbList\",\"@id\":\"https:\\\/\\\/www.veracel.com.br\\\/veracel-fecha-primeiro-semestre-com-100-de-suas-parcerias-florestais-renovadas\\\/#breadcrumb\",\"itemListElement\":[{\"@type\":\"ListItem\",\"position\":1,\"name\":\"Home\",\"item\":\"https:\\\/\\\/www.veracel.com.br\\\/\"},{\"@type\":\"ListItem\",\"position\":2,\"name\":\"Not\u00edcias\",\"item\":\"https:\\\/\\\/www.veracel.com.br\\\/noticias\\\/\"},{\"@type\":\"ListItem\",\"position\":3,\"name\":\"Veracel fecha primeiro semestre com 100% de suas parcerias florestais renovadas\u00a0\"}]},{\"@type\":\"WebSite\",\"@id\":\"https:\\\/\\\/www.veracel.com.br\\\/#website\",\"url\":\"https:\\\/\\\/www.veracel.com.br\\\/\",\"name\":\"Veracel Celulose\",\"description\":\"Quando crescemos juntos vamos muito mais longe\",\"publisher\":{\"@id\":\"https:\\\/\\\/www.veracel.com.br\\\/#organization\"},\"potentialAction\":[{\"@type\":\"SearchAction\",\"target\":{\"@type\":\"EntryPoint\",\"urlTemplate\":\"https:\\\/\\\/www.veracel.com.br\\\/?s={search_term_string}\"},\"query-input\":{\"@type\":\"PropertyValueSpecification\",\"valueRequired\":true,\"valueName\":\"search_term_string\"}}],\"inLanguage\":\"en-US\"},{\"@type\":\"Organization\",\"@id\":\"https:\\\/\\\/www.veracel.com.br\\\/#organization\",\"name\":\"Veracel Celulose\",\"url\":\"https:\\\/\\\/www.veracel.com.br\\\/\",\"logo\":{\"@type\":\"ImageObject\",\"inLanguage\":\"en-US\",\"@id\":\"https:\\\/\\\/www.veracel.com.br\\\/#\\\/schema\\\/logo\\\/image\\\/\",\"url\":\"https:\\\/\\\/www.veracel.com.br\\\/wp-content\\\/uploads\\\/2024\\\/08\\\/Ativo-1.png\",\"contentUrl\":\"https:\\\/\\\/www.veracel.com.br\\\/wp-content\\\/uploads\\\/2024\\\/08\\\/Ativo-1.png\",\"width\":400,\"height\":121,\"caption\":\"Veracel Celulose\"},\"image\":{\"@id\":\"https:\\\/\\\/www.veracel.com.br\\\/#\\\/schema\\\/logo\\\/image\\\/\"},\"sameAs\":[\"https:\\\/\\\/www.instagram.com\\\/veracelcelulose\",\"https:\\\/\\\/www.linkedin.com\\\/company\\\/veracelcelulose\\\/\",\"https:\\\/\\\/www.youtube.com\\\/user\\\/CanalVeracel\"]}]}<\/script>\n<!-- \/ Yoast SEO Premium plugin. -->","yoast_head_json":{"title":"1\u00ba semestre com 100% de parcerias florestais renovadas\u00a0","description":"Veracel Celulose registra mais 284 hectares de novos contratos assinados para ampliar sua base florestal de eucalipto","robots":{"index":"index","follow":"follow","max-snippet":"max-snippet:-1","max-image-preview":"max-image-preview:large","max-video-preview":"max-video-preview:-1"},"canonical":"https:\/\/www.veracel.com.br\/veracel-fecha-primeiro-semestre-com-100-de-suas-parcerias-florestais-renovadas\/","og_locale":"en_US","og_type":"article","og_title":"Veracel fecha primeiro semestre com 100% de suas parcerias florestais renovadas\u00a0","og_description":"Veracel Celulose registra mais 284 hectares de novos contratos assinados para ampliar sua base florestal de eucalipto","og_url":"https:\/\/www.veracel.com.br\/veracel-fecha-primeiro-semestre-com-100-de-suas-parcerias-florestais-renovadas\/","og_site_name":"Veracel Celulose","article_published_time":"2023-09-28T14:38:08+00:00","article_modified_time":"2023-11-14T15:14:04+00:00","og_image":[{"width":800,"height":533,"url":"https:\/\/www.veracel.com.br\/wp-content\/uploads\/2023\/11\/plante-eucalipto-veracel-celulose.jpg","type":"image\/jpeg"}],"author":"saulo","twitter_card":"summary_large_image","twitter_misc":{"Written by":"saulo","Est. reading time":"3 minutes"},"schema":{"@context":"https:\/\/schema.org","@graph":[{"@type":"WebPage","@id":"https:\/\/www.veracel.com.br\/veracel-fecha-primeiro-semestre-com-100-de-suas-parcerias-florestais-renovadas\/","url":"https:\/\/www.veracel.com.br\/veracel-fecha-primeiro-semestre-com-100-de-suas-parcerias-florestais-renovadas\/","name":"1\u00ba semestre com 100% de parcerias florestais renovadas\u00a0","isPartOf":{"@id":"https:\/\/www.veracel.com.br\/#website"},"primaryImageOfPage":{"@id":"https:\/\/www.veracel.com.br\/veracel-fecha-primeiro-semestre-com-100-de-suas-parcerias-florestais-renovadas\/#primaryimage"},"image":{"@id":"https:\/\/www.veracel.com.br\/veracel-fecha-primeiro-semestre-com-100-de-suas-parcerias-florestais-renovadas\/#primaryimage"},"thumbnailUrl":"https:\/\/www.veracel.com.br\/wp-content\/uploads\/2023\/11\/plante-eucalipto-veracel-celulose.jpg","datePublished":"2023-09-28T14:38:08+00:00","dateModified":"2023-11-14T15:14:04+00:00","description":"Veracel Celulose registra mais 284 hectares de novos contratos assinados para ampliar sua base florestal de eucalipto","breadcrumb":{"@id":"https:\/\/www.veracel.com.br\/veracel-fecha-primeiro-semestre-com-100-de-suas-parcerias-florestais-renovadas\/#breadcrumb"},"inLanguage":"en-US","potentialAction":[{"@type":"ReadAction","target":["https:\/\/www.veracel.com.br\/veracel-fecha-primeiro-semestre-com-100-de-suas-parcerias-florestais-renovadas\/"]}]},{"@type":"ImageObject","inLanguage":"en-US","@id":"https:\/\/www.veracel.com.br\/veracel-fecha-primeiro-semestre-com-100-de-suas-parcerias-florestais-renovadas\/#primaryimage","url":"https:\/\/www.veracel.com.br\/wp-content\/uploads\/2023\/11\/plante-eucalipto-veracel-celulose.jpg","contentUrl":"https:\/\/www.veracel.com.br\/wp-content\/uploads\/2023\/11\/plante-eucalipto-veracel-celulose.jpg","width":800,"height":533},{"@type":"BreadcrumbList","@id":"https:\/\/www.veracel.com.br\/veracel-fecha-primeiro-semestre-com-100-de-suas-parcerias-florestais-renovadas\/#breadcrumb","itemListElement":[{"@type":"ListItem","position":1,"name":"Home","item":"https:\/\/www.veracel.com.br\/"},{"@type":"ListItem","position":2,"name":"Not\u00edcias","item":"https:\/\/www.veracel.com.br\/noticias\/"},{"@type":"ListItem","position":3,"name":"Veracel fecha primeiro semestre com 100% de suas parcerias florestais renovadas\u00a0"}]},{"@type":"WebSite","@id":"https:\/\/www.veracel.com.br\/#website","url":"https:\/\/www.veracel.com.br\/","name":"Veracel Celulose","description":"Quando crescemos juntos vamos muito mais longe","publisher":{"@id":"https:\/\/www.veracel.com.br\/#organization"},"potentialAction":[{"@type":"SearchAction","target":{"@type":"EntryPoint","urlTemplate":"https:\/\/www.veracel.com.br\/?s={search_term_string}"},"query-input":{"@type":"PropertyValueSpecification","valueRequired":true,"valueName":"search_term_string"}}],"inLanguage":"en-US"},{"@type":"Organization","@id":"https:\/\/www.veracel.com.br\/#organization","name":"Veracel Celulose","url":"https:\/\/www.veracel.com.br\/","logo":{"@type":"ImageObject","inLanguage":"en-US","@id":"https:\/\/www.veracel.com.br\/#\/schema\/logo\/image\/","url":"https:\/\/www.veracel.com.br\/wp-content\/uploads\/2024\/08\/Ativo-1.png","contentUrl":"https:\/\/www.veracel.com.br\/wp-content\/uploads\/2024\/08\/Ativo-1.png","width":400,"height":121,"caption":"Veracel Celulose"},"image":{"@id":"https:\/\/www.veracel.com.br\/#\/schema\/logo\/image\/"},"sameAs":["https:\/\/www.instagram.com\/veracelcelulose","https:\/\/www.linkedin.com\/company\/veracelcelulose\/","https:\/\/www.youtube.com\/user\/CanalVeracel"]}]}},"_links":{"self":[{"href":"https:\/\/www.veracel.com.br\/en\/wp-json\/wp\/v2\/posts\/32599","targetHints":{"allow":["GET"]}}],"collection":[{"href":"https:\/\/www.veracel.com.br\/en\/wp-json\/wp\/v2\/posts"}],"about":[{"href":"https:\/\/www.veracel.com.br\/en\/wp-json\/wp\/v2\/types\/post"}],"author":[{"embeddable":true,"href":"https:\/\/www.veracel.com.br\/en\/wp-json\/wp\/v2\/users\/2"}],"replies":[{"embeddable":true,"href":"https:\/\/www.veracel.com.br\/en\/wp-json\/wp\/v2\/comments?post=32599"}],"version-history":[{"count":5,"href":"https:\/\/www.veracel.com.br\/en\/wp-json\/wp\/v2\/posts\/32599\/revisions"}],"predecessor-version":[{"id":32607,"href":"https:\/\/www.veracel.com.br\/en\/wp-json\/wp\/v2\/posts\/32599\/revisions\/32607"}],"wp:featuredmedia":[{"embeddable":true,"href":"https:\/\/www.veracel.com.br\/en\/wp-json\/wp\/v2\/media\/32601"}],"wp:attachment":[{"href":"https:\/\/www.veracel.com.br\/en\/wp-json\/wp\/v2\/media?parent=32599"}],"wp:term":[{"taxonomy":"category","embeddable":true,"href":"https:\/\/www.veracel.com.br\/en\/wp-json\/wp\/v2\/categories?post=32599"},{"taxonomy":"post_tag","embeddable":true,"href":"https:\/\/www.veracel.com.br\/en\/wp-json\/wp\/v2\/tags?post=32599"}],"curies":[{"name":"wp","href":"https:\/\/api.w.org\/{rel}","templated":true}]}}