{"id":32818,"date":"2023-12-12T10:38:28","date_gmt":"2023-12-12T13:38:28","guid":{"rendered":"https:\/\/www.veracel.com.br\/?p=32818"},"modified":"2023-12-12T10:38:28","modified_gmt":"2023-12-12T13:38:28","slug":"veracel-atinge-o-marco-de-20-milhoes-de-toneladas-produzidas-dois-anos-antes-do-prazo-previsto","status":"publish","type":"post","link":"https:\/\/www.veracel.com.br\/en\/veracel-atinge-o-marco-de-20-milhoes-de-toneladas-produzidas-dois-anos-antes-do-prazo-previsto\/","title":{"rendered":"Veracel atinge o marco de 20 milh\u00f5es de toneladas produzidas dois anos antes do prazo previsto"},"content":{"rendered":"<p><em>O resultado de 20 milh\u00f5es de toneladas de celulose produzidas \u00e9 fruto da cultura empresarial conectada com inova\u00e7\u00e3o, seguran\u00e7a e sustentabilidade, dos investimentos consistentes da companhia em tecnologia e de seu compromisso com a gest\u00e3o de pessoas<\/em><\/p>\n<p>&nbsp;<\/p>\n<p>A Veracel Celulose est\u00e1 celebrando um marco em sua trajet\u00f3ria de neg\u00f3cios, ao alcan\u00e7ar, em 2023, dois anos antes do prazo previsto, a produ\u00e7\u00e3o de 20 milh\u00f5es de toneladas. Com 18 anos de opera\u00e7\u00e3o e diversos investimentos em tecnologia, a f\u00e1brica da empresa \u00e9 considerada um ativo de classe mundial e \u00e9 uma das ind\u00fastrias com o melhor \u00edndice de automa\u00e7\u00e3o do setor de celulose.<\/p>\n<p>Inaugurada em 2005 com uma capacidade de produ\u00e7\u00e3o de 900 mil toneladas de celulose por ano, a f\u00e1brica poderia ter seguido os padr\u00f5es do mercado, que requerem atualiza\u00e7\u00f5es em seus equipamentos ap\u00f3s aproximadamente 10 anos de opera\u00e7\u00e3o, com o objetivo de aumentar a produ\u00e7\u00e3o fabril em cerca de 10%. No entanto, a Veracel se antecipou e, em 2011, realizou seu primeiro grande investimento em melhorias tecnol\u00f3gicas e expans\u00e3o de capacidade na caldeira de recupera\u00e7\u00e3o da f\u00e1brica, com apenas seis anos de opera\u00e7\u00e3o. A iniciativa impulsionou a produ\u00e7\u00e3o da f\u00e1brica para 1,100 milh\u00e3o de toneladas de celulose ao ano, de forma consistente e est\u00e1vel, j\u00e1 a partir de 2012.<\/p>\n<p>&nbsp;<\/p>\n<h2>Investimento em Tecnologia<\/h2>\n<p>&#8220;O conceito do projeto da f\u00e1brica era de que somente em 2017 estar\u00edamos prontos para produzir 1,100 milh\u00e3o de toneladas de celulose ao ano. No entanto, a Veracel Celulose demonstrou agilidade em acompanhar as tend\u00eancias tecnol\u00f3gicas e investiu rapidamente, antecipando em quase 10 anos o aumento de nossa capacidade produtiva e nos permitindo chegar ao marco de 20 milh\u00f5es de celulose produzidas dois anos antes do previsto&#8221;, afirma Ari Medeiros, Diretor de Opera\u00e7\u00f5es Industriais da Veracel Celulose, desde 2011, e que atuou como gerente de comissionamento na inaugura\u00e7\u00e3o da f\u00e1brica.<\/p>\n<p>Esse investimento inicial definiu o tom para a f\u00e1brica, e a empresa continuou a apostar em tecnologia ao longo dos anos, al\u00e9m de otimizar processos e refor\u00e7ar a seguran\u00e7a e a gest\u00e3o de pessoas. Somente em 2023, a companhia investiu mais de 100 milh\u00f5es em melhorias, novas tecnologias e atualiza\u00e7\u00f5es na f\u00e1brica.<\/p>\n<p>Um exemplo importante desse processo foi a instala\u00e7\u00e3o de quase 1 mil sensores que medem a vibra\u00e7\u00e3o e a temperatura nos equipamentos de maior criticidade da f\u00e1brica e enviam as informa\u00e7\u00f5es para um algoritmo de intelig\u00eancia artificial. Isso prediz poss\u00edveis falhas antes mesmo que elas ocorram e permite que a opera\u00e7\u00e3o da planta seja resguardada de poss\u00edveis paradas imprevistas por necessidade de manuten\u00e7\u00f5es.<\/p>\n<p>A Veracel Celulose tamb\u00e9m evoluiu na inspe\u00e7\u00e3o sensitiva de seus equipamentos, instituindo um sistema de mobilidade acompanhado de c\u00e2meras t\u00e9rmicas para coletar, em campo, informa\u00e7\u00f5es sobre poss\u00edveis anomalias, al\u00e9m um padr\u00e3o de valida\u00e7\u00e3o das m\u00e1quinas via QR Code. Com isso, o colaborador faz seu turno de inspe\u00e7\u00e3o na \u00e1rea com o apoio da tecnologia digital, e os dados coletados dos equipamentos mais cr\u00edticos (que provocam paradas de processos), dentre os mais de 5 mil equipamentos da planta, se unem \u00e0s informa\u00e7\u00f5es dos softwares e sensores para um mapeamento completo e preventivo dos ativos da f\u00e1brica.<\/p>\n<p>Todas essas informa\u00e7\u00f5es s\u00e3o enviadas para a sala de confiabilidade da empresa. A sala \u00e9 uma central de monitoramento que integra as principais informa\u00e7\u00f5es operacionais da companhia e entrega, aos gestores e demais profissionais pr\u00f3prios e de empresas parceiras envolvidos com a gest\u00e3o efetiva dessas informa\u00e7\u00f5es, em tempo real, dados estrat\u00e9gicos de produ\u00e7\u00e3o e indicativos de melhorias operacionais.<\/p>\n<p>&nbsp;<\/p>\n<h2>Ind\u00fastria 5.0<\/h2>\n<p>No entanto, o investimento em tecnologia \u00e9 apenas uma das frentes de trabalho da empresa, como explicou Ari Medeiros: &#8220;O sucesso de nossa planta \u00e9 determinado pela aplica\u00e7\u00e3o das tecnologias no trabalho preventivo, tanto para os equipamentos quanto para melhorias nos processos. Fundamentalmente, toda a nossa evolu\u00e7\u00e3o est\u00e1 focada na qualifica\u00e7\u00e3o cont\u00ednua de nossas pessoas, que de fato fazem a diferen\u00e7a na efetiva\u00e7\u00e3o dessas melhorias. Com a ampla automa\u00e7\u00e3o de nossa f\u00e1brica, conseguimos liberar nossas equipes para que se concentrem em atividades mais estrat\u00e9gicas. Com isso, incorporamos o conceito de Ind\u00fastria 5.0, em que a tecnologia e o fator humano trabalham juntos em prol da excel\u00eancia operacional\u201d destaca o executivo.<\/p>\n<p>A empresa continua em sua jornada de transforma\u00e7\u00e3o digital, seguindo uma estrat\u00e9gia de investimento estruturada ao longo de cinco anos para manter a atualiza\u00e7\u00e3o de sua f\u00e1brica e seus processos.<\/p>\n<p>&nbsp;<\/p>\n<figure id=\"attachment_32821\" aria-describedby=\"caption-attachment-32821\" style=\"width: 800px\" class=\"wp-caption alignnone\"><img fetchpriority=\"high\" decoding=\"async\" class=\"wp-image-32821 size-full\" src=\"https:\/\/www.veracel.com.br\/wp-content\/uploads\/2023\/12\/fabrica-veracel-celulose.jpg\" alt=\"Foto externa da f\u00e1brica da companhia, inaugurada em 2005. (Foto: Qu\u00e9lvin Cl\u00e9cio)\" width=\"800\" height=\"533\" srcset=\"https:\/\/www.veracel.com.br\/wp-content\/uploads\/2023\/12\/fabrica-veracel-celulose.jpg 800w, https:\/\/www.veracel.com.br\/wp-content\/uploads\/2023\/12\/fabrica-veracel-celulose-300x200.jpg 300w, https:\/\/www.veracel.com.br\/wp-content\/uploads\/2023\/12\/fabrica-veracel-celulose-768x512.jpg 768w\" sizes=\"(max-width: 800px) 100vw, 800px\" \/><figcaption id=\"caption-attachment-32821\" class=\"wp-caption-text\">Foto externa da f\u00e1brica da companhia, inaugurada em 2005. (Foto: Qu\u00e9lvin Cl\u00e9cio)<\/figcaption><\/figure>\n<p>&nbsp;<\/p>\n<h2>Compromisso com a Sustentabilidade e Impacto Social<\/h2>\n<p>O marco de 20 milh\u00f5es de toneladas de celulose produzidas pela Veracel tamb\u00e9m representa um processo que impulsiona o desenvolvimento econ\u00f4mico de Eun\u00e1polis, no Sul da Bahia, e cidades vizinhas. Longe da capital do estado, a empresa ganha ainda mais relev\u00e2ncia para sua regi\u00e3o ao gerar mais de tr\u00eas mil empregos diretos e indiretos e movimentar a economia com a contrata\u00e7\u00e3o de fornecedores locais. A Veracel figura ainda entre as melhores empresas para trabalhar, segundo a consultoria Great Place to Work (GPTW).<\/p>\n<p>Apenas em 2022, a companhia investiu mais de 34 milh\u00f5es em compras e contrata\u00e7\u00f5es locais. Al\u00e9m disso, em 2023, a conclus\u00e3o da constru\u00e7\u00e3o da nova BA 658 e da ponte sobre o Rio Jequitinhonha, uma parceria com o governo estadual que contou com mais de R$ 100 milh\u00f5es de investimentos da empresa, reduzir\u00e1 dist\u00e2ncias no transporte de madeira da companhia e contribuir\u00e1 tamb\u00e9m para o desenvolvimento da regi\u00e3o e o acesso da popula\u00e7\u00e3o.<\/p>\n<p>A Veracel Celulose mant\u00e9m ainda um compromisso s\u00f3lido com o meio ambiente, apresentando um dos menores \u00edndices de uso de \u00e1gua no mundo, de 20,5 m\u00b3\/tsa em 2022, e um dos menores \u00edndices de consumo de produtos qu\u00edmicos no processo de produ\u00e7\u00e3o de celulose do setor em n\u00edvel mundial. Al\u00e9m disso, investe em inova\u00e7\u00f5es para reduzir as emiss\u00f5es de gases de efeito estufa, substituindo gradualmente o \u00f3leo BPF f\u00f3ssil por \u00f3leo BPF ecol\u00f3gico, que \u00e9 100% \u00e0 base de soja, nos seus processos fabris.<\/p>\n<p>Em 2022, a redu\u00e7\u00e3o acumulada de g\u00e1s natural nos processos da f\u00e1brica atingiu 13% desde o in\u00edcio das opera\u00e7\u00f5es, o que equivale a 5 milh\u00f5es de metros c\u00fabicos que deixaram de ser queimados, resultando na elimina\u00e7\u00e3o de 10.300 tCO2eq (toneladas de CO2 equivalente) emitidas para a atmosfera, al\u00e9m de um retorno econ\u00f4mico expressivo nesta redu\u00e7\u00e3o.<\/p>\n<p>Al\u00e9m disso, a f\u00e1brica gera energia a partir de res\u00edduos de sua pr\u00f3pria produ\u00e7\u00e3o de celulose, bem como de materiais alternativos dispon\u00edveis em abund\u00e2ncia na Bahia, como o caro\u00e7o de a\u00e7a\u00ed e o baga\u00e7o da cana-de-a\u00e7\u00facar. Assim, al\u00e9m de se manter autossuficiente energeticamente e de exportar o excedente para a rede, a empresa d\u00e1 um novo prop\u00f3sito a esses res\u00edduos e gera oportunidades de neg\u00f3cios para os produtores locais.<\/p>\n<p>Outro exemplo dessa frente de atua\u00e7\u00e3o \u00e9 o reaproveitamento de res\u00edduos para a fabrica\u00e7\u00e3o de produtos diversos, como argamassa e materiais usados na aduba\u00e7\u00e3o e na corre\u00e7\u00e3o do solo. Cerca de 2.400 toneladas\/m\u00eas de corretivo de acidez de solo s\u00e3o geradas pela empresa, sendo que 50% (1.200 ton) s\u00e3o utilizados nos plantios de eucalipto da empresa, e os 50% restantes s\u00e3o vendidos a pre\u00e7os competitivos para os produtores agr\u00edcolas da regi\u00e3o. E tamb\u00e9m s\u00e3o produzidas cerca de 1.000 toneladas\/m\u00eas de adubo org\u00e2nico.<\/p>\n<p>&#8220;A verdadeira realiza\u00e7\u00e3o \u00e9 saber que alcan\u00e7amos a marca de 20 milh\u00f5es de toneladas de celulose produzidas entregando n\u00e3o apenas um produto de qualidade aos nossos acionistas e ao mercado, mas tamb\u00e9m construindo uma jornada de pioneirismo, competitividade, respeito ao meio ambiente e \u00e0s pessoas&#8221;, comemora Medeiros.<\/p>\n<p>&nbsp;<\/p>\n<p><a href=\"https:\/\/www.veracel.com.br\/nosso-jeito\/\">Saiba mais sobre o jeito de ser Veracel Celulose.<\/a><\/p>\n<p><a href=\"https:\/\/www.veracel.com.br\/sustentabilidade\/operacoes-sustentaveis\/\">Conhe\u00e7a nossas opera\u00e7\u00f5es sustent\u00e1veis.<\/a><\/p>\n","protected":false},"excerpt":{"rendered":"<p>O resultado de 20 milh\u00f5es de toneladas de celulose produzidas \u00e9 fruto da cultura empresarial conectada com inova\u00e7\u00e3o, seguran\u00e7a e sustentabilidade, dos investimentos consistentes da companhia em tecnologia e de seu compromisso com a gest\u00e3o de pessoas &nbsp; A Veracel Celulose est\u00e1 celebrando um marco em sua trajet\u00f3ria de neg\u00f3cios, ao alcan\u00e7ar, em 2023, dois [&hellip;]<\/p>\n","protected":false},"author":2,"featured_media":32819,"comment_status":"closed","ping_status":"closed","sticky":false,"template":"","format":"standard","meta":{"_acf_changed":false,"footnotes":"","_links_to":"","_links_to_target":""},"categories":[271,211],"tags":[],"class_list":["post-32818","post","type-post","status-publish","format-standard","has-post-thumbnail","hentry","category-a-veracel","category-noticias"],"acf":[],"yoast_head":"<!-- This site is optimized with the Yoast SEO Premium plugin v26.7 (Yoast SEO v27.4) - https:\/\/yoast.com\/product\/yoast-seo-premium-wordpress\/ -->\n<title>Veracel atinge o marco de 20 milh\u00f5es de toneladas produzidas<\/title>\n<meta name=\"description\" content=\"O marco de 20 milh\u00f5es de toneladas de celulose produzidas \u00e9 fruto da cultura empresarial conectada com inova\u00e7\u00e3o, seguran\u00e7a e sustentabilidade\" \/>\n<meta name=\"robots\" content=\"index, follow, max-snippet:-1, max-image-preview:large, max-video-preview:-1\" \/>\n<link rel=\"canonical\" href=\"https:\/\/www.veracel.com.br\/veracel-atinge-o-marco-de-20-milhoes-de-toneladas-produzidas-dois-anos-antes-do-prazo-previsto\/\" \/>\n<meta property=\"og:locale\" content=\"en_US\" \/>\n<meta property=\"og:type\" content=\"article\" \/>\n<meta property=\"og:title\" content=\"Veracel atinge o marco de 20 milh\u00f5es de toneladas produzidas dois anos antes do prazo previsto\" \/>\n<meta property=\"og:description\" content=\"O marco de 20 milh\u00f5es de toneladas de celulose produzidas \u00e9 fruto da cultura empresarial conectada com inova\u00e7\u00e3o, seguran\u00e7a e sustentabilidade\" \/>\n<meta property=\"og:url\" content=\"https:\/\/www.veracel.com.br\/veracel-atinge-o-marco-de-20-milhoes-de-toneladas-produzidas-dois-anos-antes-do-prazo-previsto\/\" \/>\n<meta property=\"og:site_name\" content=\"Veracel Celulose\" \/>\n<meta property=\"article:published_time\" content=\"2023-12-12T13:38:28+00:00\" \/>\n<meta property=\"og:image\" content=\"https:\/\/www.veracel.com.br\/wp-content\/uploads\/2023\/12\/20-milhoes-toneladas-veracel-celulose.jpg\" \/>\n\t<meta property=\"og:image:width\" content=\"800\" \/>\n\t<meta property=\"og:image:height\" content=\"533\" \/>\n\t<meta property=\"og:image:type\" content=\"image\/jpeg\" \/>\n<meta name=\"author\" content=\"saulo\" \/>\n<meta name=\"twitter:card\" content=\"summary_large_image\" \/>\n<meta name=\"twitter:label1\" content=\"Written by\" \/>\n\t<meta name=\"twitter:data1\" content=\"saulo\" \/>\n\t<meta name=\"twitter:label2\" content=\"Est. reading time\" \/>\n\t<meta name=\"twitter:data2\" content=\"8 minutes\" \/>\n<script type=\"application\/ld+json\" class=\"yoast-schema-graph\">{\"@context\":\"https:\\\/\\\/schema.org\",\"@graph\":[{\"@type\":\"WebPage\",\"@id\":\"https:\\\/\\\/www.veracel.com.br\\\/veracel-atinge-o-marco-de-20-milhoes-de-toneladas-produzidas-dois-anos-antes-do-prazo-previsto\\\/\",\"url\":\"https:\\\/\\\/www.veracel.com.br\\\/veracel-atinge-o-marco-de-20-milhoes-de-toneladas-produzidas-dois-anos-antes-do-prazo-previsto\\\/\",\"name\":\"Veracel atinge o marco de 20 milh\u00f5es de toneladas produzidas\",\"isPartOf\":{\"@id\":\"https:\\\/\\\/www.veracel.com.br\\\/#website\"},\"primaryImageOfPage\":{\"@id\":\"https:\\\/\\\/www.veracel.com.br\\\/veracel-atinge-o-marco-de-20-milhoes-de-toneladas-produzidas-dois-anos-antes-do-prazo-previsto\\\/#primaryimage\"},\"image\":{\"@id\":\"https:\\\/\\\/www.veracel.com.br\\\/veracel-atinge-o-marco-de-20-milhoes-de-toneladas-produzidas-dois-anos-antes-do-prazo-previsto\\\/#primaryimage\"},\"thumbnailUrl\":\"https:\\\/\\\/www.veracel.com.br\\\/wp-content\\\/uploads\\\/2023\\\/12\\\/20-milhoes-toneladas-veracel-celulose.jpg\",\"datePublished\":\"2023-12-12T13:38:28+00:00\",\"description\":\"O marco de 20 milh\u00f5es de toneladas de celulose produzidas \u00e9 fruto da cultura empresarial conectada com inova\u00e7\u00e3o, seguran\u00e7a e sustentabilidade\",\"breadcrumb\":{\"@id\":\"https:\\\/\\\/www.veracel.com.br\\\/veracel-atinge-o-marco-de-20-milhoes-de-toneladas-produzidas-dois-anos-antes-do-prazo-previsto\\\/#breadcrumb\"},\"inLanguage\":\"en-US\",\"potentialAction\":[{\"@type\":\"ReadAction\",\"target\":[\"https:\\\/\\\/www.veracel.com.br\\\/veracel-atinge-o-marco-de-20-milhoes-de-toneladas-produzidas-dois-anos-antes-do-prazo-previsto\\\/\"]}]},{\"@type\":\"ImageObject\",\"inLanguage\":\"en-US\",\"@id\":\"https:\\\/\\\/www.veracel.com.br\\\/veracel-atinge-o-marco-de-20-milhoes-de-toneladas-produzidas-dois-anos-antes-do-prazo-previsto\\\/#primaryimage\",\"url\":\"https:\\\/\\\/www.veracel.com.br\\\/wp-content\\\/uploads\\\/2023\\\/12\\\/20-milhoes-toneladas-veracel-celulose.jpg\",\"contentUrl\":\"https:\\\/\\\/www.veracel.com.br\\\/wp-content\\\/uploads\\\/2023\\\/12\\\/20-milhoes-toneladas-veracel-celulose.jpg\",\"width\":800,\"height\":533,\"caption\":\"20 milh\u00f5es de toneladas de celulose produzidas\"},{\"@type\":\"BreadcrumbList\",\"@id\":\"https:\\\/\\\/www.veracel.com.br\\\/veracel-atinge-o-marco-de-20-milhoes-de-toneladas-produzidas-dois-anos-antes-do-prazo-previsto\\\/#breadcrumb\",\"itemListElement\":[{\"@type\":\"ListItem\",\"position\":1,\"name\":\"Home\",\"item\":\"https:\\\/\\\/www.veracel.com.br\\\/\"},{\"@type\":\"ListItem\",\"position\":2,\"name\":\"Not\u00edcias\",\"item\":\"https:\\\/\\\/www.veracel.com.br\\\/noticias\\\/\"},{\"@type\":\"ListItem\",\"position\":3,\"name\":\"Veracel atinge o marco de 20 milh\u00f5es de toneladas produzidas dois anos antes do prazo previsto\"}]},{\"@type\":\"WebSite\",\"@id\":\"https:\\\/\\\/www.veracel.com.br\\\/#website\",\"url\":\"https:\\\/\\\/www.veracel.com.br\\\/\",\"name\":\"Veracel Celulose\",\"description\":\"Quando crescemos juntos vamos muito mais longe\",\"publisher\":{\"@id\":\"https:\\\/\\\/www.veracel.com.br\\\/#organization\"},\"potentialAction\":[{\"@type\":\"SearchAction\",\"target\":{\"@type\":\"EntryPoint\",\"urlTemplate\":\"https:\\\/\\\/www.veracel.com.br\\\/?s={search_term_string}\"},\"query-input\":{\"@type\":\"PropertyValueSpecification\",\"valueRequired\":true,\"valueName\":\"search_term_string\"}}],\"inLanguage\":\"en-US\"},{\"@type\":\"Organization\",\"@id\":\"https:\\\/\\\/www.veracel.com.br\\\/#organization\",\"name\":\"Veracel Celulose\",\"url\":\"https:\\\/\\\/www.veracel.com.br\\\/\",\"logo\":{\"@type\":\"ImageObject\",\"inLanguage\":\"en-US\",\"@id\":\"https:\\\/\\\/www.veracel.com.br\\\/#\\\/schema\\\/logo\\\/image\\\/\",\"url\":\"https:\\\/\\\/www.veracel.com.br\\\/wp-content\\\/uploads\\\/2024\\\/08\\\/Ativo-1.png\",\"contentUrl\":\"https:\\\/\\\/www.veracel.com.br\\\/wp-content\\\/uploads\\\/2024\\\/08\\\/Ativo-1.png\",\"width\":400,\"height\":121,\"caption\":\"Veracel Celulose\"},\"image\":{\"@id\":\"https:\\\/\\\/www.veracel.com.br\\\/#\\\/schema\\\/logo\\\/image\\\/\"},\"sameAs\":[\"https:\\\/\\\/www.instagram.com\\\/veracelcelulose\",\"https:\\\/\\\/www.linkedin.com\\\/company\\\/veracelcelulose\\\/\",\"https:\\\/\\\/www.youtube.com\\\/user\\\/CanalVeracel\"]}]}<\/script>\n<!-- \/ Yoast SEO Premium plugin. -->","yoast_head_json":{"title":"Veracel atinge o marco de 20 milh\u00f5es de toneladas produzidas","description":"O marco de 20 milh\u00f5es de toneladas de celulose produzidas \u00e9 fruto da cultura empresarial conectada com inova\u00e7\u00e3o, seguran\u00e7a e sustentabilidade","robots":{"index":"index","follow":"follow","max-snippet":"max-snippet:-1","max-image-preview":"max-image-preview:large","max-video-preview":"max-video-preview:-1"},"canonical":"https:\/\/www.veracel.com.br\/veracel-atinge-o-marco-de-20-milhoes-de-toneladas-produzidas-dois-anos-antes-do-prazo-previsto\/","og_locale":"en_US","og_type":"article","og_title":"Veracel atinge o marco de 20 milh\u00f5es de toneladas produzidas dois anos antes do prazo previsto","og_description":"O marco de 20 milh\u00f5es de toneladas de celulose produzidas \u00e9 fruto da cultura empresarial conectada com inova\u00e7\u00e3o, seguran\u00e7a e sustentabilidade","og_url":"https:\/\/www.veracel.com.br\/veracel-atinge-o-marco-de-20-milhoes-de-toneladas-produzidas-dois-anos-antes-do-prazo-previsto\/","og_site_name":"Veracel Celulose","article_published_time":"2023-12-12T13:38:28+00:00","og_image":[{"width":800,"height":533,"url":"https:\/\/www.veracel.com.br\/wp-content\/uploads\/2023\/12\/20-milhoes-toneladas-veracel-celulose.jpg","type":"image\/jpeg"}],"author":"saulo","twitter_card":"summary_large_image","twitter_misc":{"Written by":"saulo","Est. reading time":"8 minutes"},"schema":{"@context":"https:\/\/schema.org","@graph":[{"@type":"WebPage","@id":"https:\/\/www.veracel.com.br\/veracel-atinge-o-marco-de-20-milhoes-de-toneladas-produzidas-dois-anos-antes-do-prazo-previsto\/","url":"https:\/\/www.veracel.com.br\/veracel-atinge-o-marco-de-20-milhoes-de-toneladas-produzidas-dois-anos-antes-do-prazo-previsto\/","name":"Veracel atinge o marco de 20 milh\u00f5es de toneladas produzidas","isPartOf":{"@id":"https:\/\/www.veracel.com.br\/#website"},"primaryImageOfPage":{"@id":"https:\/\/www.veracel.com.br\/veracel-atinge-o-marco-de-20-milhoes-de-toneladas-produzidas-dois-anos-antes-do-prazo-previsto\/#primaryimage"},"image":{"@id":"https:\/\/www.veracel.com.br\/veracel-atinge-o-marco-de-20-milhoes-de-toneladas-produzidas-dois-anos-antes-do-prazo-previsto\/#primaryimage"},"thumbnailUrl":"https:\/\/www.veracel.com.br\/wp-content\/uploads\/2023\/12\/20-milhoes-toneladas-veracel-celulose.jpg","datePublished":"2023-12-12T13:38:28+00:00","description":"O marco de 20 milh\u00f5es de toneladas de celulose produzidas \u00e9 fruto da cultura empresarial conectada com inova\u00e7\u00e3o, seguran\u00e7a e sustentabilidade","breadcrumb":{"@id":"https:\/\/www.veracel.com.br\/veracel-atinge-o-marco-de-20-milhoes-de-toneladas-produzidas-dois-anos-antes-do-prazo-previsto\/#breadcrumb"},"inLanguage":"en-US","potentialAction":[{"@type":"ReadAction","target":["https:\/\/www.veracel.com.br\/veracel-atinge-o-marco-de-20-milhoes-de-toneladas-produzidas-dois-anos-antes-do-prazo-previsto\/"]}]},{"@type":"ImageObject","inLanguage":"en-US","@id":"https:\/\/www.veracel.com.br\/veracel-atinge-o-marco-de-20-milhoes-de-toneladas-produzidas-dois-anos-antes-do-prazo-previsto\/#primaryimage","url":"https:\/\/www.veracel.com.br\/wp-content\/uploads\/2023\/12\/20-milhoes-toneladas-veracel-celulose.jpg","contentUrl":"https:\/\/www.veracel.com.br\/wp-content\/uploads\/2023\/12\/20-milhoes-toneladas-veracel-celulose.jpg","width":800,"height":533,"caption":"20 milh\u00f5es de toneladas de celulose produzidas"},{"@type":"BreadcrumbList","@id":"https:\/\/www.veracel.com.br\/veracel-atinge-o-marco-de-20-milhoes-de-toneladas-produzidas-dois-anos-antes-do-prazo-previsto\/#breadcrumb","itemListElement":[{"@type":"ListItem","position":1,"name":"Home","item":"https:\/\/www.veracel.com.br\/"},{"@type":"ListItem","position":2,"name":"Not\u00edcias","item":"https:\/\/www.veracel.com.br\/noticias\/"},{"@type":"ListItem","position":3,"name":"Veracel atinge o marco de 20 milh\u00f5es de toneladas produzidas dois anos antes do prazo previsto"}]},{"@type":"WebSite","@id":"https:\/\/www.veracel.com.br\/#website","url":"https:\/\/www.veracel.com.br\/","name":"Veracel Celulose","description":"Quando crescemos juntos vamos muito mais longe","publisher":{"@id":"https:\/\/www.veracel.com.br\/#organization"},"potentialAction":[{"@type":"SearchAction","target":{"@type":"EntryPoint","urlTemplate":"https:\/\/www.veracel.com.br\/?s={search_term_string}"},"query-input":{"@type":"PropertyValueSpecification","valueRequired":true,"valueName":"search_term_string"}}],"inLanguage":"en-US"},{"@type":"Organization","@id":"https:\/\/www.veracel.com.br\/#organization","name":"Veracel Celulose","url":"https:\/\/www.veracel.com.br\/","logo":{"@type":"ImageObject","inLanguage":"en-US","@id":"https:\/\/www.veracel.com.br\/#\/schema\/logo\/image\/","url":"https:\/\/www.veracel.com.br\/wp-content\/uploads\/2024\/08\/Ativo-1.png","contentUrl":"https:\/\/www.veracel.com.br\/wp-content\/uploads\/2024\/08\/Ativo-1.png","width":400,"height":121,"caption":"Veracel Celulose"},"image":{"@id":"https:\/\/www.veracel.com.br\/#\/schema\/logo\/image\/"},"sameAs":["https:\/\/www.instagram.com\/veracelcelulose","https:\/\/www.linkedin.com\/company\/veracelcelulose\/","https:\/\/www.youtube.com\/user\/CanalVeracel"]}]}},"_links":{"self":[{"href":"https:\/\/www.veracel.com.br\/en\/wp-json\/wp\/v2\/posts\/32818","targetHints":{"allow":["GET"]}}],"collection":[{"href":"https:\/\/www.veracel.com.br\/en\/wp-json\/wp\/v2\/posts"}],"about":[{"href":"https:\/\/www.veracel.com.br\/en\/wp-json\/wp\/v2\/types\/post"}],"author":[{"embeddable":true,"href":"https:\/\/www.veracel.com.br\/en\/wp-json\/wp\/v2\/users\/2"}],"replies":[{"embeddable":true,"href":"https:\/\/www.veracel.com.br\/en\/wp-json\/wp\/v2\/comments?post=32818"}],"version-history":[{"count":1,"href":"https:\/\/www.veracel.com.br\/en\/wp-json\/wp\/v2\/posts\/32818\/revisions"}],"predecessor-version":[{"id":32823,"href":"https:\/\/www.veracel.com.br\/en\/wp-json\/wp\/v2\/posts\/32818\/revisions\/32823"}],"wp:featuredmedia":[{"embeddable":true,"href":"https:\/\/www.veracel.com.br\/en\/wp-json\/wp\/v2\/media\/32819"}],"wp:attachment":[{"href":"https:\/\/www.veracel.com.br\/en\/wp-json\/wp\/v2\/media?parent=32818"}],"wp:term":[{"taxonomy":"category","embeddable":true,"href":"https:\/\/www.veracel.com.br\/en\/wp-json\/wp\/v2\/categories?post=32818"},{"taxonomy":"post_tag","embeddable":true,"href":"https:\/\/www.veracel.com.br\/en\/wp-json\/wp\/v2\/tags?post=32818"}],"curies":[{"name":"wp","href":"https:\/\/api.w.org\/{rel}","templated":true}]}}