{"id":32869,"date":"2024-01-08T19:32:48","date_gmt":"2024-01-08T22:32:48","guid":{"rendered":"https:\/\/www.veracel.com.br\/?p=32869"},"modified":"2024-01-08T19:32:48","modified_gmt":"2024-01-08T22:32:48","slug":"veracel-alcanca-pela-sexta-vez-consecutiva-a-certificacao-great-place-to-work-gptw","status":"publish","type":"post","link":"https:\/\/www.veracel.com.br\/en\/veracel-alcanca-pela-sexta-vez-consecutiva-a-certificacao-great-place-to-work-gptw\/","title":{"rendered":"Veracel alcan\u00e7a pela sexta vez consecutiva a certifica\u00e7\u00e3o Great Place to Work (GPTW)\u00a0"},"content":{"rendered":"<p><em>Certifica\u00e7\u00e3o \u00e9 conferida \u00e0s empresas pela consultoria global Great Place to Work, com base em pesquisa feita com colaboradores da empresa<\/em><\/p>\n<p>&nbsp;<\/p>\n<p>A Veracel Celulose anuncia com orgulho que recebeu, pela sexta vez consecutiva, a certifica\u00e7\u00e3o Great Place To Work (GPTW), concedida por uma consultoria especializada que reconhece empresas como excelentes lugares para trabalhar em mais de 60 pa\u00edses. A certifica\u00e7\u00e3o \u00e9 fruto de uma pesquisa interna que avalia a percep\u00e7\u00e3o dos colaboradores em rela\u00e7\u00e3o ao ambiente de trabalho e ao clima organizacional.<\/p>\n<p>A pesquisa, aplicada em 2023, revelou que o \u00edndice de confian\u00e7a das pessoas que trabalham na empresa atingiu 87%, solidificando a posi\u00e7\u00e3o da Veracel como uma das companhias mais bem avaliadas pelo GPTW.<\/p>\n<p>Caio Zanardo, diretor-presidente da empresa, expressou sua satisfa\u00e7\u00e3o com os resultados: \u201cA certifica\u00e7\u00e3o do Great Place to Work \u00e9 um importante indicativo de que estamos trilhando o caminho correto para a valoriza\u00e7\u00e3o de nossas pessoas. Esse \u00e9 um reconhecimento n\u00e3o apenas para a lideran\u00e7a, mas tamb\u00e9m para cada colaborador. Todos e todas desempenham um papel fundamental para fazer da Veracel um excelente local de trabalho\u201d.<\/p>\n<p>A gerente de Gente e Cuidado da companhia, Cristiane Mello, destaca pontos importantes que contribu\u00edram para esse resultado. \u201cA comemora\u00e7\u00e3o por essa certifica\u00e7\u00e3o tamb\u00e9m \u00e9 reflexo das nossas a\u00e7\u00f5es de bem-estar, do cuidado genu\u00edno com as pessoas e das a\u00e7\u00f5es das nossas lideran\u00e7as. Foi assim que, em 2023, constru\u00edmos uma Veracel ainda mais colaborativa, respeitosa e sustent\u00e1vel\u201d.<\/p>\n<p>Para 2024, Cristiane destaca que, assim como foi realizado em 2022, as oportunidades de melhoria identificadas na \u00faltima pesquisa ir\u00e3o nortear as a\u00e7\u00f5es pr\u00e1ticas que ser\u00e3o implementadas na empresa durante este ano. Foi a partir do pen\u00faltimo levantamento, por exemplo, que a companhia implementou um benef\u00edcio que oferece aos colaboradores acesso a locais para a pr\u00e1tica de exerc\u00edcios f\u00edsicos, realizou o Diagn\u00f3stico de Seguran\u00e7a Psicol\u00f3gica, voltado aos cuidados com a sa\u00fade mental, e valorizou seu Ciclo de Gente, processo interno que visa, principalmente, a reconhecer os talentos da companhia, em sua jornada profissional.<\/p>\n<p>&nbsp;<\/p>\n<h2>Iniciativas de Diversidade e Inclus\u00e3o impulsionam desenvolvimento<\/h2>\n<p>Parte do reconhecimento da Veracel Celulose como uma empresa GTPW \u00e9 tamb\u00e9m produto do seu compromisso com a diversidade e a inclus\u00e3o. A empresa, localizada em Eun\u00e1polis, na Bahia, tem ampliado e consolidado iniciativas para promover o desenvolvimento de seus colaboradores, reter talentos e fortalecer a diversidade na organiza\u00e7\u00e3o.<\/p>\n<p>Um exemplo dessa atua\u00e7\u00e3o \u00e9 o sucesso da parceria da empresa com o SENAI feita no lan\u00e7amento do primeiro curso exclusivo para mulheres para a atua\u00e7\u00e3o na \u00e1rea de Opera\u00e7\u00e3o de M\u00e1quinas Florestais. Realizado em 2022, o programa, que visa \u00e0 equidade de g\u00eanero no setor, resultou na efetiva\u00e7\u00e3o das participantes e marcou a hist\u00f3ria da empresa, com a contrata\u00e7\u00e3o da primeira turma de Operadoras de Colheita 100% feminina.<\/p>\n<p>Devido ao \u00eaxito do projeto, a Veracel j\u00e1 iniciou sele\u00e7\u00e3o da segunda turma, e as aulas est\u00e3o previstas para come\u00e7ar em 2024. O curso, com dura\u00e7\u00e3o de um ano, inclui m\u00f3dulos te\u00f3ricos ministrados por especialistas do SENAI e um est\u00e1gio na pr\u00f3pria empresa. Na primeira edi\u00e7\u00e3o, mais de 650 mulheres se inscreveram, e 19 foram efetivadas, o que trouxe um impacto positivo para as metas de diversidade da Veracel.<\/p>\n<p>&nbsp;<\/p>\n<p><a href=\"https:\/\/www.veracel.com.br\/nosso-jeito\/\">Saiba mais sobre o nosso jeito de ser.<\/a><\/p>\n<p><a href=\"https:\/\/www.veracel.com.br\/vagas\/\">Fa\u00e7a parte da Veracel Celulose. Confira nossa p\u00e1gina de carreiras.<\/a><\/p>\n<p>&nbsp;<\/p>\n","protected":false},"excerpt":{"rendered":"<p>Certifica\u00e7\u00e3o \u00e9 conferida \u00e0s empresas pela consultoria global Great Place to Work, com base em pesquisa feita com colaboradores da empresa &nbsp; A Veracel Celulose anuncia com orgulho que recebeu, pela sexta vez consecutiva, a certifica\u00e7\u00e3o Great Place To Work (GPTW), concedida por uma consultoria especializada que reconhece empresas como excelentes lugares para trabalhar em [&hellip;]<\/p>\n","protected":false},"author":2,"featured_media":32870,"comment_status":"closed","ping_status":"closed","sticky":false,"template":"","format":"standard","meta":{"_acf_changed":false,"footnotes":"","_links_to":"","_links_to_target":""},"categories":[271,211],"tags":[],"class_list":["post-32869","post","type-post","status-publish","format-standard","has-post-thumbnail","hentry","category-a-veracel","category-noticias"],"acf":[],"yoast_head":"<!-- This site is optimized with the Yoast SEO Premium plugin v26.7 (Yoast SEO v27.4) - https:\/\/yoast.com\/product\/yoast-seo-premium-wordpress\/ -->\n<title>A Veracel recebe pela sexta vez consecutiva a certifica\u00e7\u00e3o GPTW<\/title>\n<meta name=\"description\" content=\"A Veracel Celulose recebe, pela sexta vez consecutiva, a certifica\u00e7\u00e3o Great Place To Work (GPTW), melhores empresas para trabalhar\" \/>\n<meta name=\"robots\" content=\"index, follow, max-snippet:-1, max-image-preview:large, max-video-preview:-1\" \/>\n<link rel=\"canonical\" href=\"https:\/\/www.veracel.com.br\/veracel-alcanca-pela-sexta-vez-consecutiva-a-certificacao-great-place-to-work-gptw\/\" \/>\n<meta property=\"og:locale\" content=\"en_US\" \/>\n<meta property=\"og:type\" content=\"article\" \/>\n<meta property=\"og:title\" content=\"Veracel alcan\u00e7a pela sexta vez consecutiva a certifica\u00e7\u00e3o Great Place to Work (GPTW)\u00a0\" \/>\n<meta property=\"og:description\" content=\"A Veracel Celulose recebe, pela sexta vez consecutiva, a certifica\u00e7\u00e3o Great Place To Work (GPTW), melhores empresas para trabalhar\" \/>\n<meta property=\"og:url\" content=\"https:\/\/www.veracel.com.br\/veracel-alcanca-pela-sexta-vez-consecutiva-a-certificacao-great-place-to-work-gptw\/\" \/>\n<meta property=\"og:site_name\" content=\"Veracel Celulose\" \/>\n<meta property=\"article:published_time\" content=\"2024-01-08T22:32:48+00:00\" \/>\n<meta property=\"og:image\" content=\"https:\/\/www.veracel.com.br\/wp-content\/uploads\/2024\/01\/veracel-celulose-gptw.jpg\" \/>\n\t<meta property=\"og:image:width\" content=\"800\" \/>\n\t<meta property=\"og:image:height\" content=\"533\" \/>\n\t<meta property=\"og:image:type\" content=\"image\/jpeg\" \/>\n<meta name=\"author\" content=\"saulo\" \/>\n<meta name=\"twitter:card\" content=\"summary_large_image\" \/>\n<meta name=\"twitter:label1\" content=\"Written by\" \/>\n\t<meta name=\"twitter:data1\" content=\"saulo\" \/>\n\t<meta name=\"twitter:label2\" content=\"Est. reading time\" \/>\n\t<meta name=\"twitter:data2\" content=\"4 minutes\" \/>\n<script type=\"application\/ld+json\" class=\"yoast-schema-graph\">{\"@context\":\"https:\\\/\\\/schema.org\",\"@graph\":[{\"@type\":\"WebPage\",\"@id\":\"https:\\\/\\\/www.veracel.com.br\\\/veracel-alcanca-pela-sexta-vez-consecutiva-a-certificacao-great-place-to-work-gptw\\\/\",\"url\":\"https:\\\/\\\/www.veracel.com.br\\\/veracel-alcanca-pela-sexta-vez-consecutiva-a-certificacao-great-place-to-work-gptw\\\/\",\"name\":\"A Veracel recebe pela sexta vez consecutiva a certifica\u00e7\u00e3o GPTW\",\"isPartOf\":{\"@id\":\"https:\\\/\\\/www.veracel.com.br\\\/#website\"},\"primaryImageOfPage\":{\"@id\":\"https:\\\/\\\/www.veracel.com.br\\\/veracel-alcanca-pela-sexta-vez-consecutiva-a-certificacao-great-place-to-work-gptw\\\/#primaryimage\"},\"image\":{\"@id\":\"https:\\\/\\\/www.veracel.com.br\\\/veracel-alcanca-pela-sexta-vez-consecutiva-a-certificacao-great-place-to-work-gptw\\\/#primaryimage\"},\"thumbnailUrl\":\"https:\\\/\\\/www.veracel.com.br\\\/wp-content\\\/uploads\\\/2024\\\/01\\\/veracel-celulose-gptw.jpg\",\"datePublished\":\"2024-01-08T22:32:48+00:00\",\"description\":\"A Veracel Celulose recebe, pela sexta vez consecutiva, a certifica\u00e7\u00e3o Great Place To Work (GPTW), melhores empresas para trabalhar\",\"breadcrumb\":{\"@id\":\"https:\\\/\\\/www.veracel.com.br\\\/veracel-alcanca-pela-sexta-vez-consecutiva-a-certificacao-great-place-to-work-gptw\\\/#breadcrumb\"},\"inLanguage\":\"en-US\",\"potentialAction\":[{\"@type\":\"ReadAction\",\"target\":[\"https:\\\/\\\/www.veracel.com.br\\\/veracel-alcanca-pela-sexta-vez-consecutiva-a-certificacao-great-place-to-work-gptw\\\/\"]}]},{\"@type\":\"ImageObject\",\"inLanguage\":\"en-US\",\"@id\":\"https:\\\/\\\/www.veracel.com.br\\\/veracel-alcanca-pela-sexta-vez-consecutiva-a-certificacao-great-place-to-work-gptw\\\/#primaryimage\",\"url\":\"https:\\\/\\\/www.veracel.com.br\\\/wp-content\\\/uploads\\\/2024\\\/01\\\/veracel-celulose-gptw.jpg\",\"contentUrl\":\"https:\\\/\\\/www.veracel.com.br\\\/wp-content\\\/uploads\\\/2024\\\/01\\\/veracel-celulose-gptw.jpg\",\"width\":800,\"height\":533},{\"@type\":\"BreadcrumbList\",\"@id\":\"https:\\\/\\\/www.veracel.com.br\\\/veracel-alcanca-pela-sexta-vez-consecutiva-a-certificacao-great-place-to-work-gptw\\\/#breadcrumb\",\"itemListElement\":[{\"@type\":\"ListItem\",\"position\":1,\"name\":\"Home\",\"item\":\"https:\\\/\\\/www.veracel.com.br\\\/\"},{\"@type\":\"ListItem\",\"position\":2,\"name\":\"Not\u00edcias\",\"item\":\"https:\\\/\\\/www.veracel.com.br\\\/noticias\\\/\"},{\"@type\":\"ListItem\",\"position\":3,\"name\":\"Veracel alcan\u00e7a pela sexta vez consecutiva a certifica\u00e7\u00e3o Great Place to Work (GPTW)\u00a0\"}]},{\"@type\":\"WebSite\",\"@id\":\"https:\\\/\\\/www.veracel.com.br\\\/#website\",\"url\":\"https:\\\/\\\/www.veracel.com.br\\\/\",\"name\":\"Veracel Celulose\",\"description\":\"Quando crescemos juntos vamos muito mais longe\",\"publisher\":{\"@id\":\"https:\\\/\\\/www.veracel.com.br\\\/#organization\"},\"potentialAction\":[{\"@type\":\"SearchAction\",\"target\":{\"@type\":\"EntryPoint\",\"urlTemplate\":\"https:\\\/\\\/www.veracel.com.br\\\/?s={search_term_string}\"},\"query-input\":{\"@type\":\"PropertyValueSpecification\",\"valueRequired\":true,\"valueName\":\"search_term_string\"}}],\"inLanguage\":\"en-US\"},{\"@type\":\"Organization\",\"@id\":\"https:\\\/\\\/www.veracel.com.br\\\/#organization\",\"name\":\"Veracel Celulose\",\"url\":\"https:\\\/\\\/www.veracel.com.br\\\/\",\"logo\":{\"@type\":\"ImageObject\",\"inLanguage\":\"en-US\",\"@id\":\"https:\\\/\\\/www.veracel.com.br\\\/#\\\/schema\\\/logo\\\/image\\\/\",\"url\":\"https:\\\/\\\/www.veracel.com.br\\\/wp-content\\\/uploads\\\/2024\\\/08\\\/Ativo-1.png\",\"contentUrl\":\"https:\\\/\\\/www.veracel.com.br\\\/wp-content\\\/uploads\\\/2024\\\/08\\\/Ativo-1.png\",\"width\":400,\"height\":121,\"caption\":\"Veracel Celulose\"},\"image\":{\"@id\":\"https:\\\/\\\/www.veracel.com.br\\\/#\\\/schema\\\/logo\\\/image\\\/\"},\"sameAs\":[\"https:\\\/\\\/www.instagram.com\\\/veracelcelulose\",\"https:\\\/\\\/www.linkedin.com\\\/company\\\/veracelcelulose\\\/\",\"https:\\\/\\\/www.youtube.com\\\/user\\\/CanalVeracel\"]}]}<\/script>\n<!-- \/ Yoast SEO Premium plugin. -->","yoast_head_json":{"title":"A Veracel recebe pela sexta vez consecutiva a certifica\u00e7\u00e3o GPTW","description":"A Veracel Celulose recebe, pela sexta vez consecutiva, a certifica\u00e7\u00e3o Great Place To Work (GPTW), melhores empresas para trabalhar","robots":{"index":"index","follow":"follow","max-snippet":"max-snippet:-1","max-image-preview":"max-image-preview:large","max-video-preview":"max-video-preview:-1"},"canonical":"https:\/\/www.veracel.com.br\/veracel-alcanca-pela-sexta-vez-consecutiva-a-certificacao-great-place-to-work-gptw\/","og_locale":"en_US","og_type":"article","og_title":"Veracel alcan\u00e7a pela sexta vez consecutiva a certifica\u00e7\u00e3o Great Place to Work (GPTW)\u00a0","og_description":"A Veracel Celulose recebe, pela sexta vez consecutiva, a certifica\u00e7\u00e3o Great Place To Work (GPTW), melhores empresas para trabalhar","og_url":"https:\/\/www.veracel.com.br\/veracel-alcanca-pela-sexta-vez-consecutiva-a-certificacao-great-place-to-work-gptw\/","og_site_name":"Veracel Celulose","article_published_time":"2024-01-08T22:32:48+00:00","og_image":[{"width":800,"height":533,"url":"https:\/\/www.veracel.com.br\/wp-content\/uploads\/2024\/01\/veracel-celulose-gptw.jpg","type":"image\/jpeg"}],"author":"saulo","twitter_card":"summary_large_image","twitter_misc":{"Written by":"saulo","Est. reading time":"4 minutes"},"schema":{"@context":"https:\/\/schema.org","@graph":[{"@type":"WebPage","@id":"https:\/\/www.veracel.com.br\/veracel-alcanca-pela-sexta-vez-consecutiva-a-certificacao-great-place-to-work-gptw\/","url":"https:\/\/www.veracel.com.br\/veracel-alcanca-pela-sexta-vez-consecutiva-a-certificacao-great-place-to-work-gptw\/","name":"A Veracel recebe pela sexta vez consecutiva a certifica\u00e7\u00e3o GPTW","isPartOf":{"@id":"https:\/\/www.veracel.com.br\/#website"},"primaryImageOfPage":{"@id":"https:\/\/www.veracel.com.br\/veracel-alcanca-pela-sexta-vez-consecutiva-a-certificacao-great-place-to-work-gptw\/#primaryimage"},"image":{"@id":"https:\/\/www.veracel.com.br\/veracel-alcanca-pela-sexta-vez-consecutiva-a-certificacao-great-place-to-work-gptw\/#primaryimage"},"thumbnailUrl":"https:\/\/www.veracel.com.br\/wp-content\/uploads\/2024\/01\/veracel-celulose-gptw.jpg","datePublished":"2024-01-08T22:32:48+00:00","description":"A Veracel Celulose recebe, pela sexta vez consecutiva, a certifica\u00e7\u00e3o Great Place To Work (GPTW), melhores empresas para trabalhar","breadcrumb":{"@id":"https:\/\/www.veracel.com.br\/veracel-alcanca-pela-sexta-vez-consecutiva-a-certificacao-great-place-to-work-gptw\/#breadcrumb"},"inLanguage":"en-US","potentialAction":[{"@type":"ReadAction","target":["https:\/\/www.veracel.com.br\/veracel-alcanca-pela-sexta-vez-consecutiva-a-certificacao-great-place-to-work-gptw\/"]}]},{"@type":"ImageObject","inLanguage":"en-US","@id":"https:\/\/www.veracel.com.br\/veracel-alcanca-pela-sexta-vez-consecutiva-a-certificacao-great-place-to-work-gptw\/#primaryimage","url":"https:\/\/www.veracel.com.br\/wp-content\/uploads\/2024\/01\/veracel-celulose-gptw.jpg","contentUrl":"https:\/\/www.veracel.com.br\/wp-content\/uploads\/2024\/01\/veracel-celulose-gptw.jpg","width":800,"height":533},{"@type":"BreadcrumbList","@id":"https:\/\/www.veracel.com.br\/veracel-alcanca-pela-sexta-vez-consecutiva-a-certificacao-great-place-to-work-gptw\/#breadcrumb","itemListElement":[{"@type":"ListItem","position":1,"name":"Home","item":"https:\/\/www.veracel.com.br\/"},{"@type":"ListItem","position":2,"name":"Not\u00edcias","item":"https:\/\/www.veracel.com.br\/noticias\/"},{"@type":"ListItem","position":3,"name":"Veracel alcan\u00e7a pela sexta vez consecutiva a certifica\u00e7\u00e3o Great Place to Work (GPTW)\u00a0"}]},{"@type":"WebSite","@id":"https:\/\/www.veracel.com.br\/#website","url":"https:\/\/www.veracel.com.br\/","name":"Veracel Celulose","description":"Quando crescemos juntos vamos muito mais longe","publisher":{"@id":"https:\/\/www.veracel.com.br\/#organization"},"potentialAction":[{"@type":"SearchAction","target":{"@type":"EntryPoint","urlTemplate":"https:\/\/www.veracel.com.br\/?s={search_term_string}"},"query-input":{"@type":"PropertyValueSpecification","valueRequired":true,"valueName":"search_term_string"}}],"inLanguage":"en-US"},{"@type":"Organization","@id":"https:\/\/www.veracel.com.br\/#organization","name":"Veracel Celulose","url":"https:\/\/www.veracel.com.br\/","logo":{"@type":"ImageObject","inLanguage":"en-US","@id":"https:\/\/www.veracel.com.br\/#\/schema\/logo\/image\/","url":"https:\/\/www.veracel.com.br\/wp-content\/uploads\/2024\/08\/Ativo-1.png","contentUrl":"https:\/\/www.veracel.com.br\/wp-content\/uploads\/2024\/08\/Ativo-1.png","width":400,"height":121,"caption":"Veracel Celulose"},"image":{"@id":"https:\/\/www.veracel.com.br\/#\/schema\/logo\/image\/"},"sameAs":["https:\/\/www.instagram.com\/veracelcelulose","https:\/\/www.linkedin.com\/company\/veracelcelulose\/","https:\/\/www.youtube.com\/user\/CanalVeracel"]}]}},"_links":{"self":[{"href":"https:\/\/www.veracel.com.br\/en\/wp-json\/wp\/v2\/posts\/32869","targetHints":{"allow":["GET"]}}],"collection":[{"href":"https:\/\/www.veracel.com.br\/en\/wp-json\/wp\/v2\/posts"}],"about":[{"href":"https:\/\/www.veracel.com.br\/en\/wp-json\/wp\/v2\/types\/post"}],"author":[{"embeddable":true,"href":"https:\/\/www.veracel.com.br\/en\/wp-json\/wp\/v2\/users\/2"}],"replies":[{"embeddable":true,"href":"https:\/\/www.veracel.com.br\/en\/wp-json\/wp\/v2\/comments?post=32869"}],"version-history":[{"count":1,"href":"https:\/\/www.veracel.com.br\/en\/wp-json\/wp\/v2\/posts\/32869\/revisions"}],"predecessor-version":[{"id":32872,"href":"https:\/\/www.veracel.com.br\/en\/wp-json\/wp\/v2\/posts\/32869\/revisions\/32872"}],"wp:featuredmedia":[{"embeddable":true,"href":"https:\/\/www.veracel.com.br\/en\/wp-json\/wp\/v2\/media\/32870"}],"wp:attachment":[{"href":"https:\/\/www.veracel.com.br\/en\/wp-json\/wp\/v2\/media?parent=32869"}],"wp:term":[{"taxonomy":"category","embeddable":true,"href":"https:\/\/www.veracel.com.br\/en\/wp-json\/wp\/v2\/categories?post=32869"},{"taxonomy":"post_tag","embeddable":true,"href":"https:\/\/www.veracel.com.br\/en\/wp-json\/wp\/v2\/tags?post=32869"}],"curies":[{"name":"wp","href":"https:\/\/api.w.org\/{rel}","templated":true}]}}